{"id":272459,"date":"2025-12-07T20:36:29","date_gmt":"2025-12-07T17:36:29","guid":{"rendered":"https:\/\/www.tgrthaber.com\/mavikadin\/?p=272459"},"modified":"2025-12-07T20:36:29","modified_gmt":"2025-12-07T17:36:29","slug":"masterchef-all-star-altin-kupa-yarismacisi-sergen-ozen-kimdir-masterchef-sergen-aslen-nereli-ne-is-yapiyor","status":"publish","type":"post","link":"https:\/\/www.tgrthaber.com\/mavikadin\/masterchef-all-star-altin-kupa-yarismacisi-sergen-ozen-kimdir-masterchef-sergen-aslen-nereli-ne-is-yapiyor\/","title":{"rendered":"MasterChef All Star Alt\u0131n Kupa yar\u0131\u015fmac\u0131s\u0131 Sergen \u00d6zen kimdir? MasterChef Sergen aslen nereli, ne i\u015f yap\u0131yor?"},"content":{"rendered":"<p>TV8 ekranlar\u0131n\u0131n sevilen yar\u0131\u015fma program\u0131 MasterChef T\u00fcrkiye All Star Alt\u0131n Kupa ile bu ak\u015fam ilk b\u00f6l\u00fcm\u00fcyle ekranlara geldi. D\u00fcn ak\u015fam MasterChef&#8217;in finali yap\u0131lm\u0131\u015ft\u0131. Finalistler Sezer ve \u00d6zkan aras\u0131nda ya\u015fanan k\u0131yas\u0131ya m\u00fccadele sonras\u0131 kupay\u0131 kald\u0131ran isim Sezer oldu. Bu ak\u015fam ise ilk defa alt\u0131n kupa All Star turnuvas\u0131yla ekrana gelmeye ba\u015flad\u0131. All Star Alt\u0131n kupaya kat\u0131lan yar\u0131\u015fmac\u0131lar\u0131n \u00f6zel hayatlar\u0131 merak edildi. Peki MasterChef All Star Alt\u0131n kupa yar\u0131\u015fmac\u0131lar\u0131ndan en dikkat \u00e7ekenlerinden biri olan Sergen \u00d6zen kimdir? MasterChef Sergen aslen nereli, ne i\u015f yap\u0131yor?\u00a0 \u0130\u015fte detaylar&#8230;<\/p>\n<h3>MASTERCHEF ALL STAR ALTIN KUPA YARI\u015eMACISI SERGEN \u00d6ZEN K\u0130MD\u0130R?<\/h3>\n<p class=\"p1\"><a href=\"https:\/\/www.tgrthaber.com\/mavikadin\/masterchef-konugu-omur-akkor-kimdir-aslen-nereli-omur-akkorun-hayati-ve-kariyeri-arastiriliyor\/\">MasterChef<\/a> 2020 sezonu yar\u0131\u015fmac\u0131lar\u0131ndan biri olan Sergen \u00d6zen All Star Alt\u0131n Kupa i\u00e7in geri d\u00f6nen yar\u0131\u015fmac\u0131lardan biri. 27 ya\u015f\u0131nda olan yar\u0131\u015fmac\u0131 aslen Tekirda\u011fl\u0131.<span class=\"Apple-converted-space\">\u00a0<\/span><\/p>\n<p><img loading=\"lazy\" decoding=\"async\" class=\"alignnone wp-image-272460 size-large\" src=\"https:\/\/www.tgrthaber.com\/mavikadin\/wp-content\/uploads\/Ekran-Resmi-2025-12-07-20.26.58-1024x579.png\" alt=\"\" width=\"1024\" height=\"579\" title=\"\" srcset=\"https:\/\/www.tgrthaber.com\/mavikadin\/wp-content\/uploads\/Ekran-Resmi-2025-12-07-20.26.58-1024x579.png 1024w, https:\/\/www.tgrthaber.com\/mavikadin\/wp-content\/uploads\/Ekran-Resmi-2025-12-07-20.26.58-300x170.png 300w, https:\/\/www.tgrthaber.com\/mavikadin\/wp-content\/uploads\/Ekran-Resmi-2025-12-07-20.26.58-768x434.png 768w, https:\/\/www.tgrthaber.com\/mavikadin\/wp-content\/uploads\/Ekran-Resmi-2025-12-07-20.26.58.png 1036w\" sizes=\"(max-width: 1024px) 100vw, 1024px\" \/><\/p>\n<hr \/>\n<p class=\"p1\">K\u00f6ftecilik \u00fczerine d\u00fckkan\u0131 olan yar\u0131\u015fmac\u0131<span class=\"Apple-converted-space\">\u00a0 <\/span>Otelcilik lisesi mezunudur. Sergen , 13 y\u0131ld\u0131r a\u015f\u00e7\u0131l\u0131k mesle\u011fi ile u\u011fra\u015fmaktad\u0131r.<\/p>\n<p><img loading=\"lazy\" decoding=\"async\" class=\"alignnone wp-image-272461 size-large\" src=\"https:\/\/www.tgrthaber.com\/mavikadin\/wp-content\/uploads\/Ekran-Resmi-2025-12-07-20.27.11-1024x583.png\" alt=\"\" width=\"1024\" height=\"583\" title=\"\" srcset=\"https:\/\/www.tgrthaber.com\/mavikadin\/wp-content\/uploads\/Ekran-Resmi-2025-12-07-20.27.11-1024x583.png 1024w, https:\/\/www.tgrthaber.com\/mavikadin\/wp-content\/uploads\/Ekran-Resmi-2025-12-07-20.27.11-300x171.png 300w, https:\/\/www.tgrthaber.com\/mavikadin\/wp-content\/uploads\/Ekran-Resmi-2025-12-07-20.27.11-768x437.png 768w, https:\/\/www.tgrthaber.com\/mavikadin\/wp-content\/uploads\/Ekran-Resmi-2025-12-07-20.27.11.png 1030w\" sizes=\"(max-width: 1024px) 100vw, 1024px\" \/><\/p>\n<hr \/>\n<p class=\"p2\">Sergen \u00d6zen MasterChef\u2019e ilk olarak 2020 y\u0131l\u0131nda kat\u0131lm\u0131\u015ft\u0131. \u0130lk turda yeme\u011fine sos eklemeyi unuttu\u011fu i\u00e7in elenen yar\u0131\u015fmac\u0131 2021 y\u0131l\u0131nda tekrar kat\u0131ld\u0131. MasterChef 2021\u2019i 4. olarak tamamlayan yar\u0131\u015fmac\u0131 azimli ve ba\u015far\u0131l\u0131 tav\u0131rlar\u0131yla MasterChef\u2019in \u00f6ne \u00e7\u0131kan isimleri aras\u0131nda yer almaktad\u0131r.<\/p>\n<p><img loading=\"lazy\" decoding=\"async\" class=\"alignnone wp-image-272462 size-full\" src=\"https:\/\/www.tgrthaber.com\/mavikadin\/wp-content\/uploads\/Ekran-Resmi-2025-12-07-20.27.17.png\" alt=\"\" width=\"1014\" height=\"586\" title=\"\" srcset=\"https:\/\/www.tgrthaber.com\/mavikadin\/wp-content\/uploads\/Ekran-Resmi-2025-12-07-20.27.17.png 1014w, https:\/\/www.tgrthaber.com\/mavikadin\/wp-content\/uploads\/Ekran-Resmi-2025-12-07-20.27.17-300x173.png 300w, https:\/\/www.tgrthaber.com\/mavikadin\/wp-content\/uploads\/Ekran-Resmi-2025-12-07-20.27.17-768x444.png 768w\" sizes=\"(max-width: 1014px) 100vw, 1014px\" \/><\/p>\n<hr \/>\n<h3 class=\"p1\"><b>MASTERCHEF ALTIN KUPA YARI\u015eMACILARI K\u0130MLER?<\/b><\/h3>\n<p class=\"p1\">MasterChef Alt\u0131n Kupa\u2019da yar\u0131\u015facak isimler,<\/p>\n<p class=\"p1\">Alican Sabunsoy<\/p>\n<p class=\"p1\">Ayaz Ge\u00e7er<\/p>\n<p class=\"p1\">Barbaros Yolo\u011flu<\/p>\n<p class=\"p1\">Bar\u0131\u015f Demir<\/p>\n<p><img loading=\"lazy\" decoding=\"async\" class=\"alignnone wp-image-272463 size-full\" src=\"https:\/\/www.tgrthaber.com\/mavikadin\/wp-content\/uploads\/Ekran-Resmi-2025-12-07-18.16.55-2.png\" alt=\"\" width=\"1020\" height=\"602\" title=\"\" srcset=\"https:\/\/www.tgrthaber.com\/mavikadin\/wp-content\/uploads\/Ekran-Resmi-2025-12-07-18.16.55-2.png 1020w, https:\/\/www.tgrthaber.com\/mavikadin\/wp-content\/uploads\/Ekran-Resmi-2025-12-07-18.16.55-2-300x177.png 300w, https:\/\/www.tgrthaber.com\/mavikadin\/wp-content\/uploads\/Ekran-Resmi-2025-12-07-18.16.55-2-768x453.png 768w\" sizes=\"(max-width: 1020px) 100vw, 1020px\" \/><\/p>\n<hr \/>\n<p class=\"p1\">Batuhan Bay\u0131r<\/p>\n<p class=\"p1\">Dilara Ba\u015faran<\/p>\n<p class=\"p1\">Eda \u00c7a\u011flayan<\/p>\n<p class=\"p1\">Eren Ka\u015f\u0131k\u00e7\u0131<\/p>\n<p class=\"p1\">Erim \u015eanal<\/p>\n<p class=\"p1\">Hasan Biltekin<\/p>\n<p class=\"p1\">Kerem Bilginer<\/p>\n<p><img loading=\"lazy\" decoding=\"async\" class=\"alignnone wp-image-272452 size-large\" src=\"https:\/\/www.tgrthaber.com\/mavikadin\/wp-content\/uploads\/Ekran-Resmi-2025-12-07-18.31.18-1024x600.png\" alt=\"\" width=\"1024\" height=\"600\" title=\"\" srcset=\"https:\/\/www.tgrthaber.com\/mavikadin\/wp-content\/uploads\/Ekran-Resmi-2025-12-07-18.31.18-1024x600.png 1024w, https:\/\/www.tgrthaber.com\/mavikadin\/wp-content\/uploads\/Ekran-Resmi-2025-12-07-18.31.18-300x176.png 300w, https:\/\/www.tgrthaber.com\/mavikadin\/wp-content\/uploads\/Ekran-Resmi-2025-12-07-18.31.18-768x450.png 768w, https:\/\/www.tgrthaber.com\/mavikadin\/wp-content\/uploads\/Ekran-Resmi-2025-12-07-18.31.18-1536x900.png 1536w, https:\/\/www.tgrthaber.com\/mavikadin\/wp-content\/uploads\/Ekran-Resmi-2025-12-07-18.31.18.png 1542w\" sizes=\"(max-width: 1024px) 100vw, 1024px\" \/><\/p>\n<hr \/>\n<p class=\"p1\">K\u0131van\u00e7 Karadeniz<\/p>\n<p class=\"p1\">Semihcan Temiz<\/p>\n<p class=\"p1\">Sergen \u00d6zen<\/p>\n<p class=\"p1\">Tolga \u015eener<\/p>\n<p class=\"p1\">Beyza Huri Ayd\u0131n<\/p>\n<p class=\"p1\">Eski sezon yar\u0131\u015fmac\u0131lar\u0131n\u0131n yan\u0131 s\u0131ra bu sezonun \u015fef ceketi kazanan son 4 ismi; \u00c7a\u011fatay, \u00d6zkan, Sezer ve Hakan da Alt\u0131n Kupa i\u00e7in yar\u0131\u015facak.<\/p>\n<p><img loading=\"lazy\" decoding=\"async\" class=\"alignnone wp-image-272464 size-large\" src=\"https:\/\/www.tgrthaber.com\/mavikadin\/wp-content\/uploads\/Ekran-Resmi-2025-12-07-18.17.15-2-1024x647.png\" alt=\"\" width=\"1024\" height=\"647\" title=\"\" srcset=\"https:\/\/www.tgrthaber.com\/mavikadin\/wp-content\/uploads\/Ekran-Resmi-2025-12-07-18.17.15-2-1024x647.png 1024w, https:\/\/www.tgrthaber.com\/mavikadin\/wp-content\/uploads\/Ekran-Resmi-2025-12-07-18.17.15-2-300x190.png 300w, https:\/\/www.tgrthaber.com\/mavikadin\/wp-content\/uploads\/Ekran-Resmi-2025-12-07-18.17.15-2-768x485.png 768w, https:\/\/www.tgrthaber.com\/mavikadin\/wp-content\/uploads\/Ekran-Resmi-2025-12-07-18.17.15-2.png 1086w\" sizes=\"(max-width: 1024px) 100vw, 1024px\" \/><\/p>\n<hr \/>\n<h3>MASTERCHEF ALL STAR ALTIN KUPA NED\u0130R NE KADAR S\u00dcRECEK?<\/h3>\n<p>MasterChef All Star Alt\u0131n Kupa eski sezon yar\u0131\u015fmac\u0131larla bu sezonun ceket giyen giyen yar\u0131\u015fmac\u0131lar\u0131n\u0131n oldu\u011fu \u00f6zel bir turnuvad\u0131r. Yine her hafta 2 ki\u015finin elenece\u011fi yar\u0131\u015fmada \u015fampiyon olan ki\u015fi alt\u0131n kupan\u0131n sahibi olacak. Yar\u0131\u015fman\u0131n totelde 1,5 ay s\u00fcrece\u011fi tahmin ediliyor.<\/p>\n","protected":false},"excerpt":{"rendered":"<p>MasterChef All Star Alt\u0131n Kupa heyecan\u0131 ba\u015flad\u0131. Eski sezon yar\u0131\u015fmac\u0131lar\u0131ndan Sergen \u00d6zen&#8217;in hayat\u0131 yeniden merak edildi. Peki MasterChef All Star Alt\u0131n Kupa yar\u0131\u015fmac\u0131s\u0131 Sergen \u00d6zen kimdir? MasterChef Sergen aslen nereli, ne i\u015f yap\u0131yor? \u0130\u015fte detaylar&#8230; <\/p>\n","protected":false},"author":16,"featured_media":272465,"comment_status":"closed","ping_status":"closed","sticky":false,"template":"","format":"standard","meta":{"rank_math_lock_modified_date":false,"footnotes":""},"categories":[491],"tags":[3374,16521,67782,67781,67783],"class_list":["post-272459","post","type-post","status-publish","format-standard","has-post-thumbnail","hentry","category-biyografi","tag-biyografi","tag-biyografi-haberleri","tag-masterchef-all-star-altin-kupa-yarismacisi-sergen-ozen-aslen-nereli","tag-masterchef-all-star-altin-kupa-yarismacisi-sergen-ozen-kimdir","tag-masterchef-all-star-altin-kupa-yarismacisi-sergen-ozen-ne-is-yapiyor"],"_links":{"self":[{"href":"https:\/\/www.tgrthaber.com\/mavikadin\/wp-json\/wp\/v2\/posts\/272459"}],"collection":[{"href":"https:\/\/www.tgrthaber.com\/mavikadin\/wp-json\/wp\/v2\/posts"}],"about":[{"href":"https:\/\/www.tgrthaber.com\/mavikadin\/wp-json\/wp\/v2\/types\/post"}],"author":[{"embeddable":true,"href":"https:\/\/www.tgrthaber.com\/mavikadin\/wp-json\/wp\/v2\/users\/16"}],"replies":[{"embeddable":true,"href":"https:\/\/www.tgrthaber.com\/mavikadin\/wp-json\/wp\/v2\/comments?post=272459"}],"version-history":[{"count":2,"href":"https:\/\/www.tgrthaber.com\/mavikadin\/wp-json\/wp\/v2\/posts\/272459\/revisions"}],"predecessor-version":[{"id":272467,"href":"https:\/\/www.tgrthaber.com\/mavikadin\/wp-json\/wp\/v2\/posts\/272459\/revisions\/272467"}],"wp:featuredmedia":[{"embeddable":true,"href":"https:\/\/www.tgrthaber.com\/mavikadin\/wp-json\/wp\/v2\/media\/272465"}],"wp:attachment":[{"href":"https:\/\/www.tgrthaber.com\/mavikadin\/wp-json\/wp\/v2\/media?parent=272459"}],"wp:term":[{"taxonomy":"category","embeddable":true,"href":"https:\/\/www.tgrthaber.com\/mavikadin\/wp-json\/wp\/v2\/categories?post=272459"},{"taxonomy":"post_tag","embeddable":true,"href":"https:\/\/www.tgrthaber.com\/mavikadin\/wp-json\/wp\/v2\/tags?post=272459"}],"curies":[{"name":"wp","href":"https:\/\/api.w.org\/{rel}","templated":true}]}}