{"id":272501,"date":"2025-12-08T00:35:35","date_gmt":"2025-12-07T21:35:35","guid":{"rendered":"https:\/\/www.tgrthaber.com\/mavikadin\/?p=272501"},"modified":"2025-12-08T00:39:40","modified_gmt":"2025-12-07T21:39:40","slug":"masterchef-2025-4-jurisini-acun-ilicali-acikladi-bunu-kimse-beklemiyordu-herkes-ters-kose-oldu","status":"publish","type":"post","link":"https:\/\/www.tgrthaber.com\/mavikadin\/masterchef-2025-4-jurisini-acun-ilicali-acikladi-bunu-kimse-beklemiyordu-herkes-ters-kose-oldu\/","title":{"rendered":"MasterChef 2025 4. j\u00fcrisini Acun Il\u0131cal\u0131 a\u00e7\u0131klad\u0131! Bunu kimse beklemiyordu, herkes ters k\u00f6\u015fe oldu"},"content":{"rendered":"<p>TV8 ekranlar\u0131n\u0131n sevilerek seyredilen yar\u0131\u015fma program\u0131 MasterChef T\u00fcrkiye yeni format\u0131yla h\u0131z kesmeden devam ediyor. D\u00fcn ak\u015fam yay\u0131nlanan b\u00f6l\u00fcmde kupay\u0131 kald\u0131ran isim Sezer olmu\u015ftu. Bu ak\u015fam ise MasterChef All Star Alt\u0131n Kupa turnuvas\u0131 ile ekranlarda yerini ald\u0131. Ge\u00e7ti\u011fimiz b\u00f6l\u00fcmde MasterChef&#8217;e 4. j\u00fcri gelece\u011fini s\u00f6yleyen \u015fefler merak uyand\u0131rm\u0131\u015ft\u0131. \u0130zleyiciler MasterChef 4. j\u00fcrisi kim olacak? sorusuna cevap ararken merak edilen sorunun cevab\u0131n\u0131 Acun Il\u0131cal\u0131 a\u00e7\u0131klad\u0131. Acun Il\u0131cal\u0131&#8217;n\u0131n a\u00e7\u0131klamalar\u0131 sonras\u0131 herkes resmen ters k\u00f6\u015fe oldu.<\/p>\n<h3>MASTERCHEF 2025 4. J\u00dcR\u0130S\u0130 K\u0130M OLDU?<\/h3>\n<p>Ekranlar\u0131n fenomen yemek yar\u0131\u015fmas\u0131 program\u0131 <a href=\"https:\/\/www.tgrthaber.com\/mavikadin\/masterchef-hizli-sogan-tursusu-tarifi-sadece-30-dakikada-hazir-yiyenler-mest-oluyor-tam-bir-sifa-deposu\/\">MasterChef<\/a> T\u00fcrkiye&#8217;de heyecan dorukta! Bu ak\u015fam yay\u0131nlanan b\u00f6l\u00fcmde All Star Alt\u0131n kupa turnuvas\u0131 ba\u015flad\u0131.<\/p>\n<p><img loading=\"lazy\" decoding=\"async\" class=\"alignnone wp-image-272508 size-large\" src=\"https:\/\/www.tgrthaber.com\/mavikadin\/wp-content\/uploads\/Ekran-Resmi-2025-12-07-18.17.15-3-1024x647.png\" alt=\"\" width=\"1024\" height=\"647\" title=\"\" srcset=\"https:\/\/www.tgrthaber.com\/mavikadin\/wp-content\/uploads\/Ekran-Resmi-2025-12-07-18.17.15-3-1024x647.png 1024w, https:\/\/www.tgrthaber.com\/mavikadin\/wp-content\/uploads\/Ekran-Resmi-2025-12-07-18.17.15-3-300x190.png 300w, https:\/\/www.tgrthaber.com\/mavikadin\/wp-content\/uploads\/Ekran-Resmi-2025-12-07-18.17.15-3-768x485.png 768w, https:\/\/www.tgrthaber.com\/mavikadin\/wp-content\/uploads\/Ekran-Resmi-2025-12-07-18.17.15-3.png 1086w\" sizes=\"(max-width: 1024px) 100vw, 1024px\" \/><\/p>\n<hr \/>\n<p>Eski sezon yar\u0131\u015fmac\u0131lar\u0131 ile bu senenin ceket giyen 4 yar\u0131\u015fmac\u0131s\u0131n\u0131n da yar\u0131\u015faca\u011f\u0131 programda bir ki\u015fi alt\u0131n kupan\u0131n sahibi olacak. Yeni format ve yeni kurallar\u0131n geldi\u011fi program\u0131n tahmini olarak 1.5 ay s\u00fcrece\u011fi tahmin ediliyor.<\/p>\n<p><img loading=\"lazy\" decoding=\"async\" class=\"alignnone wp-image-272507 size-large\" src=\"https:\/\/www.tgrthaber.com\/mavikadin\/wp-content\/uploads\/Ekran-Resmi-2025-12-07-23.39.38-1024x575.png\" alt=\"\" width=\"1024\" height=\"575\" title=\"\" srcset=\"https:\/\/www.tgrthaber.com\/mavikadin\/wp-content\/uploads\/Ekran-Resmi-2025-12-07-23.39.38-1024x575.png 1024w, https:\/\/www.tgrthaber.com\/mavikadin\/wp-content\/uploads\/Ekran-Resmi-2025-12-07-23.39.38-300x168.png 300w, https:\/\/www.tgrthaber.com\/mavikadin\/wp-content\/uploads\/Ekran-Resmi-2025-12-07-23.39.38-768x431.png 768w, https:\/\/www.tgrthaber.com\/mavikadin\/wp-content\/uploads\/Ekran-Resmi-2025-12-07-23.39.38.png 1440w\" sizes=\"(max-width: 1024px) 100vw, 1024px\" \/><\/p>\n<hr \/>\n<p>\u015eefler ge\u00e7ti\u011fimiz b\u00f6l\u00fcmde MasterChef&#8217;e 4. bir j\u00fcri gelece\u011finin duyurusunu yapm\u0131\u015ft\u0131. Hatta \u00f6yle ki Somer \u015fef, Mehmet \u015fef ve Danillo \u015fef sosyal medya hesaplar\u0131nda yeni gelecek olan \u015fef i\u00e7in heyecanlar\u0131n\u0131 dile getirmi\u015fti. Fakat bu gece yay\u0131nlanan b\u00f6l\u00fcmde Acun \u0131l\u0131cal\u0131 izleyicileri fena halde ters k\u00f6\u015feye yat\u0131rd\u0131 ve 4. j\u00fcrinin yapay zeka oldu\u011fu ortaya \u00e7\u0131kt\u0131.<\/p>\n<p class=\"p1\">Acun Il\u0131cal\u0131 Alt\u0131n Kupa i\u00e7in yapt\u0131\u011f\u0131 payla\u015f\u0131mda\u00a0\u201cEvet konu\u015fulanlar do\u011fru. MasterChef All Star Alt\u0131n Kupa\u2019da aram\u0131za yeni bir \u00fcye kat\u0131l\u0131yor. D\u00fcnyaca \u00fcnl\u00fc, inan\u0131lmaz gastronomi bilgisi var. T\u00fcm d\u00fcnya mutfaklar\u0131na hakim. \u0130lk kez bir programda yer alacak. MasterChef All Star Alt\u0131n Kupa, \u00e7ok ba\u015fka olacak&#8230;&#8217;\u00a0demi\u015f ve herkeste b\u00fcy\u00fck bir merak uyand\u0131rm\u0131\u015ft\u0131.<\/p>\n<p><img loading=\"lazy\" decoding=\"async\" class=\"alignnone wp-image-272515 size-full\" src=\"https:\/\/www.tgrthaber.com\/mavikadin\/wp-content\/uploads\/Ekran-Resmi-2025-12-08-00.32.53.png\" alt=\"\" width=\"1002\" height=\"602\" title=\"\" srcset=\"https:\/\/www.tgrthaber.com\/mavikadin\/wp-content\/uploads\/Ekran-Resmi-2025-12-08-00.32.53.png 1002w, https:\/\/www.tgrthaber.com\/mavikadin\/wp-content\/uploads\/Ekran-Resmi-2025-12-08-00.32.53-300x180.png 300w, https:\/\/www.tgrthaber.com\/mavikadin\/wp-content\/uploads\/Ekran-Resmi-2025-12-08-00.32.53-768x461.png 768w\" sizes=\"(max-width: 1002px) 100vw, 1002px\" \/><\/p>\n<hr \/>\n<p class=\"p1\">&#8216;D\u00fcnyaca \u00fcnl\u00fc, inan\u0131lmaz gastronomi bilgisi var. T\u00fcm d\u00fcnya mutfaklar\u0131na hakim.&#8217; denilen ismin ise\u00a0Google\u2019\u0131n<span class=\"Apple-converted-space\">\u00a0 <\/span>yapay zekas\u0131 Gemini oldu\u011fu ortaya \u00e7\u0131kt\u0131! Gemini MasterChef\u2019in ilk Alt\u0131n Kupa b\u00f6l\u00fcm\u00fcnde yar\u0131\u015fmac\u0131lar\u0131n yapaca\u011f\u0131 yeme\u011fe karar verdi. Gemini, Somer \u015eef&#8217;in &#8216;Bug\u00fcne kadar \u00e7\u0131km\u0131\u015f en zor kaptanl\u0131k yeme\u011fi neydi?&#8217; sorusuna Beef Wellington cevab\u0131n\u0131 verince kaptanl\u0131k oyununun yeme\u011fi de belirlenmi\u015f oldu.<\/p>\n<h3 class=\"p1\"><b>MASTERCHEF ALTIN KUPA YARI\u015eMACILARI K\u0130MLER?<\/b><\/h3>\n<p class=\"p1\">MasterChef Alt\u0131n Kupa\u2019da yar\u0131\u015facak isimler,<\/p>\n<p class=\"p1\">Alican Sabunsoy<\/p>\n<p class=\"p1\">Ayaz Ge\u00e7er<\/p>\n<p><img loading=\"lazy\" decoding=\"async\" class=\"alignnone wp-image-272506 size-large\" src=\"https:\/\/www.tgrthaber.com\/mavikadin\/wp-content\/uploads\/Ekran-Resmi-2025-12-07-23.32.37-1024x637.png\" alt=\"\" width=\"1024\" height=\"637\" title=\"\" srcset=\"https:\/\/www.tgrthaber.com\/mavikadin\/wp-content\/uploads\/Ekran-Resmi-2025-12-07-23.32.37-1024x637.png 1024w, https:\/\/www.tgrthaber.com\/mavikadin\/wp-content\/uploads\/Ekran-Resmi-2025-12-07-23.32.37-300x187.png 300w, https:\/\/www.tgrthaber.com\/mavikadin\/wp-content\/uploads\/Ekran-Resmi-2025-12-07-23.32.37-768x478.png 768w, https:\/\/www.tgrthaber.com\/mavikadin\/wp-content\/uploads\/Ekran-Resmi-2025-12-07-23.32.37.png 1038w\" sizes=\"(max-width: 1024px) 100vw, 1024px\" \/><\/p>\n<hr \/>\n<p class=\"p1\">Barbaros Yolo\u011flu<\/p>\n<p class=\"p1\">Bar\u0131\u015f Demir<\/p>\n<p class=\"p1\">Batuhan Bay\u0131r<\/p>\n<p><img loading=\"lazy\" decoding=\"async\" class=\"alignnone wp-image-272502 size-full\" src=\"https:\/\/www.tgrthaber.com\/mavikadin\/wp-content\/uploads\/Ekran-Resmi-2025-12-07-18.16.55-3.png\" alt=\"\" width=\"1020\" height=\"602\" title=\"\" srcset=\"https:\/\/www.tgrthaber.com\/mavikadin\/wp-content\/uploads\/Ekran-Resmi-2025-12-07-18.16.55-3.png 1020w, https:\/\/www.tgrthaber.com\/mavikadin\/wp-content\/uploads\/Ekran-Resmi-2025-12-07-18.16.55-3-300x177.png 300w, https:\/\/www.tgrthaber.com\/mavikadin\/wp-content\/uploads\/Ekran-Resmi-2025-12-07-18.16.55-3-768x453.png 768w\" sizes=\"(max-width: 1020px) 100vw, 1020px\" \/><\/p>\n<hr \/>\n<p class=\"p1\">Dilara Ba\u015faran<\/p>\n<p class=\"p1\">Eda \u00c7a\u011flayan<\/p>\n<p class=\"p1\">Eren Ka\u015f\u0131k\u00e7\u0131<\/p>\n<p class=\"p1\">Erim \u015eanal<\/p>\n<p class=\"p1\">Hasan Biltekin<\/p>\n<p class=\"p1\">Kerem Bilginer<\/p>\n<p class=\"p1\">K\u0131van\u00e7 Karadeniz<\/p>\n<p><img loading=\"lazy\" decoding=\"async\" class=\"alignnone wp-image-272503 size-large\" src=\"https:\/\/www.tgrthaber.com\/mavikadin\/wp-content\/uploads\/Ekran-Resmi-2025-12-07-18.17.04-1024x623.png\" alt=\"\" width=\"1024\" height=\"623\" title=\"\" srcset=\"https:\/\/www.tgrthaber.com\/mavikadin\/wp-content\/uploads\/Ekran-Resmi-2025-12-07-18.17.04-1024x623.png 1024w, https:\/\/www.tgrthaber.com\/mavikadin\/wp-content\/uploads\/Ekran-Resmi-2025-12-07-18.17.04-300x182.png 300w, https:\/\/www.tgrthaber.com\/mavikadin\/wp-content\/uploads\/Ekran-Resmi-2025-12-07-18.17.04-768x467.png 768w, https:\/\/www.tgrthaber.com\/mavikadin\/wp-content\/uploads\/Ekran-Resmi-2025-12-07-18.17.04.png 1082w\" sizes=\"(max-width: 1024px) 100vw, 1024px\" \/><\/p>\n<hr \/>\n<p class=\"p1\">Semihcan Temiz<\/p>\n<p class=\"p1\">Sergen \u00d6zen<\/p>\n<p class=\"p1\">Tolga \u015eener<\/p>\n<p class=\"p1\">Beyza Huri Ayd\u0131n<\/p>\n<p><img loading=\"lazy\" decoding=\"async\" class=\"alignnone wp-image-272504 size-large\" src=\"https:\/\/www.tgrthaber.com\/mavikadin\/wp-content\/uploads\/Ekran-Resmi-2025-12-07-18.17.10-2-1024x553.png\" alt=\"\" width=\"1024\" height=\"553\" title=\"\" srcset=\"https:\/\/www.tgrthaber.com\/mavikadin\/wp-content\/uploads\/Ekran-Resmi-2025-12-07-18.17.10-2-1024x553.png 1024w, https:\/\/www.tgrthaber.com\/mavikadin\/wp-content\/uploads\/Ekran-Resmi-2025-12-07-18.17.10-2-300x162.png 300w, https:\/\/www.tgrthaber.com\/mavikadin\/wp-content\/uploads\/Ekran-Resmi-2025-12-07-18.17.10-2-768x415.png 768w, https:\/\/www.tgrthaber.com\/mavikadin\/wp-content\/uploads\/Ekran-Resmi-2025-12-07-18.17.10-2.png 1048w\" sizes=\"(max-width: 1024px) 100vw, 1024px\" \/><\/p>\n<hr \/>\n<h3>MASTERCHEF 2025 \u015eAMP\u0130YONU SEZER D\u0130R\u0130CAN K\u0130MD\u0130R?<\/h3>\n<p class=\"p1\">MasterChef finalisti Sezer Dirican, d\u00fcn ak\u015fam yay\u0131nlanan MasterChef finalinde haz\u0131rlad\u0131\u011f\u0131 tabaklarla \u015feflerden yeterli puan\u0131 alarak \u00d6zkan\u2019\u0131 elemi\u015f ve kupay\u0131 kald\u0131ran isim olmu\u015ftu.<\/p>\n<p><img loading=\"lazy\" decoding=\"async\" class=\"alignnone wp-image-272505 size-full\" src=\"https:\/\/www.tgrthaber.com\/mavikadin\/wp-content\/uploads\/Ekran-Resmi-2025-12-07-23.28.37.png\" alt=\"\" width=\"1016\" height=\"592\" title=\"\" srcset=\"https:\/\/www.tgrthaber.com\/mavikadin\/wp-content\/uploads\/Ekran-Resmi-2025-12-07-23.28.37.png 1016w, https:\/\/www.tgrthaber.com\/mavikadin\/wp-content\/uploads\/Ekran-Resmi-2025-12-07-23.28.37-300x175.png 300w, https:\/\/www.tgrthaber.com\/mavikadin\/wp-content\/uploads\/Ekran-Resmi-2025-12-07-23.28.37-768x447.png 768w\" sizes=\"(max-width: 1016px) 100vw, 1016px\" \/><\/p>\n<hr \/>\n<p class=\"p1\">Sezer Dirican 1995 y\u0131l\u0131nda d\u00fcnyaya gelmi\u015ftir. Amasya do\u011fumlu olan yar\u0131\u015fmac\u0131 restoran ve kafelerde &#8216;Ched De Partie&#8217; pozisyonunda \u00e7al\u0131\u015fm\u0131\u015ft\u0131r. Instagramda &#8216;sezerdirican&#8217; ismiyle yer alan Sezer&#8217;in 19.1 bin takip\u00e7isi bulunuyor.<\/p>\n","protected":false},"excerpt":{"rendered":"<p>MasterChef T\u00fcrkiye, TV8&#8217;de yeni format\u0131yla ilgiyle izlenmeye devam ediyor. D\u00fcn gece Sezer, heyecan dolu yar\u0131\u015fmada kupay\u0131 kazanan isim oldu. Bu ak\u015fam MasterChef All Star, Alt\u0131n Kupa turnuvas\u0131yla ekranlardaki yerini ald\u0131. \u015eeflerin ge\u00e7ti\u011fimiz b\u00f6l\u00fcmde duyurdu\u011fu 4. j\u00fcri ise merak ediliyordu.  \u0130zleyiciler, j\u00fcriye kimin kat\u0131laca\u011f\u0131 sorgularken Acun Il\u0131cal\u0131 beklenen a\u00e7\u0131klamay\u0131 yapt\u0131. Il\u0131cal\u0131&#8217;n\u0131n s\u00f6zleri herkesi \u015fa\u015fk\u0131na \u00e7evirdi. <\/p>\n","protected":false},"author":16,"featured_media":272516,"comment_status":"closed","ping_status":"closed","sticky":false,"template":"","format":"standard","meta":{"rank_math_lock_modified_date":false,"footnotes":""},"categories":[76],"tags":[133,2218,67792,67791,26982],"class_list":["post-272501","post","type-post","status-publish","format-standard","has-post-thumbnail","hentry","category-magazin","tag-magazin","tag-magazin-haberleri","tag-masterchef-2025-4-jurisi","tag-masterchef-2025-4-jurisi-kimdir","tag-masterchef-haberleri"],"_links":{"self":[{"href":"https:\/\/www.tgrthaber.com\/mavikadin\/wp-json\/wp\/v2\/posts\/272501"}],"collection":[{"href":"https:\/\/www.tgrthaber.com\/mavikadin\/wp-json\/wp\/v2\/posts"}],"about":[{"href":"https:\/\/www.tgrthaber.com\/mavikadin\/wp-json\/wp\/v2\/types\/post"}],"author":[{"embeddable":true,"href":"https:\/\/www.tgrthaber.com\/mavikadin\/wp-json\/wp\/v2\/users\/16"}],"replies":[{"embeddable":true,"href":"https:\/\/www.tgrthaber.com\/mavikadin\/wp-json\/wp\/v2\/comments?post=272501"}],"version-history":[{"count":4,"href":"https:\/\/www.tgrthaber.com\/mavikadin\/wp-json\/wp\/v2\/posts\/272501\/revisions"}],"predecessor-version":[{"id":272517,"href":"https:\/\/www.tgrthaber.com\/mavikadin\/wp-json\/wp\/v2\/posts\/272501\/revisions\/272517"}],"wp:featuredmedia":[{"embeddable":true,"href":"https:\/\/www.tgrthaber.com\/mavikadin\/wp-json\/wp\/v2\/media\/272516"}],"wp:attachment":[{"href":"https:\/\/www.tgrthaber.com\/mavikadin\/wp-json\/wp\/v2\/media?parent=272501"}],"wp:term":[{"taxonomy":"category","embeddable":true,"href":"https:\/\/www.tgrthaber.com\/mavikadin\/wp-json\/wp\/v2\/categories?post=272501"},{"taxonomy":"post_tag","embeddable":true,"href":"https:\/\/www.tgrthaber.com\/mavikadin\/wp-json\/wp\/v2\/tags?post=272501"}],"curies":[{"name":"wp","href":"https:\/\/api.w.org\/{rel}","templated":true}]}}