{"id":272534,"date":"2025-12-08T09:35:45","date_gmt":"2025-12-08T06:35:45","guid":{"rendered":"https:\/\/www.tgrthaber.com\/mavikadin\/?p=272534"},"modified":"2025-12-08T09:35:46","modified_gmt":"2025-12-08T06:35:46","slug":"kenan-dogulunun-cok-konusulacak-anlari-kameralarda-unlu-sarkici-ayakta-durmakta-zorlandi","status":"publish","type":"post","link":"https:\/\/www.tgrthaber.com\/mavikadin\/kenan-dogulunun-cok-konusulacak-anlari-kameralarda-unlu-sarkici-ayakta-durmakta-zorlandi\/","title":{"rendered":"Kenan Do\u011fulu\u2019nun \u00e7ok konu\u015fulacak anlar\u0131 kameralarda! \u00dcnl\u00fc \u015fark\u0131c\u0131 ayakta durmakta zorland\u0131"},"content":{"rendered":"<p>Ba\u015far\u0131l\u0131 m\u00fczik kariyerinin yan\u0131 s\u0131ra \u00f6zel hayat\u0131yla da s\u0131k s\u0131k magazin g\u00fcndeminde yer alan Kenan Do\u011fulu, bu kez bas\u0131n mensuplar\u0131na \u00e7ok konu\u015fulacak g\u00f6r\u00fcnt\u00fcler verdi. Kenan Do\u011fulu magazin d\u00fcnyas\u0131n\u0131n g\u00fcndemine bomba gibi oturacak anlar\u0131yla dikkatleri \u00fczerine \u00e7ekti. Bir mek\u00e2n \u00e7\u0131k\u0131\u015f\u0131 g\u00f6r\u00fcnt\u00fclenen \u00fcnl\u00fc \u015fark\u0131c\u0131, ayakta durmakta zorluk \u00e7ekti. \u0130\u015fte Kenan Do\u011fulu\u2019nun \u00e7ok konu\u015fulacak o anlar\u0131\u2026<\/p>\n<h3>KENAN DO\u011eULU\u2019NUN \u00c7OK KONU\u015eULACAK ANLARI KAMERALARA YANSIDI!<\/h3>\n<p>Pop m\u00fczi\u011fin b\u00fcy\u00fck bir ilgiyle takip edilen isimleri aras\u0131nda yer alan <a href=\"https:\/\/www.tgrthaber.com\/mavikadin\/is-adami-moris-kohen-ve-pinar-haciarifoglu-evlendi-dugune-kenan-dogulu-sarkisi-damga-vurdu\/\">Kenan Do\u011fulu<\/a>, magazin d\u00fcnyas\u0131n\u0131n g\u00fcndemine bomba gibi oturdu. Ba\u015far\u0131l\u0131 m\u00fczisyen ki\u015fili\u011finin yan\u0131 s\u0131ra \u00f6zel hayat\u0131yla da dikkat \u00e7eken \u00fcnl\u00fcler aras\u0131nda yer alan Do\u011fulu, bas\u0131n mensuplar\u0131na \u00e7ok konu\u015fulacak g\u00f6r\u00fcnt\u00fcler verdi.<\/p>\n<p><img loading=\"lazy\" decoding=\"async\" class=\"size-full wp-image-272539\" src=\"https:\/\/www.tgrthaber.com\/mavikadin\/wp-content\/uploads\/Kenan-Dogulu-5.jpg\" alt=\"Kenan Do\u011fulu\u2019nun \u00e7ok konu\u015fulacak anlar\u0131 kameralarda! \u00dcnl\u00fc \u015fark\u0131c\u0131 ayakta durmakta zorland\u0131\" width=\"1208\" height=\"680\" title=\"\" srcset=\"https:\/\/www.tgrthaber.com\/mavikadin\/wp-content\/uploads\/Kenan-Dogulu-5.jpg 1208w, https:\/\/www.tgrthaber.com\/mavikadin\/wp-content\/uploads\/Kenan-Dogulu-5-300x169.jpg 300w, https:\/\/www.tgrthaber.com\/mavikadin\/wp-content\/uploads\/Kenan-Dogulu-5-1024x576.jpg 1024w, https:\/\/www.tgrthaber.com\/mavikadin\/wp-content\/uploads\/Kenan-Dogulu-5-768x432.jpg 768w\" sizes=\"(max-width: 1208px) 100vw, 1208px\" \/><\/p>\n<hr \/>\n<p>\u00d6zel hayat\u0131n\u0131 daha \u00e7ok g\u00f6zlerden uzak ya\u015famay\u0131 tercih eden Kenan Do\u011fulu, Kuru\u00e7e\u015fme&#8217;deki bir mek\u00e2n \u00e7\u0131k\u0131\u015f\u0131nda g\u00f6r\u00fcnt\u00fclendi. Do\u011fulu\u2019nun \u00e7ok konu\u015fulacak anlar\u0131, bas\u0131n mensuplar\u0131 taraf\u0131ndan kameralara yans\u0131d\u0131. \u00dcnl\u00fc \u015fark\u0131c\u0131, gazeteciler taraf\u0131ndan fena yakaland\u0131.<\/p>\n<p><img loading=\"lazy\" decoding=\"async\" class=\"size-full wp-image-272540\" src=\"https:\/\/www.tgrthaber.com\/mavikadin\/wp-content\/uploads\/Kenan-Dogulu-6-1.jpg\" alt=\"Kenan Do\u011fulu\u2019nun \u00e7ok konu\u015fulacak anlar\u0131 kameralarda! \u00dcnl\u00fc \u015fark\u0131c\u0131 ayakta durmakta zorland\u0131\" width=\"1208\" height=\"680\" title=\"\" srcset=\"https:\/\/www.tgrthaber.com\/mavikadin\/wp-content\/uploads\/Kenan-Dogulu-6-1.jpg 1208w, https:\/\/www.tgrthaber.com\/mavikadin\/wp-content\/uploads\/Kenan-Dogulu-6-1-300x169.jpg 300w, https:\/\/www.tgrthaber.com\/mavikadin\/wp-content\/uploads\/Kenan-Dogulu-6-1-1024x576.jpg 1024w, https:\/\/www.tgrthaber.com\/mavikadin\/wp-content\/uploads\/Kenan-Dogulu-6-1-768x432.jpg 768w\" sizes=\"(max-width: 1208px) 100vw, 1208px\" \/><\/p>\n<hr \/>\n<p>Habert\u00fcrk\u2019te yer alan habere g\u00f6re; <a href=\"https:\/\/www.tgrthaber.com\/mavikadin\/kenan-dogulu-minik-hayraninin-istegini-kirmadi-tarziyla-yine-dikkat-cekti\/\">Kenan Do\u011fulu<\/a>, Kuru\u00e7e\u015fme&#8217;deki bir mek\u00e2nda arkada\u015flar\u0131yla birlikte e\u011flencenin dibine vurdu. Gece boyunca e\u011flenen \u00fcnl\u00fc \u015fark\u0131c\u0131, mek\u00e2n \u00e7\u0131k\u0131\u015f\u0131nda objektiflere yakaland\u0131.<\/p>\n<p>\u00d6zel hayat\u0131n\u0131 daha \u00e7ok g\u00f6zlerden uzak ya\u015famay\u0131 tercih eden Kenan Do\u011fulu, bu kez arkada\u015flar\u0131yla e\u011flence \u00e7\u0131k\u0131\u015f\u0131 g\u00f6r\u00fcnt\u00fclendi. Bas\u0131n mensuplar\u0131na \u00e7ok konu\u015fulacak g\u00f6r\u00fcnt\u00fcler veren \u00fcnl\u00fc \u015fark\u0131c\u0131n\u0131n ayakta durmakta zorluk \u00e7ekti\u011fi anlarda dikkatlerden ka\u00e7mad\u0131.<\/p>\n<p><img loading=\"lazy\" decoding=\"async\" class=\"size-full wp-image-272536\" src=\"https:\/\/www.tgrthaber.com\/mavikadin\/wp-content\/uploads\/Kenan-Dogulu-2-1.jpg\" alt=\"Kenan Do\u011fulu\u2019nun \u00e7ok konu\u015fulacak anlar\u0131 kameralarda! \u00dcnl\u00fc \u015fark\u0131c\u0131 ayakta durmakta zorland\u0131\" width=\"1208\" height=\"680\" title=\"\" srcset=\"https:\/\/www.tgrthaber.com\/mavikadin\/wp-content\/uploads\/Kenan-Dogulu-2-1.jpg 1208w, https:\/\/www.tgrthaber.com\/mavikadin\/wp-content\/uploads\/Kenan-Dogulu-2-1-300x169.jpg 300w, https:\/\/www.tgrthaber.com\/mavikadin\/wp-content\/uploads\/Kenan-Dogulu-2-1-1024x576.jpg 1024w, https:\/\/www.tgrthaber.com\/mavikadin\/wp-content\/uploads\/Kenan-Dogulu-2-1-768x432.jpg 768w\" sizes=\"(max-width: 1208px) 100vw, 1208px\" \/><\/p>\n<hr \/>\n<h3>KENAN DO\u011eULU AYAKTA DURMAKTA G\u00dc\u00c7L\u00dcK \u00c7EKT\u0130!<\/h3>\n<p>Kuru\u00e7e\u015fme&#8217;deki bir mek\u00e2nda arkada\u015flar\u0131yla birlikte e\u011flenen Kenan Do\u011fulu\u2019nun alkoll\u00fc oldu\u011fu ve ayakta durmakta zorluk \u00e7ekti\u011fi g\u00f6r\u00fcld\u00fc. Do\u011fulu\u2019yu, mek\u00e2n \u00e7\u0131k\u0131\u015f\u0131 arkada\u015flar\u0131 koluna girerek araca bindirdi.<\/p>\n<p><img loading=\"lazy\" decoding=\"async\" class=\"size-full wp-image-272538\" src=\"https:\/\/www.tgrthaber.com\/mavikadin\/wp-content\/uploads\/Kenan-Dogulu-4-1.jpg\" alt=\"Kenan Do\u011fulu\u2019nun \u00e7ok konu\u015fulacak anlar\u0131 kameralarda! \u00dcnl\u00fc \u015fark\u0131c\u0131 ayakta durmakta zorland\u0131\" width=\"1208\" height=\"680\" title=\"\" srcset=\"https:\/\/www.tgrthaber.com\/mavikadin\/wp-content\/uploads\/Kenan-Dogulu-4-1.jpg 1208w, https:\/\/www.tgrthaber.com\/mavikadin\/wp-content\/uploads\/Kenan-Dogulu-4-1-300x169.jpg 300w, https:\/\/www.tgrthaber.com\/mavikadin\/wp-content\/uploads\/Kenan-Dogulu-4-1-1024x576.jpg 1024w, https:\/\/www.tgrthaber.com\/mavikadin\/wp-content\/uploads\/Kenan-Dogulu-4-1-768x432.jpg 768w\" sizes=\"(max-width: 1208px) 100vw, 1208px\" \/><\/p>\n<hr \/>\n<p>Magazin d\u00fcnyas\u0131n\u0131n g\u00fcndemine bomba gibi oturan Kenan Do\u011fulu\u2019nun ayakta durmakta g\u00fc\u00e7l\u00fck \u00e7ekti\u011fi anlar b\u00fcy\u00fck ses getirdi. Bas\u0131n mensuplar\u0131n\u0131n sorular\u0131n\u0131 cevaps\u0131z b\u0131rakan Do\u011fulu, h\u0131zl\u0131ca \u015fof\u00f6r\u00fcn\u00fcn kulland\u0131\u011f\u0131 araca binerek mek\u00e2ndan uzakla\u015ft\u0131. Do\u011fulu&#8217;nun yan\u0131nda e\u015fi Beren Saat&#8217;in olmamas\u0131 ise dikkatlerden ka\u00e7mad\u0131.<\/p>\n<p><img loading=\"lazy\" decoding=\"async\" class=\"size-full wp-image-272537\" src=\"https:\/\/www.tgrthaber.com\/mavikadin\/wp-content\/uploads\/Kenan-Dogulu-3-1.jpg\" alt=\"Kenan Do\u011fulu\u2019nun \u00e7ok konu\u015fulacak anlar\u0131 kameralarda! \u00dcnl\u00fc \u015fark\u0131c\u0131 ayakta durmakta zorland\u0131\" width=\"1208\" height=\"680\" title=\"\" srcset=\"https:\/\/www.tgrthaber.com\/mavikadin\/wp-content\/uploads\/Kenan-Dogulu-3-1.jpg 1208w, https:\/\/www.tgrthaber.com\/mavikadin\/wp-content\/uploads\/Kenan-Dogulu-3-1-300x169.jpg 300w, https:\/\/www.tgrthaber.com\/mavikadin\/wp-content\/uploads\/Kenan-Dogulu-3-1-1024x576.jpg 1024w, https:\/\/www.tgrthaber.com\/mavikadin\/wp-content\/uploads\/Kenan-Dogulu-3-1-768x432.jpg 768w\" sizes=\"(max-width: 1208px) 100vw, 1208px\" \/><\/p>\n<hr \/>\n<h3>KENAN DO\u011eULU K\u0130MD\u0130R?<\/h3>\n<p><a href=\"https:\/\/www.tgrthaber.com\/mavikadin\/amca-ve-yegen-ayni-sahnede-17-yasindaki-arya-kenan-dogulunun-vokalisti-olacak\/\">Kenan Do\u011fulu<\/a>, \u015fark\u0131c\u0131, \u015fark\u0131 yazar\u0131, aranj\u00f6r ve alb\u00fcm yap\u0131mc\u0131s\u0131d\u0131r. Do\u011fulu, 31 May\u0131s 1974 tarihinde \u0130stanbul\u00a0Cihangir&#8217;de d\u00fcnyaya geldi. Bug\u00fcne kadar on d\u00f6rt st\u00fcdyo alb\u00fcm\u00fc ve be\u015f single \u00e7al\u0131\u015fmas\u0131 yay\u0131nlayan Do\u011fulu, 2007 Eurovision \u015eark\u0131 Yar\u0131\u015fmas\u0131&#8217;nda T\u00fcrkiye&#8217;yi temsil ederek yar\u0131\u015fmay\u0131 d\u00f6rd\u00fcnc\u00fc olarak tamamlad\u0131.<\/p>\n<p><img loading=\"lazy\" decoding=\"async\" class=\"size-full wp-image-272541\" src=\"https:\/\/www.tgrthaber.com\/mavikadin\/wp-content\/uploads\/Kenan-Dogulu-1-1.jpg\" alt=\"Kenan Do\u011fulu\u2019nun \u00e7ok konu\u015fulacak anlar\u0131 kameralarda! \u00dcnl\u00fc \u015fark\u0131c\u0131 ayakta durmakta zorland\u0131\" width=\"1208\" height=\"680\" title=\"\" srcset=\"https:\/\/www.tgrthaber.com\/mavikadin\/wp-content\/uploads\/Kenan-Dogulu-1-1.jpg 1208w, https:\/\/www.tgrthaber.com\/mavikadin\/wp-content\/uploads\/Kenan-Dogulu-1-1-300x169.jpg 300w, https:\/\/www.tgrthaber.com\/mavikadin\/wp-content\/uploads\/Kenan-Dogulu-1-1-1024x576.jpg 1024w, https:\/\/www.tgrthaber.com\/mavikadin\/wp-content\/uploads\/Kenan-Dogulu-1-1-768x432.jpg 768w\" sizes=\"(max-width: 1208px) 100vw, 1208px\" \/><\/p>\n<hr \/>\n<p>M\u00fczik kariyerine \u00e7ok erken ya\u015flardan ba\u015flayan Kenan Do\u011fulu, 5 ya\u015f\u0131ndayken konservatuvar\u0131n piyano b\u00f6l\u00fcm\u00fcne birincilikle girdi. Alt\u0131 sene piyano b\u00f6l\u00fcm\u00fcnde e\u011fitim alan Do\u011fulu, hocas\u0131 Erkan Alpay&#8217;dan fl\u00fct, Erdem S\u00f6kmen&#8217;den gitar dersleri ald\u0131. \u00dcnl\u00fc sanat\u00e7\u0131 bu s\u0131rada tiyatro e\u011fitimi, \u00e7ocuk korosunda solistlik, ritimli sazlar \u00f6\u011frenimini de s\u00fcrd\u00fcrd\u00fc.<\/p>\n<p>51 ya\u015f\u0131nda olan \u00fcnl\u00fc sanat\u00e7\u0131 Kenan Do\u011fulu, m\u00fczik kariyerine bir\u00e7ok ba\u015far\u0131 s\u0131\u011fd\u0131rd\u0131. Say\u0131s\u0131z \u015fark\u0131 ve alb\u00fcme imza atan Do\u011fulu, m\u00fczik kariyerindeki ba\u015far\u0131s\u0131n\u0131 t\u00fcm h\u0131z\u0131yla devam ettiriyor. Pop m\u00fczi\u011fin sevilen isimleri aras\u0131nda yer alan Do\u011fulu, ayn\u0131 zamanda 2012 y\u0131l\u0131ndan bu yana <a href=\"https:\/\/www.tgrthaber.com\/mavikadin\/beren-saat-ve-kenan-doguludan-bebek-aciklamasi\/\">Beren Saa<\/a>t ile mutlu beraberli\u011fini devam ettiriyor.<\/p>\n","protected":false},"excerpt":{"rendered":"<p>\u00dcnl\u00fc sanat\u00e7\u0131 Kenan Do\u011fulu\u2019nun magazin g\u00fcndemine bomba gibi oturacak g\u00f6r\u00fcnt\u00fcleri kameralara yans\u0131d\u0131. \u00dcnl\u00fc \u015fark\u0131c\u0131n\u0131n ayakta durmakta g\u00fc\u00e7l\u00fck \u00e7ekti\u011fi anlar dikkatlerden ka\u00e7mad\u0131. \u0130\u015fte detaylar\u2026<\/p>\n","protected":false},"author":26,"featured_media":272538,"comment_status":"closed","ping_status":"closed","sticky":false,"template":"","format":"standard","meta":{"rank_math_lock_modified_date":false,"footnotes":""},"categories":[76],"tags":[3154,6638,133,2218],"class_list":["post-272534","post","type-post","status-publish","format-standard","has-post-thumbnail","hentry","category-magazin","tag-beren-saat","tag-kenan-dogulu","tag-magazin","tag-magazin-haberleri"],"_links":{"self":[{"href":"https:\/\/www.tgrthaber.com\/mavikadin\/wp-json\/wp\/v2\/posts\/272534"}],"collection":[{"href":"https:\/\/www.tgrthaber.com\/mavikadin\/wp-json\/wp\/v2\/posts"}],"about":[{"href":"https:\/\/www.tgrthaber.com\/mavikadin\/wp-json\/wp\/v2\/types\/post"}],"author":[{"embeddable":true,"href":"https:\/\/www.tgrthaber.com\/mavikadin\/wp-json\/wp\/v2\/users\/26"}],"replies":[{"embeddable":true,"href":"https:\/\/www.tgrthaber.com\/mavikadin\/wp-json\/wp\/v2\/comments?post=272534"}],"version-history":[{"count":2,"href":"https:\/\/www.tgrthaber.com\/mavikadin\/wp-json\/wp\/v2\/posts\/272534\/revisions"}],"predecessor-version":[{"id":272543,"href":"https:\/\/www.tgrthaber.com\/mavikadin\/wp-json\/wp\/v2\/posts\/272534\/revisions\/272543"}],"wp:featuredmedia":[{"embeddable":true,"href":"https:\/\/www.tgrthaber.com\/mavikadin\/wp-json\/wp\/v2\/media\/272538"}],"wp:attachment":[{"href":"https:\/\/www.tgrthaber.com\/mavikadin\/wp-json\/wp\/v2\/media?parent=272534"}],"wp:term":[{"taxonomy":"category","embeddable":true,"href":"https:\/\/www.tgrthaber.com\/mavikadin\/wp-json\/wp\/v2\/categories?post=272534"},{"taxonomy":"post_tag","embeddable":true,"href":"https:\/\/www.tgrthaber.com\/mavikadin\/wp-json\/wp\/v2\/tags?post=272534"}],"curies":[{"name":"wp","href":"https:\/\/api.w.org\/{rel}","templated":true}]}}