{"id":272679,"date":"2025-12-08T14:00:10","date_gmt":"2025-12-08T11:00:10","guid":{"rendered":"https:\/\/www.tgrthaber.com\/mavikadin\/?p=272679"},"modified":"2025-12-08T14:00:11","modified_gmt":"2025-12-08T11:00:11","slug":"kizilcik-serbeti-dizisinde-soke-eden-bir-ayrilik-daha-sosyal-medya-hesabindan-duyurdu","status":"publish","type":"post","link":"https:\/\/www.tgrthaber.com\/mavikadin\/kizilcik-serbeti-dizisinde-soke-eden-bir-ayrilik-daha-sosyal-medya-hesabindan-duyurdu\/","title":{"rendered":"K\u0131z\u0131lc\u0131k \u015eerbeti dizisinde \u015foke eden bir ayr\u0131l\u0131k daha! Sosyal medya hesab\u0131ndan duyurdu"},"content":{"rendered":"<p>K\u0131z\u0131lc\u0131k \u015eerbeti dizisinde yaprak d\u00f6k\u00fcm\u00fc devam ediyor. Birbirinden ba\u015far\u0131l\u0131 oyuncular\u0131n ayr\u0131ld\u0131\u011f\u0131 fenomen projeye \u00e7ocuk oyunculardan biri de veda ediyor. Show TV ekranlar\u0131n\u0131n fenomen dizisinin oyuncu kadrosunda ge\u00e7ti\u011fimiz haftalarda b\u00fcy\u00fck bir de\u011fi\u015fikli\u011fe gidilmi\u015fti. Bir\u00e7ok ba\u015far\u0131l\u0131 ba\u015frol karakter diziye veda ederken, yeni isimlerde dahil olmu\u015ftu. K\u0131z\u0131lc\u0131k \u015eerbeti dizisinde \u015foke eden bir ayr\u0131l\u0131k daha ya\u015fanaca\u011f\u0131 \u00f6\u011frenildi. Dizinin \u00e7ocuk oyuncular\u0131ndan biri fenomen projeye veda edecek. Peki, K\u0131z\u0131lc\u0131k \u015eerbeti dizisine kim veda edecek? \u0130\u015fte K\u0131z\u0131lc\u0131k \u015eerbeti dizisinde ya\u015fanan veda hakk\u0131nda merak edilenler\u2026<\/p>\n<h3>KIZILCIK \u015eERBET\u0130 D\u0130Z\u0130S\u0130NDE \u015eOKE EDEN B\u0130R AYRILIK DAHA!<\/h3>\n<p>Show TV ekranlar\u0131n\u0131n fenomen dizisi<a href=\"https:\/\/www.tgrthaber.com\/mavikadin\/her-yaptigiyla-olay-olan-kizilcik-serbeti-dizisine-barlas-kartal-dahil-oluyor\/\"> K\u0131z\u0131lc\u0131k \u015eerbeti\u2019nde<\/a> izleyicileri \u015foke eden vedalar ya\u015fanm\u0131\u015ft\u0131. Yaprak d\u00f6k\u00fcm\u00fcn dur durak bilmedi\u011fi dizide herkesi \u015fa\u015f\u0131rtacak yeni bir ayr\u0131l\u0131\u011f\u0131n ya\u015fanaca\u011f\u0131 \u00f6\u011frenildi.<\/p>\n<p><img loading=\"lazy\" decoding=\"async\" class=\"size-full wp-image-272687\" src=\"https:\/\/www.tgrthaber.com\/mavikadin\/wp-content\/uploads\/Kizilcik-Serbeti-7-12.jpg\" alt=\"K\u0131z\u0131lc\u0131k \u015eerbeti dizisinde \u015foke eden bir ayr\u0131l\u0131k daha! Sosyal medya hesab\u0131ndan duyurdu\" width=\"1208\" height=\"680\" title=\"\" srcset=\"https:\/\/www.tgrthaber.com\/mavikadin\/wp-content\/uploads\/Kizilcik-Serbeti-7-12.jpg 1208w, https:\/\/www.tgrthaber.com\/mavikadin\/wp-content\/uploads\/Kizilcik-Serbeti-7-12-300x169.jpg 300w, https:\/\/www.tgrthaber.com\/mavikadin\/wp-content\/uploads\/Kizilcik-Serbeti-7-12-1024x576.jpg 1024w, https:\/\/www.tgrthaber.com\/mavikadin\/wp-content\/uploads\/Kizilcik-Serbeti-7-12-768x432.jpg 768w\" sizes=\"(max-width: 1208px) 100vw, 1208px\" \/><\/p>\n<hr \/>\n<p>Ge\u00e7ti\u011fimiz haftalarda K\u0131z\u0131lc\u0131k \u015eerbeti dizisinin oyuncu kadrosunda \u00e7e\u015fitli de\u011fi\u015fiklikler ya\u015fanm\u0131\u015f ve birbirinden ba\u015far\u0131l\u0131 oyuncular senaryo gere\u011fi diziye veda etmi\u015fti. Fenomen dizide herkesi \u015foke edecek bir ayr\u0131l\u0131\u011f\u0131n daha ya\u015fanaca\u011f\u0131 duyuruldu.<\/p>\n<p><img loading=\"lazy\" decoding=\"async\" class=\"size-full wp-image-272684\" src=\"https:\/\/www.tgrthaber.com\/mavikadin\/wp-content\/uploads\/Kizilcik-Serbeti-4-28.jpg\" alt=\"K\u0131z\u0131lc\u0131k \u015eerbeti dizisinde \u015foke eden bir ayr\u0131l\u0131k daha! Sosyal medya hesab\u0131ndan duyurdu\" width=\"1208\" height=\"680\" title=\"\" srcset=\"https:\/\/www.tgrthaber.com\/mavikadin\/wp-content\/uploads\/Kizilcik-Serbeti-4-28.jpg 1208w, https:\/\/www.tgrthaber.com\/mavikadin\/wp-content\/uploads\/Kizilcik-Serbeti-4-28-300x169.jpg 300w, https:\/\/www.tgrthaber.com\/mavikadin\/wp-content\/uploads\/Kizilcik-Serbeti-4-28-1024x576.jpg 1024w, https:\/\/www.tgrthaber.com\/mavikadin\/wp-content\/uploads\/Kizilcik-Serbeti-4-28-768x432.jpg 768w\" sizes=\"(max-width: 1208px) 100vw, 1208px\" \/><\/p>\n<hr \/>\n<p>Oyuncu kadrosunda b\u00fcy\u00fck bir de\u011fi\u015fiklik ya\u015fanan <a href=\"https:\/\/www.tgrthaber.com\/mavikadin\/kizilcik-serbeti-116-bolumde-tuncayi-sikayet-eden-kim-kizilcik-serbetinde-fatih-ve-basaktan-evlilik-karari\/\">K\u0131z\u0131lc\u0131k \u015eerbeti<\/a> dizisine bomba transferler ger\u00e7ekle\u015fmi\u015fti. Cuma ak\u015famlar\u0131n\u0131n reyting rekortmeni dizisine bu kez bir \u00e7ocuk oyuncunun veda edece\u011fi \u00f6\u011frenildi. Bu sezon istedi\u011fi reyting rakamlar\u0131na ula\u015famayan fenomen dizi, senaryoda \u00e7e\u015fitli de\u011fi\u015fiklikler yapt\u0131.<\/p>\n<p><img loading=\"lazy\" decoding=\"async\" class=\"size-full wp-image-272685\" src=\"https:\/\/www.tgrthaber.com\/mavikadin\/wp-content\/uploads\/Kizilcik-Serbeti-5-25.jpg\" alt=\"K\u0131z\u0131lc\u0131k \u015eerbeti dizisinde \u015foke eden bir ayr\u0131l\u0131k daha! Sosyal medya hesab\u0131ndan duyurdu\" width=\"1208\" height=\"680\" title=\"\" srcset=\"https:\/\/www.tgrthaber.com\/mavikadin\/wp-content\/uploads\/Kizilcik-Serbeti-5-25.jpg 1208w, https:\/\/www.tgrthaber.com\/mavikadin\/wp-content\/uploads\/Kizilcik-Serbeti-5-25-300x169.jpg 300w, https:\/\/www.tgrthaber.com\/mavikadin\/wp-content\/uploads\/Kizilcik-Serbeti-5-25-1024x576.jpg 1024w, https:\/\/www.tgrthaber.com\/mavikadin\/wp-content\/uploads\/Kizilcik-Serbeti-5-25-768x432.jpg 768w\" sizes=\"(max-width: 1208px) 100vw, 1208px\" \/><\/p>\n<hr \/>\n<p>Oyuncu kadrosuna birbirinden ba\u015far\u0131l\u0131 isimleri dahil eden K\u0131z\u0131lc\u0131k \u015eerbeti\u2019nde, yaprak d\u00f6k\u00fcm\u00fc devam ediyor. Ekranlar\u0131n vazge\u00e7ilmez dizisi K\u0131z\u0131lc\u0131k \u015eerbeti, 4. sezon yeni b\u00f6l\u00fcmleriyle Show TV ekranlar\u0131nda izleyici kar\u015f\u0131s\u0131na \u00e7\u0131k\u0131yor. 3 sezon boyunca b\u00fcy\u00fck bir ba\u015far\u0131 elde eden dizi, bu sezon istedi\u011fi ba\u015far\u0131y\u0131 yakalayam\u0131yor.<\/p>\n<p><img loading=\"lazy\" decoding=\"async\" class=\"size-full wp-image-272682\" src=\"https:\/\/www.tgrthaber.com\/mavikadin\/wp-content\/uploads\/Kizilcik-Serbeti-2-28.jpg\" alt=\"K\u0131z\u0131lc\u0131k \u015eerbeti dizisinde \u015foke eden bir ayr\u0131l\u0131k daha! Sosyal medya hesab\u0131ndan duyurdu\" width=\"1208\" height=\"680\" title=\"\" srcset=\"https:\/\/www.tgrthaber.com\/mavikadin\/wp-content\/uploads\/Kizilcik-Serbeti-2-28.jpg 1208w, https:\/\/www.tgrthaber.com\/mavikadin\/wp-content\/uploads\/Kizilcik-Serbeti-2-28-300x169.jpg 300w, https:\/\/www.tgrthaber.com\/mavikadin\/wp-content\/uploads\/Kizilcik-Serbeti-2-28-1024x576.jpg 1024w, https:\/\/www.tgrthaber.com\/mavikadin\/wp-content\/uploads\/Kizilcik-Serbeti-2-28-768x432.jpg 768w\" sizes=\"(max-width: 1208px) 100vw, 1208px\" \/><\/p>\n<hr \/>\n<p>Yeni sezona ba\u015flad\u0131\u011f\u0131ndan beri istedi\u011fi ba\u015far\u0131y\u0131 yakalayamayan <a href=\"https:\/\/www.tgrthaber.com\/mavikadin\/tasacak-bu-deniz-kizilcik-serbetini-tarihe-gomdu-28-kasim-2025-reytingleri-rekor-seviyede\/\">K\u0131z\u0131lc\u0131k \u015eerbeti<\/a>,\u00a0yepyeni bir ayr\u0131l\u0131k haberiyle g\u00fcndeme geldi. Onedio\u2019da yer alan habere g\u00f6re; dizideki bir \u00e7ocuk oyuncunun ekranlara veda edece\u011fi \u00f6\u011frenildi.<\/p>\n<p><img loading=\"lazy\" decoding=\"async\" class=\"size-full wp-image-272686\" src=\"https:\/\/www.tgrthaber.com\/mavikadin\/wp-content\/uploads\/Kizilcik-Serbeti-6-17.jpg\" alt=\"K\u0131z\u0131lc\u0131k \u015eerbeti dizisinde \u015foke eden bir ayr\u0131l\u0131k daha! Sosyal medya hesab\u0131ndan duyurdu\" width=\"1208\" height=\"680\" title=\"\" srcset=\"https:\/\/www.tgrthaber.com\/mavikadin\/wp-content\/uploads\/Kizilcik-Serbeti-6-17.jpg 1208w, https:\/\/www.tgrthaber.com\/mavikadin\/wp-content\/uploads\/Kizilcik-Serbeti-6-17-300x169.jpg 300w, https:\/\/www.tgrthaber.com\/mavikadin\/wp-content\/uploads\/Kizilcik-Serbeti-6-17-1024x576.jpg 1024w, https:\/\/www.tgrthaber.com\/mavikadin\/wp-content\/uploads\/Kizilcik-Serbeti-6-17-768x432.jpg 768w\" sizes=\"(max-width: 1208px) 100vw, 1208px\" \/><\/p>\n<hr \/>\n<h3>KIVILCIM VE \u00d6MER\u2019\u0130N O\u011eLU KEMAL KIZILCIK \u015eERBET\u0130\u2019NE VEDA ED\u0130YOR!<\/h3>\n<p>Yay\u0131nland\u0131\u011f\u0131 g\u00fcnden bu yana b\u00fcy\u00fck bir ilgiyle takip edilen<a href=\"https:\/\/www.tgrthaber.com\/mavikadin\/kizilcik-serbeti-116-bolum-fragmani-yayinlandi-mi-kizilcik-serbeti-115-bolumde-neler-oldu\/\"> K\u0131z\u0131lc\u0131k \u015eerbeti<\/a> dizisinde K\u0131v\u0131lc\u0131m ve \u00d6mer \u00e7iftinin bir erkek \u00e7ocuklar\u0131 olmu\u015ftu. Ya\u015fad\u0131klar\u0131 t\u00fcm zorluklara ra\u011fmen bir aile olmay\u0131 ba\u015farabilen K\u0131v\u0131lc\u0131m ve \u00d6mer, bebekleriyle birlikte mutlu bir aile tablosu \u00e7izmi\u015fti. Fakat dizide Kemal karakterini oynayan \u00e7ocuk oyuncunun projeye veda edece\u011fi \u00f6\u011frenildi.<\/p>\n<p><img loading=\"lazy\" decoding=\"async\" class=\"size-full wp-image-272688\" src=\"https:\/\/www.tgrthaber.com\/mavikadin\/wp-content\/uploads\/Kizilcik-Serbeti-1-27.jpg\" alt=\"K\u0131z\u0131lc\u0131k \u015eerbeti dizisinde \u015foke eden bir ayr\u0131l\u0131k daha! Sosyal medya hesab\u0131ndan duyurdu\" width=\"1208\" height=\"680\" title=\"\" srcset=\"https:\/\/www.tgrthaber.com\/mavikadin\/wp-content\/uploads\/Kizilcik-Serbeti-1-27.jpg 1208w, https:\/\/www.tgrthaber.com\/mavikadin\/wp-content\/uploads\/Kizilcik-Serbeti-1-27-300x169.jpg 300w, https:\/\/www.tgrthaber.com\/mavikadin\/wp-content\/uploads\/Kizilcik-Serbeti-1-27-1024x576.jpg 1024w, https:\/\/www.tgrthaber.com\/mavikadin\/wp-content\/uploads\/Kizilcik-Serbeti-1-27-768x432.jpg 768w\" sizes=\"(max-width: 1208px) 100vw, 1208px\" \/><\/p>\n<hr \/>\n<p>Kemal karakteriyle izleyici kar\u015f\u0131s\u0131na \u00e7\u0131kan bebe\u011fin annesi sosyal medya hesab\u0131ndan yapt\u0131\u011f\u0131 payla\u015f\u0131mla herkesi \u015fa\u015fk\u0131na \u00e7evirdi. Bebe\u011fin annesi, Kemal karakterinin diziden ayr\u0131ld\u0131\u011f\u0131n\u0131 sosyal medya hesab\u0131ndan yapt\u0131\u011f\u0131 payla\u015f\u0131mla duyurdu. Anne, payla\u015f\u0131mda \u015fu ifadelere yer verdi:<\/p>\n<p><img loading=\"lazy\" decoding=\"async\" class=\"size-full wp-image-272689\" src=\"https:\/\/www.tgrthaber.com\/mavikadin\/wp-content\/uploads\/Adsiz-tasarim-18-130.jpg\" alt=\"K\u0131z\u0131lc\u0131k \u015eerbeti dizisinde \u015foke eden bir ayr\u0131l\u0131k daha! Sosyal medya hesab\u0131ndan duyurdu\" width=\"1208\" height=\"680\" title=\"\" srcset=\"https:\/\/www.tgrthaber.com\/mavikadin\/wp-content\/uploads\/Adsiz-tasarim-18-130.jpg 1208w, https:\/\/www.tgrthaber.com\/mavikadin\/wp-content\/uploads\/Adsiz-tasarim-18-130-300x169.jpg 300w, https:\/\/www.tgrthaber.com\/mavikadin\/wp-content\/uploads\/Adsiz-tasarim-18-130-1024x576.jpg 1024w, https:\/\/www.tgrthaber.com\/mavikadin\/wp-content\/uploads\/Adsiz-tasarim-18-130-768x432.jpg 768w\" sizes=\"(max-width: 1208px) 100vw, 1208px\" \/><\/p>\n<hr \/>\n<p>\u201c\u00dcz\u00fclerek K\u0131z\u0131lc\u0131k \u015eerbeti\u2019ne veda etti\u011fimizi size haber vermek istedim. Sizlerin yerleri bizde \u00e7ok ayr\u0131. Her \u015fey i\u00e7in \u00e7ok te\u015fekk\u00fcr ederiz.\u201d<\/p>\n<p>Kemal karakteriyle ekranlara gelen bebe\u011fin annesinin sosyal medya hesab\u0131ndan yapt\u0131\u011f\u0131 payla\u015f\u0131m izleyicileri \u015fa\u015fk\u0131na \u00e7evirdi. Dizinin s\u0131k\u0131 takip\u00e7ileri Kemal bebe\u011fe ne olaca\u011f\u0131n\u0131 merakla ara\u015ft\u0131rmaya ba\u015flad\u0131. K\u0131v\u0131lc\u0131m karakterinin yeniden evlat ac\u0131s\u0131 \u00e7ekece\u011fi iddialar\u0131 g\u00fcndemdeyken, senaryonun nas\u0131l ilerleyece\u011fi ise merak konusu oldu.<\/p>\n","protected":false},"excerpt":{"rendered":"<p>Show TV ekranlar\u0131n\u0131n b\u00fcy\u00fck bir ilgiyle takip edilen dizisi K\u0131z\u0131lc\u0131k \u015eerbeti\u2019nde \u015foke eden bir ayr\u0131l\u0131k daha ya\u015fan\u0131yor. Dizinin \u00e7ocuk oyuncular\u0131ndan biri fenomen projeye veda ediyor. \u0130\u015fte detaylar\u2026<\/p>\n","protected":false},"author":26,"featured_media":272683,"comment_status":"closed","ping_status":"closed","sticky":false,"template":"","format":"standard","meta":{"rank_math_lock_modified_date":false,"footnotes":""},"categories":[602],"tags":[32159,2628,157,4113,67814],"class_list":["post-272679","post","type-post","status-publish","format-standard","has-post-thumbnail","hentry","category-diziler","tag-dizi","tag-dizi-haberleri","tag-kizilcik-serbeti","tag-kizilcik-serbeti-dizisi","tag-kizilcik-serbeti-kemal"],"_links":{"self":[{"href":"https:\/\/www.tgrthaber.com\/mavikadin\/wp-json\/wp\/v2\/posts\/272679"}],"collection":[{"href":"https:\/\/www.tgrthaber.com\/mavikadin\/wp-json\/wp\/v2\/posts"}],"about":[{"href":"https:\/\/www.tgrthaber.com\/mavikadin\/wp-json\/wp\/v2\/types\/post"}],"author":[{"embeddable":true,"href":"https:\/\/www.tgrthaber.com\/mavikadin\/wp-json\/wp\/v2\/users\/26"}],"replies":[{"embeddable":true,"href":"https:\/\/www.tgrthaber.com\/mavikadin\/wp-json\/wp\/v2\/comments?post=272679"}],"version-history":[{"count":1,"href":"https:\/\/www.tgrthaber.com\/mavikadin\/wp-json\/wp\/v2\/posts\/272679\/revisions"}],"predecessor-version":[{"id":272691,"href":"https:\/\/www.tgrthaber.com\/mavikadin\/wp-json\/wp\/v2\/posts\/272679\/revisions\/272691"}],"wp:featuredmedia":[{"embeddable":true,"href":"https:\/\/www.tgrthaber.com\/mavikadin\/wp-json\/wp\/v2\/media\/272683"}],"wp:attachment":[{"href":"https:\/\/www.tgrthaber.com\/mavikadin\/wp-json\/wp\/v2\/media?parent=272679"}],"wp:term":[{"taxonomy":"category","embeddable":true,"href":"https:\/\/www.tgrthaber.com\/mavikadin\/wp-json\/wp\/v2\/categories?post=272679"},{"taxonomy":"post_tag","embeddable":true,"href":"https:\/\/www.tgrthaber.com\/mavikadin\/wp-json\/wp\/v2\/tags?post=272679"}],"curies":[{"name":"wp","href":"https:\/\/api.w.org\/{rel}","templated":true}]}}