{"id":272746,"date":"2025-12-08T16:45:18","date_gmt":"2025-12-08T13:45:18","guid":{"rendered":"https:\/\/www.tgrthaber.com\/mavikadin\/?p=272746"},"modified":"2025-12-08T16:45:18","modified_gmt":"2025-12-08T13:45:18","slug":"uzak-sehir-41-bolum-zerrin-yurtdisina-gidecek-mi-uzak-sehir-zerrin-demire-geri-mi-donecek","status":"publish","type":"post","link":"https:\/\/www.tgrthaber.com\/mavikadin\/uzak-sehir-41-bolum-zerrin-yurtdisina-gidecek-mi-uzak-sehir-zerrin-demire-geri-mi-donecek\/","title":{"rendered":"Uzak \u015eehir 41. b\u00f6l\u00fcm Zerrin yurtd\u0131\u015f\u0131na gidecek mi? Uzak \u015eehir Zerrin Demir&#8217;e geri mi d\u00f6necek?"},"content":{"rendered":"<p>Uzak \u015eehir 41. b\u00f6l\u00fcm fragmanlar\u0131yla ortal\u0131\u011f\u0131 adeta sallad\u0131. Yeni b\u00f6l\u00fcmde izleyiciyi bomba geli\u015fmeler beklerken, en \u00e7ok merak edilen ba\u015fl\u0131klar aras\u0131nda Uzak \u015eehir&#8217;in Zerrin&#8217;i yer al\u0131yor. Uzak \u015eehir 40. b\u00f6l\u00fcmde Zerrin&#8217;in ald\u0131\u011f\u0131 karar bu b\u00f6l\u00fcmle birlikte netlik kazanacak. Zerrin hem Kaya&#8217;y\u0131 hem kendini hem de karn\u0131ndaki \u00e7ocu\u011fu korumak ad\u0131na yurtd\u0131\u015f\u0131na ka\u00e7ma plan\u0131 yapar. Peki Uzak \u015eehir 41. b\u00f6l\u00fcm Zerrin yurtd\u0131\u015f\u0131na ka\u00e7abilecek mi? Zerrin Demir&#8217;e mi d\u00f6necek yoksa Kaya ile mi devam edecek? \u0130\u015fte Uzak \u015eehir yeni b\u00f6l\u00fcme dair t\u00fcm detaylar&#8230;<\/p>\n<h3>UZAK \u015eEH\u0130R 41. B\u00d6L\u00dcM ZERR\u0130N YURTDI\u015eINA G\u0130DECEK M\u0130?<\/h3>\n<p>Uzak \u015eehir yeni b\u00f6l\u00fcmde Zerrin\u2019i, yurtd\u0131\u015f\u0131na ka\u00e7ma plan\u0131 yaparken izlemi\u015ftik. Demir&#8217;den bir t\u00fcrl\u00fc kurtulamayan Zerrin enine boyuna d\u00fc\u015f\u00fcnd\u00fckten sonra yurtd\u0131\u015f\u0131na gidip \u00e7ocu\u011funu orada tek b\u00fcy\u00fctme karar\u0131 ald\u0131.<\/p>\n<p><img loading=\"lazy\" decoding=\"async\" class=\"alignnone wp-image-272776\" src=\"https:\/\/www.tgrthaber.com\/mavikadin\/wp-content\/uploads\/6932a0d64c5d448b7df6a904-768x511-1-300x200.webp\" alt=\"\" width=\"1208\" height=\"804\" title=\"\" srcset=\"https:\/\/www.tgrthaber.com\/mavikadin\/wp-content\/uploads\/6932a0d64c5d448b7df6a904-768x511-1-300x200.webp 300w, https:\/\/www.tgrthaber.com\/mavikadin\/wp-content\/uploads\/6932a0d64c5d448b7df6a904-768x511-1.webp 768w\" sizes=\"(max-width: 1208px) 100vw, 1208px\" \/><\/p>\n<hr \/>\n<p>Hem \u015eahin&#8217;den hem annesinden hem de Cihan&#8217;dan bu konuda onay alan Zerrin&#8217;in bu b\u00f6l\u00fcm yurtd\u0131\u015f\u0131na gidip gitmeyece\u011fi sosyal medyan\u0131n en \u00e7ok merak edilen konular\u0131 aras\u0131nda yer ald\u0131. Ancak 41. b\u00f6l\u00fcm \u00f6ncesi gelen kulis bilgileri, bu plan\u0131n suya d\u00fc\u015fece\u011fi y\u00f6n\u00fcnde. <a href=\"https:\/\/www.tgrthaber.com\/mavikadin\/uzak-sehir-reytinglerde-cakildi-uzak-sehir-40-bolumdeki-cokusun-nedeni-soke-etti\/\">Uzak \u015eehir<\/a> hayranlar\u0131 Kaya i\u00e7in \u00fcz\u00fcl\u00fcp &#8216;Zerrin yurtd\u0131\u015f\u0131na m\u0131 gidecek ger\u00e7ekten?&#8217; diye d\u00fc\u015f\u00fcn\u00fcrken, gelen kulis bilgisi Zerrin2in planlar\u0131n\u0131n umdu\u011fu gibi gitmeyece\u011fi y\u00f6n\u00fcnde.<\/p>\n<p><img loading=\"lazy\" decoding=\"async\" class=\"alignnone wp-image-272780\" src=\"https:\/\/www.tgrthaber.com\/mavikadin\/wp-content\/uploads\/Ekran-goruntusu-2025-12-08-161632-300x196.png\" alt=\"\" width=\"1208\" height=\"788\" title=\"\" srcset=\"https:\/\/www.tgrthaber.com\/mavikadin\/wp-content\/uploads\/Ekran-goruntusu-2025-12-08-161632-300x196.png 300w, https:\/\/www.tgrthaber.com\/mavikadin\/wp-content\/uploads\/Ekran-goruntusu-2025-12-08-161632-1024x668.png 1024w, https:\/\/www.tgrthaber.com\/mavikadin\/wp-content\/uploads\/Ekran-goruntusu-2025-12-08-161632-768x501.png 768w, https:\/\/www.tgrthaber.com\/mavikadin\/wp-content\/uploads\/Ekran-goruntusu-2025-12-08-161632.png 1201w\" sizes=\"(max-width: 1208px) 100vw, 1208px\" \/><\/p>\n<hr \/>\n<p>Uzak \u015eehir yeni fragmanda Zerrin, yurtd\u0131\u015f\u0131na gitmek \u00fczereyken Demir&#8217;in ambargosuna tak\u0131ld\u0131\u011f\u0131 g\u00f6r\u00fcl\u00fcyor. Zerrin&#8217;in yurtd\u0131\u015f\u0131na gitmekten neyin vazge\u00e7irece\u011fi yeni b\u00f6l\u00fcmle netlik kazanacak. Kulislerde dola\u015fan bilgilere g\u00f6re ise Cihan, Zerrin\u2019i kimsenin bilmedi\u011fi bir evde saklamaya ba\u015flayacak.<\/p>\n<p><img loading=\"lazy\" decoding=\"async\" class=\"alignnone wp-image-272772\" src=\"https:\/\/www.tgrthaber.com\/mavikadin\/wp-content\/uploads\/UZAK-SEHIR-HANGI-GUN-YAYINLANIYOR-300x169.webp\" alt=\"\" width=\"1208\" height=\"680\" title=\"\" srcset=\"https:\/\/www.tgrthaber.com\/mavikadin\/wp-content\/uploads\/UZAK-SEHIR-HANGI-GUN-YAYINLANIYOR-300x169.webp 300w, https:\/\/www.tgrthaber.com\/mavikadin\/wp-content\/uploads\/UZAK-SEHIR-HANGI-GUN-YAYINLANIYOR-1024x576.webp 1024w, https:\/\/www.tgrthaber.com\/mavikadin\/wp-content\/uploads\/UZAK-SEHIR-HANGI-GUN-YAYINLANIYOR-768x432.webp 768w, https:\/\/www.tgrthaber.com\/mavikadin\/wp-content\/uploads\/UZAK-SEHIR-HANGI-GUN-YAYINLANIYOR.webp 1208w\" sizes=\"(max-width: 1208px) 100vw, 1208px\" \/><\/p>\n<hr \/>\n<p>Zerrin\u2019in yurtd\u0131\u015f\u0131na ka\u00e7\u0131\u015f plan\u0131n\u0131n i\u015flememesi ve Cihan taraf\u0131ndan korunmaya al\u0131nmas\u0131 tehlikeyi ortadan kald\u0131rmayacak. Hatta t\u00fcm bu geli\u015fmeler Demir&#8217;i iyice \u00e7ileden \u00e7\u0131karacak. Uzak \u015eehir 41. b\u00f6l\u00fcmde Demir&#8217;in \u00f6fkesini zirvede g\u00f6rebiliriz.<\/p>\n<p><img loading=\"lazy\" decoding=\"async\" class=\"alignnone wp-image-272777\" src=\"https:\/\/www.tgrthaber.com\/mavikadin\/wp-content\/uploads\/UZAK-SEHIR-41.-BOLUMDE-BORAN-CIHANI-VURACAK-MI-1024x576-1-300x169.webp\" alt=\"\" width=\"1208\" height=\"680\" title=\"\" srcset=\"https:\/\/www.tgrthaber.com\/mavikadin\/wp-content\/uploads\/UZAK-SEHIR-41.-BOLUMDE-BORAN-CIHANI-VURACAK-MI-1024x576-1-300x169.webp 300w, https:\/\/www.tgrthaber.com\/mavikadin\/wp-content\/uploads\/UZAK-SEHIR-41.-BOLUMDE-BORAN-CIHANI-VURACAK-MI-1024x576-1-768x432.webp 768w, https:\/\/www.tgrthaber.com\/mavikadin\/wp-content\/uploads\/UZAK-SEHIR-41.-BOLUMDE-BORAN-CIHANI-VURACAK-MI-1024x576-1.webp 1024w\" sizes=\"(max-width: 1208px) 100vw, 1208px\" \/><\/p>\n<hr \/>\n<h3>UZAK \u015eEH\u0130R ZERR\u0130N DEM\u0130R&#8217;E GER\u0130 M\u0130 D\u00d6NECEK?<\/h3>\n<p>Kanal D\u2019nin sevilen dizisi Uzak \u015eehir\u2019de Zerrin ve Demir cephesi, uzun s\u00fcredir en \u00e7alkant\u0131l\u0131 ili\u015fkilerden biri olarak \u00f6ne \u00e7\u0131k\u0131yor. Demir\u2019in elinden ne yaparsa yaps\u0131n kurtulamayan Zerrin\u2019in, yurtd\u0131\u015f\u0131na ka\u00e7ma plan\u0131 da bozulunca, kafalarda tek bir soru olu\u015ftu. Zerrin, Demir&#8217;e geri mi d\u00f6necek?<\/p>\n<p><img loading=\"lazy\" decoding=\"async\" class=\"alignnone wp-image-272775\" src=\"https:\/\/www.tgrthaber.com\/mavikadin\/wp-content\/uploads\/6932a0d84c5d448b7df6a909-300x169.webp\" alt=\"\" width=\"1208\" height=\"680\" title=\"\" srcset=\"https:\/\/www.tgrthaber.com\/mavikadin\/wp-content\/uploads\/6932a0d84c5d448b7df6a909-300x169.webp 300w, https:\/\/www.tgrthaber.com\/mavikadin\/wp-content\/uploads\/6932a0d84c5d448b7df6a909-1024x576.webp 1024w, https:\/\/www.tgrthaber.com\/mavikadin\/wp-content\/uploads\/6932a0d84c5d448b7df6a909-768x432.webp 768w, https:\/\/www.tgrthaber.com\/mavikadin\/wp-content\/uploads\/6932a0d84c5d448b7df6a909.webp 1200w\" sizes=\"(max-width: 1208px) 100vw, 1208px\" \/><\/p>\n<hr \/>\n<p>Gelen kulis bilgilerine bak\u0131ld\u0131\u011f\u0131nda tablo \u00e7ok daha sert. Demir ve Zerrin\u2019in bo\u015fanaca\u011f\u0131 g\u00fc\u00e7l\u00fc bir ihtimal olarak g\u00f6r\u00fcl\u00fcyor. Ancak bu bo\u015fanma sessiz sakin\u201d bir ayr\u0131l\u0131k olmayacak. Demir\u2019in, hem Zerrin\u2019e hem de \u00e7evresine ciddi anlamda sorun \u00e7\u0131karaca\u011f\u0131, ve Albora kona\u011f\u0131nda ciddi bir f\u0131rt\u0131na estirece\u011fi s\u00f6yleniyor. \u0130lerleyen b\u00f6l\u00fcmler Uzak \u015eehir izleyicisini nefessiz b\u0131rakacak t\u00fcrden.<\/p>\n<p><img loading=\"lazy\" decoding=\"async\" class=\"alignnone wp-image-272773\" src=\"https:\/\/www.tgrthaber.com\/mavikadin\/wp-content\/uploads\/680f97fe8e64107031531c1d-300x158.webp\" alt=\"\" width=\"1208\" height=\"634\" title=\"\" srcset=\"https:\/\/www.tgrthaber.com\/mavikadin\/wp-content\/uploads\/680f97fe8e64107031531c1d-300x158.webp 300w, https:\/\/www.tgrthaber.com\/mavikadin\/wp-content\/uploads\/680f97fe8e64107031531c1d-1024x538.webp 1024w, https:\/\/www.tgrthaber.com\/mavikadin\/wp-content\/uploads\/680f97fe8e64107031531c1d-768x403.webp 768w, https:\/\/www.tgrthaber.com\/mavikadin\/wp-content\/uploads\/680f97fe8e64107031531c1d.webp 1200w\" sizes=\"(max-width: 1208px) 100vw, 1208px\" \/><\/p>\n<hr \/>\n<p>Olaylar\u0131 daha da karma\u015f\u0131k hale getiren unsur ise Kaya cephesi. 41. b\u00f6l\u00fcmle birlikte Kaya\u2019n\u0131n, Zerrin\u2019in bebe\u011finin kendisinden oldu\u011funu \u00f6\u011frenecek. Bu ger\u00e7e\u011fi de ortaya \u00e7\u0131karacak olan Cihan. Peki \u0130pek bu durumda ne yapacak? Kaya ve \u0130pek&#8217;in d\u00fc\u011f\u00fcn\u00fc yar\u0131da m\u0131 kalacak? Nikah ger\u00e7ekle\u015fmeyecek mi?<\/p>\n<p><img loading=\"lazy\" decoding=\"async\" class=\"alignnone wp-image-272779\" src=\"https:\/\/www.tgrthaber.com\/mavikadin\/wp-content\/uploads\/Ekran-goruntusu-2025-12-08-161548-300x152.png\" alt=\"\" width=\"1208\" height=\"613\" title=\"\" srcset=\"https:\/\/www.tgrthaber.com\/mavikadin\/wp-content\/uploads\/Ekran-goruntusu-2025-12-08-161548-300x152.png 300w, https:\/\/www.tgrthaber.com\/mavikadin\/wp-content\/uploads\/Ekran-goruntusu-2025-12-08-161548-1024x520.png 1024w, https:\/\/www.tgrthaber.com\/mavikadin\/wp-content\/uploads\/Ekran-goruntusu-2025-12-08-161548-768x390.png 768w, https:\/\/www.tgrthaber.com\/mavikadin\/wp-content\/uploads\/Ekran-goruntusu-2025-12-08-161548-1536x780.png 1536w, https:\/\/www.tgrthaber.com\/mavikadin\/wp-content\/uploads\/Ekran-goruntusu-2025-12-08-161548.png 1919w\" sizes=\"(max-width: 1208px) 100vw, 1208px\" \/><\/p>\n<hr \/>\n<p><a href=\"https:\/\/www.tgrthaber.com\/mavikadin\/sinem-unsal-alya-karakteriyle-parladi-uzak-sehir-dizisinde-kariyer-yukselisi\/\">Uzak \u015eehir<\/a> yeni b\u00f6l\u00fcm\u00fcyle bu ak\u015fam Kanal D ekranlar\u0131nda olacak. Uzak \u015eehir 41. b\u00f6l\u00fcmle birlikte ta\u015flar\u0131n yerine oturaca\u011f\u0131 d\u00fc\u015f\u00fcn\u00fcl\u00fcyor.<\/p>\n","protected":false},"excerpt":{"rendered":"<p>Kanal D ekranlar\u0131n\u0131n sevilen dizisi Uzak \u015eehir bu ak\u015fam yay\u0131nlayaca\u011f\u0131 41. b\u00f6l\u00fcmle ekranlara gelecek. Yay\u0131nlanan 40. b\u00f6l\u00fcm sonras\u0131, yeni b\u00f6l\u00fcme dair heyecan zirve yapm\u0131\u015fken, yeni b\u00f6l\u00fcme dair merak giderek art\u0131yor. \u00d6zellikle Uzak \u015eehir yeni b\u00f6l\u00fcmde Zerrin&#8217;in ak\u0131beti ara\u015ft\u0131r\u0131l\u0131yor. Peki Uzak \u015eehir 41. b\u00f6l\u00fcm Zerrin yurt d\u0131\u015f\u0131na gidecek mi? Uzak \u015eehir Zerrin Demir&#8217;e geri mi d\u00f6necek? \u0130\u015fte detaylar&#8230;<\/p>\n","protected":false},"author":35,"featured_media":272759,"comment_status":"closed","ping_status":"closed","sticky":false,"template":"","format":"standard","meta":{"rank_math_lock_modified_date":false,"footnotes":""},"categories":[602],"tags":[3602,2293,67517,67427,13613],"class_list":["post-272746","post","type-post","status-publish","format-standard","has-post-thumbnail","hentry","category-diziler","tag-diziler","tag-uzak-sehir","tag-uzak-sehir-40-bolum","tag-uzak-sehir-41-bolum","tag-uzak-sehir-zerrin"],"_links":{"self":[{"href":"https:\/\/www.tgrthaber.com\/mavikadin\/wp-json\/wp\/v2\/posts\/272746"}],"collection":[{"href":"https:\/\/www.tgrthaber.com\/mavikadin\/wp-json\/wp\/v2\/posts"}],"about":[{"href":"https:\/\/www.tgrthaber.com\/mavikadin\/wp-json\/wp\/v2\/types\/post"}],"author":[{"embeddable":true,"href":"https:\/\/www.tgrthaber.com\/mavikadin\/wp-json\/wp\/v2\/users\/35"}],"replies":[{"embeddable":true,"href":"https:\/\/www.tgrthaber.com\/mavikadin\/wp-json\/wp\/v2\/comments?post=272746"}],"version-history":[{"count":1,"href":"https:\/\/www.tgrthaber.com\/mavikadin\/wp-json\/wp\/v2\/posts\/272746\/revisions"}],"predecessor-version":[{"id":272781,"href":"https:\/\/www.tgrthaber.com\/mavikadin\/wp-json\/wp\/v2\/posts\/272746\/revisions\/272781"}],"wp:featuredmedia":[{"embeddable":true,"href":"https:\/\/www.tgrthaber.com\/mavikadin\/wp-json\/wp\/v2\/media\/272759"}],"wp:attachment":[{"href":"https:\/\/www.tgrthaber.com\/mavikadin\/wp-json\/wp\/v2\/media?parent=272746"}],"wp:term":[{"taxonomy":"category","embeddable":true,"href":"https:\/\/www.tgrthaber.com\/mavikadin\/wp-json\/wp\/v2\/categories?post=272746"},{"taxonomy":"post_tag","embeddable":true,"href":"https:\/\/www.tgrthaber.com\/mavikadin\/wp-json\/wp\/v2\/tags?post=272746"}],"curies":[{"name":"wp","href":"https:\/\/api.w.org\/{rel}","templated":true}]}}