{"id":272784,"date":"2025-12-08T17:43:17","date_gmt":"2025-12-08T14:43:17","guid":{"rendered":"https:\/\/www.tgrthaber.com\/mavikadin\/?p=272784"},"modified":"2025-12-08T17:43:17","modified_gmt":"2025-12-08T14:43:17","slug":"uzak-sehir-bir-bakista-yaktin-beni-sahnesi-sosyal-medyada-gundem-oldu","status":"publish","type":"post","link":"https:\/\/www.tgrthaber.com\/mavikadin\/uzak-sehir-bir-bakista-yaktin-beni-sahnesi-sosyal-medyada-gundem-oldu\/","title":{"rendered":"Uzak \u015eehir bir bak\u0131\u015fta yakt\u0131n beni sahnesi sosyal medyada g\u00fcndem oldu!"},"content":{"rendered":"<p>Uzak \u015eehir&#8217;de ekranlara gelecek yeni b\u00f6l\u00fcm, daha fragman\u0131yla ortal\u0131\u011f\u0131 resmen kas\u0131p kavurdu. Cihan&#8217;\u0131n do\u011fum g\u00fcn\u00fc kutlamas\u0131nda bir bak\u0131\u015fta yakt\u0131n beni s\u00f6zleri e\u015fli\u011finde ya\u015fanan e\u011flenceli anlar, Cihan ve Alya&#8217;n\u0131n alevlenen a\u015fk\u0131, izleyeni resmen ekranlara kilitledi. Peki Uzak \u015eehir yeni b\u00f6l\u00fcmde neler olacak. \u0130\u015fte Uzak \u015eehir 41. b\u00f6l\u00fcmde felekten bir gece \u00e7al\u0131nd\u0131\u011f\u0131 o sahne&#8230;<\/p>\n<h3>UZAK \u015eEH\u0130R B\u0130R BAKI\u015eTA YAKTIN BEN\u0130 SAHNES\u0130 SOSYAL MEDYADA G\u00dcNDEM OLDU<\/h3>\n<p>Uzak \u015eehir yeni b\u00f6l\u00fcm fragman\u0131ndaki s\u00fcrpriz kutlama sahnesi, dizinin hayranlar\u0131n\u0131 mest etti. Alboralar\u2019\u0131n bir araya geldi\u011fi bu e\u011flenceli gece, hem m\u00fczikleriyle hem de Cihan ile Alya\u2019n\u0131n a\u015fla birbirlerine bakmas\u0131yla g\u00fcndemin zirvesine oturdu. Bir bak\u0131\u015fta yakt\u0131n beni an\u0131nda Cihan ve Alya aras\u0131ndaki bak\u0131\u015fmalar, sosyal medyada k\u0131sa s\u00fcrede viral oldu.<\/p>\n<p><img loading=\"lazy\" decoding=\"async\" class=\"alignnone wp-image-272821\" src=\"https:\/\/www.tgrthaber.com\/mavikadin\/wp-content\/uploads\/Ekran-goruntusu-2025-12-08-170926-300x161.png\" alt=\"\" width=\"1208\" height=\"649\" title=\"\" srcset=\"https:\/\/www.tgrthaber.com\/mavikadin\/wp-content\/uploads\/Ekran-goruntusu-2025-12-08-170926-300x161.png 300w, https:\/\/www.tgrthaber.com\/mavikadin\/wp-content\/uploads\/Ekran-goruntusu-2025-12-08-170926-1024x550.png 1024w, https:\/\/www.tgrthaber.com\/mavikadin\/wp-content\/uploads\/Ekran-goruntusu-2025-12-08-170926-768x413.png 768w, https:\/\/www.tgrthaber.com\/mavikadin\/wp-content\/uploads\/Ekran-goruntusu-2025-12-08-170926.png 1520w\" sizes=\"(max-width: 1208px) 100vw, 1208px\" \/><\/p>\n<hr \/>\n<p>Yeni b\u00f6l\u00fcm tan\u0131t\u0131m\u0131nda Albora ailesi, Cihan\u2019\u0131n do\u011fum g\u00fcn\u00fc kutlamas\u0131 i\u00e7in konak d\u0131\u015f\u0131nda topland\u0131. Muzaffer\u2019in saz\u0131yla s\u00f6yledi\u011fi Bah\u00e7e Duvar\u0131ndan A\u015ft\u0131m t\u00fcrk\u00fcs\u00fc Uzak \u015eehir yeni b\u00f6l\u00fcm tan\u0131t\u0131m\u0131na damga vurdu. T\u00fcrk\u00fcn\u00fcn o me\u015fhur bir bak\u0131\u015fta yakt\u0131n beni k\u0131sm\u0131nda Cihan ve Alya\u2019n\u0131n g\u00f6z g\u00f6ze geldi\u011fi an ise izleyicilerin t\u00fcylerini diken diken etti. K\u0131sa s\u00fcrede sosyal medyada trend olan sahneye binlerce be\u011feni ve yorum ya\u011fd\u0131.<\/p>\n<p><img loading=\"lazy\" decoding=\"async\" class=\"alignnone wp-image-272826\" src=\"https:\/\/www.tgrthaber.com\/mavikadin\/wp-content\/uploads\/b6739008-1da2-4ed5-a617-8971c816cc11-1-300x169.webp\" alt=\"\" width=\"1208\" height=\"680\" title=\"\" srcset=\"https:\/\/www.tgrthaber.com\/mavikadin\/wp-content\/uploads\/b6739008-1da2-4ed5-a617-8971c816cc11-1-300x169.webp 300w, https:\/\/www.tgrthaber.com\/mavikadin\/wp-content\/uploads\/b6739008-1da2-4ed5-a617-8971c816cc11-1-1024x576.webp 1024w, https:\/\/www.tgrthaber.com\/mavikadin\/wp-content\/uploads\/b6739008-1da2-4ed5-a617-8971c816cc11-1-768x432.webp 768w, https:\/\/www.tgrthaber.com\/mavikadin\/wp-content\/uploads\/b6739008-1da2-4ed5-a617-8971c816cc11-1.webp 1280w\" sizes=\"(max-width: 1208px) 100vw, 1208px\" \/><\/p>\n<hr \/>\n<h3>UZAK \u015eEH\u0130R 40. B\u00d6L\u00dcMDE NELER OLMU\u015eTU?<\/h3>\n<p>Uzak \u015eehir 40. b\u00f6l\u00fcmde yine tansiyon zirve yapm\u0131\u015f ve izleyiciyi ekran ba\u015f\u0131na kilitleyen sahneler pe\u015f pe\u015fe gelmi\u015fti. Alya\u2019n\u0131n Boran\u2019\u0131 istememesi, Boran&#8217;\u0131 iyice k\u00f6\u015feye s\u0131k\u0131\u015ft\u0131rm\u0131\u015f, Boran&#8217;\u0131n \u00f6fkesi en \u00fcst noktaya gelmi\u015fti. Cihan ise Alya\u2019y\u0131 korumak i\u00e7in a\u011f\u0131r bir karar almak zorunda kalm\u0131\u015f ve Alya&#8217;y\u0131 yeme\u011fe \u00e7\u0131kararak bo\u015fanmam\u0131z gerekiyor demi\u015fti.<\/p>\n<p><img loading=\"lazy\" decoding=\"async\" class=\"alignnone wp-image-272823\" src=\"https:\/\/www.tgrthaber.com\/mavikadin\/wp-content\/uploads\/uzak-puhu-300x169.webp\" alt=\"\" width=\"1208\" height=\"680\" title=\"\" srcset=\"https:\/\/www.tgrthaber.com\/mavikadin\/wp-content\/uploads\/uzak-puhu-300x169.webp 300w, https:\/\/www.tgrthaber.com\/mavikadin\/wp-content\/uploads\/uzak-puhu-768x432.webp 768w, https:\/\/www.tgrthaber.com\/mavikadin\/wp-content\/uploads\/uzak-puhu.webp 1000w\" sizes=\"(max-width: 1208px) 100vw, 1208px\" \/><\/p>\n<hr \/>\n<p>Bu karar Boran\u2019\u0131n olduk\u00e7a ho\u015funa gitmi\u015f ve o\u011flunu hemen g\u00f6rmek i\u00e7in harekete ge\u00e7mi\u015fti. Ancak mahkeme Alya ve Cihan2\u0131n bo\u015fanma talebini reddetti ve Alya ve Cihan bo\u015fanamad\u0131.<\/p>\n<p><img loading=\"lazy\" decoding=\"async\" class=\"alignnone wp-image-272822\" src=\"https:\/\/www.tgrthaber.com\/mavikadin\/wp-content\/uploads\/Ekran-goruntusu-2025-12-08-170942-300x171.png\" alt=\"\" width=\"1208\" height=\"687\" title=\"\" srcset=\"https:\/\/www.tgrthaber.com\/mavikadin\/wp-content\/uploads\/Ekran-goruntusu-2025-12-08-170942-300x171.png 300w, https:\/\/www.tgrthaber.com\/mavikadin\/wp-content\/uploads\/Ekran-goruntusu-2025-12-08-170942-1024x582.png 1024w, https:\/\/www.tgrthaber.com\/mavikadin\/wp-content\/uploads\/Ekran-goruntusu-2025-12-08-170942-768x437.png 768w, https:\/\/www.tgrthaber.com\/mavikadin\/wp-content\/uploads\/Ekran-goruntusu-2025-12-08-170942.png 1236w\" sizes=\"(max-width: 1208px) 100vw, 1208px\" \/><\/p>\n<hr \/>\n<p>Ayr\u0131ca Zerrin, hayat\u0131yla ilgili yeni kararlar alm\u0131\u015f ve yurtd\u0131\u015f\u0131na gitmeye kalk\u0131\u015ft\u0131. Ailesinden izin isteyen Zerrin&#8217;in ka\u00e7ma plan\u0131 nas\u0131l i\u015fleyecek yeni b\u00f6l\u00fcmle belli olacak.<\/p>\n<p><img loading=\"lazy\" decoding=\"async\" class=\"alignnone wp-image-272820\" src=\"https:\/\/www.tgrthaber.com\/mavikadin\/wp-content\/uploads\/Ekran-goruntusu-2025-12-08-170853-300x162.png\" alt=\"\" width=\"1208\" height=\"654\" title=\"\" srcset=\"https:\/\/www.tgrthaber.com\/mavikadin\/wp-content\/uploads\/Ekran-goruntusu-2025-12-08-170853-300x162.png 300w, https:\/\/www.tgrthaber.com\/mavikadin\/wp-content\/uploads\/Ekran-goruntusu-2025-12-08-170853-1024x554.png 1024w, https:\/\/www.tgrthaber.com\/mavikadin\/wp-content\/uploads\/Ekran-goruntusu-2025-12-08-170853-768x416.png 768w, https:\/\/www.tgrthaber.com\/mavikadin\/wp-content\/uploads\/Ekran-goruntusu-2025-12-08-170853.png 1493w\" sizes=\"(max-width: 1208px) 100vw, 1208px\" \/><\/p>\n<hr \/>\n<h3>UZAK \u015eEH\u0130R H\u0130KAYES\u0130YLE G\u00dcNDEMDE KALMAYA DEVAM ED\u0130YOR<\/h3>\n<p>AyNa Yap\u0131m imzal\u0131 Uzak \u015eehir, Mardin\u2019de ge\u00e7iyor. Kanada\u2019dan vasiyet gere\u011fi Albora topraklar\u0131na gelen Alya, burada hem e\u015finin ge\u00e7mi\u015fiyle hem de b\u00fcy\u00fck bir a\u015firetin keskin kurallar\u0131yla y\u00fczle\u015fiyor. Cihan Albora\u2019n\u0131n, o\u011flunu al\u0131p gitmesine izin vermemesiyle birlikte Alya&#8217;n\u0131n hikayesi de Mardin&#8217;de ba\u015fl\u0131yor. Alya ve Cihan tutkulu bir a\u015fk\u0131n pen\u00e7esine d\u00fc\u015f\u00fcyor.<\/p>\n<div style=\"width: 640px;\" class=\"wp-video\"><!--[if lt IE 9]><script>document.createElement('video');<\/script><![endif]-->\n<video class=\"wp-video-shortcode\" id=\"video-272784-1\" width=\"640\" height=\"360\" preload=\"metadata\" controls=\"controls\"><source type=\"video\/mp4\" src=\"https:\/\/www.tgrthaber.com\/mavikadin\/wp-content\/uploads\/E2U7GtfzwNf6FmBL.mp4?_=1\" \/><a href=\"https:\/\/www.tgrthaber.com\/mavikadin\/wp-content\/uploads\/E2U7GtfzwNf6FmBL.mp4\">https:\/\/www.tgrthaber.com\/mavikadin\/wp-content\/uploads\/E2U7GtfzwNf6FmBL.mp4<\/a><\/video><\/div>\n<hr \/>\n<p>Dizinin dev oyuncu kadrosunda Ozan Akbaba, Sinem \u00dcnsal, Gonca Cilasun, M\u00fcfit Kayacan, Alper \u00c7ankaya, Ferit Kaya, Atakan \u00d6zkaya, Sahra \u015ea\u015f, Dilin D\u00f6\u011fer, Mine K\u0131l\u0131\u00e7, Nazmi K\u0131r\u0131k, \u0130lkay Kayku, Sinan Demirer, Zeynep Kankonde, Yunus Eski, Mehmet Polat, Muttalip M\u00fcjdeci, Bar\u0131\u015f Yal\u00e7\u0131n, Burak \u015eafak, Yaren G\u00fcldiken ve Kuzey Gezer gibi isimler var. <a href=\"https:\/\/www.tgrthaber.com\/mavikadin\/tasacak-bu-deniz-trabzonu-uzak-sehir-ise-mardini-tum-dunyaya-tanitti-diziler-yaz-kis-turizmi-patlatti\/\">Uzak \u015eehir<\/a>, yeni b\u00f6l\u00fcm\u00fcyle bu ak\u015fam saat 20.00\u2019de Kanal D ekran\u0131nda olacak.<\/p>\n","protected":false},"excerpt":{"rendered":"<p>Kanal D&#8217;nin reytingleri sallayan dizisi Uzak \u015eehir&#8217;de bu ak\u015fam yay\u0131nlanacak yeni b\u00f6l\u00fcmde izleyiciyi g\u00fczel bir s\u00fcrpriz bekliyor. Bir bak\u0131\u015fta yakt\u0131n beni! Uzak \u015eehir 41. b\u00f6l\u00fcmde felekten bir gece ya\u015fand\u0131\u011f\u0131 o sahne sosyal medyada adeta viral oldu. \u0130\u015fte Uzak \u015eehir&#8217;de felekten bir gece r\u00fczgar\u0131&#8230;<\/p>\n","protected":false},"author":35,"featured_media":272786,"comment_status":"closed","ping_status":"closed","sticky":false,"template":"","format":"standard","meta":{"rank_math_lock_modified_date":false,"footnotes":""},"categories":[602],"tags":[67827,3602,2293,67427,7223],"class_list":["post-272784","post","type-post","status-publish","format-standard","has-post-thumbnail","hentry","category-diziler","tag-bir-bakista-yaktin-beni","tag-diziler","tag-uzak-sehir","tag-uzak-sehir-41-bolum","tag-uzak-sehir-yeni-bolum"],"_links":{"self":[{"href":"https:\/\/www.tgrthaber.com\/mavikadin\/wp-json\/wp\/v2\/posts\/272784"}],"collection":[{"href":"https:\/\/www.tgrthaber.com\/mavikadin\/wp-json\/wp\/v2\/posts"}],"about":[{"href":"https:\/\/www.tgrthaber.com\/mavikadin\/wp-json\/wp\/v2\/types\/post"}],"author":[{"embeddable":true,"href":"https:\/\/www.tgrthaber.com\/mavikadin\/wp-json\/wp\/v2\/users\/35"}],"replies":[{"embeddable":true,"href":"https:\/\/www.tgrthaber.com\/mavikadin\/wp-json\/wp\/v2\/comments?post=272784"}],"version-history":[{"count":2,"href":"https:\/\/www.tgrthaber.com\/mavikadin\/wp-json\/wp\/v2\/posts\/272784\/revisions"}],"predecessor-version":[{"id":272828,"href":"https:\/\/www.tgrthaber.com\/mavikadin\/wp-json\/wp\/v2\/posts\/272784\/revisions\/272828"}],"wp:featuredmedia":[{"embeddable":true,"href":"https:\/\/www.tgrthaber.com\/mavikadin\/wp-json\/wp\/v2\/media\/272786"}],"wp:attachment":[{"href":"https:\/\/www.tgrthaber.com\/mavikadin\/wp-json\/wp\/v2\/media?parent=272784"}],"wp:term":[{"taxonomy":"category","embeddable":true,"href":"https:\/\/www.tgrthaber.com\/mavikadin\/wp-json\/wp\/v2\/categories?post=272784"},{"taxonomy":"post_tag","embeddable":true,"href":"https:\/\/www.tgrthaber.com\/mavikadin\/wp-json\/wp\/v2\/tags?post=272784"}],"curies":[{"name":"wp","href":"https:\/\/api.w.org\/{rel}","templated":true}]}}