{"id":272830,"date":"2025-12-08T18:39:05","date_gmt":"2025-12-08T15:39:05","guid":{"rendered":"https:\/\/www.tgrthaber.com\/mavikadin\/?p=272830"},"modified":"2025-12-08T18:39:05","modified_gmt":"2025-12-08T15:39:05","slug":"kral-kaybederse-dizisinde-buyuk-final-son-bolum-fragmani-yayinlandi","status":"publish","type":"post","link":"https:\/\/www.tgrthaber.com\/mavikadin\/kral-kaybederse-dizisinde-buyuk-final-son-bolum-fragmani-yayinlandi\/","title":{"rendered":"Kral Kaybederse dizisinde b\u00fcy\u00fck final! Son b\u00f6l\u00fcm fragman\u0131 yay\u0131nland\u0131"},"content":{"rendered":"<p>G\u00fclseren Buday\u0131c\u0131o\u011flu&#8217;nun ayn\u0131 adl\u0131 eserinden uyarlanan ve ilgiyle takip edilen Kral Kaybederse, ba\u015flad\u0131\u011f\u0131 g\u00fcnden bu yana oyuncu kadrosuyla ve hikayesiyle dikkat \u00e7ekmi\u015fti. Psikolojik derinli\u011fiyle izleyeni ekrana kilitleyen Kral Kaybederse&#8217;de final g\u00fcn\u00fc ise geldi. Kral Kaybederse 30. b\u00f6l\u00fcmle birlikte sona eriyor. Dizinin son b\u00f6l\u00fcm fragman\u0131 ise sosyal medyada geni\u015f yank\u0131 uyand\u0131rm\u0131\u015f durumda. \u0130\u015fte Star TV&#8217;nin ad\u0131ndan s\u00f6z ettiren dizisi Kral Kaybderse final b\u00f6l\u00fcm\u00fc fragman\u0131&#8230;<\/p>\n<h3>KRAL KAYBEDERSE D\u0130Z\u0130S\u0130NDE B\u00dcY\u00dcK F\u0130NAL<\/h3>\n<p>Kral Kaybederse dizisi Star TV ekranlar\u0131nda ba\u015flad\u0131\u011f\u0131 g\u00fcnden bu yana be\u011fenilerek takip ediliyordu. Ancak son zamanlarda ya\u015fanan reyting tablosu dizinin erken final almas\u0131na sebep oldu. Dizinin resmi sosyal medya hesaplar\u0131ndan payla\u015f\u0131lan son b\u00f6l\u00fcm tan\u0131t\u0131m\u0131 ise k\u0131sa s\u00fcrede binlerce etkile\u015fim ald\u0131.<\/p>\n<p><img loading=\"lazy\" decoding=\"async\" class=\"alignnone wp-image-272850\" src=\"https:\/\/www.tgrthaber.com\/mavikadin\/wp-content\/uploads\/5185-300x179.webp\" alt=\"\" width=\"1208\" height=\"720\" title=\"\" srcset=\"https:\/\/www.tgrthaber.com\/mavikadin\/wp-content\/uploads\/5185-300x179.webp 300w, https:\/\/www.tgrthaber.com\/mavikadin\/wp-content\/uploads\/5185-768x458.webp 768w, https:\/\/www.tgrthaber.com\/mavikadin\/wp-content\/uploads\/5185.webp 1000w\" sizes=\"(max-width: 1208px) 100vw, 1208px\" \/><\/p>\n<hr \/>\n<p>Kral\u2019a Veda yaz\u0131s\u0131yla a\u00e7\u0131lan fragman, karakterlerin y\u00fczle\u015fmelerine, k\u0131r\u0131lmalar\u0131na ve vedalar\u0131na dair ipu\u00e7lar\u0131 verdi. \u0130zleyicinin uzun s\u00fcredir merak etti\u011fi Kral Kaybederse final b\u00f6l\u00fcm\u00fc fragmanla birlikte daha da merak uyand\u0131rm\u0131\u015f oldu.<\/p>\n<p><img loading=\"lazy\" decoding=\"async\" class=\"alignnone wp-image-272844\" src=\"https:\/\/www.tgrthaber.com\/mavikadin\/wp-content\/uploads\/kral-kaybederse-final-mi-yapiyor-kral-kaybederse-neden-bitiyor-01-300x173.webp\" alt=\"\" width=\"1208\" height=\"697\" title=\"\" srcset=\"https:\/\/www.tgrthaber.com\/mavikadin\/wp-content\/uploads\/kral-kaybederse-final-mi-yapiyor-kral-kaybederse-neden-bitiyor-01-300x173.webp 300w, https:\/\/www.tgrthaber.com\/mavikadin\/wp-content\/uploads\/kral-kaybederse-final-mi-yapiyor-kral-kaybederse-neden-bitiyor-01-1024x591.webp 1024w, https:\/\/www.tgrthaber.com\/mavikadin\/wp-content\/uploads\/kral-kaybederse-final-mi-yapiyor-kral-kaybederse-neden-bitiyor-01-768x443.webp 768w, https:\/\/www.tgrthaber.com\/mavikadin\/wp-content\/uploads\/kral-kaybederse-final-mi-yapiyor-kral-kaybederse-neden-bitiyor-01.webp 1300w\" sizes=\"(max-width: 1208px) 100vw, 1208px\" \/><\/p>\n<hr \/>\n<p>Dizinin hayranlar\u0131 sosyal medyada fragman yay\u0131nlan\u0131r yay\u0131nlanmaz &#8216;Bu hikaye b\u00f6yle bitmemeliydi&#8217;, &#8216;\u00d6zellikle final \u00f6ncesi son 2 b\u00f6l\u00fcm\u00fc 100 kez izlesem s\u0131k\u0131lmam. Bir yandan sezon sonunu g\u00f6rseydik ke\u015fke diyorum ama tad\u0131nda bitirmekte iyidir. Ve de ben final fragman\u0131nda elendim, nas\u0131l izlerim bilemiyorum. Halit Ergen\u00e7 \u00e7ok b\u00fcy\u00fck oyuncu \u00e7ok&#8217;, &#8216;Kenan Baran \u00f6lseydi daha iyi bir final olurdu&#8217;, &#8216;Her \u015feyi tad\u0131nda b\u0131rakmak g\u00fczeldir, fakat daha tad\u0131na varamad\u0131k bile b\u00f6yle muhte\u015fem bir dizinin. T\u00fcm ekibin emeklerine sa\u011fl\u0131k&#8217; gibi yorumlar\u0131 pe\u015f pe\u015fe ya\u011fd\u0131rd\u0131.<\/p>\n<p><img loading=\"lazy\" decoding=\"async\" class=\"alignnone wp-image-272847\" src=\"https:\/\/www.tgrthaber.com\/mavikadin\/wp-content\/uploads\/8139-300x179.webp\" alt=\"\" width=\"1208\" height=\"720\" title=\"\" srcset=\"https:\/\/www.tgrthaber.com\/mavikadin\/wp-content\/uploads\/8139-300x179.webp 300w, https:\/\/www.tgrthaber.com\/mavikadin\/wp-content\/uploads\/8139-768x458.webp 768w, https:\/\/www.tgrthaber.com\/mavikadin\/wp-content\/uploads\/8139.webp 1000w\" sizes=\"(max-width: 1208px) 100vw, 1208px\" \/><\/p>\n<hr \/>\n<h3>SON B\u00d6L\u00dcM FRAGMANI YAYINDA<\/h3>\n<p><a href=\"https:\/\/www.tgrthaber.com\/mavikadin\/kral-kaybederse-ne-zaman-final-yapiyor-kral-kaybederse-finalinde-ne-olacak\/\">Kral Kaybederse<\/a>, 30. b\u00f6l\u00fcm\u00fcyle sal\u0131 ak\u015fam\u0131 saat 20.00\u2019de Star TV\u2019de son kez izleyici kar\u015f\u0131s\u0131na \u00e7\u0131kacak. Final b\u00f6l\u00fcm\u00fcn\u00fcn izleyeni ekrana kilitleyece\u011fi konu\u015fuluyor. Kral Kaybederse, 30 b\u00f6l\u00fcml\u00fck yolculu\u011fun sonunda unutulmaz bir veda ile final yapaca\u011fa benziyor. \u0130\u015fte Kral Kaybederse son b\u00f6l\u00fcm fragman\u0131&#8230;<\/p>\n<div style=\"width: 640px;\" class=\"wp-video\"><!--[if lt IE 9]><script>document.createElement('video');<\/script><![endif]-->\n<video class=\"wp-video-shortcode\" id=\"video-272830-1\" width=\"640\" height=\"360\" preload=\"metadata\" controls=\"controls\"><source type=\"video\/mp4\" src=\"https:\/\/www.tgrthaber.com\/mavikadin\/wp-content\/uploads\/0F0s15GoZGa1mdgp.mp4?_=1\" \/><a href=\"https:\/\/www.tgrthaber.com\/mavikadin\/wp-content\/uploads\/0F0s15GoZGa1mdgp.mp4\">https:\/\/www.tgrthaber.com\/mavikadin\/wp-content\/uploads\/0F0s15GoZGa1mdgp.mp4<\/a><\/video><\/div>\n<hr \/>\n<h3>KRAL KAYBEDERSE OYUNCU KADROSU<\/h3>\n<p>Halit Ergen\u00e7 &#8211; Kenan Baran<\/p>\n<p>Merve Dizdar &#8211; Fadime \u00c7etin\/Fadi<\/p>\n<p>Asl\u0131han G\u00fcrb\u00fcz &#8211; Handan Baran<\/p>\n<p>Nilperi \u015eahinkaya &#8211; \u00d6zlem<\/p>\n<p>M\u00fcjde Uzman &#8211; Cansu Ayd\u0131n<\/p>\n<p><img loading=\"lazy\" decoding=\"async\" class=\"alignnone wp-image-272848\" src=\"https:\/\/www.tgrthaber.com\/mavikadin\/wp-content\/uploads\/8989-kral-kaybederse-18-bolum-canli-izle-star-tv-kral-kaybederse-son-bolum-izle-300x179.webp\" alt=\"\" width=\"1208\" height=\"720\" title=\"\" srcset=\"https:\/\/www.tgrthaber.com\/mavikadin\/wp-content\/uploads\/8989-kral-kaybederse-18-bolum-canli-izle-star-tv-kral-kaybederse-son-bolum-izle-300x179.webp 300w, https:\/\/www.tgrthaber.com\/mavikadin\/wp-content\/uploads\/8989-kral-kaybederse-18-bolum-canli-izle-star-tv-kral-kaybederse-son-bolum-izle-1024x610.webp 1024w, https:\/\/www.tgrthaber.com\/mavikadin\/wp-content\/uploads\/8989-kral-kaybederse-18-bolum-canli-izle-star-tv-kral-kaybederse-son-bolum-izle-768x458.webp 768w, https:\/\/www.tgrthaber.com\/mavikadin\/wp-content\/uploads\/8989-kral-kaybederse-18-bolum-canli-izle-star-tv-kral-kaybederse-son-bolum-izle.webp 1280w\" sizes=\"(max-width: 1208px) 100vw, 1208px\" \/><\/p>\n<hr \/>\n<p>\u0130pek Erdin &#8211; Z\u00fcmr\u00fct<\/p>\n<p>Ay\u015fen G\u00fcrler<\/p>\n<p>Murat Garipa\u011fao\u011flu \u2013 Semih<\/p>\n<p>Ali R\u0131za Kubilay \u2013 Sami<\/p>\n<p>Cihan Talay \u2013 \u0130smail<\/p>\n<p>Cenan \u00c7amyurdu \u2013 Memduh \u00c7etin<\/p>\n<p><img loading=\"lazy\" decoding=\"async\" class=\"alignnone wp-image-272849\" src=\"https:\/\/www.tgrthaber.com\/mavikadin\/wp-content\/uploads\/3192-300x179.webp\" alt=\"\" width=\"1208\" height=\"720\" title=\"\" srcset=\"https:\/\/www.tgrthaber.com\/mavikadin\/wp-content\/uploads\/3192-300x179.webp 300w, https:\/\/www.tgrthaber.com\/mavikadin\/wp-content\/uploads\/3192-768x458.webp 768w, https:\/\/www.tgrthaber.com\/mavikadin\/wp-content\/uploads\/3192.webp 1000w\" sizes=\"(max-width: 1208px) 100vw, 1208px\" \/><\/p>\n<hr \/>\n<p>\u0130dil Yener \u2013 Neslihan<\/p>\n<p>Burcu G\u00f6lgedar \u2013 Banu<\/p>\n<p>\u0130smail Demirci \u2013 Fikret<\/p>\n<p>\u00d6mer Duran \u2013 Ka\u015fif<\/p>\n","protected":false},"excerpt":{"rendered":"<p>Ekranlara bir d\u00f6nem damga vuran Kral Kaybederse, beklenmedik \u015fekilde final karar\u0131 ald\u0131. Haftalard\u0131r diziye dair yay\u0131lan final s\u00f6ylentileri, yay\u0131nlanan fragmanla birlikte netlik kazanm\u0131\u015f oldu. Kral Kaybederse dizisinde b\u00fcy\u00fck final heyecan\u0131 ya\u015fan\u0131rken, son b\u00f6l\u00fcm fragman\u0131 haberimizde&#8230;<\/p>\n","protected":false},"author":35,"featured_media":272833,"comment_status":"closed","ping_status":"closed","sticky":false,"template":"","format":"standard","meta":{"rank_math_lock_modified_date":false,"footnotes":""},"categories":[602],"tags":[3602,2193,62825,62350],"class_list":["post-272830","post","type-post","status-publish","format-standard","has-post-thumbnail","hentry","category-diziler","tag-diziler","tag-kral-kaybederse","tag-kral-kaybederse-final","tag-star-tv-dizisi"],"_links":{"self":[{"href":"https:\/\/www.tgrthaber.com\/mavikadin\/wp-json\/wp\/v2\/posts\/272830"}],"collection":[{"href":"https:\/\/www.tgrthaber.com\/mavikadin\/wp-json\/wp\/v2\/posts"}],"about":[{"href":"https:\/\/www.tgrthaber.com\/mavikadin\/wp-json\/wp\/v2\/types\/post"}],"author":[{"embeddable":true,"href":"https:\/\/www.tgrthaber.com\/mavikadin\/wp-json\/wp\/v2\/users\/35"}],"replies":[{"embeddable":true,"href":"https:\/\/www.tgrthaber.com\/mavikadin\/wp-json\/wp\/v2\/comments?post=272830"}],"version-history":[{"count":2,"href":"https:\/\/www.tgrthaber.com\/mavikadin\/wp-json\/wp\/v2\/posts\/272830\/revisions"}],"predecessor-version":[{"id":272852,"href":"https:\/\/www.tgrthaber.com\/mavikadin\/wp-json\/wp\/v2\/posts\/272830\/revisions\/272852"}],"wp:featuredmedia":[{"embeddable":true,"href":"https:\/\/www.tgrthaber.com\/mavikadin\/wp-json\/wp\/v2\/media\/272833"}],"wp:attachment":[{"href":"https:\/\/www.tgrthaber.com\/mavikadin\/wp-json\/wp\/v2\/media?parent=272830"}],"wp:term":[{"taxonomy":"category","embeddable":true,"href":"https:\/\/www.tgrthaber.com\/mavikadin\/wp-json\/wp\/v2\/categories?post=272830"},{"taxonomy":"post_tag","embeddable":true,"href":"https:\/\/www.tgrthaber.com\/mavikadin\/wp-json\/wp\/v2\/tags?post=272830"}],"curies":[{"name":"wp","href":"https:\/\/api.w.org\/{rel}","templated":true}]}}