{"id":272882,"date":"2025-12-08T19:57:30","date_gmt":"2025-12-08T16:57:30","guid":{"rendered":"https:\/\/www.tgrthaber.com\/mavikadin\/?p=272882"},"modified":"2025-12-08T19:57:31","modified_gmt":"2025-12-08T16:57:31","slug":"zuhal-topalla-yemekteyiz-yasemin-yildiz-kimdir-kac-yasinda-yemekteyiz-yasemin-hikayesiyle-milyonlari-aglatti","status":"publish","type":"post","link":"https:\/\/www.tgrthaber.com\/mavikadin\/zuhal-topalla-yemekteyiz-yasemin-yildiz-kimdir-kac-yasinda-yemekteyiz-yasemin-hikayesiyle-milyonlari-aglatti\/","title":{"rendered":"Zuhal Topal&#8217;la Yemekteyiz Yasemin Y\u0131ld\u0131z kimdir, ka\u00e7 ya\u015f\u0131nda? Yemekteyiz Yasemin hikayesiyle milyonlar\u0131 a\u011flatt\u0131"},"content":{"rendered":"<p>TV8 ekranlar\u0131n\u0131n en \u00e7ok izlenen yar\u0131\u015fma program\u0131 Zuhal Topal&#8217;la Yemekteyiz yeni bir haftaya ba\u015flad\u0131. 8 ila 12 Aral\u0131k haftas\u0131nda yar\u0131\u015fan 5 farkl\u0131 yar\u0131\u015fmac\u0131 Yemekteyiz mutfa\u011f\u0131nda t\u00fcm hafta ter d\u00f6kecekler. Peki Zuhal Topal&#8217;la Yemekteyiz ilk g\u00fcn yar\u0131\u015fan Yasemin Y\u0131ld\u0131z kimdir, ka\u00e7 ya\u015f\u0131nda? Yemekteyiz Yasemin Y\u0131ld\u0131z hakk\u0131nda t\u00fcm detaylar haberimizde&#8230;<\/p>\n<h3>ZUHAL TOPAL&#8217;LA YEMEKTEY\u0130Z YASEM\u0130N YILDIZ K\u0130MD\u0130R, KA\u00c7 YA\u015eINDA?<\/h3>\n<p>Zuhal Topal&#8217;la Yemekteyiz&#8217;de bu hafta yine heyecan\u0131 y\u00fcksek ba\u015flad\u0131. Ekran ba\u015f\u0131ndakileri kendine kilitleyen Yemekteyiz&#8217;de yeni hafta yine bomba yar\u0131\u015fmac\u0131larla ba\u015flam\u0131\u015f oldu.<\/p>\n<p><img loading=\"lazy\" decoding=\"async\" class=\"alignnone wp-image-272886\" src=\"https:\/\/www.tgrthaber.com\/mavikadin\/wp-content\/uploads\/Ekran-goruntusu-2025-12-08-193824-300x175.png\" alt=\"\" width=\"1208\" height=\"705\" title=\"\" srcset=\"https:\/\/www.tgrthaber.com\/mavikadin\/wp-content\/uploads\/Ekran-goruntusu-2025-12-08-193824-300x175.png 300w, https:\/\/www.tgrthaber.com\/mavikadin\/wp-content\/uploads\/Ekran-goruntusu-2025-12-08-193824.png 752w\" sizes=\"(max-width: 1208px) 100vw, 1208px\" \/><\/p>\n<hr \/>\n<p>Birbirinden iddial\u0131 yar\u0131\u015fmac\u0131lar\u0131n t\u00fcm h\u00fcnerlerini g\u00f6sterdi\u011fi yar\u0131\u015fmada toplam \u00f6d\u00fcl ise 200 bin TL. Cuma g\u00fcn\u00fc i\u00e7in k\u0131yas\u0131ya rekabet eden yar\u0131\u015fmac\u0131lar aras\u0131nda bu hafta dikkat \u00e7eken isim ise Yasemin Han\u0131m oldu.<\/p>\n<p><img loading=\"lazy\" decoding=\"async\" class=\"alignnone wp-image-272889\" src=\"https:\/\/www.tgrthaber.com\/mavikadin\/wp-content\/uploads\/Ekran-goruntusu-2025-12-08-194903-300x172.png\" alt=\"\" width=\"1208\" height=\"693\" title=\"\" srcset=\"https:\/\/www.tgrthaber.com\/mavikadin\/wp-content\/uploads\/Ekran-goruntusu-2025-12-08-194903-300x172.png 300w, https:\/\/www.tgrthaber.com\/mavikadin\/wp-content\/uploads\/Ekran-goruntusu-2025-12-08-194903-1024x587.png 1024w, https:\/\/www.tgrthaber.com\/mavikadin\/wp-content\/uploads\/Ekran-goruntusu-2025-12-08-194903-768x440.png 768w, https:\/\/www.tgrthaber.com\/mavikadin\/wp-content\/uploads\/Ekran-goruntusu-2025-12-08-194903-1536x881.png 1536w, https:\/\/www.tgrthaber.com\/mavikadin\/wp-content\/uploads\/Ekran-goruntusu-2025-12-08-194903.png 1648w\" sizes=\"(max-width: 1208px) 100vw, 1208px\" \/><\/p>\n<hr \/>\n<p>Sosyal medyada program ba\u015flar ba\u015flamaz &#8216;Yemekteyiz Yasemin Y\u0131ld\u0131z kimdir, ka\u00e7 ya\u015f\u0131nda?&#8217;, &#8216;Zuhal Topal&#8217;la Yemekteyiz Yasemin Y\u0131ld\u0131z ne i\u015f yap\u0131yor?&#8217; gibi sorular h\u0131z kazand\u0131.<\/p>\n<p><img loading=\"lazy\" decoding=\"async\" class=\"alignnone wp-image-272885\" src=\"https:\/\/www.tgrthaber.com\/mavikadin\/wp-content\/uploads\/Ekran-goruntusu-2025-12-08-193758-300x166.png\" alt=\"\" width=\"1208\" height=\"667\" title=\"\" srcset=\"https:\/\/www.tgrthaber.com\/mavikadin\/wp-content\/uploads\/Ekran-goruntusu-2025-12-08-193758-300x166.png 300w, https:\/\/www.tgrthaber.com\/mavikadin\/wp-content\/uploads\/Ekran-goruntusu-2025-12-08-193758-768x424.png 768w, https:\/\/www.tgrthaber.com\/mavikadin\/wp-content\/uploads\/Ekran-goruntusu-2025-12-08-193758.png 791w\" sizes=\"(max-width: 1208px) 100vw, 1208px\" \/><\/p>\n<hr \/>\n<p>Zuhal Topal&#8217;la 8 &#8211; 12 Aral\u0131k haftas\u0131nda yar\u0131\u015fan ve izleyicinin radar\u0131n tak\u0131lan Yasemin Y\u0131ld\u0131z 31 ya\u015f\u0131nda ve aslen Tokatl\u0131. Yar\u0131\u015fmaya \u0130stanbul Beylikd\u00fcz\u00fc&#8217;nden kat\u0131lan Yasemin Han\u0131m, ya\u015fam hikayesiyle hem Zuhal Topal&#8217;\u0131 hem de izleyenleri a\u011flatt\u0131.<\/p>\n<p><img loading=\"lazy\" decoding=\"async\" class=\"alignnone wp-image-272892\" src=\"https:\/\/www.tgrthaber.com\/mavikadin\/wp-content\/uploads\/Ekran-goruntusu-2025-12-08-195141-300x179.png\" alt=\"\" width=\"1208\" height=\"721\" title=\"\" srcset=\"https:\/\/www.tgrthaber.com\/mavikadin\/wp-content\/uploads\/Ekran-goruntusu-2025-12-08-195141-300x179.png 300w, https:\/\/www.tgrthaber.com\/mavikadin\/wp-content\/uploads\/Ekran-goruntusu-2025-12-08-195141.png 741w\" sizes=\"(max-width: 1208px) 100vw, 1208px\" \/><\/p>\n<hr \/>\n<p>\u015eu anda a\u015f\u00e7\u0131l\u0131k yapan Yasemin Han\u0131m, hem annesini hem babas\u0131n\u0131 hem de abisini kaybetmi\u015f. \u00c7ok k\u0131sa s\u00fcrede ya\u015fad\u0131\u011f\u0131 bu kay\u0131plar sonras\u0131 ya\u015fad\u0131klar\u0131n\u0131 anlatan Yasemin Han\u0131m, Zuhal Topal&#8217;\u0131 da olduk\u00e7a duyguland\u0131rd\u0131. Bir \u00e7ocuk annesi olan Yasemin Y\u0131ld\u0131z, yar\u0131\u015fmay\u0131 kazan\u0131rsa hem bor\u00e7lar\u0131n\u0131 verecek, hem de o\u011fluna bilgisayar alacak.<\/p>\n<p><img loading=\"lazy\" decoding=\"async\" class=\"alignnone wp-image-272887\" src=\"https:\/\/www.tgrthaber.com\/mavikadin\/wp-content\/uploads\/Ekran-goruntusu-2025-12-08-194831-300x168.png\" alt=\"\" width=\"1208\" height=\"677\" title=\"\" srcset=\"https:\/\/www.tgrthaber.com\/mavikadin\/wp-content\/uploads\/Ekran-goruntusu-2025-12-08-194831-300x168.png 300w, https:\/\/www.tgrthaber.com\/mavikadin\/wp-content\/uploads\/Ekran-goruntusu-2025-12-08-194831-1024x574.png 1024w, https:\/\/www.tgrthaber.com\/mavikadin\/wp-content\/uploads\/Ekran-goruntusu-2025-12-08-194831-768x430.png 768w, https:\/\/www.tgrthaber.com\/mavikadin\/wp-content\/uploads\/Ekran-goruntusu-2025-12-08-194831-1536x860.png 1536w, https:\/\/www.tgrthaber.com\/mavikadin\/wp-content\/uploads\/Ekran-goruntusu-2025-12-08-194831.png 1919w\" sizes=\"(max-width: 1208px) 100vw, 1208px\" \/><\/p>\n<hr \/>\n<h3>ZUHAL TOPAL&#8217;LA YEMEKTEY\u0130Z 5 ARALIK KAZANAN \u0130SM\u0130 K\u0130M OLDU?<\/h3>\n<p>Zuhal Topal&#8217;la Yemekteyiz&#8217;de her Cuma final heyecan\u0131 ya\u015fan\u0131yor. B\u00fct\u00fcn hafta sunumlar\u0131n, tabaklar\u0131n, men\u00fclerin ve lezzetlerin birbiriyle yar\u0131\u015ft\u0131\u011f\u0131 yar\u0131\u015fmada, Cuma g\u00fcn\u00fc 200 bin TL&#8217;lik \u00f6d\u00fcl\u00fcn sahibi a\u00e7\u0131klan\u0131yor. Hem Zuhal Topal&#8217;\u0131n hem de rakip yar\u0131\u015fmac\u0131lar\u0131n verdi\u011fi puanlar olduk\u00e7a \u00f6nemli. \u00c7\u00fcnk\u00fc Yemekteyiz&#8217;de yap\u0131lan puan tablosu o haftan\u0131n kazanan ismini belirliyor.<\/p>\n<p><img loading=\"lazy\" decoding=\"async\" class=\"alignnone wp-image-272890\" src=\"https:\/\/www.tgrthaber.com\/mavikadin\/wp-content\/uploads\/620_340_zuhal-topal-la-yemekteyiz-187-hafta-tanitimi-620x338.45410628019323_6933272875e4e-300x165.jpg\" alt=\"\" width=\"1208\" height=\"662\" title=\"\" srcset=\"https:\/\/www.tgrthaber.com\/mavikadin\/wp-content\/uploads\/620_340_zuhal-topal-la-yemekteyiz-187-hafta-tanitimi-620x338.45410628019323_6933272875e4e-300x165.jpg 300w, https:\/\/www.tgrthaber.com\/mavikadin\/wp-content\/uploads\/620_340_zuhal-topal-la-yemekteyiz-187-hafta-tanitimi-620x338.45410628019323_6933272875e4e.jpg 620w\" sizes=\"(max-width: 1208px) 100vw, 1208px\" \/><\/p>\n<hr \/>\n<p><a href=\"https:\/\/www.tgrthaber.com\/mavikadin\/zuhal-topalla-yemekteyiz-kim-kazandi-yemekteyiz-5-aralik-cuma-200-bin-tlyi-kim-aldi\/\">Zuhal Topal&#8217;la Yemekteyiz<\/a>&#8216;de ge\u00e7en hafta 5 Aral\u0131k Cuma g\u00fcn\u00fc yap\u0131lan oylama sonucu kazanan isim ise Engin Samet Y\u0131lmaz oldu. Engin Bey toplamda 36 puan alarak haftay\u0131 birinci kapatt\u0131 ve 200 bin TL&#8217;nin sahibi oldu.<\/p>\n","protected":false},"excerpt":{"rendered":"<p>Zuhal Topal&#8217;la Yemekteyiz&#8217;de 1. g\u00fcn yar\u0131\u015fan Yasemin Y\u0131ld\u0131z ekranlara resmen damga vurdu. 8 ila 12 Aral\u0131k haftas\u0131 yar\u0131\u015fan Yasemin Han\u0131m hikayesiyle sosyal medyada merak konusu oldu. Peki Yemekteyiz Yasemin Y\u0131ld\u0131z kimdir, ka\u00e7 ya\u015f\u0131nda? Yasemin Y\u0131ld\u0131z ne i\u015f yap\u0131yor? \u0130\u015fte detaylar&#8230;<\/p>\n","protected":false},"author":35,"featured_media":272883,"comment_status":"closed","ping_status":"closed","sticky":false,"template":"","format":"standard","meta":{"rank_math_lock_modified_date":false,"footnotes":""},"categories":[491],"tags":[3374,67836,8465,67837,8464],"class_list":["post-272882","post","type-post","status-publish","format-standard","has-post-thumbnail","hentry","category-biyografi","tag-biyografi","tag-yasemin-yildiz-kimdir","tag-yemekteyiz","tag-yemekteyiz-yasemin-kac-yasinda","tag-zuhal-topal"],"_links":{"self":[{"href":"https:\/\/www.tgrthaber.com\/mavikadin\/wp-json\/wp\/v2\/posts\/272882"}],"collection":[{"href":"https:\/\/www.tgrthaber.com\/mavikadin\/wp-json\/wp\/v2\/posts"}],"about":[{"href":"https:\/\/www.tgrthaber.com\/mavikadin\/wp-json\/wp\/v2\/types\/post"}],"author":[{"embeddable":true,"href":"https:\/\/www.tgrthaber.com\/mavikadin\/wp-json\/wp\/v2\/users\/35"}],"replies":[{"embeddable":true,"href":"https:\/\/www.tgrthaber.com\/mavikadin\/wp-json\/wp\/v2\/comments?post=272882"}],"version-history":[{"count":2,"href":"https:\/\/www.tgrthaber.com\/mavikadin\/wp-json\/wp\/v2\/posts\/272882\/revisions"}],"predecessor-version":[{"id":272895,"href":"https:\/\/www.tgrthaber.com\/mavikadin\/wp-json\/wp\/v2\/posts\/272882\/revisions\/272895"}],"wp:featuredmedia":[{"embeddable":true,"href":"https:\/\/www.tgrthaber.com\/mavikadin\/wp-json\/wp\/v2\/media\/272883"}],"wp:attachment":[{"href":"https:\/\/www.tgrthaber.com\/mavikadin\/wp-json\/wp\/v2\/media?parent=272882"}],"wp:term":[{"taxonomy":"category","embeddable":true,"href":"https:\/\/www.tgrthaber.com\/mavikadin\/wp-json\/wp\/v2\/categories?post=272882"},{"taxonomy":"post_tag","embeddable":true,"href":"https:\/\/www.tgrthaber.com\/mavikadin\/wp-json\/wp\/v2\/tags?post=272882"}],"curies":[{"name":"wp","href":"https:\/\/api.w.org\/{rel}","templated":true}]}}