{"id":272945,"date":"2025-12-08T22:08:00","date_gmt":"2025-12-08T19:08:00","guid":{"rendered":"https:\/\/www.tgrthaber.com\/mavikadin\/?p=272945"},"modified":"2025-12-08T22:08:00","modified_gmt":"2025-12-08T19:08:00","slug":"yemekteyiz-ozlem-disbakan-kimdir-kac-yasinda-zuhal-topalla-yemekteyiz-ozlem-disbakan-meslegi-nedir","status":"publish","type":"post","link":"https:\/\/www.tgrthaber.com\/mavikadin\/yemekteyiz-ozlem-disbakan-kimdir-kac-yasinda-zuhal-topalla-yemekteyiz-ozlem-disbakan-meslegi-nedir\/","title":{"rendered":"Yemekteyiz \u00d6zlem D\u0131\u015fbakan kimdir, ka\u00e7 ya\u015f\u0131nda? Zuhal Topal&#8217;la Yemekteyiz \u00d6zlem D\u0131\u015fbakan mesle\u011fi nedir?"},"content":{"rendered":"<p>TV8&#8217;in en \u00e7ok seyredilen yemek yar\u0131\u015fmas\u0131 Zuhal Topal&#8217;la Yemekteyiz her hafta 200 bin da\u011f\u0131tmaya devam ediyor. 8 ila 12 Aral\u0131k haftas\u0131 da yine h\u0131zl\u0131 ba\u015flad\u0131. Bu hafta yar\u0131\u015fan birbirinden iddial\u0131 ve e\u011flenceli yar\u0131\u015fmac\u0131lar ekranlara adeta damga vurdu. Zuhal Topal&#8217;la Yemekteyiz&#8217;de yar\u0131\u015fan 2. g\u00fcn yar\u0131\u015fmac\u0131s\u0131 ise merak konusu oldu. Peki Yemekteyiz \u00d6zlem D\u0131\u015fbakan kimdir, ya\u015f\u0131 ka\u00e7? Yemekteyiz \u00d6zlem Han\u0131m mesle\u011fi nedir? \u0130\u015fte detaylar&#8230;<\/p>\n<h3>YEMEKTEY\u0130Z \u00d6ZLEM DI\u015eBAKAN K\u0130MD\u0130R, KA\u00c7 YA\u015eINDA?<\/h3>\n<p>Ekranlar\u0131n sevilen y\u00fcz\u00fc Zuhal Topal, yine \u015fen \u015fakrak sunumuyla bu hafta TV8 ekranlar\u0131nda izleyicisiyle bulu\u015ftu. Hafta i\u00e7i her g\u00fcn TV8 ekranlar\u0131nda olan Zuhal Topla&#8217;la Yemekteyiz&#8217;de bu hafta yine \u00e7ok keyifli ba\u015flad\u0131.<\/p>\n<p><img loading=\"lazy\" decoding=\"async\" class=\"alignnone wp-image-272949\" src=\"https:\/\/www.tgrthaber.com\/mavikadin\/wp-content\/uploads\/Ekran-goruntusu-2025-12-08-215436-300x163.png\" alt=\"\" width=\"1208\" height=\"657\" title=\"\" srcset=\"https:\/\/www.tgrthaber.com\/mavikadin\/wp-content\/uploads\/Ekran-goruntusu-2025-12-08-215436-300x163.png 300w, https:\/\/www.tgrthaber.com\/mavikadin\/wp-content\/uploads\/Ekran-goruntusu-2025-12-08-215436-1024x557.png 1024w, https:\/\/www.tgrthaber.com\/mavikadin\/wp-content\/uploads\/Ekran-goruntusu-2025-12-08-215436-768x417.png 768w, https:\/\/www.tgrthaber.com\/mavikadin\/wp-content\/uploads\/Ekran-goruntusu-2025-12-08-215436.png 1045w\" sizes=\"(max-width: 1208px) 100vw, 1208px\" \/><\/p>\n<hr \/>\n<p>Program yay\u0131nlan\u0131r yay\u0131nlanmaz is Yemekteyiz&#8217;de 2. g\u00fcn mutfa\u011fa girecek olan \u00d6zlem D\u0131\u015fbakan dikkatleri \u00fczerine \u00e7ekmeyi ba\u015fard\u0131. &#8216;Zuhal Topal&#8217;la Yemekteyiz \u00d6zlem D\u0131\u015fbakan kimdir, ka\u00e7 ya\u015f\u0131nda?&#8217;, &#8216;Yemekteyiz \u00d6zlem D\u0131\u015fbakan ne i\u015f yap\u0131yor?&#8217; gibi sorular \u00e7ok fazla ara\u015ft\u0131r\u0131l\u0131yor.<\/p>\n<p><img loading=\"lazy\" decoding=\"async\" class=\"alignnone wp-image-272951\" src=\"https:\/\/www.tgrthaber.com\/mavikadin\/wp-content\/uploads\/Ekran-goruntusu-2025-12-08-215543-300x182.png\" alt=\"\" width=\"1208\" height=\"733\" title=\"\" srcset=\"https:\/\/www.tgrthaber.com\/mavikadin\/wp-content\/uploads\/Ekran-goruntusu-2025-12-08-215543-300x182.png 300w, https:\/\/www.tgrthaber.com\/mavikadin\/wp-content\/uploads\/Ekran-goruntusu-2025-12-08-215543.png 740w\" sizes=\"(max-width: 1208px) 100vw, 1208px\" \/><\/p>\n<hr \/>\n<p>TV8&#8217;in fenomen yar\u0131\u015fmas\u0131 Zuhal Topal&#8217;la Yemekteyiz&#8217;de yeni haftada ilgi \u00e7eken isim \u00d6zlem D\u0131\u015fbakan oldu. \u00d6zlem Han\u0131m 35 ya\u015f\u0131nda ve iki \u00e7ocuk annesidir. Aslen Tokatl\u0131 olan \u00d6zlem D\u0131\u015fbakan, \u00f6zellikle yemek yaparken \u015fark\u0131 s\u00f6ylemeyi ve do\u011fada vakit ge\u00e7irmeyi seviyor. Mutfakta olduk\u00e7a iddial\u0131 oldu\u011funu s\u00f6yleyen \u00d6zlem Han\u0131m, 200 bin TL&#8217;yi al\u0131rsa kendine ev alacak.<\/p>\n<p><img loading=\"lazy\" decoding=\"async\" class=\"alignnone wp-image-272952\" src=\"https:\/\/www.tgrthaber.com\/mavikadin\/wp-content\/uploads\/Ekran-goruntusu-2025-12-08-215254-300x167.png\" alt=\"\" width=\"1208\" height=\"671\" title=\"\" srcset=\"https:\/\/www.tgrthaber.com\/mavikadin\/wp-content\/uploads\/Ekran-goruntusu-2025-12-08-215254-300x167.png 300w, https:\/\/www.tgrthaber.com\/mavikadin\/wp-content\/uploads\/Ekran-goruntusu-2025-12-08-215254-1024x569.png 1024w, https:\/\/www.tgrthaber.com\/mavikadin\/wp-content\/uploads\/Ekran-goruntusu-2025-12-08-215254-768x426.png 768w, https:\/\/www.tgrthaber.com\/mavikadin\/wp-content\/uploads\/Ekran-goruntusu-2025-12-08-215254.png 1041w\" sizes=\"(max-width: 1208px) 100vw, 1208px\" \/><\/p>\n<hr \/>\n<h3>ZUHAL TOPAL&#8217;LA YEMEKTEY\u0130Z TV8 EKRANLARINA DAMGA VURUYOR<\/h3>\n<p>Zuhal Topal&#8217;\u0131n enerjik sunumuyla Yemekteyiz TV8 ekranlar\u0131na damga vurmaya devam ediyor. Her hafta 5 farkl\u0131 yar\u0131\u015fmac\u0131n\u0131n yar\u0131\u015ft\u0131\u011f\u0131 Zuhal Topal&#8217;la Yemekteyiz&#8217;de 200 bin TL&#8217;lik b\u00fcy\u00fck \u00f6d\u00fcl i\u00e7in b\u00fcy\u00fck bir m\u00fccadele ya\u015fan\u0131yor.<\/p>\n<p><img loading=\"lazy\" decoding=\"async\" class=\"alignnone wp-image-272947\" src=\"https:\/\/www.tgrthaber.com\/mavikadin\/wp-content\/uploads\/Ekran-goruntusu-2025-12-08-215322-300x168.png\" alt=\"\" width=\"1208\" height=\"675\" title=\"\" srcset=\"https:\/\/www.tgrthaber.com\/mavikadin\/wp-content\/uploads\/Ekran-goruntusu-2025-12-08-215322-300x168.png 300w, https:\/\/www.tgrthaber.com\/mavikadin\/wp-content\/uploads\/Ekran-goruntusu-2025-12-08-215322-1024x572.png 1024w, https:\/\/www.tgrthaber.com\/mavikadin\/wp-content\/uploads\/Ekran-goruntusu-2025-12-08-215322-768x429.png 768w, https:\/\/www.tgrthaber.com\/mavikadin\/wp-content\/uploads\/Ekran-goruntusu-2025-12-08-215322.png 1047w\" sizes=\"(max-width: 1208px) 100vw, 1208px\" \/><\/p>\n<hr \/>\n<p>Men\u00fcler yeti\u015ftirilmeye \u00e7al\u0131\u015f\u0131l\u0131yor, lezzetler birbiriyle yar\u0131\u015f\u0131yor. Cuma g\u00fcn\u00fc ise titizlikle de\u011ferlendirilen t\u00fcm hafta puan oylamas\u0131 yap\u0131larak haftan\u0131n kazanan ismini belirliyor.<\/p>\n<p><img loading=\"lazy\" decoding=\"async\" class=\"alignnone wp-image-272950\" src=\"https:\/\/www.tgrthaber.com\/mavikadin\/wp-content\/uploads\/Ekran-goruntusu-2025-12-08-215522-300x159.png\" alt=\"\" width=\"1208\" height=\"640\" title=\"\" srcset=\"https:\/\/www.tgrthaber.com\/mavikadin\/wp-content\/uploads\/Ekran-goruntusu-2025-12-08-215522-300x159.png 300w, https:\/\/www.tgrthaber.com\/mavikadin\/wp-content\/uploads\/Ekran-goruntusu-2025-12-08-215522.png 768w\" sizes=\"(max-width: 1208px) 100vw, 1208px\" \/><\/p>\n<hr \/>\n<h3>ZUHAL TOPAL&#8217;LA YEMEKTEY\u0130Z 8 &#8211; 12 ARALIK K\u0130MLER YARI\u015eIYOR?<\/h3>\n<p><a href=\"https:\/\/www.tgrthaber.com\/mavikadin\/zuhal-topalla-yemekteyiz-kim-kazandi-yemekteyiz-5-aralik-cuma-200-bin-tlyi-kim-aldi\/\">Zuhal Topal&#8217;la Yemekteyiz<\/a>&#8216;de bu hafta da yine e\u011flence ve tansiyon \u00fcst noktada ya\u015fanacak. \u0130\u015fte bu hafta Zuhal Topal&#8217;la Yemekteyiz&#8217;de yar\u0131\u015fan isimler&#8230;<\/p>\n<p><img loading=\"lazy\" decoding=\"async\" class=\"alignnone wp-image-272953\" src=\"https:\/\/www.tgrthaber.com\/mavikadin\/wp-content\/uploads\/Ekran-goruntusu-2025-12-08-215306-300x166.png\" alt=\"\" width=\"1208\" height=\"669\" title=\"\" srcset=\"https:\/\/www.tgrthaber.com\/mavikadin\/wp-content\/uploads\/Ekran-goruntusu-2025-12-08-215306-300x166.png 300w, https:\/\/www.tgrthaber.com\/mavikadin\/wp-content\/uploads\/Ekran-goruntusu-2025-12-08-215306-1024x567.png 1024w, https:\/\/www.tgrthaber.com\/mavikadin\/wp-content\/uploads\/Ekran-goruntusu-2025-12-08-215306-768x425.png 768w, https:\/\/www.tgrthaber.com\/mavikadin\/wp-content\/uploads\/Ekran-goruntusu-2025-12-08-215306.png 1048w\" sizes=\"(max-width: 1208px) 100vw, 1208px\" \/><\/p>\n<hr \/>\n<p>1. g\u00fcn Yasemin Y\u0131ld\u0131z<\/p>\n<p>2. g\u00fcn \u00d6zlem D\u0131\u015fbakan<\/p>\n<p>3. g\u00fcn Yusuf K\u00fc\u00e7\u00fckg\u00fclmez<\/p>\n<p><img loading=\"lazy\" decoding=\"async\" class=\"alignnone wp-image-272948\" src=\"https:\/\/www.tgrthaber.com\/mavikadin\/wp-content\/uploads\/Ekran-goruntusu-2025-12-08-215342-300x166.png\" alt=\"\" width=\"1208\" height=\"669\" title=\"\" srcset=\"https:\/\/www.tgrthaber.com\/mavikadin\/wp-content\/uploads\/Ekran-goruntusu-2025-12-08-215342-300x166.png 300w, https:\/\/www.tgrthaber.com\/mavikadin\/wp-content\/uploads\/Ekran-goruntusu-2025-12-08-215342-1024x567.png 1024w, https:\/\/www.tgrthaber.com\/mavikadin\/wp-content\/uploads\/Ekran-goruntusu-2025-12-08-215342-768x425.png 768w, https:\/\/www.tgrthaber.com\/mavikadin\/wp-content\/uploads\/Ekran-goruntusu-2025-12-08-215342.png 1047w\" sizes=\"(max-width: 1208px) 100vw, 1208px\" \/><\/p>\n<hr \/>\n<p>4. g\u00fcn Korhan Y\u0131lmaz<\/p>\n<p>5. g\u00fcn Biray San<\/p>\n","protected":false},"excerpt":{"rendered":"<p>Zuhal Topal&#8217;la Yemekteyiz yeni haftaya yine g\u00fcmb\u00fcr g\u00fcmb\u00fcr girdi. Zuhal Topal&#8217;la Yemekteyiz&#8217;de bu hafta dikkatleri \u00e7eken isim ise 2. g\u00fcn yar\u0131\u015fan Yemekteyiz \u00d6zlem D\u0131\u015fbakan oldu. Peki Yemekteyiz \u00d6zlem kimdir, ka\u00e7 ya\u015f\u0131nda? Yemekteyiz \u00d6zlem aslen nereli, ne i\u015f yap\u0131yor? \u0130\u015fte detaylar&#8230;<\/p>\n","protected":false},"author":35,"featured_media":272946,"comment_status":"closed","ping_status":"closed","sticky":false,"template":"","format":"standard","meta":{"rank_math_lock_modified_date":false,"footnotes":""},"categories":[491],"tags":[67851,67852,8465,67850,8464],"class_list":["post-272945","post","type-post","status-publish","format-standard","has-post-thumbnail","hentry","category-biyografi","tag-ozlem-disbakan-kac-yasinda","tag-ozlem-disbakan-kimdir","tag-yemekteyiz","tag-yemekteyiz-ozlem-kimdir","tag-zuhal-topal"],"_links":{"self":[{"href":"https:\/\/www.tgrthaber.com\/mavikadin\/wp-json\/wp\/v2\/posts\/272945"}],"collection":[{"href":"https:\/\/www.tgrthaber.com\/mavikadin\/wp-json\/wp\/v2\/posts"}],"about":[{"href":"https:\/\/www.tgrthaber.com\/mavikadin\/wp-json\/wp\/v2\/types\/post"}],"author":[{"embeddable":true,"href":"https:\/\/www.tgrthaber.com\/mavikadin\/wp-json\/wp\/v2\/users\/35"}],"replies":[{"embeddable":true,"href":"https:\/\/www.tgrthaber.com\/mavikadin\/wp-json\/wp\/v2\/comments?post=272945"}],"version-history":[{"count":1,"href":"https:\/\/www.tgrthaber.com\/mavikadin\/wp-json\/wp\/v2\/posts\/272945\/revisions"}],"predecessor-version":[{"id":272954,"href":"https:\/\/www.tgrthaber.com\/mavikadin\/wp-json\/wp\/v2\/posts\/272945\/revisions\/272954"}],"wp:featuredmedia":[{"embeddable":true,"href":"https:\/\/www.tgrthaber.com\/mavikadin\/wp-json\/wp\/v2\/media\/272946"}],"wp:attachment":[{"href":"https:\/\/www.tgrthaber.com\/mavikadin\/wp-json\/wp\/v2\/media?parent=272945"}],"wp:term":[{"taxonomy":"category","embeddable":true,"href":"https:\/\/www.tgrthaber.com\/mavikadin\/wp-json\/wp\/v2\/categories?post=272945"},{"taxonomy":"post_tag","embeddable":true,"href":"https:\/\/www.tgrthaber.com\/mavikadin\/wp-json\/wp\/v2\/tags?post=272945"}],"curies":[{"name":"wp","href":"https:\/\/api.w.org\/{rel}","templated":true}]}}