{"id":273007,"date":"2025-12-09T10:01:17","date_gmt":"2025-12-09T07:01:17","guid":{"rendered":"https:\/\/www.tgrthaber.com\/mavikadin\/?p=273007"},"modified":"2025-12-09T10:01:18","modified_gmt":"2025-12-09T07:01:18","slug":"tasacak-bu-deniz-10-bolum-esme-serifi-vuruyor-esme-hapse-mi-girecek","status":"publish","type":"post","link":"https:\/\/www.tgrthaber.com\/mavikadin\/tasacak-bu-deniz-10-bolum-esme-serifi-vuruyor-esme-hapse-mi-girecek\/","title":{"rendered":"Ta\u015facak Bu Deniz 10. b\u00f6l\u00fcm Esme \u015eerif&#8217;i vuruyor! Esme hapse mi girecek?"},"content":{"rendered":"<p>TRT 1&#8217;in sevilen dizisi Ta\u015facak Bu Deniz&#8217;den nefes kesen bir fragman daha yay\u0131nland\u0131. Ta\u015facak Bu Deniz 10. b\u00f6l\u00fcm 2. fragman sosyal medyay\u0131 sallad\u0131. Dizinin yay\u0131nlanan son b\u00f6l\u00fcm\u00fc izleyicinin hala g\u00fcndemindeyken, yeni gelen fragman, sosyal medyada izlenme rekoruna ula\u015ft\u0131. Esme ve \u015eerif&#8217;in sahnesi ekrana kilitlerken, izleyici &#8216;Esme \u015eeridi mi vurdu?, &#8216;Ta\u015facak Bu Deniz Esme hapse mi girecek?&#8217;, &#8216;\u015eerif \u00f6lecek mi?&#8217; sorusunun cevab\u0131n\u0131 ar\u0131yor. Peki Ta\u015facak Bu Deniz 10. b\u00f6l\u00fcm neler olacak? \u0130\u015fte merak edilenler&#8230;<\/p>\n<h3>TA\u015eACAK BU DEN\u0130Z 10. B\u00d6L\u00dcM ESME \u015eER\u0130F&#8217;\u0130 VURUYOR<\/h3>\n<p>Ekranlara damga vuran ve her Cuma izleyicisini soluksuz b\u0131rakan Karadeniz dizisi Ta\u015facak Bu Deniz, izlenme rekorlar\u0131yla g\u00fcndemden hi\u00e7 d\u00fc\u015fm\u00fcyor. Oyuncu kadrosu ve hikayesiyle milyonlar\u0131 kendine kilitleyen Ta\u015facak Bu Deniz&#8217;de ipler iyice geriliyor.<\/p>\n<p><img loading=\"lazy\" decoding=\"async\" class=\"alignnone wp-image-273025\" src=\"https:\/\/www.tgrthaber.com\/mavikadin\/wp-content\/uploads\/Ekran-goruntusu-2025-12-09-093535-300x187.png\" alt=\"\" width=\"1208\" height=\"754\" title=\"\" srcset=\"https:\/\/www.tgrthaber.com\/mavikadin\/wp-content\/uploads\/Ekran-goruntusu-2025-12-09-093535-300x187.png 300w, https:\/\/www.tgrthaber.com\/mavikadin\/wp-content\/uploads\/Ekran-goruntusu-2025-12-09-093535-1024x639.png 1024w, https:\/\/www.tgrthaber.com\/mavikadin\/wp-content\/uploads\/Ekran-goruntusu-2025-12-09-093535-768x480.png 768w, https:\/\/www.tgrthaber.com\/mavikadin\/wp-content\/uploads\/Ekran-goruntusu-2025-12-09-093535.png 1222w\" sizes=\"(max-width: 1208px) 100vw, 1208px\" \/><\/p>\n<hr \/>\n<p><a href=\"https:\/\/www.tgrthaber.com\/mavikadin\/tasacak-bu-denizin-mikaeli-rami-narin-kimdir-kac-yasinda-rami-narin-hangi-dizilerde-oynadi\/\">Ta\u015facak Bu Deniz<\/a> yeni fragmanda Esme ve \u015eerif aras\u0131nda \u00e7\u0131kan tart\u0131\u015fma kanl\u0131 bitecek. Esme&#8217;nin \u015eerif&#8217;i vurmas\u0131yla, diziye olan merak iyice artm\u0131\u015f durumda. \u015eerif, Esme&#8217;nin ondan bo\u015fanmak istemesinden sonra resmen deliye d\u00f6nd\u00fc. Esme&#8217;nin geri d\u00f6nmesi i\u00e7in he ryolu deneyen \u015eerif, Esme&#8217;yi ka\u00e7\u0131r\u0131yor. \u0130kili aras\u0131nda ya\u015fanan arbedede Esme teti\u011fie bas\u0131yor ve \u015eerif&#8217;i vuruyor.<\/p>\n<p><img loading=\"lazy\" decoding=\"async\" class=\"alignnone wp-image-273031\" src=\"https:\/\/www.tgrthaber.com\/mavikadin\/wp-content\/uploads\/dsc02279-21654510-300x169.webp\" alt=\"\" width=\"1208\" height=\"680\" title=\"\" srcset=\"https:\/\/www.tgrthaber.com\/mavikadin\/wp-content\/uploads\/dsc02279-21654510-300x169.webp 300w, https:\/\/www.tgrthaber.com\/mavikadin\/wp-content\/uploads\/dsc02279-21654510-1024x576.webp 1024w, https:\/\/www.tgrthaber.com\/mavikadin\/wp-content\/uploads\/dsc02279-21654510-768x432.webp 768w, https:\/\/www.tgrthaber.com\/mavikadin\/wp-content\/uploads\/dsc02279-21654510.webp 1280w\" sizes=\"(max-width: 1208px) 100vw, 1208px\" \/><\/p>\n<hr \/>\n<h3>ESME HAPSE M\u0130 G\u0130RECEK?<\/h3>\n<p>Ta\u015facak Bu Deniz&#8217;de Adil k\u0131z\u0131n\u0131n \u00f6ld\u00fc\u011f\u00fcn\u00fc \u00f6\u011frenmi\u015f ve Furtuna ailesinden intikam almak i\u00e7in tehlikeli hamleler yapm\u0131\u015ft\u0131. Eleni&#8217;nin kendi k\u0131zlar\u0131 oldu\u011fundan habersiz olan Adil ve Esme, \u00f6len k\u0131zlar\u0131n\u0131n mezar\u0131n\u0131n ba\u015f\u0131nda, milyonlar\u0131 a\u011flatm\u0131\u015ft\u0131.<\/p>\n<p><img loading=\"lazy\" decoding=\"async\" class=\"alignnone wp-image-273024\" src=\"https:\/\/www.tgrthaber.com\/mavikadin\/wp-content\/uploads\/Ekran-goruntusu-2025-12-09-093528-300x167.png\" alt=\"\" width=\"1208\" height=\"671\" title=\"\" srcset=\"https:\/\/www.tgrthaber.com\/mavikadin\/wp-content\/uploads\/Ekran-goruntusu-2025-12-09-093528-300x167.png 300w, https:\/\/www.tgrthaber.com\/mavikadin\/wp-content\/uploads\/Ekran-goruntusu-2025-12-09-093528-1024x569.png 1024w, https:\/\/www.tgrthaber.com\/mavikadin\/wp-content\/uploads\/Ekran-goruntusu-2025-12-09-093528-768x427.png 768w, https:\/\/www.tgrthaber.com\/mavikadin\/wp-content\/uploads\/Ekran-goruntusu-2025-12-09-093528.png 1526w\" sizes=\"(max-width: 1208px) 100vw, 1208px\" \/><\/p>\n<hr \/>\n<p>Ya\u015fananlar sonras\u0131 Adil, Furtuna kona\u011f\u0131n\u0131 patlat\u0131r ancak i\u00e7eride Esme&#8217;nin oldu\u011funu bilmez. O s\u0131ra Zarife&#8217;den heasap sormaya giden Esme&#8217;de patlamayla birlikte i\u00e7eride kal\u0131r.<\/p>\n<p><img loading=\"lazy\" decoding=\"async\" class=\"alignnone wp-image-273027\" src=\"https:\/\/www.tgrthaber.com\/mavikadin\/wp-content\/uploads\/Ekran-goruntusu-2025-12-09-093606-300x163.png\" alt=\"\" width=\"1208\" height=\"657\" title=\"\" srcset=\"https:\/\/www.tgrthaber.com\/mavikadin\/wp-content\/uploads\/Ekran-goruntusu-2025-12-09-093606-300x163.png 300w, https:\/\/www.tgrthaber.com\/mavikadin\/wp-content\/uploads\/Ekran-goruntusu-2025-12-09-093606-1024x557.png 1024w, https:\/\/www.tgrthaber.com\/mavikadin\/wp-content\/uploads\/Ekran-goruntusu-2025-12-09-093606-768x418.png 768w, https:\/\/www.tgrthaber.com\/mavikadin\/wp-content\/uploads\/Ekran-goruntusu-2025-12-09-093606.png 1505w\" sizes=\"(max-width: 1208px) 100vw, 1208px\" \/><\/p>\n<hr \/>\n<p>Yeni b\u00f6l\u00fcm fragman\u0131nda Esme&#8217;yi Adil kurtaracakt\u0131r. Ancak Esme ve Adil&#8217;i \u015eerif s\u00fcrprizi bekler. \u015eerif Esme&#8217;yi ka\u00e7\u0131r\u0131r ve Ta\u015facak Bu Deniz 10. b\u00f6l\u00fcm 2. fragmanda Esme Adil&#8217;i vurur. Peki Esme&#8217;ye ne olacak? Esme t\u00fcm ger\u00e7ekleri Ko\u00e7ari ailesine diyecek mi? Esme hapse mi girecek? Ta\u015facak Bu Deniz yeni b\u00f6l\u00fcm izleyiciyi yine koltuklara m\u0131hlayacak gibi g\u00f6r\u00fcn\u00fcyor.<\/p>\n<div style=\"width: 640px;\" class=\"wp-video\"><!--[if lt IE 9]><script>document.createElement('video');<\/script><![endif]-->\n<video class=\"wp-video-shortcode\" id=\"video-273007-1\" width=\"640\" height=\"360\" preload=\"metadata\" controls=\"controls\"><source type=\"video\/mp4\" src=\"https:\/\/www.tgrthaber.com\/mavikadin\/wp-content\/uploads\/8qIrLwZXQM1JMCkv-online-video-cutter.com_.mp4?_=1\" \/><a href=\"https:\/\/www.tgrthaber.com\/mavikadin\/wp-content\/uploads\/8qIrLwZXQM1JMCkv-online-video-cutter.com_.mp4\">https:\/\/www.tgrthaber.com\/mavikadin\/wp-content\/uploads\/8qIrLwZXQM1JMCkv-online-video-cutter.com_.mp4<\/a><\/video><\/div>\n<hr \/>\n<h3>TA\u015eACAK BU DEN\u0130Z SON B\u00d6L\u00dcM NELER OLDU?<\/h3>\n<p><a href=\"https:\/\/www.tgrthaber.com\/mavikadin\/tasacak-bu-deniz-sevcan-kimdir-hande-nur-tekin-kim-kac-yasinda\/\">Ta\u015facak Bu Deniz<\/a>, Eleni kariyeri i\u00e7in yurtd\u0131\u015f\u0131na gitmeye kalksa da Adil&#8217;in a\u011flamas\u0131na dayanamay\u0131p geri d\u00f6ner. Gitmeden hemen \u00f6nce Eleni, Adil&#8217;e ger\u00e7ekleri anlat\u0131r. Esme ile bir bebekleri oldu\u011funu \u00f6\u011frenen Adil, Esme&#8217;yi de alarak k\u0131zlar\u0131n\u0131n mezar\u0131na giderler.<\/p>\n<p><img loading=\"lazy\" decoding=\"async\" class=\"alignnone wp-image-273032\" src=\"https:\/\/www.tgrthaber.com\/mavikadin\/wp-content\/uploads\/i-41-4-300x169.webp\" alt=\"\" width=\"1208\" height=\"680\" title=\"\" srcset=\"https:\/\/www.tgrthaber.com\/mavikadin\/wp-content\/uploads\/i-41-4-300x169.webp 300w, https:\/\/www.tgrthaber.com\/mavikadin\/wp-content\/uploads\/i-41-4.webp 480w\" sizes=\"(max-width: 1208px) 100vw, 1208px\" \/><\/p>\n<hr \/>\n<p>Eleni Amerika&#8217;ya gidecekken \u00f6nce Oru\u00e7 radar\u0131na yakalansa da gitmekten vazge\u00e7mez. Sonra telefonla g\u00f6r\u00fc\u015ft\u00fc\u011f\u00fc Adil i\u00e7in gitmekten vazge\u00e7er ve Trabzon&#8217;a geri d\u00f6ner. Adil Furtunal\u0131lara cezay\u0131 en a\u011f\u0131r \u015fekilde keser ve 20 g\u00fcn i\u00e7inde Karadeniz&#8217;den gitmelerini s\u00f6yler.<\/p>\n","protected":false},"excerpt":{"rendered":"<p>TRT 1&#8217;in reyting rekortmeni dizisi Ta\u015facak Bu Deniz, yani b\u00f6l\u00fcm fragman\u0131yla g\u00fcndmei alt\u00fcst etti. Sosyal medyaya damga vuran Ta\u015facak Bu Deniz 2. b\u00f6l\u00fcm fragman\u0131 oortal\u0131\u011f\u0131 adeta sallad\u0131. Fragmanda en dikkat \u00e7eken ise Esme&#8217;nin \u015eerif&#8217;le olan tart\u0131\u015fma sahnesi oldu. Peki Ta\u015facak Bu Deniz Esme \u015eerif&#8217;i mi vurdu? Esme hapse mi gerecek? \u0130\u015fte Ta\u015facak Bu Deniz 10. b\u00f6l\u00fcm 2. fragman ve t\u00fcm detaylar&#8230;<\/p>\n","protected":false},"author":35,"featured_media":273018,"comment_status":"closed","ping_status":"closed","sticky":false,"template":"","format":"standard","meta":{"rank_math_lock_modified_date":false,"footnotes":""},"categories":[602],"tags":[3602,61052,67679,64596,66874],"class_list":["post-273007","post","type-post","status-publish","format-standard","has-post-thumbnail","hentry","category-diziler","tag-diziler","tag-tasacak-bu-deniz","tag-tasacak-bu-deniz-10-bolum","tag-tasacak-bu-deniz-esme","tag-tasacak-bu-deniz-fragman"],"_links":{"self":[{"href":"https:\/\/www.tgrthaber.com\/mavikadin\/wp-json\/wp\/v2\/posts\/273007"}],"collection":[{"href":"https:\/\/www.tgrthaber.com\/mavikadin\/wp-json\/wp\/v2\/posts"}],"about":[{"href":"https:\/\/www.tgrthaber.com\/mavikadin\/wp-json\/wp\/v2\/types\/post"}],"author":[{"embeddable":true,"href":"https:\/\/www.tgrthaber.com\/mavikadin\/wp-json\/wp\/v2\/users\/35"}],"replies":[{"embeddable":true,"href":"https:\/\/www.tgrthaber.com\/mavikadin\/wp-json\/wp\/v2\/comments?post=273007"}],"version-history":[{"count":2,"href":"https:\/\/www.tgrthaber.com\/mavikadin\/wp-json\/wp\/v2\/posts\/273007\/revisions"}],"predecessor-version":[{"id":273036,"href":"https:\/\/www.tgrthaber.com\/mavikadin\/wp-json\/wp\/v2\/posts\/273007\/revisions\/273036"}],"wp:featuredmedia":[{"embeddable":true,"href":"https:\/\/www.tgrthaber.com\/mavikadin\/wp-json\/wp\/v2\/media\/273018"}],"wp:attachment":[{"href":"https:\/\/www.tgrthaber.com\/mavikadin\/wp-json\/wp\/v2\/media?parent=273007"}],"wp:term":[{"taxonomy":"category","embeddable":true,"href":"https:\/\/www.tgrthaber.com\/mavikadin\/wp-json\/wp\/v2\/categories?post=273007"},{"taxonomy":"post_tag","embeddable":true,"href":"https:\/\/www.tgrthaber.com\/mavikadin\/wp-json\/wp\/v2\/tags?post=273007"}],"curies":[{"name":"wp","href":"https:\/\/api.w.org\/{rel}","templated":true}]}}