{"id":273009,"date":"2025-12-09T09:24:48","date_gmt":"2025-12-09T06:24:48","guid":{"rendered":"https:\/\/www.tgrthaber.com\/mavikadin\/?p=273009"},"modified":"2025-12-09T09:24:48","modified_gmt":"2025-12-09T06:24:48","slug":"mustafa-semih-demirci-kac-yasinda-mustafa-semih-demirci-aslen-nereli","status":"publish","type":"post","link":"https:\/\/www.tgrthaber.com\/mavikadin\/mustafa-semih-demirci-kac-yasinda-mustafa-semih-demirci-aslen-nereli\/","title":{"rendered":"Mustafa Semih Demirci ka\u00e7 ya\u015f\u0131nda? Mustafa Semih Demirci aslen nereli?"},"content":{"rendered":"<p>Mustafa Semih Demirci\u2019nin \u00f6zel hayat\u0131na dair detaylar ara\u015ft\u0131r\u0131lmaya ba\u015fland\u0131. \u00a0\u00dcnl\u00fc oyuncu Y\u0131ld\u0131z Asyal\u0131 ile yapt\u0131\u011f\u0131 evlilikle ad\u0131n\u0131 duyuran Mustafa Semih Demirci\u2019nin kim oldu\u011fu merak ediliyor. Peki, Mustafa Semih Demirci kimdir? Mustafa Semih Demirci ka\u00e7 ya\u015f\u0131nda? Mustafa Semih Demirci aslen nereli? Mustafa Semih Demirci hakk\u0131nda merak edilenleri sizin i\u00e7in ara\u015ft\u0131rd\u0131k. \u0130\u015fte Mustafa Semih Demirci\u2019ye dair bilinmeyenler\u2026<\/p>\n<h3>MUSTAFA SEM\u0130H DEM\u0130RC\u0130 K\u0130MD\u0130R?<\/h3>\n<p>Mustafa Semih Demirci, \u00fcnl\u00fc oyuncu <a href=\"https:\/\/www.tgrthaber.com\/mavikadin\/yildiz-asyali-esinden-gordugu-siddeti-o-fotografla-duyurdu-sosyal-medyayi-ayaga-kaldiran-paylasim\/\">Y\u0131ld\u0131z Asyal\u0131\u2019n\u0131n<\/a> e\u015fidir. Asyal\u0131 ile ger\u00e7ekle\u015ftirdi\u011fi evlilikle ad\u0131n\u0131 duyuran Demirci, i\u015f d\u00fcnyas\u0131nda faaliyet g\u00f6steren bir isimdir. Kamuoyunda daha \u00e7ok Asyal\u0131 ile olan evlili\u011fiyle ad\u0131n\u0131 duyuran Demirci, i\u015f hayat\u0131ndaki ba\u015far\u0131s\u0131yla tan\u0131n\u0131yor.<\/p>\n<p><img loading=\"lazy\" decoding=\"async\" class=\"size-full wp-image-273012\" src=\"https:\/\/www.tgrthaber.com\/mavikadin\/wp-content\/uploads\/Mustafa-Semih-Demirci-6-1.jpg\" alt=\"Mustafa Semih Demirci ka\u00e7 ya\u015f\u0131nda? Mustafa Semih Demirci aslen nereli? \" width=\"1208\" height=\"680\" title=\"\" srcset=\"https:\/\/www.tgrthaber.com\/mavikadin\/wp-content\/uploads\/Mustafa-Semih-Demirci-6-1.jpg 1208w, https:\/\/www.tgrthaber.com\/mavikadin\/wp-content\/uploads\/Mustafa-Semih-Demirci-6-1-300x169.jpg 300w, https:\/\/www.tgrthaber.com\/mavikadin\/wp-content\/uploads\/Mustafa-Semih-Demirci-6-1-1024x576.jpg 1024w, https:\/\/www.tgrthaber.com\/mavikadin\/wp-content\/uploads\/Mustafa-Semih-Demirci-6-1-768x432.jpg 768w\" sizes=\"(max-width: 1208px) 100vw, 1208px\" \/><\/p>\n<hr \/>\n<p>Mustafa Semih Demirci\u2019nin \u00f6zel hayat\u0131 hakk\u0131nda kamuoyunda pek fazla bilgi bulunmuyor. Kariyeri ve evlili\u011fiyle dikkatleri \u00fczerine \u00e7eken Demirci, \u00f6zel sekt\u00f6rde faaliyet g\u00f6steren bir i\u015f insan\u0131d\u0131r. May\u0131s 2025\u2019te Eyvah K\u0131z\u0131m B\u00fcy\u00fcd\u00fc, Hayat Bilgisi ve Avrupa Yakas\u0131 gibi dizileriyle ad\u0131n\u0131 duyuran Y\u0131ld\u0131z Asyal\u0131 ile yapt\u0131\u011f\u0131 evlilikle g\u00fcndeme gelen Demirci, medyadan uzak bir \u015fekilde hayat\u0131n\u0131 s\u00fcrd\u00fcrmeye devam ediyor.<\/p>\n<p><img loading=\"lazy\" decoding=\"async\" class=\"size-full wp-image-273014\" src=\"https:\/\/www.tgrthaber.com\/mavikadin\/wp-content\/uploads\/Mustafa-Semih-Demirci-8-1.jpg\" alt=\"Mustafa Semih Demirci ka\u00e7 ya\u015f\u0131nda? Mustafa Semih Demirci aslen nereli? \" width=\"1208\" height=\"680\" title=\"\" srcset=\"https:\/\/www.tgrthaber.com\/mavikadin\/wp-content\/uploads\/Mustafa-Semih-Demirci-8-1.jpg 1208w, https:\/\/www.tgrthaber.com\/mavikadin\/wp-content\/uploads\/Mustafa-Semih-Demirci-8-1-300x169.jpg 300w, https:\/\/www.tgrthaber.com\/mavikadin\/wp-content\/uploads\/Mustafa-Semih-Demirci-8-1-1024x576.jpg 1024w, https:\/\/www.tgrthaber.com\/mavikadin\/wp-content\/uploads\/Mustafa-Semih-Demirci-8-1-768x432.jpg 768w\" sizes=\"(max-width: 1208px) 100vw, 1208px\" \/><\/p>\n<hr \/>\n<h3>MUSTAFA SEM\u0130H DEM\u0130RC\u0130 KA\u00c7 YA\u015eINDA?<\/h3>\n<p><a href=\"https:\/\/www.tgrthaber.com\/mavikadin\/mustafa-semih-demirci-kimdir-yildiz-asyalinin-esi-mustafa-semih-demirci-ne-is-yapar\/\">Mustafa Semih Demirci<\/a> hakk\u0131nda kamuoyunda ve sosyal medyada \u00e7ok fazla bilgi bulunmuyor. May\u0131s 2025 tarihinde hayat\u0131n\u0131 oyuncu Y\u0131ld\u0131z Asyal\u0131 ile birle\u015ftiren Demirci, yapt\u0131\u011f\u0131 s\u00fcrpriz evlilikle ad\u0131ndan s\u00f6z ettirdi.<\/p>\n<p><img loading=\"lazy\" decoding=\"async\" class=\"size-full wp-image-273015\" src=\"https:\/\/www.tgrthaber.com\/mavikadin\/wp-content\/uploads\/Mustafa-Semih-Demirci-1-1.jpg\" alt=\"Mustafa Semih Demirci ka\u00e7 ya\u015f\u0131nda? Mustafa Semih Demirci aslen nereli? \" width=\"1208\" height=\"680\" title=\"\" srcset=\"https:\/\/www.tgrthaber.com\/mavikadin\/wp-content\/uploads\/Mustafa-Semih-Demirci-1-1.jpg 1208w, https:\/\/www.tgrthaber.com\/mavikadin\/wp-content\/uploads\/Mustafa-Semih-Demirci-1-1-300x169.jpg 300w, https:\/\/www.tgrthaber.com\/mavikadin\/wp-content\/uploads\/Mustafa-Semih-Demirci-1-1-1024x576.jpg 1024w, https:\/\/www.tgrthaber.com\/mavikadin\/wp-content\/uploads\/Mustafa-Semih-Demirci-1-1-768x432.jpg 768w\" sizes=\"(max-width: 1208px) 100vw, 1208px\" \/><\/p>\n<hr \/>\n<p>Mustafa Semih Demirci\u2019nin do\u011fum tarihine ve ya\u015f\u0131na dair resmi ve kesin bir bilgi bulunmuyor. 40\u2019l\u0131 ya\u015flar\u0131n ba\u015flar\u0131nda oldu\u011fu s\u00f6ylenen Demirci\u2019nin e\u015fi <a href=\"https:\/\/www.tgrthaber.com\/mavikadin\/yildiz-asyali-esinden-gordugu-siddeti-o-fotografla-duyurdu-sosyal-medyayi-ayaga-kaldiran-paylasim\/\">Y\u0131ld\u0131z Asyal\u0131<\/a> ile yak\u0131n ya\u015flarda oldu\u011fu tahmin ediliyor.<\/p>\n<p><img loading=\"lazy\" decoding=\"async\" class=\"size-full wp-image-273011\" src=\"https:\/\/www.tgrthaber.com\/mavikadin\/wp-content\/uploads\/Mustafa-Semih-Demirci-5-1.jpg\" alt=\"Mustafa Semih Demirci ka\u00e7 ya\u015f\u0131nda? Mustafa Semih Demirci aslen nereli? \" width=\"1208\" height=\"680\" title=\"\" srcset=\"https:\/\/www.tgrthaber.com\/mavikadin\/wp-content\/uploads\/Mustafa-Semih-Demirci-5-1.jpg 1208w, https:\/\/www.tgrthaber.com\/mavikadin\/wp-content\/uploads\/Mustafa-Semih-Demirci-5-1-300x169.jpg 300w, https:\/\/www.tgrthaber.com\/mavikadin\/wp-content\/uploads\/Mustafa-Semih-Demirci-5-1-1024x576.jpg 1024w, https:\/\/www.tgrthaber.com\/mavikadin\/wp-content\/uploads\/Mustafa-Semih-Demirci-5-1-768x432.jpg 768w\" sizes=\"(max-width: 1208px) 100vw, 1208px\" \/><\/p>\n<hr \/>\n<h3>MUSTAFA SEM\u0130H DEM\u0130RC\u0130 ASLEN NEREL\u0130?<\/h3>\n<p>Mustafa Semih Demirci\u2019nin aslen nereli oldu\u011fu da merakla ara\u015ft\u0131r\u0131lan sorular aras\u0131nda yer al\u0131yor. Demirci\u2019nin memleketi hakk\u0131nda net bir bilgi bulunmuyor. Nereli oldu\u011funa dair do\u011frulanm\u0131\u015f ve kesin bir bilgi bulunmayan Demirci\u2019nin baz\u0131 kaynaklarda Ege B\u00f6lgesi k\u00f6kenli olabilece\u011fi s\u00f6yleniyor.<\/p>\n<p><img loading=\"lazy\" decoding=\"async\" class=\"size-full wp-image-273013\" src=\"https:\/\/www.tgrthaber.com\/mavikadin\/wp-content\/uploads\/Mustafa-Semih-Demirci-7-1.jpg\" alt=\"Mustafa Semih Demirci ka\u00e7 ya\u015f\u0131nda? Mustafa Semih Demirci aslen nereli? \" width=\"1208\" height=\"680\" title=\"\" srcset=\"https:\/\/www.tgrthaber.com\/mavikadin\/wp-content\/uploads\/Mustafa-Semih-Demirci-7-1.jpg 1208w, https:\/\/www.tgrthaber.com\/mavikadin\/wp-content\/uploads\/Mustafa-Semih-Demirci-7-1-300x169.jpg 300w, https:\/\/www.tgrthaber.com\/mavikadin\/wp-content\/uploads\/Mustafa-Semih-Demirci-7-1-1024x576.jpg 1024w, https:\/\/www.tgrthaber.com\/mavikadin\/wp-content\/uploads\/Mustafa-Semih-Demirci-7-1-768x432.jpg 768w\" sizes=\"(max-width: 1208px) 100vw, 1208px\" \/><\/p>\n<hr \/>\n<p>Daha \u00e7ok i\u015f d\u00fcnyas\u0131ndaki ba\u015far\u0131s\u0131 ve giri\u015fimci ki\u015fili\u011fiyle tan\u0131nan Mustafa Semih Demirci\u2019nin \u00f6zel sekt\u00f6rde aktif olarak rol al\u0131yor. \u00dcnl\u00fc oyuncu Y\u0131ld\u0131z Asyal\u0131 ile evlili\u011fiyle dikkatleri \u00fczerine \u00e7eken Demirci\u2019nin \u00f6zel hayat\u0131 hakk\u0131nda \u00e7ok fazla bilgi bulunmuyor.<\/p>\n","protected":false},"excerpt":{"rendered":"<p>\u00dcnl\u00fc oyuncu Y\u0131ld\u0131z Asyal\u0131 ile yapt\u0131\u011f\u0131 evlilikle ad\u0131n\u0131 duyuran Mustafa Semih Demirci\u2019nin kim oldu\u011fu ara\u015ft\u0131r\u0131l\u0131yor. Peki, Mustafa Semih Demirci ka\u00e7 ya\u015f\u0131nda? Mustafa Semih Demirci aslen nereli?  \u0130\u015fte detaylar\u2026<\/p>\n","protected":false},"author":26,"featured_media":273010,"comment_status":"closed","ping_status":"closed","sticky":false,"template":"","format":"standard","meta":{"rank_math_lock_modified_date":false,"footnotes":""},"categories":[491],"tags":[3374,16521,21729,67861,21728],"class_list":["post-273009","post","type-post","status-publish","format-standard","has-post-thumbnail","hentry","category-biyografi","tag-biyografi","tag-biyografi-haberleri","tag-mustafa-semih-demirci","tag-mustafa-semih-demirci-kimdir","tag-yildiz-asyali"],"_links":{"self":[{"href":"https:\/\/www.tgrthaber.com\/mavikadin\/wp-json\/wp\/v2\/posts\/273009"}],"collection":[{"href":"https:\/\/www.tgrthaber.com\/mavikadin\/wp-json\/wp\/v2\/posts"}],"about":[{"href":"https:\/\/www.tgrthaber.com\/mavikadin\/wp-json\/wp\/v2\/types\/post"}],"author":[{"embeddable":true,"href":"https:\/\/www.tgrthaber.com\/mavikadin\/wp-json\/wp\/v2\/users\/26"}],"replies":[{"embeddable":true,"href":"https:\/\/www.tgrthaber.com\/mavikadin\/wp-json\/wp\/v2\/comments?post=273009"}],"version-history":[{"count":2,"href":"https:\/\/www.tgrthaber.com\/mavikadin\/wp-json\/wp\/v2\/posts\/273009\/revisions"}],"predecessor-version":[{"id":273017,"href":"https:\/\/www.tgrthaber.com\/mavikadin\/wp-json\/wp\/v2\/posts\/273009\/revisions\/273017"}],"wp:featuredmedia":[{"embeddable":true,"href":"https:\/\/www.tgrthaber.com\/mavikadin\/wp-json\/wp\/v2\/media\/273010"}],"wp:attachment":[{"href":"https:\/\/www.tgrthaber.com\/mavikadin\/wp-json\/wp\/v2\/media?parent=273009"}],"wp:term":[{"taxonomy":"category","embeddable":true,"href":"https:\/\/www.tgrthaber.com\/mavikadin\/wp-json\/wp\/v2\/categories?post=273009"},{"taxonomy":"post_tag","embeddable":true,"href":"https:\/\/www.tgrthaber.com\/mavikadin\/wp-json\/wp\/v2\/tags?post=273009"}],"curies":[{"name":"wp","href":"https:\/\/api.w.org\/{rel}","templated":true}]}}