{"id":273019,"date":"2025-12-09T10:07:19","date_gmt":"2025-12-09T07:07:19","guid":{"rendered":"https:\/\/www.tgrthaber.com\/mavikadin\/?p=273019"},"modified":"2025-12-09T10:07:19","modified_gmt":"2025-12-09T07:07:19","slug":"bugun-televizyonda-hangi-diziler-var-9-aralik-yayin-akisi","status":"publish","type":"post","link":"https:\/\/www.tgrthaber.com\/mavikadin\/bugun-televizyonda-hangi-diziler-var-9-aralik-yayin-akisi\/","title":{"rendered":"Bug\u00fcn televizyonda hangi diziler var? 9 Aral\u0131k yay\u0131n ak\u0131\u015f\u0131"},"content":{"rendered":"<p>9 Aral\u0131k 2025 Sal\u0131 g\u00fcn\u00fc televizyon yay\u0131n ak\u0131\u015f\u0131, birbirinden farkl\u0131 dizi ve programlarla dikkat \u00e7ekiyor. Kanal D, ATV, Show TV, Star TV, NOW TV, TRT 1 ve TV8 kanallar\u0131n\u0131n g\u00fcn boyu s\u00fcrecek olan yay\u0131nlar\u0131 izleyiciler taraf\u0131ndan merakla takip edilmeye ba\u015fland\u0131. \u0130\u015fte bu ak\u015fam yay\u0131nlanacak diziler&#8230;<\/p>\n<h3>9 ARALIK 2025 YAYIN AKI\u015eI BU AK\u015eAM HANG\u0130 D\u0130Z\u0130LER VAR?<\/h3>\n<p>9 Aral\u0131k 2025 Sal\u0131 g\u00fcn\u00fc <a href=\"https:\/\/www.tgrthaber.com\/mavikadin\/bugun-tv-de-ne-var-3-aralik-2025-televizyon-kanallarinin-yayin-akisi\/\">televizyon<\/a> yay\u0131n ak\u0131\u015f\u0131, ulusal kanallarda ekranlara gelecek dizi, film ve e\u011flence programlar\u0131yla izleyicilerin dikkatini \u00e7ekiyor. Kanal D, ATV, Show TV, Star TV, NOW TV (FOX TV), TRT 1 ve TV8 kanallar\u0131n\u0131n g\u00fcn boyu yay\u0131nlanacak programlar\u0131 merak konusu olmaya ba\u015flad\u0131. G\u00fcn\u00fcn yorgunlu\u011funu atmak isteyen izleyiciler, \u201cBu ak\u015fam televizyonda ne var? 9 Aral\u0131k Sal\u0131 dizileri neler?\u201d sorular\u0131na yan\u0131t ar\u0131yor.<\/p>\n<p><img loading=\"lazy\" decoding=\"async\" class=\"alignnone size-full wp-image-273021\" src=\"https:\/\/www.tgrthaber.com\/mavikadin\/wp-content\/uploads\/Asli-2025-12-09T095148.486.png\" alt=\"\" width=\"1208\" height=\"680\" title=\"\" srcset=\"https:\/\/www.tgrthaber.com\/mavikadin\/wp-content\/uploads\/Asli-2025-12-09T095148.486.png 1208w, https:\/\/www.tgrthaber.com\/mavikadin\/wp-content\/uploads\/Asli-2025-12-09T095148.486-300x169.png 300w, https:\/\/www.tgrthaber.com\/mavikadin\/wp-content\/uploads\/Asli-2025-12-09T095148.486-1024x576.png 1024w, https:\/\/www.tgrthaber.com\/mavikadin\/wp-content\/uploads\/Asli-2025-12-09T095148.486-768x432.png 768w\" sizes=\"(max-width: 1208px) 100vw, 1208px\" \/><\/p>\n<hr \/>\n<p>Aral\u0131k ay\u0131n\u0131n ilgi \u00e7eken dizileri aras\u0131nda G\u00f6zleri KaraDeniz, K\u0131l\u0131b\u0131k, K\u0131skanmak, R\u00fcya Gibi, Kral Kaybederse, Mehmed: Fetihler Sultan\u0131, MasterChef T\u00fcrkiye gibi yap\u0131mlar yer al\u0131yor. Sal\u0131 ak\u015fam\u0131 kanallar\u0131n yay\u0131n ak\u0131\u015f\u0131 izleyicilere zengin bir i\u00e7erik sunuyor.<\/p>\n<p><img loading=\"lazy\" decoding=\"async\" class=\"alignnone size-full wp-image-273023\" src=\"https:\/\/www.tgrthaber.com\/mavikadin\/wp-content\/uploads\/Asli-2025-12-09T095220.830.png\" alt=\"\" width=\"1208\" height=\"680\" title=\"\" srcset=\"https:\/\/www.tgrthaber.com\/mavikadin\/wp-content\/uploads\/Asli-2025-12-09T095220.830.png 1208w, https:\/\/www.tgrthaber.com\/mavikadin\/wp-content\/uploads\/Asli-2025-12-09T095220.830-300x169.png 300w, https:\/\/www.tgrthaber.com\/mavikadin\/wp-content\/uploads\/Asli-2025-12-09T095220.830-1024x576.png 1024w, https:\/\/www.tgrthaber.com\/mavikadin\/wp-content\/uploads\/Asli-2025-12-09T095220.830-768x432.png 768w\" sizes=\"(max-width: 1208px) 100vw, 1208px\" \/><\/p>\n<hr \/>\n<h3>9 ARALIK 2025 SALI ATV YAYIN AKI\u015eI<\/h3>\n<p>08.00 Kahvalt\u0131 Haberleri<\/p>\n<p>10.00 M\u00fcge Anl\u0131 ile Tatl\u0131 Sert<\/p>\n<p>13:00 atv G\u00fcn Ortas\u0131<\/p>\n<p>14:00 Mutfak Bahane<\/p>\n<p>16.00 Esra Erol\u2019da<\/p>\n<p>19.00 atv Ana Haber<\/p>\n<p>20.00 G\u00f6zleri KaraDeniz<\/p>\n<p><img loading=\"lazy\" decoding=\"async\" class=\"alignnone size-full wp-image-273034\" src=\"https:\/\/www.tgrthaber.com\/mavikadin\/wp-content\/uploads\/Asli-2025-12-09T095848.349.png\" alt=\"\" width=\"1208\" height=\"680\" title=\"\" srcset=\"https:\/\/www.tgrthaber.com\/mavikadin\/wp-content\/uploads\/Asli-2025-12-09T095848.349.png 1208w, https:\/\/www.tgrthaber.com\/mavikadin\/wp-content\/uploads\/Asli-2025-12-09T095848.349-300x169.png 300w, https:\/\/www.tgrthaber.com\/mavikadin\/wp-content\/uploads\/Asli-2025-12-09T095848.349-1024x576.png 1024w, https:\/\/www.tgrthaber.com\/mavikadin\/wp-content\/uploads\/Asli-2025-12-09T095848.349-768x432.png 768w\" sizes=\"(max-width: 1208px) 100vw, 1208px\" \/><\/p>\n<hr \/>\n<h3>9 ARALIK 2025 SALI KANAL D YAYIN AKI\u015eI<\/h3>\n<p>07:00 \u00d6yle Bir Ge\u00e7er Zaman Ki<\/p>\n<p>09.o0 Neler Oluyor Hayatta?<\/p>\n<p>11.00 Yaprak D\u00f6k\u00fcm\u00fc<\/p>\n<p>14.00 Gelinim Mutfakta<\/p>\n<p>16.45 Uzak \u015eehir<\/p>\n<p>18.30 Kanal D Ana Haber<\/p>\n<p>20.00 K\u0131l\u0131b\u0131k<\/p>\n<p>21.45 K\u0131l\u0131b\u0131k<\/p>\n<h3>9 ARALIK 2025 SALI NOW TV (FOX TV) YAYIN AKI\u015eI<\/h3>\n<p>07.30 \u0130lk Bak\u0131\u015f<\/p>\n<p>08:00 \u00c7alar Saat<\/p>\n<p>10.45 \u00c7a\u011fla ile Yeni Bir G\u00fcn<\/p>\n<p>12.30 Yasak Elma<\/p>\n<p>13.30 En Hamarat Benim<\/p>\n<p>16.30 K\u0131skanmak<\/p>\n<p>19.00 Now Ana Haber<\/p>\n<p>20.00 K\u0131skanmak<\/p>\n<p>00.00 Sak\u0131ncal\u0131<\/p>\n<p><img loading=\"lazy\" decoding=\"async\" class=\"alignnone size-full wp-image-273037\" src=\"https:\/\/www.tgrthaber.com\/mavikadin\/wp-content\/uploads\/Asli-2025-12-09T100119.466.png\" alt=\"\" width=\"1208\" height=\"680\" title=\"\" srcset=\"https:\/\/www.tgrthaber.com\/mavikadin\/wp-content\/uploads\/Asli-2025-12-09T100119.466.png 1208w, https:\/\/www.tgrthaber.com\/mavikadin\/wp-content\/uploads\/Asli-2025-12-09T100119.466-300x169.png 300w, https:\/\/www.tgrthaber.com\/mavikadin\/wp-content\/uploads\/Asli-2025-12-09T100119.466-1024x576.png 1024w, https:\/\/www.tgrthaber.com\/mavikadin\/wp-content\/uploads\/Asli-2025-12-09T100119.466-768x432.png 768w\" sizes=\"(max-width: 1208px) 100vw, 1208px\" \/><\/p>\n<hr \/>\n<h3>9 ARALIK 2025 SALI SHOW TV YAYIN AKI\u015eI<\/h3>\n<p>06.00 Yeni Gelin<\/p>\n<p>08.15 Bu Sabah<\/p>\n<p>10.00 R\u00fcya Gibi<\/p>\n<p>12.30 Gelin Evi<\/p>\n<p>15.00 Didem Arslan Y\u0131lmaz\u2019la Vazge\u00e7me<\/p>\n<p>18.45 Show Ana Haber<\/p>\n<p>20.00 R\u00fcya Gibi<\/p>\n<p>22.30 R\u00fcya Gibi<\/p>\n<h3>9 ARALIK 2025 SALI STAR TV YAYIN AKI\u015eI<\/h3>\n<p>07.00 Kiral\u0131k A\u015fk<\/p>\n<p>09.30 Song\u00fcl ve U\u011fur ile Sana De\u011fer<\/p>\n<p>13.30 Nur Viral ile Sen \u0130stersen<\/p>\n<p>16.15 S\u00f6z<\/p>\n<p>19.00 Star Haber<\/p>\n<p>20.00 Kral Kaybederse<\/p>\n<p><img loading=\"lazy\" decoding=\"async\" class=\"alignnone size-full wp-image-273038\" src=\"https:\/\/www.tgrthaber.com\/mavikadin\/wp-content\/uploads\/Asli-2025-12-09T100119.466-1.png\" alt=\"\" width=\"1208\" height=\"680\" title=\"\" srcset=\"https:\/\/www.tgrthaber.com\/mavikadin\/wp-content\/uploads\/Asli-2025-12-09T100119.466-1.png 1208w, https:\/\/www.tgrthaber.com\/mavikadin\/wp-content\/uploads\/Asli-2025-12-09T100119.466-1-300x169.png 300w, https:\/\/www.tgrthaber.com\/mavikadin\/wp-content\/uploads\/Asli-2025-12-09T100119.466-1-1024x576.png 1024w, https:\/\/www.tgrthaber.com\/mavikadin\/wp-content\/uploads\/Asli-2025-12-09T100119.466-1-768x432.png 768w\" sizes=\"(max-width: 1208px) 100vw, 1208px\" \/><\/p>\n<h3>9 ARALIK 2025 SALI TRT 1 YAYIN AKI\u015eI<\/h3>\n<p>05.40 Lezzetli Tavsiye<\/p>\n<p>09.25 Ad\u0131n\u0131 Sen Koy<\/p>\n<p>10.30 Ali\u015fan ile Hayata G\u00fcl\u00fcmse<\/p>\n<p>13.15 Seksenler<\/p>\n<p>14.20 Kasaba Doktoru<\/p>\n<p>17.45 Lingo T\u00fcrkiye<\/p>\n<p>19.00 Ana Haber<\/p>\n<p>20.00 Mehmed: Fetihler Sultan\u0131<\/p>\n<p>23.00 Monaco-Galatasaray<\/p>\n<h3>9 ARALIK 2025 SALI TV8 YAYIN AKI\u015eI<\/h3>\n<p>06.00 Tuzak<\/p>\n<p>07.15 Ebru ile 8\u2019de Sa\u011fl\u0131k<\/p>\n<p>08.30 Oynat Bakal\u0131m<\/p>\n<p>09.00 Gel Konu\u015fal\u0131m<\/p>\n<p>12.30 Zahide Yeti\u015f\u2019le Sence?<\/p>\n<p>16.00 Zuhal Topal\u2019la Yemekteyiz<\/p>\n<p>20.00 MasterChef T\u00fcrkiye<\/p>\n","protected":false},"excerpt":{"rendered":"<p>9 Aral\u0131k Sal\u0131 g\u00fcn\u00fc televizyon yay\u0131n ak\u0131\u015f\u0131 farkl\u0131 dizi ve programlar belli oldu. Kanal D, ATV, Show TV, Star TV, NOW TV, TRT 1 g\u00fcn boyu s\u00fcrecek olan yay\u0131n ak\u0131\u015f\u0131 merak edildi.Peki, Bug\u00fcn televizyonda hangi diziler var?<\/p>\n","protected":false},"author":37,"featured_media":273020,"comment_status":"closed","ping_status":"closed","sticky":false,"template":"","format":"standard","meta":{"rank_math_lock_modified_date":false,"footnotes":""},"categories":[602],"tags":[67862,3602],"class_list":["post-273019","post","type-post","status-publish","format-standard","has-post-thumbnail","hentry","category-diziler","tag-9-aralik","tag-diziler"],"_links":{"self":[{"href":"https:\/\/www.tgrthaber.com\/mavikadin\/wp-json\/wp\/v2\/posts\/273019"}],"collection":[{"href":"https:\/\/www.tgrthaber.com\/mavikadin\/wp-json\/wp\/v2\/posts"}],"about":[{"href":"https:\/\/www.tgrthaber.com\/mavikadin\/wp-json\/wp\/v2\/types\/post"}],"author":[{"embeddable":true,"href":"https:\/\/www.tgrthaber.com\/mavikadin\/wp-json\/wp\/v2\/users\/37"}],"replies":[{"embeddable":true,"href":"https:\/\/www.tgrthaber.com\/mavikadin\/wp-json\/wp\/v2\/comments?post=273019"}],"version-history":[{"count":2,"href":"https:\/\/www.tgrthaber.com\/mavikadin\/wp-json\/wp\/v2\/posts\/273019\/revisions"}],"predecessor-version":[{"id":273050,"href":"https:\/\/www.tgrthaber.com\/mavikadin\/wp-json\/wp\/v2\/posts\/273019\/revisions\/273050"}],"wp:featuredmedia":[{"embeddable":true,"href":"https:\/\/www.tgrthaber.com\/mavikadin\/wp-json\/wp\/v2\/media\/273020"}],"wp:attachment":[{"href":"https:\/\/www.tgrthaber.com\/mavikadin\/wp-json\/wp\/v2\/media?parent=273019"}],"wp:term":[{"taxonomy":"category","embeddable":true,"href":"https:\/\/www.tgrthaber.com\/mavikadin\/wp-json\/wp\/v2\/categories?post=273019"},{"taxonomy":"post_tag","embeddable":true,"href":"https:\/\/www.tgrthaber.com\/mavikadin\/wp-json\/wp\/v2\/tags?post=273019"}],"curies":[{"name":"wp","href":"https:\/\/api.w.org\/{rel}","templated":true}]}}