{"id":273022,"date":"2025-12-09T10:08:01","date_gmt":"2025-12-09T07:08:01","guid":{"rendered":"https:\/\/www.tgrthaber.com\/mavikadin\/?p=273022"},"modified":"2025-12-09T10:08:01","modified_gmt":"2025-12-09T07:08:01","slug":"ahmet-mekin-esi-kim-sukran-sabuncu-kimdir-sukran-sabuncu-vefat-mi-etti","status":"publish","type":"post","link":"https:\/\/www.tgrthaber.com\/mavikadin\/ahmet-mekin-esi-kim-sukran-sabuncu-kimdir-sukran-sabuncu-vefat-mi-etti\/","title":{"rendered":"Ahmet Mekin e\u015fi kim \u015e\u00fckran Sabuncu kimdir? \u015e\u00fckran Sabuncu vefat m\u0131 etti?"},"content":{"rendered":"<p>T\u00fcrk sinemas\u0131n\u0131n \u00f6nemli isimlerinden biri olan Ahmet Mekin, hayat\u0131 ve kariyeriyle merak edilerek ara\u015ft\u0131r\u0131lmaktad\u0131r. \u00d6zellikle de e\u015finin kim oldu\u011fu merak edilirken, en \u00e7ok arat\u0131lan isimler aras\u0131nda yer al\u0131yor. Peki, Ahmet Mekin e\u015fi kim \u015e\u00fckran Sabuncu <a href=\"https:\/\/www.tgrthaber.com\/mavikadin\/biyografi\/\">kimdir?<\/a> \u015e\u00fckran Sabuncu vefat m\u0131 etti? sorular\u0131n\u0131 sizin i\u00e7in ara\u015ft\u0131rd\u0131k. \u0130\u015fte detaylar\u2026<\/p>\n<h3>AHMET MEK\u0130N E\u015e\u0130 K\u0130M \u015e\u00dcKRAN SABUNCU K\u0130MD\u0130R?<\/h3>\n<p>Sinema ile tan\u0131nan Ahmet Mekin, oyunculu\u011fuyla dikkat \u00e7ekerken merak edilerek ara\u015ft\u0131r\u0131l\u0131yor. Sineman\u0131n unutulmaz isimlerinden biri olan Ahmet Mekin, gen\u00e7li\u011fin de manifaturac\u0131l\u0131kla u\u011fra\u015fm\u0131\u015ft\u0131r.<\/p>\n<p><img loading=\"lazy\" decoding=\"async\" class=\"alignnone size-full wp-image-273047\" src=\"https:\/\/www.tgrthaber.com\/mavikadin\/wp-content\/uploads\/ehmet-mekin-6.jpg\" alt=\"Ahmet Mekin e\u015fi kim \u015e\u00fckran Sabuncu kimdir? \u015e\u00fckran Sabuncu vefat m\u0131 etti?\" width=\"1208\" height=\"680\" title=\"\" srcset=\"https:\/\/www.tgrthaber.com\/mavikadin\/wp-content\/uploads\/ehmet-mekin-6.jpg 1208w, https:\/\/www.tgrthaber.com\/mavikadin\/wp-content\/uploads\/ehmet-mekin-6-300x169.jpg 300w, https:\/\/www.tgrthaber.com\/mavikadin\/wp-content\/uploads\/ehmet-mekin-6-1024x576.jpg 1024w, https:\/\/www.tgrthaber.com\/mavikadin\/wp-content\/uploads\/ehmet-mekin-6-768x432.jpg 768w\" sizes=\"(max-width: 1208px) 100vw, 1208px\" \/><\/p>\n<hr \/>\n<p>Ayr\u0131ca gen\u00e7ken g\u00fcre\u015f sporuyla da ilgilenen Ahmet Mekin, 1957 y\u0131l\u0131nda sinemaya ad\u0131m atmas\u0131yla kariyerine bu y\u00f6nde devam etmi\u015ftir. 17 A\u011fustos 1932 y\u0131l\u0131nda d\u00fcnyaya gelen Ahmet Mekin\u2019in as\u0131l ad\u0131, Ahmet Kurteli\u2019dir. Aslen Karsl\u0131 olan \u00fcnl\u00fc isim T\u00fcrk sinemas\u0131n\u0131n da sevilen isimlerinden biridir.<\/p>\n<p><img loading=\"lazy\" decoding=\"async\" class=\"alignnone  wp-image-273046\" src=\"https:\/\/www.tgrthaber.com\/mavikadin\/wp-content\/uploads\/ehmet-mekin-5.jpg\" alt=\"Ahmet Mekin e\u015fi kim \u015e\u00fckran Sabuncu kimdir? \u015e\u00fckran Sabuncu vefat m\u0131 etti?\" width=\"1208\" height=\"680\" title=\"\" srcset=\"https:\/\/www.tgrthaber.com\/mavikadin\/wp-content\/uploads\/ehmet-mekin-5.jpg 1208w, https:\/\/www.tgrthaber.com\/mavikadin\/wp-content\/uploads\/ehmet-mekin-5-300x169.jpg 300w, https:\/\/www.tgrthaber.com\/mavikadin\/wp-content\/uploads\/ehmet-mekin-5-1024x576.jpg 1024w, https:\/\/www.tgrthaber.com\/mavikadin\/wp-content\/uploads\/ehmet-mekin-5-768x432.jpg 768w\" sizes=\"(max-width: 1208px) 100vw, 1208px\" \/><\/p>\n<hr \/>\n<p>Uzun y\u0131llar ekranlarda yer alan Ahmet Mekin, kariyeri boyunca hem sinemaya hem de tiyatro alanlar\u0131nda unutulmaz eserler b\u0131rakm\u0131\u015ft\u0131r. \u015eimdilerde 92 ya\u015f\u0131nda olan \u00fcnl\u00fc isim ya\u015fayan efsanelerden birisidir.<\/p>\n<p><img loading=\"lazy\" decoding=\"async\" class=\"alignnone size-full wp-image-273045\" src=\"https:\/\/www.tgrthaber.com\/mavikadin\/wp-content\/uploads\/ehmet-mekin-4.jpg\" alt=\"Ahmet Mekin e\u015fi kim \u015e\u00fckran Sabuncu kimdir? \u015e\u00fckran Sabuncu vefat m\u0131 etti?\" width=\"1208\" height=\"680\" title=\"\" srcset=\"https:\/\/www.tgrthaber.com\/mavikadin\/wp-content\/uploads\/ehmet-mekin-4.jpg 1208w, https:\/\/www.tgrthaber.com\/mavikadin\/wp-content\/uploads\/ehmet-mekin-4-300x169.jpg 300w, https:\/\/www.tgrthaber.com\/mavikadin\/wp-content\/uploads\/ehmet-mekin-4-1024x576.jpg 1024w, https:\/\/www.tgrthaber.com\/mavikadin\/wp-content\/uploads\/ehmet-mekin-4-768x432.jpg 768w\" sizes=\"(max-width: 1208px) 100vw, 1208px\" \/><\/p>\n<hr \/>\n<p>\u0130stanbul\u2019da do\u011fmas\u0131na ra\u011fmen Kars k\u00f6kenlidir. Sanat ya\u015fam\u0131n\u0131 b\u00fcy\u00fck \u00f6l\u00e7\u00fc de etkileyerek ya\u015fam\u0131n\u0131 uzun y\u0131llar \u0130stanbul\u2019da s\u00fcrd\u00fcrm\u00fc\u015ft\u00fcr. Kariyerine \u2018Mah\u015fere Kald\u0131\u2019 filmiyle ba\u015flam\u0131\u015ft\u0131r. Dostlar Tiyatrosu\u2019nun kadrosuna da dahil olarak ba\u015far\u0131s\u0131na ba\u015far\u0131 eklemi\u015ftir.<\/p>\n<p><img loading=\"lazy\" decoding=\"async\" class=\"alignnone size-full wp-image-273044\" src=\"https:\/\/www.tgrthaber.com\/mavikadin\/wp-content\/uploads\/ehmet-mekin-3.jpg\" alt=\"Ahmet Mekin e\u015fi kim \u015e\u00fckran Sabuncu kimdir? \u015e\u00fckran Sabuncu vefat m\u0131 etti?\" width=\"1208\" height=\"680\" title=\"\" srcset=\"https:\/\/www.tgrthaber.com\/mavikadin\/wp-content\/uploads\/ehmet-mekin-3.jpg 1208w, https:\/\/www.tgrthaber.com\/mavikadin\/wp-content\/uploads\/ehmet-mekin-3-300x169.jpg 300w, https:\/\/www.tgrthaber.com\/mavikadin\/wp-content\/uploads\/ehmet-mekin-3-1024x576.jpg 1024w, https:\/\/www.tgrthaber.com\/mavikadin\/wp-content\/uploads\/ehmet-mekin-3-768x432.jpg 768w\" sizes=\"(max-width: 1208px) 100vw, 1208px\" \/><\/p>\n<hr \/>\n<p>Ahmet Mekin\u2019in kariyerinin d\u0131\u015f\u0131nda bir de hayat\u0131 da dikkat \u00e7ekiyor. Ahmet Mekin, 1957 y\u0131l\u0131nda kendisi gibi oyuncu olan \u015e\u00fckran Sabuncu ile evlenmi\u015ftir. \u00c7iftin bu evlilikten iki \u00e7ocuklar\u0131 d\u00fcnyaya gelmi\u015ftir.<\/p>\n<h3><img loading=\"lazy\" decoding=\"async\" class=\"alignnone size-full wp-image-273043\" src=\"https:\/\/www.tgrthaber.com\/mavikadin\/wp-content\/uploads\/ehmet-mekin-2.jpg\" alt=\"Ahmet Mekin e\u015fi kim \u015e\u00fckran Sabuncu kimdir? \u015e\u00fckran Sabuncu vefat m\u0131 etti?\" width=\"1208\" height=\"680\" title=\"\" srcset=\"https:\/\/www.tgrthaber.com\/mavikadin\/wp-content\/uploads\/ehmet-mekin-2.jpg 1208w, https:\/\/www.tgrthaber.com\/mavikadin\/wp-content\/uploads\/ehmet-mekin-2-300x169.jpg 300w, https:\/\/www.tgrthaber.com\/mavikadin\/wp-content\/uploads\/ehmet-mekin-2-1024x576.jpg 1024w, https:\/\/www.tgrthaber.com\/mavikadin\/wp-content\/uploads\/ehmet-mekin-2-768x432.jpg 768w\" sizes=\"(max-width: 1208px) 100vw, 1208px\" \/><\/h3>\n<hr \/>\n<h3>\u015e\u00dcKRAN SABUNCU VEFAT MI ETT\u0130?<\/h3>\n<p>Usta oyuncu Ahmet Mekin\u2019in e\u015fi olan \u015e\u00fckran Sabuncu\u2019da T\u00fcrk sinemas\u0131n\u0131n \u00f6nemli isimlerinden biridir. Alt\u0131n Portakal \u00f6d\u00fcll\u00fc olan oyuncu \u015e\u00fckran Sabuncu, Zalim Kader, Katiller Kral\u0131, Memi\u015f Haydutlar Aras\u0131nda gibi yap\u0131mlarla ekranlara gelmi\u015ftir.<\/p>\n<p><img loading=\"lazy\" decoding=\"async\" class=\"alignnone size-full wp-image-273042\" src=\"https:\/\/www.tgrthaber.com\/mavikadin\/wp-content\/uploads\/ehmet-mekin-1.jpg\" alt=\"Ahmet Mekin e\u015fi kim \u015e\u00fckran Sabuncu kimdir? \u015e\u00fckran Sabuncu vefat m\u0131 etti?\" width=\"1208\" height=\"680\" title=\"\" srcset=\"https:\/\/www.tgrthaber.com\/mavikadin\/wp-content\/uploads\/ehmet-mekin-1.jpg 1208w, https:\/\/www.tgrthaber.com\/mavikadin\/wp-content\/uploads\/ehmet-mekin-1-300x169.jpg 300w, https:\/\/www.tgrthaber.com\/mavikadin\/wp-content\/uploads\/ehmet-mekin-1-1024x576.jpg 1024w, https:\/\/www.tgrthaber.com\/mavikadin\/wp-content\/uploads\/ehmet-mekin-1-768x432.jpg 768w\" sizes=\"(max-width: 1208px) 100vw, 1208px\" \/><\/p>\n<hr \/>\n<p>\u015e\u00fckran Sabuncu, ge\u00e7ti\u011fimiz 2020 y\u0131l\u0131nda hayat\u0131n\u0131 kaybetti. Kald\u0131\u011f\u0131 hastane de 3 \u015eubat 2020 tarihinde ya\u015fam\u0131n\u0131 yitirdi. T\u00fcrk sinemas\u0131n\u0131n sevilen isimlerinden \u015e\u00fckran Sabuncu, ba\u015far\u0131l\u0131 oyuncu Ahmet Mekin\u2019in de e\u015fi olarak dikkat \u00e7ekmektedir.<\/p>\n","protected":false},"excerpt":{"rendered":"<p>\u00dcnl\u00fc oyuncu Ahmet Mekin, T\u00fcrk sinemas\u0131ndaki \u00fcretkenli\u011fiyle dikkat \u00e7ekerken merakla ara\u015ft\u0131r\u0131lmaya ba\u015fland\u0131. \u00d6zellikle de e\u015finin kim oldu\u011fu en \u00e7ok arat\u0131lan konulardan biri oldu. Peki, Ahmet Mekin e\u015fi kim \u015e\u00fckran Sabuncu kimdir? \u015e\u00fckran Sabuncu vefat m\u0131 etti? \u0130\u015fte detaylar\u2026<\/p>\n","protected":false},"author":34,"featured_media":273048,"comment_status":"closed","ping_status":"closed","sticky":false,"template":"","format":"standard","meta":{"rank_math_lock_modified_date":false,"footnotes":""},"categories":[491],"tags":[21987,67863,22009,67864],"class_list":["post-273022","post","type-post","status-publish","format-standard","has-post-thumbnail","hentry","category-biyografi","tag-ahmet-mekin","tag-ahmet-mekin-esi","tag-ahmet-mekin-kimdir","tag-sukran-sabuncu"],"_links":{"self":[{"href":"https:\/\/www.tgrthaber.com\/mavikadin\/wp-json\/wp\/v2\/posts\/273022"}],"collection":[{"href":"https:\/\/www.tgrthaber.com\/mavikadin\/wp-json\/wp\/v2\/posts"}],"about":[{"href":"https:\/\/www.tgrthaber.com\/mavikadin\/wp-json\/wp\/v2\/types\/post"}],"author":[{"embeddable":true,"href":"https:\/\/www.tgrthaber.com\/mavikadin\/wp-json\/wp\/v2\/users\/34"}],"replies":[{"embeddable":true,"href":"https:\/\/www.tgrthaber.com\/mavikadin\/wp-json\/wp\/v2\/comments?post=273022"}],"version-history":[{"count":2,"href":"https:\/\/www.tgrthaber.com\/mavikadin\/wp-json\/wp\/v2\/posts\/273022\/revisions"}],"predecessor-version":[{"id":273052,"href":"https:\/\/www.tgrthaber.com\/mavikadin\/wp-json\/wp\/v2\/posts\/273022\/revisions\/273052"}],"wp:featuredmedia":[{"embeddable":true,"href":"https:\/\/www.tgrthaber.com\/mavikadin\/wp-json\/wp\/v2\/media\/273048"}],"wp:attachment":[{"href":"https:\/\/www.tgrthaber.com\/mavikadin\/wp-json\/wp\/v2\/media?parent=273022"}],"wp:term":[{"taxonomy":"category","embeddable":true,"href":"https:\/\/www.tgrthaber.com\/mavikadin\/wp-json\/wp\/v2\/categories?post=273022"},{"taxonomy":"post_tag","embeddable":true,"href":"https:\/\/www.tgrthaber.com\/mavikadin\/wp-json\/wp\/v2\/tags?post=273022"}],"curies":[{"name":"wp","href":"https:\/\/api.w.org\/{rel}","templated":true}]}}