{"id":273039,"date":"2025-12-09T10:13:25","date_gmt":"2025-12-09T07:13:25","guid":{"rendered":"https:\/\/www.tgrthaber.com\/mavikadin\/?p=273039"},"modified":"2025-12-09T10:13:25","modified_gmt":"2025-12-09T07:13:25","slug":"yildiz-asyali-kiminle-evli-yildiz-asyali-kac-kez-evlendi","status":"publish","type":"post","link":"https:\/\/www.tgrthaber.com\/mavikadin\/yildiz-asyali-kiminle-evli-yildiz-asyali-kac-kez-evlendi\/","title":{"rendered":"Y\u0131ld\u0131z Asyal\u0131 kiminle evli? Y\u0131ld\u0131z Asyal\u0131 ka\u00e7 kez evlendi?"},"content":{"rendered":"<p>Eyvah K\u0131z\u0131m B\u00fcy\u00fcd\u00fc, Hayat Bilgisi ve Avrupa Yakas\u0131 gibi dizilerle ad\u0131n\u0131 duyuran Y\u0131ld\u0131z Asyal\u0131\u2019n\u0131n \u00f6zel hayat\u0131 merak ediliyor. Ba\u015far\u0131l\u0131 oyuncu ve m\u00fczisyen ki\u015fili\u011finin yan\u0131 s\u0131ra \u00f6zel hayat\u0131yla da dikkatleri \u00fczerine \u00e7eken Y\u0131ld\u0131z Asyal\u0131\u2019n\u0131n kiminle evli oldu\u011fu ara\u015ft\u0131r\u0131l\u0131yor. Peki, Y\u0131ld\u0131z Asyal\u0131 kiminle evli? Y\u0131ld\u0131z Asyal\u0131 ka\u00e7 kez evlendi? Y\u0131ld\u0131z Asyal\u0131 hakk\u0131nda merak edilenleri sizin i\u00e7in ara\u015ft\u0131rd\u0131k. \u0130\u015fte Y\u0131ld\u0131z Asyal\u0131\u2019n\u0131n \u00f6zel hayat\u0131na dair bilinmeyenler\u2026<\/p>\n<h3>YILDIZ ASYALI K\u0130MD\u0130R?<\/h3>\n<p><a href=\"https:\/\/www.tgrthaber.com\/mavikadin\/yildiz-asyali-esinden-gordugu-siddeti-o-fotografla-duyurdu-sosyal-medyayi-ayaga-kaldiran-paylasim\/\">Y\u0131ld\u0131z Asyal\u0131<\/a>, oyuncu ve \u015fark\u0131c\u0131d\u0131r. \u00c7e\u015fitli sinema ve dizi filmlerinde boy g\u00f6steren Asyal\u0131, 26 May\u0131s 1983 tarihinde \u0130stanbul\u2019da d\u00fcnyaya geldi. Oyunculuk kariyerinin yan\u0131 s\u0131ra m\u00fczik hayat\u0131yla da ad\u0131ndan s\u00f6z ettiren Asyal\u0131, kariyerine \u00e7ok erken ya\u015flarda ba\u015flad\u0131. \u00c7ok k\u00fc\u00e7\u00fck ya\u015flarda \u015fark\u0131 s\u00f6ylemeye ba\u015flayan Asyal\u0131, hen\u00fcz 5 ya\u015f\u0131ndayken piyano \u00e7almay\u0131 \u00f6\u011frendi.<\/p>\n<p><img loading=\"lazy\" decoding=\"async\" class=\"size-full wp-image-273053\" src=\"https:\/\/www.tgrthaber.com\/mavikadin\/wp-content\/uploads\/Yildiz-Asyali-2.jpg\" alt=\"Y\u0131ld\u0131z Asyal\u0131 kiminle evli? Y\u0131ld\u0131z Asyal\u0131 ka\u00e7 kez evlendi?\" width=\"1208\" height=\"680\" title=\"\" srcset=\"https:\/\/www.tgrthaber.com\/mavikadin\/wp-content\/uploads\/Yildiz-Asyali-2.jpg 1208w, https:\/\/www.tgrthaber.com\/mavikadin\/wp-content\/uploads\/Yildiz-Asyali-2-300x169.jpg 300w, https:\/\/www.tgrthaber.com\/mavikadin\/wp-content\/uploads\/Yildiz-Asyali-2-1024x576.jpg 1024w, https:\/\/www.tgrthaber.com\/mavikadin\/wp-content\/uploads\/Yildiz-Asyali-2-768x432.jpg 768w\" sizes=\"(max-width: 1208px) 100vw, 1208px\" \/><\/p>\n<hr \/>\n<p>\u00c7ocuk ya\u015flarda m\u00fczik kariyerine ad\u0131m atan<a href=\"https:\/\/www.tgrthaber.com\/mavikadin\/yildiz-asyali-esinden-gordugu-siddeti-o-fotografla-duyurdu-sosyal-medyayi-ayaga-kaldiran-paylasim\/\"> Y\u0131ld\u0131z Asyal\u0131<\/a>, \u0130stanbul Devlet Opera ve Balesi \u00c7ocuk Korosu&#8217;nda solist olarak g\u00f6rev ald\u0131. Daha 12 ya\u015f\u0131ndayken Nabucco Operas\u0131&#8217;nda \u201cKral ve Ben\u201d m\u00fczikalinde yer alan Asyal\u0131, 13 ya\u015f\u0131nda ise Sarah Brightman&#8217;la \u0130stanbul Devlet Opera ve Bale Orkestras\u0131 e\u015fli\u011finde L\u00f6semili \u00c7ocuklar Vakf\u0131 yarar\u0131na d\u00fczenlenen konserde ayn\u0131 sahneyi payla\u015ft\u0131.<\/p>\n<p><img loading=\"lazy\" decoding=\"async\" class=\"size-full wp-image-273056\" src=\"https:\/\/www.tgrthaber.com\/mavikadin\/wp-content\/uploads\/Yildiz-Asyali-1.jpg\" alt=\"Y\u0131ld\u0131z Asyal\u0131 kiminle evli? Y\u0131ld\u0131z Asyal\u0131 ka\u00e7 kez evlendi?\" width=\"1208\" height=\"680\" title=\"\" srcset=\"https:\/\/www.tgrthaber.com\/mavikadin\/wp-content\/uploads\/Yildiz-Asyali-1.jpg 1208w, https:\/\/www.tgrthaber.com\/mavikadin\/wp-content\/uploads\/Yildiz-Asyali-1-300x169.jpg 300w, https:\/\/www.tgrthaber.com\/mavikadin\/wp-content\/uploads\/Yildiz-Asyali-1-1024x576.jpg 1024w, https:\/\/www.tgrthaber.com\/mavikadin\/wp-content\/uploads\/Yildiz-Asyali-1-768x432.jpg 768w\" sizes=\"(max-width: 1208px) 100vw, 1208px\" \/><\/p>\n<hr \/>\n<p>M\u00fczik kariyerinin yan\u0131 s\u0131ra oyunculuk alan\u0131nda da ba\u015far\u0131l\u0131 bir performans sergileyen Y\u0131ld\u0131z Asyal\u0131, 15 ya\u015f\u0131ndan itibaren bir\u00e7ok dizi ve filmde oyunculuk yapt\u0131. \u0130lkokul, ortaokul ve lise e\u011fitimini ba\u015far\u0131yla tamamlayan Asyal\u0131, \u00fcniversite e\u011fitimini \u0130stanbul \u00dcniversitesi Devlet Konservatuar\u0131\u2019ndan mezun olarak tamamlad\u0131.<\/p>\n<p><img loading=\"lazy\" decoding=\"async\" class=\"size-full wp-image-273054\" src=\"https:\/\/www.tgrthaber.com\/mavikadin\/wp-content\/uploads\/Yildiz-Asyali-3.jpg\" alt=\"Y\u0131ld\u0131z Asyal\u0131 kiminle evli? Y\u0131ld\u0131z Asyal\u0131 ka\u00e7 kez evlendi?\" width=\"1208\" height=\"680\" title=\"\" srcset=\"https:\/\/www.tgrthaber.com\/mavikadin\/wp-content\/uploads\/Yildiz-Asyali-3.jpg 1208w, https:\/\/www.tgrthaber.com\/mavikadin\/wp-content\/uploads\/Yildiz-Asyali-3-300x169.jpg 300w, https:\/\/www.tgrthaber.com\/mavikadin\/wp-content\/uploads\/Yildiz-Asyali-3-1024x576.jpg 1024w, https:\/\/www.tgrthaber.com\/mavikadin\/wp-content\/uploads\/Yildiz-Asyali-3-768x432.jpg 768w\" sizes=\"(max-width: 1208px) 100vw, 1208px\" \/><\/p>\n<hr \/>\n<p>Televizyon kariyerine Kanal D \u00c7ocuk Kul\u00fcb\u00fc\u2019nde sunuculuk yaparak ba\u015flayan Asyal\u0131, ba\u015frollerini Haluk Bilgiler ve Ardal Kural ile payla\u015ft\u0131\u011f\u0131 \u2018Eyvah K\u0131z\u0131m B\u00fcy\u00fcd\u00fc\u2019 dizisiyle pop\u00fclerli\u011fini art\u0131rd\u0131. 2003 \u2013 2006 y\u0131llar\u0131\u2019ndan Hayat Bilgisi adl\u0131 dizide \u201cR\u00fcya \u015eahiner\u201d karakteriyle ekranlara gelen Y\u0131ld\u0131z Asyal\u0131, 2008 y\u0131l\u0131nda Seda Telciler ve Burcu Canbas ile \u201cGrup mp3\u201d adl\u0131 m\u00fczik grubunu kurdu.<\/p>\n<p><img loading=\"lazy\" decoding=\"async\" class=\"size-full wp-image-273057\" src=\"https:\/\/www.tgrthaber.com\/mavikadin\/wp-content\/uploads\/Mustafa-Semih-Demirci-2-1.jpg\" alt=\"Y\u0131ld\u0131z Asyal\u0131 kiminle evli? Y\u0131ld\u0131z Asyal\u0131 ka\u00e7 kez evlendi?\" width=\"1208\" height=\"680\" title=\"\" srcset=\"https:\/\/www.tgrthaber.com\/mavikadin\/wp-content\/uploads\/Mustafa-Semih-Demirci-2-1.jpg 1208w, https:\/\/www.tgrthaber.com\/mavikadin\/wp-content\/uploads\/Mustafa-Semih-Demirci-2-1-300x169.jpg 300w, https:\/\/www.tgrthaber.com\/mavikadin\/wp-content\/uploads\/Mustafa-Semih-Demirci-2-1-1024x576.jpg 1024w, https:\/\/www.tgrthaber.com\/mavikadin\/wp-content\/uploads\/Mustafa-Semih-Demirci-2-1-768x432.jpg 768w\" sizes=\"(max-width: 1208px) 100vw, 1208px\" \/><\/p>\n<hr \/>\n<h3>YILDIZ ASYALI K\u0130M\u0130NLE EVL\u0130?<\/h3>\n<p>Ba\u015far\u0131l\u0131 oyuncu ve m\u00fczisyen Y\u0131ld\u0131z Asyal\u0131, i\u015f insan\u0131 olarak tan\u0131nan <a href=\"https:\/\/www.tgrthaber.com\/mavikadin\/mustafa-semih-demirci-kac-yasinda-mustafa-semih-demirci-aslen-nereli\/\">Mustafa Semih Demirci<\/a> ile evlidir. Ge\u00e7ti\u011fimiz may\u0131s ay\u0131nda Demirci ile hayatlar\u0131n\u0131 birle\u015ftiren Asyal\u0131, s\u00fcrpriz evlili\u011fiyle dikkatleri \u00fczerine \u00e7ekmi\u015fti.<\/p>\n<p><img loading=\"lazy\" decoding=\"async\" class=\"size-full wp-image-273060\" src=\"https:\/\/www.tgrthaber.com\/mavikadin\/wp-content\/uploads\/Mustafa-Semih-Demirci-5-2.jpg\" alt=\"Y\u0131ld\u0131z Asyal\u0131 kiminle evli? Y\u0131ld\u0131z Asyal\u0131 ka\u00e7 kez evlendi?\" width=\"1208\" height=\"680\" title=\"\" srcset=\"https:\/\/www.tgrthaber.com\/mavikadin\/wp-content\/uploads\/Mustafa-Semih-Demirci-5-2.jpg 1208w, https:\/\/www.tgrthaber.com\/mavikadin\/wp-content\/uploads\/Mustafa-Semih-Demirci-5-2-300x169.jpg 300w, https:\/\/www.tgrthaber.com\/mavikadin\/wp-content\/uploads\/Mustafa-Semih-Demirci-5-2-1024x576.jpg 1024w, https:\/\/www.tgrthaber.com\/mavikadin\/wp-content\/uploads\/Mustafa-Semih-Demirci-5-2-768x432.jpg 768w\" sizes=\"(max-width: 1208px) 100vw, 1208px\" \/><\/p>\n<hr \/>\n<p>May\u0131s 2025\u2019te s\u00fcrpriz bir kararla Mustafa Semih Demirci ile evlenen Y\u0131ld\u0131z Asyal\u0131, \u00f6zel hayat\u0131yla ad\u0131ndan s\u00f6z ettirmeyi ba\u015farm\u0131\u015ft\u0131.<\/p>\n<h3>YILDIZ ASYALI KA\u00c7 KEZ EVLEND\u0130?<\/h3>\n<p>Y\u0131ld\u0131z Asyal\u0131, \u015fu ana kadar toplamda 3 evlilik yapt\u0131. \u0130lk evlili\u011fini 2015 y\u0131l\u0131nda i\u015f insan\u0131 Emre Vatansever ile ger\u00e7ekle\u015ftiren Asyal\u0131\u2019n\u0131n bu evlili\u011finden 2016 y\u0131l\u0131nda Ay\u015fe Mira Vatansever ad\u0131nda bir k\u0131z\u0131 d\u00fcnyaya geldi.<\/p>\n<p><img loading=\"lazy\" decoding=\"async\" class=\"size-full wp-image-273055\" src=\"https:\/\/www.tgrthaber.com\/mavikadin\/wp-content\/uploads\/Yildiz-Asyali-4.jpg\" alt=\"Y\u0131ld\u0131z Asyal\u0131 kiminle evli? Y\u0131ld\u0131z Asyal\u0131 ka\u00e7 kez evlendi?\" width=\"1208\" height=\"680\" title=\"\" srcset=\"https:\/\/www.tgrthaber.com\/mavikadin\/wp-content\/uploads\/Yildiz-Asyali-4.jpg 1208w, https:\/\/www.tgrthaber.com\/mavikadin\/wp-content\/uploads\/Yildiz-Asyali-4-300x169.jpg 300w, https:\/\/www.tgrthaber.com\/mavikadin\/wp-content\/uploads\/Yildiz-Asyali-4-1024x576.jpg 1024w, https:\/\/www.tgrthaber.com\/mavikadin\/wp-content\/uploads\/Yildiz-Asyali-4-768x432.jpg 768w\" sizes=\"(max-width: 1208px) 100vw, 1208px\" \/><\/p>\n<hr \/>\n<p>Y\u0131ld\u0131z Asyal\u0131, ikinci evlili\u011fini ise 30 Haziran 2020 tarihinde Arka Sokaklar dizisinin 2. y\u00f6netmeni Kerem Saka ile yapt\u0131. Evlilikleri k\u0131sa s\u00fcren \u00e7ift ayn\u0131 y\u0131l bo\u015fanma karar\u0131 alarak yollar\u0131n\u0131 ay\u0131rd\u0131. Asyal\u0131, 3. ve son evlili\u011fini ise i\u015f insan\u0131 Mustafa Semih Demirci ile 2025 y\u0131l\u0131n\u0131n may\u0131s ay\u0131nda ger\u00e7ekle\u015ftirdi.<\/p>\n","protected":false},"excerpt":{"rendered":"<p>Ba\u015far\u0131l\u0131 oyuncu ve m\u00fczisyen Y\u0131ld\u0131z Asyal\u0131\u2019n\u0131n kiminle evli oldu\u011fu merakla ara\u015ft\u0131r\u0131l\u0131yor. Kariyerinin yan\u0131 s\u0131ra \u00f6zel hayat\u0131yla da ad\u0131ndan s\u00f6z ettiren Y\u0131ld\u0131z Asyal\u0131\u2019n\u0131n ka\u00e7 evlilik yapt\u0131\u011f\u0131 da merak edilenler aras\u0131nda yer al\u0131yor. Peki, Y\u0131ld\u0131z Asyal\u0131 kiminle evli? Y\u0131ld\u0131z Asyal\u0131 ka\u00e7 kez evlendi? \u0130\u015fte detaylar\u2026<\/p>\n","protected":false},"author":26,"featured_media":273058,"comment_status":"closed","ping_status":"closed","sticky":false,"template":"","format":"standard","meta":{"rank_math_lock_modified_date":false,"footnotes":""},"categories":[491],"tags":[3374,16521,21728,67865,67866,67857],"class_list":["post-273039","post","type-post","status-publish","format-standard","has-post-thumbnail","hentry","category-biyografi","tag-biyografi","tag-biyografi-haberleri","tag-yildiz-asyali","tag-yildiz-asyali-esi","tag-yildiz-asyali-kac-kez-evlendi","tag-yildiz-asyali-kimdir"],"_links":{"self":[{"href":"https:\/\/www.tgrthaber.com\/mavikadin\/wp-json\/wp\/v2\/posts\/273039"}],"collection":[{"href":"https:\/\/www.tgrthaber.com\/mavikadin\/wp-json\/wp\/v2\/posts"}],"about":[{"href":"https:\/\/www.tgrthaber.com\/mavikadin\/wp-json\/wp\/v2\/types\/post"}],"author":[{"embeddable":true,"href":"https:\/\/www.tgrthaber.com\/mavikadin\/wp-json\/wp\/v2\/users\/26"}],"replies":[{"embeddable":true,"href":"https:\/\/www.tgrthaber.com\/mavikadin\/wp-json\/wp\/v2\/comments?post=273039"}],"version-history":[{"count":2,"href":"https:\/\/www.tgrthaber.com\/mavikadin\/wp-json\/wp\/v2\/posts\/273039\/revisions"}],"predecessor-version":[{"id":273062,"href":"https:\/\/www.tgrthaber.com\/mavikadin\/wp-json\/wp\/v2\/posts\/273039\/revisions\/273062"}],"wp:featuredmedia":[{"embeddable":true,"href":"https:\/\/www.tgrthaber.com\/mavikadin\/wp-json\/wp\/v2\/media\/273058"}],"wp:attachment":[{"href":"https:\/\/www.tgrthaber.com\/mavikadin\/wp-json\/wp\/v2\/media?parent=273039"}],"wp:term":[{"taxonomy":"category","embeddable":true,"href":"https:\/\/www.tgrthaber.com\/mavikadin\/wp-json\/wp\/v2\/categories?post=273039"},{"taxonomy":"post_tag","embeddable":true,"href":"https:\/\/www.tgrthaber.com\/mavikadin\/wp-json\/wp\/v2\/tags?post=273039"}],"curies":[{"name":"wp","href":"https:\/\/api.w.org\/{rel}","templated":true}]}}