{"id":273075,"date":"2025-12-09T11:24:41","date_gmt":"2025-12-09T08:24:41","guid":{"rendered":"https:\/\/www.tgrthaber.com\/mavikadin\/?p=273075"},"modified":"2025-12-09T11:24:41","modified_gmt":"2025-12-09T08:24:41","slug":"yemekteyiz-yusuf-kucukgulmez-kimdir-kac-yasinda-yemekteyiz-yusuf-kucukgulmez-meslegi-nedir","status":"publish","type":"post","link":"https:\/\/www.tgrthaber.com\/mavikadin\/yemekteyiz-yusuf-kucukgulmez-kimdir-kac-yasinda-yemekteyiz-yusuf-kucukgulmez-meslegi-nedir\/","title":{"rendered":"Yemekteyiz Yusuf K\u00fc\u00e7\u00fckg\u00fclmez kimdir, ka\u00e7 ya\u015f\u0131nda? Yemekteyiz Yusuf K\u00fc\u00e7\u00fckg\u00fclmez mesle\u011fi nedir?"},"content":{"rendered":"<p>TV8 ekranlar\u0131n\u0131n en \u00e7ok sevilen yar\u0131\u015fma program\u0131 Zuhal Topal&#8217;la Yemekteyiz&#8217;de bu hafta olduk\u00e7a iddial\u0131 ba\u015flad\u0131. Tecr\u00fcbeli a\u015f\u00e7\u0131 Yusuf K\u00fc\u00e7\u00fckg\u00fclmez ise 8 ila 12 Aral\u0131k haftas\u0131na damga vuran isim oldu. Yapt\u0131\u011f\u0131 yorumlarla dikkatleri \u00fczerine \u00e7eken Yusuf Bey&#8217;in kim oldu\u011fu, ya\u015f\u0131 ve ne i\u015f yapt\u0131\u011f\u0131 ara\u015ft\u0131r\u0131l\u0131yor. Peki Zuhal Topal&#8217;la Yemekteyiz&#8217;de 3. g\u00fcn yar\u0131\u015fan Yusuf K\u00fc\u00e7\u00fckg\u00fclmez kimdir, ka\u00e7 ya\u015f\u0131ndad\u0131r? \u0130\u015fte detaylar&#8230;<\/p>\n<h3>YEMEKTEY\u0130Z YUSUF K\u00dc\u00c7\u00dcKG\u00dcLMEZ K\u0130MD\u0130R, KA\u00c7 YA\u015eINDA?<\/h3>\n<p>Zuhal Topal&#8217;\u0131n e\u011flenceli sunumuyla TV8 ekranlar\u0131na damga vuran Zuhal Topal&#8217;la Yemekteyiz&#8217;de bu hafta 3. g\u00fcn mutfakta ter d\u00f6ken isim Yusuf Bey oldu. 8 ila 12 Aral\u0131k haftas\u0131nda yay\u0131nlanan yeni b\u00f6l\u00fcmde dikkatleri \u00fczerine \u00e7eken Yusuf Bey, Yemekteyiz izleyicisinin radar\u0131na girmeyi ba\u015fard\u0131.<\/p>\n<p><img loading=\"lazy\" decoding=\"async\" class=\"alignnone wp-image-273098\" src=\"https:\/\/www.tgrthaber.com\/mavikadin\/wp-content\/uploads\/Ekran-goruntusu-2025-12-09-110131-300x163.png\" alt=\"\" width=\"1208\" height=\"656\" title=\"\" srcset=\"https:\/\/www.tgrthaber.com\/mavikadin\/wp-content\/uploads\/Ekran-goruntusu-2025-12-09-110131-300x163.png 300w, https:\/\/www.tgrthaber.com\/mavikadin\/wp-content\/uploads\/Ekran-goruntusu-2025-12-09-110131-1024x556.png 1024w, https:\/\/www.tgrthaber.com\/mavikadin\/wp-content\/uploads\/Ekran-goruntusu-2025-12-09-110131-768x417.png 768w, https:\/\/www.tgrthaber.com\/mavikadin\/wp-content\/uploads\/Ekran-goruntusu-2025-12-09-110131.png 1039w\" sizes=\"(max-width: 1208px) 100vw, 1208px\" \/><\/p>\n<hr \/>\n<p>\u0130stanbul Esenler&#8217;den programa kat\u0131lan Yusuf K\u00fc\u00e7\u00fckg\u00fclmez aslen Sivasl\u0131. 52 ya\u015f\u0131nda olan Yusuf Bey tam 35 y\u0131ll\u0131k a\u015f\u00e7\u0131. Tecr\u00fcbesine fazlas\u0131yla g\u00fcvenen Yusuf K\u00fc\u00e7\u00fckg\u00fclmez, farkl\u0131 otellerde \u00e7al\u0131\u015farak, mutfak tecr\u00fcbesini geli\u015ftirmi\u015f bir isim.<\/p>\n<p><img loading=\"lazy\" decoding=\"async\" class=\"alignnone wp-image-273100\" src=\"https:\/\/www.tgrthaber.com\/mavikadin\/wp-content\/uploads\/Ekran-goruntusu-2025-12-09-110046-300x169.png\" alt=\"\" width=\"1208\" height=\"680\" title=\"\" srcset=\"https:\/\/www.tgrthaber.com\/mavikadin\/wp-content\/uploads\/Ekran-goruntusu-2025-12-09-110046-300x169.png 300w, https:\/\/www.tgrthaber.com\/mavikadin\/wp-content\/uploads\/Ekran-goruntusu-2025-12-09-110046-1024x577.png 1024w, https:\/\/www.tgrthaber.com\/mavikadin\/wp-content\/uploads\/Ekran-goruntusu-2025-12-09-110046-768x432.png 768w, https:\/\/www.tgrthaber.com\/mavikadin\/wp-content\/uploads\/Ekran-goruntusu-2025-12-09-110046.png 1039w\" sizes=\"(max-width: 1208px) 100vw, 1208px\" \/><\/p>\n<hr \/>\n<p>Zuhal Topal&#8217;la Yemekteyiz&#8217;de 3. g\u00fcn mutfak h\u00fcnerlerrini g\u00f6sterecek Yusuf Bey&#8217;in daha \u00e7ok Sivas y\u00f6resinin tatlar\u0131na a\u011f\u0131rl\u0131k vermesi bekleniyor. Mutfakta deneyimli olan Yusuf K\u00fc\u00e7\u00fckg\u00fclmez&#8217;in Cuma g\u00fcn\u00fc yap\u0131lacak oylama sonucu 200 bin TL&#8217;yi al\u0131p alamayaca\u011f\u0131 ise merak konusu.<\/p>\n<p><img loading=\"lazy\" decoding=\"async\" class=\"alignnone wp-image-273097\" src=\"https:\/\/www.tgrthaber.com\/mavikadin\/wp-content\/uploads\/Ekran-goruntusu-2025-12-09-110000-300x166.png\" alt=\"\" width=\"1208\" height=\"667\" title=\"\" srcset=\"https:\/\/www.tgrthaber.com\/mavikadin\/wp-content\/uploads\/Ekran-goruntusu-2025-12-09-110000-300x166.png 300w, https:\/\/www.tgrthaber.com\/mavikadin\/wp-content\/uploads\/Ekran-goruntusu-2025-12-09-110000-1024x565.png 1024w, https:\/\/www.tgrthaber.com\/mavikadin\/wp-content\/uploads\/Ekran-goruntusu-2025-12-09-110000-768x424.png 768w, https:\/\/www.tgrthaber.com\/mavikadin\/wp-content\/uploads\/Ekran-goruntusu-2025-12-09-110000.png 1038w\" sizes=\"(max-width: 1208px) 100vw, 1208px\" \/><\/p>\n<hr \/>\n<h3>ZUHAL TOPAL&#8217;LA YEMEKTEY\u0130Z 8 &#8211; 12 ARALIK YARI\u015eAN \u0130S\u0130MLER!<\/h3>\n<p>Yemekteyiz hafta i\u00e7i her g\u00fcn TV8 ekranlar\u0131na damga vurmaya devam ediyor. Her Cuma b\u00fcy\u00fck final heyecan\u0131n\u0131n ya\u015fand\u0131\u011f\u0131 Zuhal Topal&#8217;la Yemekteyiz&#8217;de bu hafta yine iddial\u0131 yar\u0131\u015fmac\u0131lar bulunuyor. \u0130\u015fte g\u00fcn g\u00fcn 8 &#8211; 12 Aral\u0131k yemekteyiz yar\u0131\u015fmac\u0131lar\u0131&#8230;<\/p>\n<p><img loading=\"lazy\" decoding=\"async\" class=\"alignnone wp-image-273101 size-full\" src=\"https:\/\/www.tgrthaber.com\/mavikadin\/wp-content\/uploads\/Adsiz-tasarim-11-64.png\" alt=\"\" width=\"1920\" height=\"1080\" title=\"\" srcset=\"https:\/\/www.tgrthaber.com\/mavikadin\/wp-content\/uploads\/Adsiz-tasarim-11-64.png 1920w, https:\/\/www.tgrthaber.com\/mavikadin\/wp-content\/uploads\/Adsiz-tasarim-11-64-300x169.png 300w, https:\/\/www.tgrthaber.com\/mavikadin\/wp-content\/uploads\/Adsiz-tasarim-11-64-1024x576.png 1024w, https:\/\/www.tgrthaber.com\/mavikadin\/wp-content\/uploads\/Adsiz-tasarim-11-64-768x432.png 768w, https:\/\/www.tgrthaber.com\/mavikadin\/wp-content\/uploads\/Adsiz-tasarim-11-64-1536x864.png 1536w\" sizes=\"(max-width: 1920px) 100vw, 1920px\" \/><\/p>\n<hr \/>\n<p>1. g\u00fcn Yasemin Y\u0131ld\u0131z<\/p>\n<p>2. g\u00fcn \u00d6zlem D\u0131\u015fbakan<\/p>\n<p>3. g\u00fcn Yusuf K\u00fc\u00e7\u00fckg\u00fclmez<\/p>\n<p><img loading=\"lazy\" decoding=\"async\" class=\"alignnone wp-image-273099 \" src=\"https:\/\/www.tgrthaber.com\/mavikadin\/wp-content\/uploads\/Ekran-goruntusu-2025-12-09-110150.png\" alt=\"\" width=\"1167\" height=\"649\" title=\"\" srcset=\"https:\/\/www.tgrthaber.com\/mavikadin\/wp-content\/uploads\/Ekran-goruntusu-2025-12-09-110150.png 1030w, https:\/\/www.tgrthaber.com\/mavikadin\/wp-content\/uploads\/Ekran-goruntusu-2025-12-09-110150-300x167.png 300w, https:\/\/www.tgrthaber.com\/mavikadin\/wp-content\/uploads\/Ekran-goruntusu-2025-12-09-110150-1024x570.png 1024w, https:\/\/www.tgrthaber.com\/mavikadin\/wp-content\/uploads\/Ekran-goruntusu-2025-12-09-110150-768x427.png 768w\" sizes=\"(max-width: 1167px) 100vw, 1167px\" \/><\/p>\n<hr \/>\n<p>4. g\u00fcn Korhan Y\u0131lmaz<\/p>\n<p>5. g\u00fcn Biray San<\/p>\n<p><img loading=\"lazy\" decoding=\"async\" class=\"alignnone wp-image-273096\" src=\"https:\/\/www.tgrthaber.com\/mavikadin\/wp-content\/uploads\/Ekran-goruntusu-2025-12-09-105947-300x167.png\" alt=\"\" width=\"1208\" height=\"671\" title=\"\" srcset=\"https:\/\/www.tgrthaber.com\/mavikadin\/wp-content\/uploads\/Ekran-goruntusu-2025-12-09-105947-300x167.png 300w, https:\/\/www.tgrthaber.com\/mavikadin\/wp-content\/uploads\/Ekran-goruntusu-2025-12-09-105947-1024x569.png 1024w, https:\/\/www.tgrthaber.com\/mavikadin\/wp-content\/uploads\/Ekran-goruntusu-2025-12-09-105947-768x427.png 768w, https:\/\/www.tgrthaber.com\/mavikadin\/wp-content\/uploads\/Ekran-goruntusu-2025-12-09-105947.png 1040w\" sizes=\"(max-width: 1208px) 100vw, 1208px\" \/><\/p>\n<hr \/>\n<h3>ZUHAL TOPAL 5 ARALIK KAZANANI K\u0130M OLMU\u015eTU?<\/h3>\n<p>Zuhal Topal&#8217;la Yemekteyiz&#8217;de ge\u00e7en haftan\u0131n kazanan ismi <a href=\"https:\/\/www.tgrthaber.com\/mavikadin\/yemekteyiz-samet-yilmaz-kimdir-aslen-nereli-yemekteyiz-samet-sivri-diliyle-ekranlara-damga-vurdu\/\">Samet Y\u0131lmaz<\/a> oldu. 5 Aral\u0131k Cuma g\u00fcn\u00fc yap\u0131lan oylama sonucu Samet Bey, hem Zuhal Topal&#8217;\u0131n hem de rakip yar\u0131\u015fmac\u0131lar\u0131n verdi\u011fi puanlarla en y\u00fcksek puan\u0131 ald\u0131. Toplamda 36 puan alan Engin Samet Bey haftan\u0131n kazanan ismi olarak a\u00e7\u0131kland\u0131 ve 200 bin TL&#8217;nin sahibi oldu.<\/p>\n","protected":false},"excerpt":{"rendered":"<p>Zuhal Topal&#8217;la Yemekteyiz&#8217;de yeni haftan\u0131n dikkat \u00e7eken ismi Yusuf K\u00fc\u00e7\u00fckg\u00fclmez oldu. Yemekteyiz&#8217;in 3. g\u00fcn\u00fc yar\u0131\u015fan Yusuf Bey sosyal medyan\u0131n da mercek alt\u0131na ald\u0131\u011f\u0131 yar\u0131\u015fmac\u0131lardan biri. Peki Yemekteyiz Yusuf K\u00fc\u00e7\u00fckg\u00fclmez kimdir, ka\u00e7 ya\u015f\u0131nda? Yemekteyiz Yusuf K\u00fc\u00e7\u00fckg\u00fclmez mesle\u011fi nedir? \u0130\u015fte merak edilenler&#8230;<\/p>\n","protected":false},"author":35,"featured_media":273084,"comment_status":"closed","ping_status":"closed","sticky":false,"template":"","format":"standard","meta":{"rank_math_lock_modified_date":false,"footnotes":""},"categories":[491],"tags":[67870,67872,67873,67871,8464],"class_list":["post-273075","post","type-post","status-publish","format-standard","has-post-thumbnail","hentry","category-biyografi","tag-yemekteyiz-yusuf-kim","tag-yusuf-kucukgulmez-kac-yasinda","tag-yusuf-kucukgulmez-kimdir","tag-yusuf-kucukgulmez-meslegi-nedir","tag-zuhal-topal"],"_links":{"self":[{"href":"https:\/\/www.tgrthaber.com\/mavikadin\/wp-json\/wp\/v2\/posts\/273075"}],"collection":[{"href":"https:\/\/www.tgrthaber.com\/mavikadin\/wp-json\/wp\/v2\/posts"}],"about":[{"href":"https:\/\/www.tgrthaber.com\/mavikadin\/wp-json\/wp\/v2\/types\/post"}],"author":[{"embeddable":true,"href":"https:\/\/www.tgrthaber.com\/mavikadin\/wp-json\/wp\/v2\/users\/35"}],"replies":[{"embeddable":true,"href":"https:\/\/www.tgrthaber.com\/mavikadin\/wp-json\/wp\/v2\/comments?post=273075"}],"version-history":[{"count":2,"href":"https:\/\/www.tgrthaber.com\/mavikadin\/wp-json\/wp\/v2\/posts\/273075\/revisions"}],"predecessor-version":[{"id":273103,"href":"https:\/\/www.tgrthaber.com\/mavikadin\/wp-json\/wp\/v2\/posts\/273075\/revisions\/273103"}],"wp:featuredmedia":[{"embeddable":true,"href":"https:\/\/www.tgrthaber.com\/mavikadin\/wp-json\/wp\/v2\/media\/273084"}],"wp:attachment":[{"href":"https:\/\/www.tgrthaber.com\/mavikadin\/wp-json\/wp\/v2\/media?parent=273075"}],"wp:term":[{"taxonomy":"category","embeddable":true,"href":"https:\/\/www.tgrthaber.com\/mavikadin\/wp-json\/wp\/v2\/categories?post=273075"},{"taxonomy":"post_tag","embeddable":true,"href":"https:\/\/www.tgrthaber.com\/mavikadin\/wp-json\/wp\/v2\/tags?post=273075"}],"curies":[{"name":"wp","href":"https:\/\/api.w.org\/{rel}","templated":true}]}}