{"id":273105,"date":"2025-12-09T12:00:49","date_gmt":"2025-12-09T09:00:49","guid":{"rendered":"https:\/\/www.tgrthaber.com\/mavikadin\/?p=273105"},"modified":"2025-12-09T12:00:49","modified_gmt":"2025-12-09T09:00:49","slug":"cennetin-cocuklari-son-bolumunde-resat-oluyor-mu-cennetin-cocuklari-final-mi-yapacak","status":"publish","type":"post","link":"https:\/\/www.tgrthaber.com\/mavikadin\/cennetin-cocuklari-son-bolumunde-resat-oluyor-mu-cennetin-cocuklari-final-mi-yapacak\/","title":{"rendered":"Cennetin \u00c7ocuklar\u0131 son b\u00f6l\u00fcm\u00fcnde Re\u015fat \u00f6l\u00fcyor mu? Cennetin \u00c7ocuklar\u0131 final mi yapacak?"},"content":{"rendered":"<p>Cennetin \u00c7ocuklar\u0131 yay\u0131nlad\u0131\u011f\u0131 son b\u00f6l\u00fcmde ya\u015fanan \u00e7at\u0131\u015fma sahnesiyle g\u00fcndemde. Her b\u00f6l\u00fcm\u00fc y\u00fcksek tansiyonla devam eden Cennetin \u00c7ocuklar\u0131 dizisine dair sosyal medyada final mi yapacak?, sorusu da kafalar\u0131 kar\u0131\u015ft\u0131rd\u0131. Cennetin \u00c7ocuklar\u0131 dizisinde Re\u015fat&#8217;\u0131n vuruldu\u011fu sahne iddialar\u0131 g\u00fc\u00e7lendirirken, hem dizinin hem de Re\u015fat&#8217;\u0131n ak\u0131beti merak\u0131 art\u0131rd\u0131. Peki Cennetin \u00c7ocuklar\u0131 Re\u015fat \u00f6l\u00fcyor mu? Cennetin \u00c7ocuklar\u0131 final mi yapacak? \u0130\u015fte TRT 1 dizisi Cennetin \u00c7ocuklar\u0131&#8217;na dair merak edilen t\u00fcm detaylar&#8230;<\/p>\n<h3>CENNET\u0130N \u00c7OCUKLARI SON B\u00d6L\u00dcMDE RE\u015eAT \u00d6L\u00dcYOR MU?<\/h3>\n<p>TRT 1&#8217;in yay\u0131nland\u0131\u011f\u0131 g\u00fcnden beri ad\u0131ndan s\u00f6z ettiren dizisi Cennetin \u00c7ocuklar\u0131, son b\u00f6l\u00fcmde tansiyonun zirveye \u00e7\u0131kard\u0131. Re\u015fat\u2019\u0131n vurulmas\u0131, dizinin hikayesinde ta\u015flar\u0131 adeta yerinden oynatacak gibi g\u00f6r\u00fcn\u00fcyor.<\/p>\n<p><img loading=\"lazy\" decoding=\"async\" class=\"alignnone wp-image-273119\" src=\"https:\/\/www.tgrthaber.com\/mavikadin\/wp-content\/uploads\/i-45-4-300x200.webp\" alt=\"\" width=\"1208\" height=\"805\" title=\"\" srcset=\"https:\/\/www.tgrthaber.com\/mavikadin\/wp-content\/uploads\/i-45-4-300x200.webp 300w, https:\/\/www.tgrthaber.com\/mavikadin\/wp-content\/uploads\/i-45-4.webp 480w\" sizes=\"(max-width: 1208px) 100vw, 1208px\" \/><\/p>\n<hr \/>\n<p>Ayla ile y\u00fczle\u015fme sahnesi ekranlara damga vurmu\u015fken, patlayan silah sesiyle Re\u015fat yere y\u0131\u011f\u0131l\u0131yor. Re\u015fat\u2019\u0131n ger\u00e7ekten \u00f6l\u00fcp \u00f6lmedi\u011fi izleyici taraf\u0131ndan merak edilirken, <a href=\"https:\/\/www.tgrthaber.com\/mavikadin\/cennetin-cocuklari-evliya-aykana-partner-geldi-esmeray-kimdir\/\">Cennetin \u00c7ocuklar\u0131<\/a> yeni b\u00f6l\u00fcm \u015fimdiden ak\u0131llarda kalan son b\u00f6l\u00fcm sahneleriyle heyecan\u0131 zirve yapt\u0131.<\/p>\n<p><img loading=\"lazy\" decoding=\"async\" class=\"alignnone wp-image-273124\" src=\"https:\/\/www.tgrthaber.com\/mavikadin\/wp-content\/uploads\/ceeco-2-300x201.jpg\" alt=\"\" width=\"1208\" height=\"809\" title=\"\" srcset=\"https:\/\/www.tgrthaber.com\/mavikadin\/wp-content\/uploads\/ceeco-2-300x201.jpg 300w, https:\/\/www.tgrthaber.com\/mavikadin\/wp-content\/uploads\/ceeco-2-1024x686.jpg 1024w, https:\/\/www.tgrthaber.com\/mavikadin\/wp-content\/uploads\/ceeco-2-768x515.jpg 768w, https:\/\/www.tgrthaber.com\/mavikadin\/wp-content\/uploads\/ceeco-2-1536x1029.jpg 1536w, https:\/\/www.tgrthaber.com\/mavikadin\/wp-content\/uploads\/ceeco-2.jpg 1606w\" sizes=\"(max-width: 1208px) 100vw, 1208px\" \/><\/p>\n<hr \/>\n<p>Dizinin s\u0131k\u0131 takip\u00e7ileri fragman detaylar\u0131n\u0131 ara\u015ft\u0131r\u0131rken, Re\u015fat\u2019\u0131n dizideki rol\u00fc d\u00fc\u015f\u00fcn\u00fcld\u00fc\u011f\u00fcnde, bu vurulma sahnesinin hikayede dengeleri de\u011fi\u015ftirece\u011fi konu\u015fuluyor.<\/p>\n<p><img loading=\"lazy\" decoding=\"async\" class=\"alignnone wp-image-273123\" src=\"https:\/\/www.tgrthaber.com\/mavikadin\/wp-content\/uploads\/1200x675-1765212810718-300x169.webp\" alt=\"\" width=\"1208\" height=\"680\" title=\"\" srcset=\"https:\/\/www.tgrthaber.com\/mavikadin\/wp-content\/uploads\/1200x675-1765212810718-300x169.webp 300w, https:\/\/www.tgrthaber.com\/mavikadin\/wp-content\/uploads\/1200x675-1765212810718-1024x576.webp 1024w, https:\/\/www.tgrthaber.com\/mavikadin\/wp-content\/uploads\/1200x675-1765212810718-768x432.webp 768w, https:\/\/www.tgrthaber.com\/mavikadin\/wp-content\/uploads\/1200x675-1765212810718.webp 1200w\" sizes=\"(max-width: 1208px) 100vw, 1208px\" \/><\/p>\n<hr \/>\n<h3>CENNET\u0130N \u00c7OCUKLARI F\u0130NAL M\u0130 YAPACAK?<\/h3>\n<p>Cennetin \u00c7ocuklar\u0131 dizisine dair son haftalarda pe\u015f pe\u015fe g\u00fcndeme gelen final iddialar\u0131, izleyicileri olduk\u00e7a merakland\u0131rd\u0131. TRT 1 ekranlar\u0131nda yay\u0131nlanan Cennetin \u00c7ocuklar\u0131 dizisiyle ilgili sosyal medyada dola\u015fan s\u00f6ylentiler al\u0131p ba\u015f\u0131n\u0131 gitmi\u015fken, kanaldan yada yap\u0131m ekibinden resmi bir a\u00e7\u0131klama gelmi\u015f de\u011fil. Bu nedenle dizinin erken final iddialar\u0131 sadece kulis s\u00f6ylentisi olarak de\u011ferlendiriliyor.<\/p>\n<p><img loading=\"lazy\" decoding=\"async\" class=\"alignnone wp-image-273118\" src=\"https:\/\/www.tgrthaber.com\/mavikadin\/wp-content\/uploads\/d26bb0c7image-300x169.jpg\" alt=\"\" width=\"1208\" height=\"680\" title=\"\" srcset=\"https:\/\/www.tgrthaber.com\/mavikadin\/wp-content\/uploads\/d26bb0c7image-300x169.jpg 300w, https:\/\/www.tgrthaber.com\/mavikadin\/wp-content\/uploads\/d26bb0c7image-1024x576.jpg 1024w, https:\/\/www.tgrthaber.com\/mavikadin\/wp-content\/uploads\/d26bb0c7image-768x432.jpg 768w, https:\/\/www.tgrthaber.com\/mavikadin\/wp-content\/uploads\/d26bb0c7image.jpg 1200w\" sizes=\"(max-width: 1208px) 100vw, 1208px\" \/><\/p>\n<hr \/>\n<p>Cennet\u2019in \u00c7ocuklar\u0131, yay\u0131nland\u0131\u011f\u0131 her b\u00f6l\u00fcmle trend listelerine girmeye devam ederken, hikayesiyle v oyuncu kadrosuyla dikkat \u00e7ekmeye devam ediyor. Dizi, \u00f6zellikle son b\u00f6l\u00fcmlerde heyecan\u0131 daha da y\u00fckseltmi\u015f durumda. Geni\u015f bir izleyici kitlesine sahip Cennetin \u00c7ocuklar\u0131 dizisinde ba\u015frolde ba\u015far\u0131l\u0131 oyuncu \u0130smail Hac\u0131o\u011flu, \u0130skender rol\u00fcyle izleyiciden tam not ald\u0131. <a href=\"https:\/\/www.tgrthaber.com\/mavikadin\/cennetin-cocuklari-dizi-ekibine-esref-ruyadan-demet-ozdemir-surprizi\/\">Cennetin \u00c7ocuklar\u0131<\/a> dizisinde g\u00fc\u00e7l\u00fc oyuncu kadrosunda ise \u015fu isimler yer al\u0131yor;<\/p>\n<p><img loading=\"lazy\" decoding=\"async\" class=\"alignnone wp-image-273117\" src=\"https:\/\/www.tgrthaber.com\/mavikadin\/wp-content\/uploads\/cennetin-cocuklari-9-bolum-tek-parca-full-izle-trt-1-cennetin-cocuklari-son-bolum-izle-ixgm-300x169.webp\" alt=\"\" width=\"1208\" height=\"680\" title=\"\" srcset=\"https:\/\/www.tgrthaber.com\/mavikadin\/wp-content\/uploads\/cennetin-cocuklari-9-bolum-tek-parca-full-izle-trt-1-cennetin-cocuklari-son-bolum-izle-ixgm-300x169.webp 300w, https:\/\/www.tgrthaber.com\/mavikadin\/wp-content\/uploads\/cennetin-cocuklari-9-bolum-tek-parca-full-izle-trt-1-cennetin-cocuklari-son-bolum-izle-ixgm-1024x576.webp 1024w, https:\/\/www.tgrthaber.com\/mavikadin\/wp-content\/uploads\/cennetin-cocuklari-9-bolum-tek-parca-full-izle-trt-1-cennetin-cocuklari-son-bolum-izle-ixgm-768x432.webp 768w, https:\/\/www.tgrthaber.com\/mavikadin\/wp-content\/uploads\/cennetin-cocuklari-9-bolum-tek-parca-full-izle-trt-1-cennetin-cocuklari-son-bolum-izle-ixgm.webp 1230w\" sizes=\"(max-width: 1208px) 100vw, 1208px\" \/><\/p>\n<hr \/>\n<p>\u00d6zg\u00fc Kaya &#8211; G\u00f6n\u00fcl<\/p>\n<p>Melisa \u015eenolsun &#8211; Ayla<\/p>\n<p>Zafer Alg\u00f6z &#8211; \u015eeref<\/p>\n<p>Yurdaer Okur &#8211; Baytar Ahmet<\/p>\n<p><img loading=\"lazy\" decoding=\"async\" class=\"alignnone wp-image-273121\" src=\"https:\/\/www.tgrthaber.com\/mavikadin\/wp-content\/uploads\/gonul3-06122025f4e9d4ba-300x200.webp\" alt=\"\" width=\"1208\" height=\"805\" title=\"\" srcset=\"https:\/\/www.tgrthaber.com\/mavikadin\/wp-content\/uploads\/gonul3-06122025f4e9d4ba-300x200.webp 300w, https:\/\/www.tgrthaber.com\/mavikadin\/wp-content\/uploads\/gonul3-06122025f4e9d4ba-768x512.webp 768w, https:\/\/www.tgrthaber.com\/mavikadin\/wp-content\/uploads\/gonul3-06122025f4e9d4ba.webp 800w\" sizes=\"(max-width: 1208px) 100vw, 1208px\" \/><\/p>\n<hr \/>\n<p>\u015eebnem Do\u011fruer &#8211; Cennet Ana<\/p>\n<p>Ali Se\u00e7kiner Al\u0131c\u0131 &#8211; Sar\u0131 Kaz\u0131m<\/p>\n<p>Cennetin \u00c7ocuklar\u0131 dizisinde daha bir\u00e7ok dikkat \u00e7eken oyuncu yer al\u0131rken, \u015fimdi t\u00fcm g\u00f6zler Pazartesi yay\u0131nlanacak yeni b\u00f6l\u00fcme ve Re\u015fat&#8217;\u0131n ak\u0131betine \u00e7evrilmi\u015f durumda.<\/p>\n","protected":false},"excerpt":{"rendered":"<p>TRT 1&#8217;in sevilen dizisi Cennetin \u00c7ocuklar\u0131, yay\u0131nlad\u0131\u011f\u0131 son b\u00f6l\u00fcmle yine izleyiciden tam not ald\u0131. Nefesleri kesen sahneler sonras\u0131 g\u00f6zler Re\u015fat&#8217;a \u00e7evrildi. Vurulma an\u0131yla dizide t\u00fcm dengeler bozulurken sosyal medyada Re\u015fat&#8217;\u0131n \u00f6l\u00fcp \u00f6lmeyece\u011fi merak konusu oldu. Peki Cennetin \u00c7ocuklar\u0131 son b\u00f6l\u00fcm\u00fcnde Re\u015fat \u00f6l\u00fcyor mu? Cennetin \u00c7ocuklar\u0131 final mi yapacak? \u0130\u015fte detaylar&#8230;<\/p>\n","protected":false},"author":35,"featured_media":273107,"comment_status":"closed","ping_status":"closed","sticky":false,"template":"","format":"standard","meta":{"rank_math_lock_modified_date":false,"footnotes":""},"categories":[602],"tags":[28345,67876,67875,3602,31073],"class_list":["post-273105","post","type-post","status-publish","format-standard","has-post-thumbnail","hentry","category-diziler","tag-cennetin-cocuklari","tag-cennetin-cocuklari-finalmi-yapacak","tag-cennetin-cocuklari-resat","tag-diziler","tag-trt1-dizisi"],"_links":{"self":[{"href":"https:\/\/www.tgrthaber.com\/mavikadin\/wp-json\/wp\/v2\/posts\/273105"}],"collection":[{"href":"https:\/\/www.tgrthaber.com\/mavikadin\/wp-json\/wp\/v2\/posts"}],"about":[{"href":"https:\/\/www.tgrthaber.com\/mavikadin\/wp-json\/wp\/v2\/types\/post"}],"author":[{"embeddable":true,"href":"https:\/\/www.tgrthaber.com\/mavikadin\/wp-json\/wp\/v2\/users\/35"}],"replies":[{"embeddable":true,"href":"https:\/\/www.tgrthaber.com\/mavikadin\/wp-json\/wp\/v2\/comments?post=273105"}],"version-history":[{"count":2,"href":"https:\/\/www.tgrthaber.com\/mavikadin\/wp-json\/wp\/v2\/posts\/273105\/revisions"}],"predecessor-version":[{"id":273127,"href":"https:\/\/www.tgrthaber.com\/mavikadin\/wp-json\/wp\/v2\/posts\/273105\/revisions\/273127"}],"wp:featuredmedia":[{"embeddable":true,"href":"https:\/\/www.tgrthaber.com\/mavikadin\/wp-json\/wp\/v2\/media\/273107"}],"wp:attachment":[{"href":"https:\/\/www.tgrthaber.com\/mavikadin\/wp-json\/wp\/v2\/media?parent=273105"}],"wp:term":[{"taxonomy":"category","embeddable":true,"href":"https:\/\/www.tgrthaber.com\/mavikadin\/wp-json\/wp\/v2\/categories?post=273105"},{"taxonomy":"post_tag","embeddable":true,"href":"https:\/\/www.tgrthaber.com\/mavikadin\/wp-json\/wp\/v2\/tags?post=273105"}],"curies":[{"name":"wp","href":"https:\/\/api.w.org\/{rel}","templated":true}]}}