{"id":273128,"date":"2025-12-09T12:42:42","date_gmt":"2025-12-09T09:42:42","guid":{"rendered":"https:\/\/www.tgrthaber.com\/mavikadin\/?p=273128"},"modified":"2025-12-09T12:42:42","modified_gmt":"2025-12-09T09:42:42","slug":"zuhal-topalla-yemekteyiz-korhan-yilmaz-kimdir-kac-yasinda-yemekteyiz-korhan-yilmaz-aslen-nereli","status":"publish","type":"post","link":"https:\/\/www.tgrthaber.com\/mavikadin\/zuhal-topalla-yemekteyiz-korhan-yilmaz-kimdir-kac-yasinda-yemekteyiz-korhan-yilmaz-aslen-nereli\/","title":{"rendered":"Zuhal Topal&#8217;la Yemekteyiz Korhan Y\u0131lmaz kimdir, ka\u00e7 ya\u015f\u0131nda? Yemekteyiz Korhan Y\u0131lmaz aslen nereli?"},"content":{"rendered":"<p>TV8 ekranlar\u0131nda y\u0131llard\u0131r ilgiyle takip edilen Yemekteyiz, yeni haftada yine ad\u0131ndan s\u00f6z ettiriyor. Zuhal Topal&#8217;\u0131n sunumuyla ger\u00e7ekle\u015fen program, her hafta 5 farkl\u0131 yar\u0131\u015fmac\u0131y\u0131 Yemekteyiz mutfa\u011f\u0131na konuk ediyor. Zamanla yar\u0131\u015f\u0131lan Yemekteyiz&#8217;de yeni haftan\u0131n dikkat \u00e7eken ismi ise Korhan Bey oldu. Korhan Y\u0131lmaz 4. g\u00fcn Yemekteyiz&#8217;e damga vurmaya haz\u0131rlan\u0131yor. Peki Yemekteyiz Korhan Bey kimdir? Zuhal Topal&#8217;la Yemekteyiz Korhan Y\u0131lmaz ka\u00e7 ya\u015f\u0131nda ve aslen nereli? Detaylarda&#8230;<\/p>\n<h3>ZUHAL TOPAL&#8217;LA YEMEKTEY\u0130Z KORHAN YILMAZ K\u0130MD\u0130R, KA\u00c7 YA\u015eINDA?<\/h3>\n<p>Zuhal Topal&#8217;la Yemekteyiz&#8217;de 8 ila 12 Aral\u0131k haftas\u0131nda yar\u0131\u015fan ve 4. g\u00fcn mutfa\u011fa giren Korhan Bey, ekran ba\u015f\u0131ndakilerin ilgisini \u00e7ekmeyi ba\u015fard\u0131.<\/p>\n<p><img loading=\"lazy\" decoding=\"async\" class=\"alignnone wp-image-273154 \" src=\"https:\/\/www.tgrthaber.com\/mavikadin\/wp-content\/uploads\/Ekran-goruntusu-2025-12-09-120815.png\" alt=\"\" width=\"1158\" height=\"637\" title=\"\" srcset=\"https:\/\/www.tgrthaber.com\/mavikadin\/wp-content\/uploads\/Ekran-goruntusu-2025-12-09-120815.png 1045w, https:\/\/www.tgrthaber.com\/mavikadin\/wp-content\/uploads\/Ekran-goruntusu-2025-12-09-120815-300x165.png 300w, https:\/\/www.tgrthaber.com\/mavikadin\/wp-content\/uploads\/Ekran-goruntusu-2025-12-09-120815-1024x563.png 1024w, https:\/\/www.tgrthaber.com\/mavikadin\/wp-content\/uploads\/Ekran-goruntusu-2025-12-09-120815-768x423.png 768w\" sizes=\"(max-width: 1158px) 100vw, 1158px\" \/><\/p>\n<hr \/>\n<p>Aslen Eski\u015fehirli olan Korhan Bey, yar\u0131\u015fmaya Ankara&#8217;dan kat\u0131l\u0131yor. \u00d6zel sekt\u00f6rde saat \u00fczerine y\u00f6netici pozisyonunda g\u00f6rev alan Korhan Bey evli ve bir k\u0131z \u00e7ocu\u011fu babas\u0131. Korhan Y\u0131lmaz&#8217;in a\u011f\u0131rba\u015fl\u0131 ve sakin tavr\u0131 izleyiciden de tam not ald\u0131.<\/p>\n<p><img loading=\"lazy\" decoding=\"async\" class=\"alignnone wp-image-273151\" src=\"https:\/\/www.tgrthaber.com\/mavikadin\/wp-content\/uploads\/Ekran-goruntusu-2025-12-09-120725-300x165.png\" alt=\"\" width=\"1208\" height=\"663\" title=\"\" srcset=\"https:\/\/www.tgrthaber.com\/mavikadin\/wp-content\/uploads\/Ekran-goruntusu-2025-12-09-120725-300x165.png 300w, https:\/\/www.tgrthaber.com\/mavikadin\/wp-content\/uploads\/Ekran-goruntusu-2025-12-09-120725-1024x562.png 1024w, https:\/\/www.tgrthaber.com\/mavikadin\/wp-content\/uploads\/Ekran-goruntusu-2025-12-09-120725-768x421.png 768w, https:\/\/www.tgrthaber.com\/mavikadin\/wp-content\/uploads\/Ekran-goruntusu-2025-12-09-120725.png 1041w\" sizes=\"(max-width: 1208px) 100vw, 1208px\" \/><\/p>\n<hr \/>\n<p>Zuhal Topal&#8217;la Yemekteyiz&#8217; olduk\u00e7a iddial\u0131 bir giri\u015f yapan Korhan Y\u0131lmaz 37 ya\u015f\u0131nda. Eski\u015fehirli olan yar\u0131\u015fmac\u0131n\u0131n kendi g\u00fcn\u00fcnde Eski\u015fehir mutfa\u011f\u0131na yer vermesi bekleniyor. El lezzetine \u00e7ok fazla g\u00fcvenen Korhan Bey&#8217;in performans\u0131 ise \u015fimdiden merak konusu.<\/p>\n<p><img loading=\"lazy\" decoding=\"async\" class=\"alignnone wp-image-273156\" src=\"https:\/\/www.tgrthaber.com\/mavikadin\/wp-content\/uploads\/22-kasim-cuma-zuhal-topalla-yemekteyiz-birincisi-kim-oldu-150-bin-tllik-buyuk-odul-heyecani-yasandi-1732290862810_2-300x171.jpg\" alt=\"\" width=\"1208\" height=\"688\" title=\"\" srcset=\"https:\/\/www.tgrthaber.com\/mavikadin\/wp-content\/uploads\/22-kasim-cuma-zuhal-topalla-yemekteyiz-birincisi-kim-oldu-150-bin-tllik-buyuk-odul-heyecani-yasandi-1732290862810_2-300x171.jpg 300w, https:\/\/www.tgrthaber.com\/mavikadin\/wp-content\/uploads\/22-kasim-cuma-zuhal-topalla-yemekteyiz-birincisi-kim-oldu-150-bin-tllik-buyuk-odul-heyecani-yasandi-1732290862810_2-1024x583.jpg 1024w, https:\/\/www.tgrthaber.com\/mavikadin\/wp-content\/uploads\/22-kasim-cuma-zuhal-topalla-yemekteyiz-birincisi-kim-oldu-150-bin-tllik-buyuk-odul-heyecani-yasandi-1732290862810_2-768x437.jpg 768w, https:\/\/www.tgrthaber.com\/mavikadin\/wp-content\/uploads\/22-kasim-cuma-zuhal-topalla-yemekteyiz-birincisi-kim-oldu-150-bin-tllik-buyuk-odul-heyecani-yasandi-1732290862810_2-1536x875.jpg 1536w, https:\/\/www.tgrthaber.com\/mavikadin\/wp-content\/uploads\/22-kasim-cuma-zuhal-topalla-yemekteyiz-birincisi-kim-oldu-150-bin-tllik-buyuk-odul-heyecani-yasandi-1732290862810_2-2048x1166.jpg 2048w\" sizes=\"(max-width: 1208px) 100vw, 1208px\" \/><\/p>\n<hr \/>\n<h3>ZUHAL TOPAL&#8217;LA YEMEKTEY\u0130Z&#8217;DE B\u00dcY\u00dcK \u00d6D\u00dcL 200 B\u0130N TL!<\/h3>\n<p>Hafta i\u00e7i her g\u00fcn 16:00&#8217;da ekranlara gelen <a href=\"https:\/\/www.tgrthaber.com\/mavikadin\/zuhal-topalla-yemekteyiz-kim-kazandi-yemekteyiz-5-aralik-cuma-200-bin-tlyi-kim-aldi\/\">Zuhal Topal&#8217;la Yemekteyiz<\/a>&#8216;de yeni sezonun en \u00e7ok ses getiren de\u011fi\u015fikli\u011fi b\u00fcy\u00fck \u00f6d\u00fcl\u00fcn art\u0131r\u0131lmas\u0131 oldu. Ge\u00e7en sezon 150 bin TL olan \u00f6d\u00fcl, yeni sezonla birlikte 200 bin TL&#8217;ye \u00e7\u0131kar\u0131ld\u0131.<\/p>\n<p><img loading=\"lazy\" decoding=\"async\" class=\"alignnone wp-image-273153\" src=\"https:\/\/www.tgrthaber.com\/mavikadin\/wp-content\/uploads\/Ekran-goruntusu-2025-12-09-120805-300x163.png\" alt=\"\" width=\"1208\" height=\"658\" title=\"\" srcset=\"https:\/\/www.tgrthaber.com\/mavikadin\/wp-content\/uploads\/Ekran-goruntusu-2025-12-09-120805-300x163.png 300w, https:\/\/www.tgrthaber.com\/mavikadin\/wp-content\/uploads\/Ekran-goruntusu-2025-12-09-120805-1024x557.png 1024w, https:\/\/www.tgrthaber.com\/mavikadin\/wp-content\/uploads\/Ekran-goruntusu-2025-12-09-120805-768x418.png 768w, https:\/\/www.tgrthaber.com\/mavikadin\/wp-content\/uploads\/Ekran-goruntusu-2025-12-09-120805.png 1047w\" sizes=\"(max-width: 1208px) 100vw, 1208px\" \/><\/p>\n<hr \/>\n<p>T\u00fcm hafta 5 farkl\u0131 yar\u0131\u015fmac\u0131 Yemekteyiz mutfa\u011f\u0131nda ter d\u00f6kerken, tabaklar, lezzetler, sunumlar ve masa d\u00fczeni gibi t\u00fcm detaylar ayr\u0131 ayr\u0131 de\u011ferlendiriliyor. Cuma g\u00fcn\u00fc ise yap\u0131lan oylama sonucu 200 bin TL&#8217;nin sahibini belirliyor. Hem Zuhal Topal hem de rakip yar\u0131\u015fmac\u0131lar\u0131n verdi\u011fi puanlar, haftan\u0131n kazanan ismini belirliyor. Peki Zuhal Topal&#8217;da 8 &#8211; 12 Aral\u0131k haftas\u0131nda kimler yar\u0131\u015f\u0131yor. \u015eimdi gelin bu haftan\u0131n yar\u0131\u015fmac\u0131lar\u0131na bir g\u00f6z atal\u0131m&#8230;<\/p>\n<p><img loading=\"lazy\" decoding=\"async\" class=\"alignnone wp-image-273152\" src=\"https:\/\/www.tgrthaber.com\/mavikadin\/wp-content\/uploads\/Ekran-goruntusu-2025-12-09-120749-300x166.png\" alt=\"\" width=\"1208\" height=\"668\" title=\"\" srcset=\"https:\/\/www.tgrthaber.com\/mavikadin\/wp-content\/uploads\/Ekran-goruntusu-2025-12-09-120749-300x166.png 300w, https:\/\/www.tgrthaber.com\/mavikadin\/wp-content\/uploads\/Ekran-goruntusu-2025-12-09-120749-1024x567.png 1024w, https:\/\/www.tgrthaber.com\/mavikadin\/wp-content\/uploads\/Ekran-goruntusu-2025-12-09-120749-768x425.png 768w, https:\/\/www.tgrthaber.com\/mavikadin\/wp-content\/uploads\/Ekran-goruntusu-2025-12-09-120749.png 1041w\" sizes=\"(max-width: 1208px) 100vw, 1208px\" \/><\/p>\n<hr \/>\n<h3>YEMEKTEY\u0130Z&#8217;DE\u00a0 8 &#8211; 12 ARALIK YARI\u015eAN \u0130S\u0130MLER K\u0130MLER?<\/h3>\n<p>Zuhal Topal&#8217;la Yemekteyiz&#8217;de her Pazartesi yeni yar\u0131\u015fmac\u0131lar Yemekteyiz evinde a\u011f\u0131rlan\u0131yor. Bu hafta yine iddial\u0131 isimler Yemekteyiz&#8217;de yer ald\u0131. \u0130\u015fte 8 ila 12 Aral\u0131k Yemekteyiz yar\u0131\u015fmac\u0131lar\u0131&#8230;<\/p>\n<p><img loading=\"lazy\" decoding=\"async\" class=\"alignnone wp-image-273155\" src=\"https:\/\/www.tgrthaber.com\/mavikadin\/wp-content\/uploads\/screenshot_2024-03-05_192326_40620129765e747a964460-2-300x169.png\" alt=\"\" width=\"1208\" height=\"680\" title=\"\" srcset=\"https:\/\/www.tgrthaber.com\/mavikadin\/wp-content\/uploads\/screenshot_2024-03-05_192326_40620129765e747a964460-2-300x169.png 300w, https:\/\/www.tgrthaber.com\/mavikadin\/wp-content\/uploads\/screenshot_2024-03-05_192326_40620129765e747a964460-2-1024x576.png 1024w, https:\/\/www.tgrthaber.com\/mavikadin\/wp-content\/uploads\/screenshot_2024-03-05_192326_40620129765e747a964460-2-768x432.png 768w, https:\/\/www.tgrthaber.com\/mavikadin\/wp-content\/uploads\/screenshot_2024-03-05_192326_40620129765e747a964460-2-1536x864.png 1536w, https:\/\/www.tgrthaber.com\/mavikadin\/wp-content\/uploads\/screenshot_2024-03-05_192326_40620129765e747a964460-2.png 1920w\" sizes=\"(max-width: 1208px) 100vw, 1208px\" \/><\/p>\n<hr \/>\n<p><a href=\"https:\/\/www.tgrthaber.com\/mavikadin\/zuhal-topalla-yemekteyiz-yasemin-yildiz-kimdir-kac-yasinda-yemekteyiz-yasemin-hikayesiyle-milyonlari-aglatti\/\">1. g\u00fcn Yasemin Y\u0131ld\u0131z<\/a><\/p>\n<p>2. g\u00fcn \u00d6zlem D\u0131\u015fbakan<\/p>\n<p>3. g\u00fcn Yusuf K\u00fc\u00e7\u00fckg\u00fclmez<\/p>\n<p><img loading=\"lazy\" decoding=\"async\" class=\"alignnone wp-image-273096\" src=\"https:\/\/www.tgrthaber.com\/mavikadin\/wp-content\/uploads\/Ekran-goruntusu-2025-12-09-105947-300x167.png\" alt=\"\" width=\"1208\" height=\"671\" title=\"\" srcset=\"https:\/\/www.tgrthaber.com\/mavikadin\/wp-content\/uploads\/Ekran-goruntusu-2025-12-09-105947-300x167.png 300w, https:\/\/www.tgrthaber.com\/mavikadin\/wp-content\/uploads\/Ekran-goruntusu-2025-12-09-105947-1024x569.png 1024w, https:\/\/www.tgrthaber.com\/mavikadin\/wp-content\/uploads\/Ekran-goruntusu-2025-12-09-105947-768x427.png 768w, https:\/\/www.tgrthaber.com\/mavikadin\/wp-content\/uploads\/Ekran-goruntusu-2025-12-09-105947.png 1040w\" sizes=\"(max-width: 1208px) 100vw, 1208px\" \/><\/p>\n<hr \/>\n<p>4. g\u00fcn Korhan Y\u0131lmaz<\/p>\n<p>5. g\u00fcn Biray San<\/p>\n","protected":false},"excerpt":{"rendered":"<p>Zuhal Topal&#8217;la Yemekteyiz 8 &#8211; 12 Aral\u0131k haftas\u0131na iddial\u0131 yar\u0131\u015fmac\u0131larla giri\u015f yapt\u0131. Yemekteyiz&#8217;de 4. g\u00fcn mutfa\u011fa giren isim ise Korhan Y\u0131lmaz oldu. Korhan Bey, Yemekteyiz izleyicisinin t\u00fcm ilgisini \u00e7ekti. Peki Zuhal Topal&#8217;la Yemekteyiz Korhan Y\u0131lmaz kimdir, ka\u00e7 ya\u015f\u0131nda? Yemekteyiz Korhan Y\u0131lmaz aslen nereli? \u0130\u015fte detaylar&#8230;<\/p>\n","protected":false},"author":35,"featured_media":273133,"comment_status":"closed","ping_status":"closed","sticky":false,"template":"","format":"standard","meta":{"rank_math_lock_modified_date":false,"footnotes":""},"categories":[491],"tags":[3374,67880,67879,8465,64880,8464],"class_list":["post-273128","post","type-post","status-publish","format-standard","has-post-thumbnail","hentry","category-biyografi","tag-biyografi","tag-korhan-yilmaz-aslen-nereli","tag-korhan-yilmaz-kac-yasind","tag-yemekteyiz","tag-yemekteyiz-korhan-kimdir","tag-zuhal-topal"],"_links":{"self":[{"href":"https:\/\/www.tgrthaber.com\/mavikadin\/wp-json\/wp\/v2\/posts\/273128"}],"collection":[{"href":"https:\/\/www.tgrthaber.com\/mavikadin\/wp-json\/wp\/v2\/posts"}],"about":[{"href":"https:\/\/www.tgrthaber.com\/mavikadin\/wp-json\/wp\/v2\/types\/post"}],"author":[{"embeddable":true,"href":"https:\/\/www.tgrthaber.com\/mavikadin\/wp-json\/wp\/v2\/users\/35"}],"replies":[{"embeddable":true,"href":"https:\/\/www.tgrthaber.com\/mavikadin\/wp-json\/wp\/v2\/comments?post=273128"}],"version-history":[{"count":2,"href":"https:\/\/www.tgrthaber.com\/mavikadin\/wp-json\/wp\/v2\/posts\/273128\/revisions"}],"predecessor-version":[{"id":273159,"href":"https:\/\/www.tgrthaber.com\/mavikadin\/wp-json\/wp\/v2\/posts\/273128\/revisions\/273159"}],"wp:featuredmedia":[{"embeddable":true,"href":"https:\/\/www.tgrthaber.com\/mavikadin\/wp-json\/wp\/v2\/media\/273133"}],"wp:attachment":[{"href":"https:\/\/www.tgrthaber.com\/mavikadin\/wp-json\/wp\/v2\/media?parent=273128"}],"wp:term":[{"taxonomy":"category","embeddable":true,"href":"https:\/\/www.tgrthaber.com\/mavikadin\/wp-json\/wp\/v2\/categories?post=273128"},{"taxonomy":"post_tag","embeddable":true,"href":"https:\/\/www.tgrthaber.com\/mavikadin\/wp-json\/wp\/v2\/tags?post=273128"}],"curies":[{"name":"wp","href":"https:\/\/api.w.org\/{rel}","templated":true}]}}