{"id":273157,"date":"2025-12-09T15:02:27","date_gmt":"2025-12-09T12:02:27","guid":{"rendered":"https:\/\/www.tgrthaber.com\/mavikadin\/?p=273157"},"modified":"2025-12-09T15:02:27","modified_gmt":"2025-12-09T12:02:27","slug":"yeni-yil-yemegini-fazla-kaciranlar-aman-dikkat-sizler-icin-mide-rahatlatan-icecek","status":"publish","type":"post","link":"https:\/\/www.tgrthaber.com\/mavikadin\/yeni-yil-yemegini-fazla-kaciranlar-aman-dikkat-sizler-icin-mide-rahatlatan-icecek\/","title":{"rendered":"Yeni y\u0131l yeme\u011fini fazla ka\u00e7\u0131ranlar aman dikkat! Sizler i\u00e7in mide rahatlatan i\u00e7ecek"},"content":{"rendered":"<p>Yeni y\u0131l\u0131n en g\u00fczel dakikalar\u0131, \u015f\u00fcphesiz ki ailenizle yemek sofras\u0131na oturdu\u011funuz anlard\u0131r. T\u00fcm g\u00fcn hayalini kurdu\u011fumuz yemekleri mideye indirmenin heyecan\u0131 ve mutlulu\u011fuyla, g\u00fczel bir ak\u015fam yeme\u011fi gelip ge\u00e7iverir. Sonras\u0131nda ise \u00e7ok fazla yemek yemenin bir getirisi olarak mide rahats\u0131zl\u0131klar\u0131 ortaya \u00e7\u0131kar. Ama sak\u0131n bu mide rahats\u0131zl\u0131\u011f\u0131n\u0131n gecenizi mahvetmesine izin vermeyin. \u0130\u015fte sizin i\u00e7in yeni y\u0131l gecenizde yeme\u011fi fazla ka\u00e7\u0131ranlara \u00f6zel mide rahatlatan i\u00e7erik \u00f6nerileri.<\/p>\n<h3>YEN\u0130 YILDA M\u0130DEN\u0130Z\u0130 RAHATLATACAK \u0130\u00c7ECEKLER<\/h3>\n<p>Yeni y\u0131l ak\u015fam\u0131nda mide \u015fi\u015fkinli\u011fi ya da haz\u0131ms\u0131zl\u0131k problemleri i\u00e7in ilk \u00e7\u00f6z\u00fcm\u00fcm\u00fcz genelde \u00e7aylar oluyor. Her ne kadar \u00e7aylar bu konuda \u00e7ok ba\u015far\u0131l\u0131 olsa da farkl\u0131 i\u00e7eceklere y\u00f6nelmek ilgi \u00e7ekici olabilir. \u0130\u015fte bu y\u00fczden, farkl\u0131 t\u00fcrdeki \u00e7aylar\u0131 de\u011fi\u015fik \u015fekillerde haz\u0131rlay\u0131p, ak\u015fam yeme\u011finden sonra rahatlamak i\u00e7in i\u00e7ebilece\u011finiz tariflerimizi sizler i\u00e7in derledik. Sindirim sisteminizi d\u00fczenleyen, haz\u0131ms\u0131zl\u0131k sorununuza adeta ila\u00e7 gibi gelecek ve yeni y\u0131l ak\u015fam\u0131n\u0131zda ailenizle rahat\u00e7a vakit ge\u00e7irmeye devam edebilmenize yard\u0131mc\u0131 olabilecek bu i\u00e7ecekler tam size g\u00f6re olacak.<\/p>\n<p><img loading=\"lazy\" decoding=\"async\" class=\"alignnone size-full wp-image-273264\" src=\"https:\/\/www.tgrthaber.com\/mavikadin\/wp-content\/uploads\/Asli-2025-12-09T125448.178.png\" alt=\"\" width=\"1208\" height=\"680\" title=\"\" srcset=\"https:\/\/www.tgrthaber.com\/mavikadin\/wp-content\/uploads\/Asli-2025-12-09T125448.178.png 1208w, https:\/\/www.tgrthaber.com\/mavikadin\/wp-content\/uploads\/Asli-2025-12-09T125448.178-300x169.png 300w, https:\/\/www.tgrthaber.com\/mavikadin\/wp-content\/uploads\/Asli-2025-12-09T125448.178-1024x576.png 1024w, https:\/\/www.tgrthaber.com\/mavikadin\/wp-content\/uploads\/Asli-2025-12-09T125448.178-768x432.png 768w\" sizes=\"(max-width: 1208px) 100vw, 1208px\" \/><\/p>\n<hr \/>\n<h3>S\u0130ND\u0130R\u0130M\u0130 RAHATLATAN \u00c7AY TAR\u0130F\u0130 NASIL YAPILIR?<\/h3>\n<p>Yemek sonras\u0131 midesinde s\u0131k\u0131nt\u0131 ya\u015fayanlar, \u015fi\u015fkinlik hissedenler\u2026 Yeni y\u0131l gecenizi mide a\u011fr\u0131n\u0131z\u0131n mahvetmesine izin vermeyin! \u0130\u015fte sizin i\u00e7in sindirimi \u00e7ok kolayla\u015ft\u0131ran, mideyi rahatlatan \u00e7ay tarifi:<\/p>\n<h3>S\u0130ND\u0130R\u0130M\u0130 RAHATLATAN \u00c7AY TAR\u0130F\u0130 \u0130\u00c7\u0130N MALZEMELER<\/h3>\n<p>Yar\u0131m litre kaynam\u0131\u015f su<br \/>\nBir tatl\u0131 ka\u015f\u0131\u011f\u0131 rezene<br \/>\nBir yemek ka\u015f\u0131\u011f\u0131 papatya<br \/>\nBirka\u00e7 karanfil<br \/>\nBir tatl\u0131 ka\u015f\u0131\u011f\u0131 ye\u015fil \u00e7ay veya bir paket ye\u015fil \u00e7ay<br \/>\nYar\u0131m limonun dilimleri<br \/>\nYap\u0131l\u0131\u015f\u0131:<br \/>\nKaynam\u0131\u015f suyun i\u00e7ine malzemeleri ekleyip 10 dakika demlenmesini bekleyelim ve s\u00fcz\u00fcp afiyetle t\u00fcketelim. Dilerseniz i\u00e7ine organik bal da ekleyebilirsiniz.<\/p>\n<p><img loading=\"lazy\" decoding=\"async\" class=\"alignnone size-full wp-image-273269\" src=\"https:\/\/www.tgrthaber.com\/mavikadin\/wp-content\/uploads\/Asli-2025-12-09T125700.291.png\" alt=\"\" width=\"1208\" height=\"680\" title=\"\" srcset=\"https:\/\/www.tgrthaber.com\/mavikadin\/wp-content\/uploads\/Asli-2025-12-09T125700.291.png 1208w, https:\/\/www.tgrthaber.com\/mavikadin\/wp-content\/uploads\/Asli-2025-12-09T125700.291-300x169.png 300w, https:\/\/www.tgrthaber.com\/mavikadin\/wp-content\/uploads\/Asli-2025-12-09T125700.291-1024x576.png 1024w, https:\/\/www.tgrthaber.com\/mavikadin\/wp-content\/uploads\/Asli-2025-12-09T125700.291-768x432.png 768w\" sizes=\"(max-width: 1208px) 100vw, 1208px\" \/><\/p>\n<hr \/>\n<h3>ZENCEF\u0130L \u00c7AYI TAR\u0130F\u0130 \u0130\u00c7\u0130N MALZEMELER<\/h3>\n<p>Taze zencefil<br \/>\nLimon<br \/>\nBal<br \/>\n1 \u00e7ubuk tar\u00e7\u0131n<br \/>\nZencefil \u00e7ay\u0131 yap\u0131m\u0131:<br \/>\nSuyu kaynatal\u0131m. Kaynad\u0131ktan sonra 5 dakika bekleyelim ki kaynar su ile zencefillerimiz birden ha\u015flanmas\u0131n. Bitki \u00e7aylar\u0131 yaparken genelde 80 derece s\u0131cak su kullan\u0131l\u0131r ama \u00f6l\u00e7me \u015fans\u0131n\u0131z yoksa kaynar suyun alt\u0131n\u0131 kapat\u0131p dinlendirerek de ayn\u0131 sonuca ula\u015fabilirsiniz.<br \/>\nHer bir fincan zencefilli \u00e7ay i\u00e7in, ceviz b\u00fcy\u00fckl\u00fc\u011f\u00fcnde bir par\u00e7a zencefilin kabu\u011funu soyup patates dilimler gibi dilimleyelim. \u00c7ay demleyece\u011fimiz demli\u011fe zencefilleri ve \u00e7ubuk tar\u00e7\u0131n\u0131 alarak s\u0131cak suyu ekleyelim. 8\u201310 dakika demlenmesi i\u00e7in bekletelim. Demlenen \u00e7ay\u0131 fincanlara al\u0131p bolca limon suyu s\u0131kal\u0131m. Tercihe g\u00f6re istenen miktarda bal ile kar\u0131\u015ft\u0131r\u0131p servis edelim.<\/p>\n<p><img loading=\"lazy\" decoding=\"async\" class=\"alignnone size-full wp-image-273270\" src=\"https:\/\/www.tgrthaber.com\/mavikadin\/wp-content\/uploads\/Asli-2025-12-09T125727.435.png\" alt=\"\" width=\"1208\" height=\"680\" title=\"\" srcset=\"https:\/\/www.tgrthaber.com\/mavikadin\/wp-content\/uploads\/Asli-2025-12-09T125727.435.png 1208w, https:\/\/www.tgrthaber.com\/mavikadin\/wp-content\/uploads\/Asli-2025-12-09T125727.435-300x169.png 300w, https:\/\/www.tgrthaber.com\/mavikadin\/wp-content\/uploads\/Asli-2025-12-09T125727.435-1024x576.png 1024w, https:\/\/www.tgrthaber.com\/mavikadin\/wp-content\/uploads\/Asli-2025-12-09T125727.435-768x432.png 768w\" sizes=\"(max-width: 1208px) 100vw, 1208px\" \/><\/p>\n<hr \/>\n<h3>REZENE \u00c7AYI<\/h3>\n<p>G\u00fcnl\u00fck hayatta sindirim sistemi \u00fczerindeki rahatlat\u0131c\u0131 etkisi bilinen rezene <a href=\"https:\/\/www.tgrthaber.com\/mavikadin\/adet-doneminde-siskinligi-azaltan-cay-tam-2-kilo-1-saatte-gidiyor\/\">\u00e7ay<\/a>\u0131, bebeklerin bile favori i\u00e7ece\u011fi haline gelmi\u015f bir tarif. Ayn\u0131 zamanda metabolizmay\u0131 h\u0131zland\u0131r\u0131p ya\u011f yak\u0131m\u0131n\u0131 art\u0131ran bu bitki \u00e7ay\u0131n\u0131 tatland\u0131rmak i\u00e7in portakal kabu\u011fundan faydalanabilirsiniz.<\/p>\n<p><img loading=\"lazy\" decoding=\"async\" class=\"alignnone size-full wp-image-273271\" src=\"https:\/\/www.tgrthaber.com\/mavikadin\/wp-content\/uploads\/Asli-2025-12-09T130029.004.png\" alt=\"\" width=\"1208\" height=\"680\" title=\"\" srcset=\"https:\/\/www.tgrthaber.com\/mavikadin\/wp-content\/uploads\/Asli-2025-12-09T130029.004.png 1208w, https:\/\/www.tgrthaber.com\/mavikadin\/wp-content\/uploads\/Asli-2025-12-09T130029.004-300x169.png 300w, https:\/\/www.tgrthaber.com\/mavikadin\/wp-content\/uploads\/Asli-2025-12-09T130029.004-1024x576.png 1024w, https:\/\/www.tgrthaber.com\/mavikadin\/wp-content\/uploads\/Asli-2025-12-09T130029.004-768x432.png 768w\" sizes=\"(max-width: 1208px) 100vw, 1208px\" \/><\/p>\n<hr \/>\n<h3>REZENE \u00c7AYI TAR\u0130F\u0130 \u0130\u00c7\u0130N MALZEMELER<\/h3>\n<p>1\u20132 \u00e7ay ka\u015f\u0131\u011f\u0131 rezene<br \/>\n1 su barda\u011f\u0131 s\u0131cak su<br \/>\nBal (iste\u011fe ba\u011fl\u0131)<\/p>\n<h3>REZENE \u00c7AYI TAR\u0130F\u0130 NASIL YAPILIR?<\/h3>\n<p>Kaynam\u0131\u015f suyun i\u00e7ine rezeneleri atal\u0131m, 5 dakika daha kaynatal\u0131m.<br \/>\nOca\u011f\u0131 kapat\u0131p 5 dakika dinlendirelim.<br \/>\nDinlendikten sonra bal ekleyelim.<\/p>\n<p><img loading=\"lazy\" decoding=\"async\" class=\"alignnone size-full wp-image-273272\" src=\"https:\/\/www.tgrthaber.com\/mavikadin\/wp-content\/uploads\/Asli-2025-12-09T130008.530.png\" alt=\"\" width=\"1208\" height=\"680\" title=\"\" srcset=\"https:\/\/www.tgrthaber.com\/mavikadin\/wp-content\/uploads\/Asli-2025-12-09T130008.530.png 1208w, https:\/\/www.tgrthaber.com\/mavikadin\/wp-content\/uploads\/Asli-2025-12-09T130008.530-300x169.png 300w, https:\/\/www.tgrthaber.com\/mavikadin\/wp-content\/uploads\/Asli-2025-12-09T130008.530-1024x576.png 1024w, https:\/\/www.tgrthaber.com\/mavikadin\/wp-content\/uploads\/Asli-2025-12-09T130008.530-768x432.png 768w\" sizes=\"(max-width: 1208px) 100vw, 1208px\" \/><\/p>\n<h3>M\u0130DE A\u011eRISINA EN HIZLI NE \u0130Y\u0130 GEL\u0130R?<\/h3>\n<p>Il\u0131k su i\u00e7mek ve mideyi yormayan bir pozisyonda dinlenmek h\u0131zl\u0131 bir rahatlama sa\u011flayabilir. Ayr\u0131ca nane \u00e7ay\u0131 veya papatya \u00e7ay\u0131 t\u00fcketmek de mide kaslar\u0131n\u0131 gev\u015feterek a\u011fr\u0131y\u0131 hafifletir.<\/p>\n","protected":false},"excerpt":{"rendered":"<p>Yeni y\u0131l\u0131n en g\u00fczel anlar\u0131ndan biri \u015f\u00fcphesiz ailecek \u00f6zenle haz\u0131rlanan y\u0131lba\u015f\u0131 yeme\u011fidir. G\u00fczel bir ak\u015fam yeme\u011finin ard\u0131ndan mide a\u011fr\u0131n\u0131z ailenizle ge\u00e7irebilece\u011finiz kaliteli zamana engel olmas\u0131n.<\/p>\n","protected":false},"author":37,"featured_media":273171,"comment_status":"closed","ping_status":"closed","sticky":false,"template":"","format":"standard","meta":{"rank_math_lock_modified_date":false,"footnotes":""},"categories":[1991],"tags":[38056,173,3855],"class_list":["post-273157","post","type-post","status-publish","format-standard","has-post-thumbnail","hentry","category-saglik","tag-cay","tag-saglik","tag-yeni-yil"],"_links":{"self":[{"href":"https:\/\/www.tgrthaber.com\/mavikadin\/wp-json\/wp\/v2\/posts\/273157"}],"collection":[{"href":"https:\/\/www.tgrthaber.com\/mavikadin\/wp-json\/wp\/v2\/posts"}],"about":[{"href":"https:\/\/www.tgrthaber.com\/mavikadin\/wp-json\/wp\/v2\/types\/post"}],"author":[{"embeddable":true,"href":"https:\/\/www.tgrthaber.com\/mavikadin\/wp-json\/wp\/v2\/users\/37"}],"replies":[{"embeddable":true,"href":"https:\/\/www.tgrthaber.com\/mavikadin\/wp-json\/wp\/v2\/comments?post=273157"}],"version-history":[{"count":2,"href":"https:\/\/www.tgrthaber.com\/mavikadin\/wp-json\/wp\/v2\/posts\/273157\/revisions"}],"predecessor-version":[{"id":273274,"href":"https:\/\/www.tgrthaber.com\/mavikadin\/wp-json\/wp\/v2\/posts\/273157\/revisions\/273274"}],"wp:featuredmedia":[{"embeddable":true,"href":"https:\/\/www.tgrthaber.com\/mavikadin\/wp-json\/wp\/v2\/media\/273171"}],"wp:attachment":[{"href":"https:\/\/www.tgrthaber.com\/mavikadin\/wp-json\/wp\/v2\/media?parent=273157"}],"wp:term":[{"taxonomy":"category","embeddable":true,"href":"https:\/\/www.tgrthaber.com\/mavikadin\/wp-json\/wp\/v2\/categories?post=273157"},{"taxonomy":"post_tag","embeddable":true,"href":"https:\/\/www.tgrthaber.com\/mavikadin\/wp-json\/wp\/v2\/tags?post=273157"}],"curies":[{"name":"wp","href":"https:\/\/api.w.org\/{rel}","templated":true}]}}