{"id":273182,"date":"2025-12-09T14:06:18","date_gmt":"2025-12-09T11:06:18","guid":{"rendered":"https:\/\/www.tgrthaber.com\/mavikadin\/?p=273182"},"modified":"2025-12-09T14:13:33","modified_gmt":"2025-12-09T11:13:33","slug":"busra-karakas-kimdir-kac-yasinda-busra-karakas-aslen-nereli","status":"publish","type":"post","link":"https:\/\/www.tgrthaber.com\/mavikadin\/busra-karakas-kimdir-kac-yasinda-busra-karakas-aslen-nereli\/","title":{"rendered":"B\u00fc\u015fra Karaka\u015f kimdir, ka\u00e7 ya\u015f\u0131nda? B\u00fc\u015fra Karaka\u015f aslen nereli?"},"content":{"rendered":"<p>Sosyal medyada en \u00e7ok konu\u015fulan isimlerin ba\u015f\u0131n\u0131 \u00e7eken B\u00fc\u015fra Karaka\u015f, bir yabanc\u0131 turisti darp etti\u011fi iddias\u0131yla yeniden g\u00fcndemin merkezinde yer ald\u0131. Ya\u015fanan olay sonras\u0131 arama motorlar\u0131nda, &#8216;B\u00fc\u015fra Karaka\u015f kimdir, ka\u00e7 ya\u015f\u0131nda?&#8217; &#8216;B\u00fc\u015fra Karaka\u015f aslen nereli?, &#8216;B\u00fc\u015fra Karaka\u015f ne yapt\u0131, kimi darp etti?&#8217; gibi sorular h\u0131zla ara\u015ft\u0131rt\u0131lmaya ba\u015fland\u0131. Hem spor ge\u00e7mi\u015fi hem de modellik kariyeriyle dikkat \u00e7eken Karaka\u015f&#8217;\u0131n hayat\u0131 mercek alt\u0131na al\u0131nm\u0131\u015f durumda.<\/p>\n<h3>B\u00dc\u015eRA KARAKA\u015e K\u0130MD\u0130R, KA\u00c7 YA\u015eINDA?<\/h3>\n<p>Best Model yar\u0131\u015fmalar\u0131ndaki birinci olup ad\u0131n\u0131 duyuran B\u00fc\u015fra Karaka\u015f, sunucu kimli\u011fiyle de dikkatleri \u00fczerine toplam\u0131\u015f bir isimdir. B\u00fc\u015fra Karaka\u015f hakk\u0131nda son olarak ortaya at\u0131lan darp iddias\u0131 sosyal medyada g\u00fcndemi alevlendirdi.<\/p>\n<p><img loading=\"lazy\" decoding=\"async\" class=\"alignnone wp-image-273210 \" src=\"https:\/\/www.tgrthaber.com\/mavikadin\/wp-content\/uploads\/6937eb60820a5eb61fc7f84d.webp\" alt=\"\" width=\"1141\" height=\"643\" title=\"\" srcset=\"https:\/\/www.tgrthaber.com\/mavikadin\/wp-content\/uploads\/6937eb60820a5eb61fc7f84d.webp 770w, https:\/\/www.tgrthaber.com\/mavikadin\/wp-content\/uploads\/6937eb60820a5eb61fc7f84d-300x169.webp 300w, https:\/\/www.tgrthaber.com\/mavikadin\/wp-content\/uploads\/6937eb60820a5eb61fc7f84d-768x433.webp 768w\" sizes=\"(max-width: 1141px) 100vw, 1141px\" \/><\/p>\n<hr \/>\n<p><a href=\"https:\/\/www.tgrthaber.com\/mavikadin\/fenerbahcenin-yildizi-mert-muldur-kick-bokscu-sevgilisi-koprena-andjela-ile-nisanlandi-sosyal-medya-bu-kareleri-konusuyor\/\">Kick boks<\/a> ge\u00e7mi\u015fiyle tan\u0131nan ve modellikte uluslararas\u0131 bir ba\u015far\u0131 yakalayan B\u00fc\u015fra Karaka\u015f 27 \u015eubat 1995 do\u011fumlu. 2025 itibar\u0131yla 30 ya\u015f\u0131ndad\u0131r. Karaka\u015f, uzun y\u0131llar milli sporcu olarak T\u00fcrkiye\u2019yi temsil etmesiyle de g\u00fcndemde yerini korudu. Karaka\u015f&#8217;\u0131n kick boks ve tekvando bran\u015flar\u0131nda T\u00fcrkiye \u015fampiyonluklar\u0131 bulunuyor.<\/p>\n<p><img loading=\"lazy\" decoding=\"async\" class=\"alignnone wp-image-273211\" src=\"https:\/\/www.tgrthaber.com\/mavikadin\/wp-content\/uploads\/6937e67b820a5eb61fc7f828-300x169.webp\" alt=\"\" width=\"1208\" height=\"682\" title=\"\" srcset=\"https:\/\/www.tgrthaber.com\/mavikadin\/wp-content\/uploads\/6937e67b820a5eb61fc7f828-300x169.webp 300w, https:\/\/www.tgrthaber.com\/mavikadin\/wp-content\/uploads\/6937e67b820a5eb61fc7f828.webp 740w\" sizes=\"(max-width: 1208px) 100vw, 1208px\" \/><\/p>\n<hr \/>\n<p>Modelli\u011fe ge\u00e7i\u015f yapt\u0131ktan sonra, \u00f6nce Best Model of Turkey, daha sonra ise Best Model of the World birincili\u011fi kazand\u0131. Daha sonra da ekranlarda boy g\u00f6steren Karaka\u015f, Number One TV\u2019de sunuculuk yapt\u0131 ve magazin programlar\u0131nda yer ald\u0131. B\u00fc\u015fra Karaka\u015f, Ankara do\u011fumludur. Gazi \u00dcniversitesi Beden E\u011fitimi ve Spor Y\u00fcksekokulu mezunudur.<\/p>\n<p><img loading=\"lazy\" decoding=\"async\" class=\"alignnone wp-image-273213\" src=\"https:\/\/www.tgrthaber.com\/mavikadin\/wp-content\/uploads\/1672062765-milli-dovuscu-dunya-guzeli-oldu-941432-300x178.jpg\" alt=\"\" width=\"1208\" height=\"716\" title=\"\" srcset=\"https:\/\/www.tgrthaber.com\/mavikadin\/wp-content\/uploads\/1672062765-milli-dovuscu-dunya-guzeli-oldu-941432-300x178.jpg 300w, https:\/\/www.tgrthaber.com\/mavikadin\/wp-content\/uploads\/1672062765-milli-dovuscu-dunya-guzeli-oldu-941432.jpg 641w\" sizes=\"(max-width: 1208px) 100vw, 1208px\" \/><\/p>\n<hr \/>\n<h3>B\u00dc\u015eRA KARAKA\u015e K\u0130M\u0130 DARP ETT\u0130, NEDEN G\u00dcNDEMDE?<\/h3>\n<p>B\u00fc\u015fra Karaka\u015f\u2019\u0131n g\u00fcndeme gelmesinin nedeni, \u0130stanbul Be\u015fikta\u015f\u2019ta bir mekanda ya\u015fanan tart\u0131\u015fma oldu. Gelen iddialara g\u00f6re Karaka\u015f, Rus turist Maria Avdienko\u2019yu darp etti. Turistin ise Karaka\u015f&#8217;\u0131 \u015fikayet etmesi ve olay\u0131n savc\u0131l\u0131\u011fa ta\u015f\u0131nmas\u0131 geni\u015f yank\u0131 uyand\u0131rd\u0131. Savc\u0131l\u0131k olayla ilgili soru\u015fturma ba\u015flatt\u0131.<\/p>\n<p><img loading=\"lazy\" decoding=\"async\" class=\"alignnone wp-image-273208\" src=\"https:\/\/www.tgrthaber.com\/mavikadin\/wp-content\/uploads\/6937e6c5a054e9e8b20528db-300x169.webp\" alt=\"\" width=\"1208\" height=\"680\" title=\"\" srcset=\"https:\/\/www.tgrthaber.com\/mavikadin\/wp-content\/uploads\/6937e6c5a054e9e8b20528db-300x169.webp 300w, https:\/\/www.tgrthaber.com\/mavikadin\/wp-content\/uploads\/6937e6c5a054e9e8b20528db-768x432.webp 768w, https:\/\/www.tgrthaber.com\/mavikadin\/wp-content\/uploads\/6937e6c5a054e9e8b20528db.webp 800w\" sizes=\"(max-width: 1208px) 100vw, 1208px\" \/><\/p>\n<hr \/>\n<p>Ayr\u0131ca gelen bilgilere g\u00f6re, Maria Avdienko\u2019nun savc\u0131l\u0131\u011fa sundu\u011fu \u015fikayetle birlikte, dosya i\u015fleme al\u0131nm\u0131\u015f durumda. B\u00fc\u015fra Karaka\u015f&#8217;\u0131n <a href=\"https:\/\/www.tgrthaber.com\/mavikadin\/bahis-sorusturmasinda-hangi-unlu-isimler-gozaltina-alindi\/\">soru\u015fturmas\u0131<\/a> ise hala devam ediyor. Olaya tan\u0131k olan ki\u015filerin ifadeleri ve kamera kay\u0131tlar\u0131n\u0131n dosyaya eklenmesi bekleniyor.<\/p>\n<p><img loading=\"lazy\" decoding=\"async\" class=\"alignnone wp-image-273212\" src=\"https:\/\/www.tgrthaber.com\/mavikadin\/wp-content\/uploads\/1765202638_38fb41756dff45c5d582-300x180.webp\" alt=\"\" width=\"1208\" height=\"725\" title=\"\" srcset=\"https:\/\/www.tgrthaber.com\/mavikadin\/wp-content\/uploads\/1765202638_38fb41756dff45c5d582-300x180.webp 300w, https:\/\/www.tgrthaber.com\/mavikadin\/wp-content\/uploads\/1765202638_38fb41756dff45c5d582-1024x614.webp 1024w, https:\/\/www.tgrthaber.com\/mavikadin\/wp-content\/uploads\/1765202638_38fb41756dff45c5d582-768x461.webp 768w, https:\/\/www.tgrthaber.com\/mavikadin\/wp-content\/uploads\/1765202638_38fb41756dff45c5d582.webp 1200w\" sizes=\"(max-width: 1208px) 100vw, 1208px\" \/><\/p>\n<hr \/>\n<p>Olay\u0131n sosyal medyaya gelmesi ve detaylar\u0131n giderek yay\u0131lmas\u0131 sonucu B\u00fc\u015fra Karaka\u015f&#8217;\u0131n da hayat\u0131 yeniden mercek alt\u0131na al\u0131nm\u0131\u015f oldu. Kick boks ge\u00e7mi\u015fiyle tan\u0131nan ve modellik kariyerinde ba\u015far\u0131lar\u0131yla hat\u0131rlanan B\u00fc\u015fra Karaka\u015f&#8217;\u0131n b\u00f6yle bir geli\u015fmeyle g\u00fcndeme gelmesi, takip\u00e7ilerini de \u015fa\u015f\u0131rtt\u0131.<\/p>\n<p><img loading=\"lazy\" decoding=\"async\" class=\"alignnone wp-image-273209\" src=\"https:\/\/www.tgrthaber.com\/mavikadin\/wp-content\/uploads\/busra-karakas-300x177.jpg\" alt=\"\" width=\"1208\" height=\"711\" title=\"\" srcset=\"https:\/\/www.tgrthaber.com\/mavikadin\/wp-content\/uploads\/busra-karakas-300x177.jpg 300w, https:\/\/www.tgrthaber.com\/mavikadin\/wp-content\/uploads\/busra-karakas.jpg 566w\" sizes=\"(max-width: 1208px) 100vw, 1208px\" \/><\/p>\n<hr \/>\n<p>B\u00fc\u015fra Karaka\u015f&#8217;\u0131n hayat\u0131, kariyeri ve hakk\u0131nda \u00e7\u0131kan t\u00fcm iddialar, savc\u0131l\u0131k soru\u015fturmas\u0131na g\u00f6re yeniden \u015fekillenecek gibi g\u00f6r\u00fcn\u00fcyor. \u015eimdi t\u00fcm g\u00f6zler hem savc\u0131l\u0131ktan hem de B\u00fc\u015fra Karaka\u015f&#8217;tan gelecek a\u00e7\u0131klamaya \u00e7evrildi.<\/p>\n","protected":false},"excerpt":{"rendered":"<p>Model ve kick boks\u00e7u B\u00fc\u015fra Karaka\u015f turist kad\u0131na darp iddias\u0131yla g\u00fcndem ebomba gibi d\u00fc\u015ft\u00fc. Ya\u015fanan bu olay sonras\u0131 sosyal medyada g\u00fcndem olan isim B\u00fc\u015fra Karaka\u015f&#8217;\u0131n hayat\u0131 da mercek alt\u0131na al\u0131nd\u0131. Peki B\u00fc\u015fra Karaka\u015f kimdir, ka\u00e7 ya\u015f\u0131nda? B\u00fc\u015fra Karaka\u015f aslen nereli? \u0130\u015fte detaylar&#8230;<\/p>\n","protected":false},"author":35,"featured_media":273192,"comment_status":"closed","ping_status":"closed","sticky":false,"template":"","format":"standard","meta":{"rank_math_lock_modified_date":false,"footnotes":""},"categories":[491],"tags":[3374,67886,67887,67888,67885],"class_list":["post-273182","post","type-post","status-publish","format-standard","has-post-thumbnail","hentry","category-biyografi","tag-biyografi","tag-busra-karakas-aslen-nereli","tag-busra-karakas-darp","tag-busra-karakas-kac-yasinda","tag-busra-karakas-kimdir"],"_links":{"self":[{"href":"https:\/\/www.tgrthaber.com\/mavikadin\/wp-json\/wp\/v2\/posts\/273182"}],"collection":[{"href":"https:\/\/www.tgrthaber.com\/mavikadin\/wp-json\/wp\/v2\/posts"}],"about":[{"href":"https:\/\/www.tgrthaber.com\/mavikadin\/wp-json\/wp\/v2\/types\/post"}],"author":[{"embeddable":true,"href":"https:\/\/www.tgrthaber.com\/mavikadin\/wp-json\/wp\/v2\/users\/35"}],"replies":[{"embeddable":true,"href":"https:\/\/www.tgrthaber.com\/mavikadin\/wp-json\/wp\/v2\/comments?post=273182"}],"version-history":[{"count":4,"href":"https:\/\/www.tgrthaber.com\/mavikadin\/wp-json\/wp\/v2\/posts\/273182\/revisions"}],"predecessor-version":[{"id":273217,"href":"https:\/\/www.tgrthaber.com\/mavikadin\/wp-json\/wp\/v2\/posts\/273182\/revisions\/273217"}],"wp:featuredmedia":[{"embeddable":true,"href":"https:\/\/www.tgrthaber.com\/mavikadin\/wp-json\/wp\/v2\/media\/273192"}],"wp:attachment":[{"href":"https:\/\/www.tgrthaber.com\/mavikadin\/wp-json\/wp\/v2\/media?parent=273182"}],"wp:term":[{"taxonomy":"category","embeddable":true,"href":"https:\/\/www.tgrthaber.com\/mavikadin\/wp-json\/wp\/v2\/categories?post=273182"},{"taxonomy":"post_tag","embeddable":true,"href":"https:\/\/www.tgrthaber.com\/mavikadin\/wp-json\/wp\/v2\/tags?post=273182"}],"curies":[{"name":"wp","href":"https:\/\/api.w.org\/{rel}","templated":true}]}}