{"id":273244,"date":"2025-12-09T14:55:16","date_gmt":"2025-12-09T11:55:16","guid":{"rendered":"https:\/\/www.tgrthaber.com\/mavikadin\/?p=273244"},"modified":"2025-12-09T14:55:16","modified_gmt":"2025-12-09T11:55:16","slug":"besime-ekici-oldu-mu-besime-ekiciye-ne-oldu","status":"publish","type":"post","link":"https:\/\/www.tgrthaber.com\/mavikadin\/besime-ekici-oldu-mu-besime-ekiciye-ne-oldu\/","title":{"rendered":"Besime Ekici \u00f6ld\u00fc m\u00fc? Besime Ekici\u2019ye ne oldu?"},"content":{"rendered":"<p>A\u00e7\u0131k s\u00f6zl\u00fc ki\u015fili\u011fi, kararl\u0131 duru\u015fu ve kendine has \u00fcslubuyla tan\u0131nan <a href=\"https:\/\/www.tgrthaber.com\/mavikadin\/gelinim-mutfakta-sezon-finali-mi-oldu-gelinim-mutfakta-bitti-mi\/\">Besime Ekici<\/a>, yar\u0131\u015fmaya gelini G\u00fclcan Ekici ile birlikte kat\u0131lm\u0131\u015f; programdaki net tav\u0131rlar\u0131 sayesinde geni\u015f bir izleyici kitlesinin dikkatini \u00e7ekmi\u015fti. Peki Besime Ekici \u00f6ld\u00fc m\u00fc? Besime Ekici\u2019ye ne oldu?<\/p>\n<h3>BES\u0130ME EK\u0130C\u0130 \u00d6LD\u00dc M\u00dc? BES\u0130ME EK\u0130C\u0130\u2019YE NE OLDU?<\/h3>\n<p>Uzun s\u00fcre yar\u0131\u015fmada yer alan ve favori kay\u0131nvalideler aras\u0131nda g\u00f6sterilen Besime Ekici\u2019nin vefat haberini, gelini G\u00fclcan Ekici sosyal medya hesab\u0131 \u00fczerinden payla\u015ft\u0131. G\u00fclcan Ekici, ac\u0131 haberi \u201cKay\u0131nvalidem <a href=\"https:\/\/www.tgrthaber.com\/mavikadin\/asli-hunelin-sundugu-gelinim-mutfakta-son-puan-durumu-gelinim-mutfakta-bu-hafta-neler-oldu\/\">Besime Ekici<\/a> Hakk\u2019\u0131n rahmetine kavu\u015fmu\u015ftur\u201d s\u00f6zleriyle duyurdu.<\/p>\n<p><img loading=\"lazy\" decoding=\"async\" class=\"aligncenter size-full wp-image-273252\" src=\"https:\/\/www.tgrthaber.com\/mavikadin\/wp-content\/uploads\/Besime-Ekici-2_restored.jpeg\" alt=\"\" width=\"2000\" height=\"1124\" title=\"\" srcset=\"https:\/\/www.tgrthaber.com\/mavikadin\/wp-content\/uploads\/Besime-Ekici-2_restored.jpeg 2000w, https:\/\/www.tgrthaber.com\/mavikadin\/wp-content\/uploads\/Besime-Ekici-2_restored-300x169.jpeg 300w, https:\/\/www.tgrthaber.com\/mavikadin\/wp-content\/uploads\/Besime-Ekici-2_restored-1024x575.jpeg 1024w, https:\/\/www.tgrthaber.com\/mavikadin\/wp-content\/uploads\/Besime-Ekici-2_restored-768x432.jpeg 768w, https:\/\/www.tgrthaber.com\/mavikadin\/wp-content\/uploads\/Besime-Ekici-2_restored-1536x863.jpeg 1536w\" sizes=\"(max-width: 2000px) 100vw, 2000px\" \/><\/p>\n<hr \/>\n<p>Programdaki karakteristik tav\u0131rlar\u0131yla hem sevenlerinin hem de ele\u015ftirmenlerinin ilgisini \u00e7eken Besime Ekici, Gelinim Mutfakta ekranlar\u0131nda iz b\u0131rakan isimler aras\u0131nda yer al\u0131yordu.<\/p>\n<h3>VEFAT HABER\u0130N\u0130 GEL\u0130N\u0130 DUYURDU<\/h3>\n<p>\u201cGelinim Mutfakta\u201d program\u0131n\u0131n fenomen kay\u0131nvalidesi Besime Ekici\u2019nin hayat\u0131n\u0131 kaybetti\u011fi \u00f6\u011frenildi. Vefat haberini, gelini G\u00fclcan Ekici \u201cKay\u0131nvalidem Besime Ekici Hakk\u2019\u0131n rahmetine kavu\u015fmu\u015ftur\u201d diyerek duyurdu.<\/p>\n<p><img loading=\"lazy\" decoding=\"async\" class=\"aligncenter size-full wp-image-273246\" src=\"https:\/\/www.tgrthaber.com\/mavikadin\/wp-content\/uploads\/Besime-Ekici.jpeg\" alt=\"\" width=\"1080\" height=\"1080\" title=\"\" srcset=\"https:\/\/www.tgrthaber.com\/mavikadin\/wp-content\/uploads\/Besime-Ekici.jpeg 1080w, https:\/\/www.tgrthaber.com\/mavikadin\/wp-content\/uploads\/Besime-Ekici-300x300.jpeg 300w, https:\/\/www.tgrthaber.com\/mavikadin\/wp-content\/uploads\/Besime-Ekici-1024x1024.jpeg 1024w, https:\/\/www.tgrthaber.com\/mavikadin\/wp-content\/uploads\/Besime-Ekici-150x150.jpeg 150w, https:\/\/www.tgrthaber.com\/mavikadin\/wp-content\/uploads\/Besime-Ekici-768x768.jpeg 768w\" sizes=\"(max-width: 1080px) 100vw, 1080px\" \/><\/p>\n<hr \/>\n<h3>GEL\u0130N\u0130M MUTFAKTA KONSEPT\u0130<\/h3>\n<p>Yar\u0131\u015fmaya d\u00f6rt gelinin her biri kay\u0131nvalidesiyle birlikte kat\u0131l\u0131r. Hafta boyunca her g\u00fcn farkl\u0131 yemekler haz\u0131rlan\u0131r ve gelinlere bu yemekleri yapmak i\u00e7in belirli s\u00fcreler tan\u0131n\u0131r.<\/p>\n<p>Kay\u0131nvalideler ve sunucu Asl\u0131 H\u00fcnel, gelinlerin haz\u0131rlad\u0131\u011f\u0131 yemekleri de\u011ferlendirerek puanlar. G\u00fcn\u00fcn en y\u00fcksek puan\u0131n\u0131 alan gelin, 1 adet \u00e7eyrek alt\u0131n kazan\u0131r. Haftan\u0131n final g\u00fcn\u00fcnde ise haftan\u0131n en y\u00fcksek puan\u0131na ula\u015fan gelin \u00f6d\u00fcl olarak 10 alt\u0131n bilezik elde eder.<\/p>\n<p>Hafta boyunca en d\u00fc\u015f\u00fck puan\u0131 alan gelin ve kay\u0131nvalidesi yar\u0131\u015fmadan elenir; onlar\u0131n yerine ertesi hafta yeni yar\u0131\u015fmac\u0131lar programa dahil edilir.<\/p>\n<p><img loading=\"lazy\" decoding=\"async\" class=\"aligncenter size-full wp-image-273249\" src=\"https:\/\/www.tgrthaber.com\/mavikadin\/wp-content\/uploads\/Besime-Ekici-4_restored.jpeg\" alt=\"\" width=\"2000\" height=\"1124\" title=\"\" srcset=\"https:\/\/www.tgrthaber.com\/mavikadin\/wp-content\/uploads\/Besime-Ekici-4_restored.jpeg 2000w, https:\/\/www.tgrthaber.com\/mavikadin\/wp-content\/uploads\/Besime-Ekici-4_restored-300x169.jpeg 300w, https:\/\/www.tgrthaber.com\/mavikadin\/wp-content\/uploads\/Besime-Ekici-4_restored-1024x575.jpeg 1024w, https:\/\/www.tgrthaber.com\/mavikadin\/wp-content\/uploads\/Besime-Ekici-4_restored-768x432.jpeg 768w, https:\/\/www.tgrthaber.com\/mavikadin\/wp-content\/uploads\/Besime-Ekici-4_restored-1536x863.jpeg 1536w\" sizes=\"(max-width: 2000px) 100vw, 2000px\" \/><\/p>\n<hr \/>\n<p>Herhangi bir yar\u0131\u015fmac\u0131n\u0131n yeme\u011finde eksik malzeme kullanmas\u0131 veya yanl\u0131\u015f tarif uygulamas\u0131 h\u00e2linde ilgili yar\u0131\u015fmac\u0131ya -2 ceza puan\u0131 verilir.<\/p>\n<p>Gelinler aras\u0131nda puan e\u015fitli\u011fi olmas\u0131 durumunda kura y\u00f6ntemi uygulan\u0131r. \u00c7eyrek alt\u0131n\u0131 almaya hak kazanamayan kay\u0131nvalide, g\u00fcn birincisi olabilecek gelinlerin isimlerinin yaz\u0131l\u0131 oldu\u011fu toplardan birini fanustan \u00e7ekerek sunucuya teslim eder. Topun i\u00e7inden \u00e7\u0131kan isim \u00e7eyrek alt\u0131n\u0131n sahibini belirler.<\/p>\n<p><img loading=\"lazy\" decoding=\"async\" class=\"aligncenter size-full wp-image-273250\" src=\"https:\/\/www.tgrthaber.com\/mavikadin\/wp-content\/uploads\/Besime-Ekici-3_restored.jpeg\" alt=\"\" width=\"2000\" height=\"1200\" title=\"\" srcset=\"https:\/\/www.tgrthaber.com\/mavikadin\/wp-content\/uploads\/Besime-Ekici-3_restored.jpeg 2000w, https:\/\/www.tgrthaber.com\/mavikadin\/wp-content\/uploads\/Besime-Ekici-3_restored-300x180.jpeg 300w, https:\/\/www.tgrthaber.com\/mavikadin\/wp-content\/uploads\/Besime-Ekici-3_restored-1024x614.jpeg 1024w, https:\/\/www.tgrthaber.com\/mavikadin\/wp-content\/uploads\/Besime-Ekici-3_restored-768x461.jpeg 768w, https:\/\/www.tgrthaber.com\/mavikadin\/wp-content\/uploads\/Besime-Ekici-3_restored-1536x922.jpeg 1536w\" sizes=\"(max-width: 2000px) 100vw, 2000px\" \/><\/p>\n<hr \/>\n<h3>\u00d6d\u00fcl Sistemi \u2013 Alt\u0131n Bilezik<\/h3>\n<p>Program\u0131n ilk 1000 b\u00f6l\u00fcm\u00fcnde, haftan\u0131n birincisine \u00f6d\u00fcl olarak 5 alt\u0131n bilezik verilmi\u015ftir. 1000 ile 1180. b\u00f6l\u00fcmler aras\u0131nda bu \u00f6d\u00fcl 7 alt\u0131n bilezi\u011fe \u00e7\u0131kar\u0131lm\u0131\u015f; 1185. b\u00f6l\u00fcmden itibaren ise haftan\u0131n birincisine 10 alt\u0131n bilezik verilmeye ba\u015flanm\u0131\u015ft\u0131r.<\/p>\n<p>Hafta sonunda iki gelin birincili\u011fi payla\u015f\u0131yorsa, Gelinim Mutfakta ekibi yar\u0131\u015fmac\u0131lara bilezikleri 2\u2019\u015fer, 3\u2019er veya 5\u2019er \u015feklinde b\u00f6l\u00fc\u015fme teklifi sunar. Yar\u0131\u015fmac\u0131lar bu teklifi kabul ederse, bilezikler belirtilen \u015fekilde payla\u015f\u0131l\u0131r ve kalan bilezik say\u0131s\u0131 bir sonraki haftan\u0131n \u00f6d\u00fcl\u00fcne eklenir.<\/p>\n<p>Yar\u0131\u015fmac\u0131lar b\u00f6l\u00fc\u015fme teklifini kabul etmezse s\u00fcre\u00e7 kuraya ta\u015f\u0131n\u0131r. Bu durumda, o hafta bileziklere aday olmayan bir yar\u0131\u015fmac\u0131n\u0131n kay\u0131nvalidesi kura \u00e7ekimini yapar. Kuradan \u00e7\u0131kan isme o haftan\u0131n \u00f6d\u00fcl\u00fc olan 10 alt\u0131n bilezik verilir.<\/p>\n","protected":false},"excerpt":{"rendered":"<p>Besime Ekici \u00f6ld\u00fc m\u00fc? Besime Ekici\u2019ye ne oldu? merak ediliyor. Gelinim Mutfakta program\u0131n\u0131n dikkat \u00e7eken isimlerinden Besime Ekici\u2019nin hayat\u0131n\u0131 kaybetti\u011fi duyuruldu. A\u00e7\u0131k s\u00f6zl\u00fcl\u00fc\u011f\u00fc ile dikkat \u00e7eken fenomen isim net tav\u0131rlar\u0131 sayesinde geni\u015f bir hayran kitlesi elde etmi\u015fti.<\/p>\n","protected":false},"author":5,"featured_media":273263,"comment_status":"closed","ping_status":"closed","sticky":false,"template":"","format":"standard","meta":{"rank_math_lock_modified_date":false,"footnotes":""},"categories":[491],"tags":[67895,67896,7578],"class_list":["post-273244","post","type-post","status-publish","format-standard","has-post-thumbnail","hentry","category-biyografi","tag-besime-ekici","tag-besime-ekici-oldu-mu","tag-gelinim-mutfakta"],"_links":{"self":[{"href":"https:\/\/www.tgrthaber.com\/mavikadin\/wp-json\/wp\/v2\/posts\/273244"}],"collection":[{"href":"https:\/\/www.tgrthaber.com\/mavikadin\/wp-json\/wp\/v2\/posts"}],"about":[{"href":"https:\/\/www.tgrthaber.com\/mavikadin\/wp-json\/wp\/v2\/types\/post"}],"author":[{"embeddable":true,"href":"https:\/\/www.tgrthaber.com\/mavikadin\/wp-json\/wp\/v2\/users\/5"}],"replies":[{"embeddable":true,"href":"https:\/\/www.tgrthaber.com\/mavikadin\/wp-json\/wp\/v2\/comments?post=273244"}],"version-history":[{"count":2,"href":"https:\/\/www.tgrthaber.com\/mavikadin\/wp-json\/wp\/v2\/posts\/273244\/revisions"}],"predecessor-version":[{"id":273267,"href":"https:\/\/www.tgrthaber.com\/mavikadin\/wp-json\/wp\/v2\/posts\/273244\/revisions\/273267"}],"wp:featuredmedia":[{"embeddable":true,"href":"https:\/\/www.tgrthaber.com\/mavikadin\/wp-json\/wp\/v2\/media\/273263"}],"wp:attachment":[{"href":"https:\/\/www.tgrthaber.com\/mavikadin\/wp-json\/wp\/v2\/media?parent=273244"}],"wp:term":[{"taxonomy":"category","embeddable":true,"href":"https:\/\/www.tgrthaber.com\/mavikadin\/wp-json\/wp\/v2\/categories?post=273244"},{"taxonomy":"post_tag","embeddable":true,"href":"https:\/\/www.tgrthaber.com\/mavikadin\/wp-json\/wp\/v2\/tags?post=273244"}],"curies":[{"name":"wp","href":"https:\/\/api.w.org\/{rel}","templated":true}]}}