{"id":273247,"date":"2025-12-09T14:54:02","date_gmt":"2025-12-09T11:54:02","guid":{"rendered":"https:\/\/www.tgrthaber.com\/mavikadin\/?p=273247"},"modified":"2025-12-09T14:54:02","modified_gmt":"2025-12-09T11:54:02","slug":"kis-sendromu-yasi-geri-cekildi-10-yasinda-basliyor","status":"publish","type":"post","link":"https:\/\/www.tgrthaber.com\/mavikadin\/kis-sendromu-yasi-geri-cekildi-10-yasinda-basliyor\/","title":{"rendered":"K\u0131\u015f sendromu ya\u015f\u0131 geri \u00e7ekildi! 10 ya\u015f\u0131nda ba\u015fl\u0131yor"},"content":{"rendered":"<p>K\u0131\u015f sendromu olarak bilinen mevsimsel duygu durum bozuklu\u011fu art\u0131k \u00e7ocuklarda da g\u00f6r\u00fcl\u00fcyor. K\u0131\u015f sendromu ya\u015f\u0131 git gide geri \u00e7ekiliyor. Uzmanlar, k\u0131\u015f sendromunun art\u0131k yaln\u0131zca yeti\u015fkinlerde de\u011fil, \u00e7ocuklarda da g\u00f6r\u00fcld\u00fc\u011f\u00fcn\u00fc s\u00f6yl\u00fcyor. Son zamanlarda k\u0131\u015f sendromunun g\u00f6r\u00fclme ya\u015f\u0131n\u0131n 10\u2019a kadar d\u00fc\u015ft\u00fc\u011f\u00fc ortaya \u00e7\u0131kt\u0131. Hemen bir\u00e7o\u011fumuzu derinden etkileyen k\u0131\u015f sendromu art\u0131k \u00e7ocuklarda da s\u0131k\u00e7a g\u00f6r\u00fclebiliyor. So\u011fuk havalar\u0131n etkisini g\u00f6stermesi, azalan g\u00fcne\u015f \u0131\u015f\u0131\u011f\u0131 ve okul stresinin de bir araya gelmesiyle k\u0131\u015f sendromu \u00e7ocuklarda art\u0131\u015f g\u00f6steriyor.<\/p>\n<h3>KI\u015e SENDROMU YA\u015eI GER\u0130 \u00c7EK\u0130LD\u0130!<\/h3>\n<p>K\u0131\u015f mevsimi kendini t\u00fcm h\u0131z\u0131yla hissettirmeye devam ederken, k\u0131\u015f sendromu ve depresyonu da etkisini art\u0131rmaya ba\u015flad\u0131. Mevsimsel duygu durum bozuklu\u011fu olarak bilinen k\u0131\u015f sendromu, art\u0131k yaln\u0131zca yeti\u015fkinlerde de\u011fil, \u00e7ocuklarda da s\u0131k\u00e7a g\u00f6r\u00fclmeye ba\u015flad\u0131.<\/p>\n<p><img loading=\"lazy\" decoding=\"async\" class=\"size-full wp-image-273254\" src=\"https:\/\/www.tgrthaber.com\/mavikadin\/wp-content\/uploads\/cocuklarda-kis-sendromu-3.jpg\" alt=\"K\u0131\u015f sendromu ya\u015f\u0131 geri \u00e7ekildi! 10 ya\u015f\u0131nda ba\u015fl\u0131yor\" width=\"1208\" height=\"680\" title=\"\" srcset=\"https:\/\/www.tgrthaber.com\/mavikadin\/wp-content\/uploads\/cocuklarda-kis-sendromu-3.jpg 1208w, https:\/\/www.tgrthaber.com\/mavikadin\/wp-content\/uploads\/cocuklarda-kis-sendromu-3-300x169.jpg 300w, https:\/\/www.tgrthaber.com\/mavikadin\/wp-content\/uploads\/cocuklarda-kis-sendromu-3-1024x576.jpg 1024w, https:\/\/www.tgrthaber.com\/mavikadin\/wp-content\/uploads\/cocuklarda-kis-sendromu-3-768x432.jpg 768w\" sizes=\"(max-width: 1208px) 100vw, 1208px\" \/><\/p>\n<hr \/>\n<p>K\u0131\u015f\u0131n so\u011fuk ve kasvetli havas\u0131ndan etkilenen bireylerde k\u0131\u015f sendromu g\u00f6r\u00fcl\u00fcr. K\u0131\u015f sendromu genellikle yeti\u015fkinlerde g\u00f6r\u00fclse de art\u0131k \u00e7ocuklarda da s\u0131kl\u0131kla etkisini g\u00f6steriyor. B\u00f6ylelikle k\u0131\u015f sendromu ya\u015f\u0131 git gide geri \u00e7ekilmeye ba\u015flad\u0131. Karanl\u0131k ve kasvetli havan\u0131n olumsuzlu\u011fu yeti\u015fkinlerin yan\u0131 s\u0131ra \u00e7ocuklar\u0131 da yak\u0131ndan ilgilendiriyor.<\/p>\n<p><img loading=\"lazy\" decoding=\"async\" class=\"size-full wp-image-273261\" src=\"https:\/\/www.tgrthaber.com\/mavikadin\/wp-content\/uploads\/cocuklarda-kis-sendromu-10.jpg\" alt=\"K\u0131\u015f sendromu ya\u015f\u0131 geri \u00e7ekildi! 10 ya\u015f\u0131nda ba\u015fl\u0131yor\" width=\"1208\" height=\"680\" title=\"\" srcset=\"https:\/\/www.tgrthaber.com\/mavikadin\/wp-content\/uploads\/cocuklarda-kis-sendromu-10.jpg 1208w, https:\/\/www.tgrthaber.com\/mavikadin\/wp-content\/uploads\/cocuklarda-kis-sendromu-10-300x169.jpg 300w, https:\/\/www.tgrthaber.com\/mavikadin\/wp-content\/uploads\/cocuklarda-kis-sendromu-10-1024x576.jpg 1024w, https:\/\/www.tgrthaber.com\/mavikadin\/wp-content\/uploads\/cocuklarda-kis-sendromu-10-768x432.jpg 768w\" sizes=\"(max-width: 1208px) 100vw, 1208px\" \/><\/p>\n<hr \/>\n<p>Karanl\u0131k ve kasvetli hava daha \u00e7ok ruh halimizi etkileyerek, k\u0131\u015f\u0131n depresyona girmemize neden oluyor. G\u00fcn \u0131\u015f\u0131\u011f\u0131n\u0131n azalmas\u0131 ve s\u0131cakl\u0131klar\u0131n d\u00fc\u015fmesiyle birlikte hormonlar\u0131m\u0131z da bir hayli etkileniyor. Bu durum sonucunda mevsimsel duygu durum bozukluklar\u0131 meydana gelebiliyor. Mevsimsel duygu durum bozukluklar\u0131 k\u0131\u015f sendromu olarak adland\u0131r\u0131l\u0131yor.<\/p>\n<p><img loading=\"lazy\" decoding=\"async\" class=\"size-full wp-image-273257\" src=\"https:\/\/www.tgrthaber.com\/mavikadin\/wp-content\/uploads\/cocuklarda-kis-sendromu-6.jpg\" alt=\"K\u0131\u015f sendromu ya\u015f\u0131 geri \u00e7ekildi! 10 ya\u015f\u0131nda ba\u015fl\u0131yor\" width=\"1208\" height=\"680\" title=\"\" srcset=\"https:\/\/www.tgrthaber.com\/mavikadin\/wp-content\/uploads\/cocuklarda-kis-sendromu-6.jpg 1208w, https:\/\/www.tgrthaber.com\/mavikadin\/wp-content\/uploads\/cocuklarda-kis-sendromu-6-300x169.jpg 300w, https:\/\/www.tgrthaber.com\/mavikadin\/wp-content\/uploads\/cocuklarda-kis-sendromu-6-1024x576.jpg 1024w, https:\/\/www.tgrthaber.com\/mavikadin\/wp-content\/uploads\/cocuklarda-kis-sendromu-6-768x432.jpg 768w\" sizes=\"(max-width: 1208px) 100vw, 1208px\" \/><\/p>\n<hr \/>\n<p>Uzmanlar, k\u0131\u015f sendromunun art\u0131k yaln\u0131zca yeti\u015fkinlerde de\u011fil, ayn\u0131 zamanda \u00e7ocuklarda da g\u00f6r\u00fcld\u00fc\u011f\u00fcn\u00fc dile getiriyor. Son zamanlarda k\u0131\u015f sendromunun g\u00f6r\u00fclme ya\u015f\u0131n\u0131n 10\u2019a kadar d\u00fc\u015ft\u00fc\u011f\u00fc s\u00f6yleniyor. Hemen hemen bir\u00e7o\u011fumuzu derinden etkileyen k\u0131\u015f sendromu, art\u0131k \u00e7ocuklarda da s\u0131k\u00e7a g\u00f6r\u00fclebiliyor. So\u011fuk havalar\u0131n etkisini g\u00f6stermesi, azalan g\u00fcne\u015f \u0131\u015f\u0131\u011f\u0131 ve okul stresinin de bir araya gelmesiyle k\u0131\u015f sendromu \u00e7ocuklarda bir hayli art\u0131\u015f g\u00f6steriyor.<\/p>\n<p><img loading=\"lazy\" decoding=\"async\" class=\"size-full wp-image-273258\" src=\"https:\/\/www.tgrthaber.com\/mavikadin\/wp-content\/uploads\/cocuklarda-kis-sendromu-7.jpg\" alt=\"K\u0131\u015f sendromu ya\u015f\u0131 geri \u00e7ekildi! 10 ya\u015f\u0131nda ba\u015fl\u0131yor\" width=\"1208\" height=\"680\" title=\"\" srcset=\"https:\/\/www.tgrthaber.com\/mavikadin\/wp-content\/uploads\/cocuklarda-kis-sendromu-7.jpg 1208w, https:\/\/www.tgrthaber.com\/mavikadin\/wp-content\/uploads\/cocuklarda-kis-sendromu-7-300x169.jpg 300w, https:\/\/www.tgrthaber.com\/mavikadin\/wp-content\/uploads\/cocuklarda-kis-sendromu-7-1024x576.jpg 1024w, https:\/\/www.tgrthaber.com\/mavikadin\/wp-content\/uploads\/cocuklarda-kis-sendromu-7-768x432.jpg 768w\" sizes=\"(max-width: 1208px) 100vw, 1208px\" \/><\/p>\n<hr \/>\n<p>G\u00fcnlerin k\u0131salmas\u0131 ve gecelerin uzamas\u0131yla birlikte adeta g\u00fcnd\u00fczler gecelere kar\u0131\u015f\u0131yor. \u00dczerine havan\u0131n so\u011fuk ve gri bulutlarla \u00e7evrili olmas\u0131 bu s\u00fcre\u00e7te yeti\u015fkinlerde oldu\u011fu kadar \u00e7ocuklarda da yorgunluk ve depresyon riskini git gide art\u0131r\u0131yor.<\/p>\n<p><img loading=\"lazy\" decoding=\"async\" class=\"size-full wp-image-273255\" src=\"https:\/\/www.tgrthaber.com\/mavikadin\/wp-content\/uploads\/cocuklarda-kis-sendromu-4.jpg\" alt=\"K\u0131\u015f sendromu ya\u015f\u0131 geri \u00e7ekildi! 10 ya\u015f\u0131nda ba\u015fl\u0131yor\" width=\"1208\" height=\"680\" title=\"\" srcset=\"https:\/\/www.tgrthaber.com\/mavikadin\/wp-content\/uploads\/cocuklarda-kis-sendromu-4.jpg 1208w, https:\/\/www.tgrthaber.com\/mavikadin\/wp-content\/uploads\/cocuklarda-kis-sendromu-4-300x169.jpg 300w, https:\/\/www.tgrthaber.com\/mavikadin\/wp-content\/uploads\/cocuklarda-kis-sendromu-4-1024x576.jpg 1024w, https:\/\/www.tgrthaber.com\/mavikadin\/wp-content\/uploads\/cocuklarda-kis-sendromu-4-768x432.jpg 768w\" sizes=\"(max-width: 1208px) 100vw, 1208px\" \/><\/p>\n<hr \/>\n<h3>KI\u015e SENDROMU ARTIK 10 YA\u015eINDA BA\u015eLIYOR!<\/h3>\n<p>Uzmanlar, bu d\u00f6nemde mevsimsel depresyondaki art\u0131\u015fa dikkat \u00e7ekiyor. Karanl\u0131k ve kasvetli hava \u00e7ocuklar\u0131n \u00fczerinde olumsuz etkileri beraberinde getiriyor. Ruh halini etkileyerek, so\u011fuk havalarda <a href=\"https:\/\/www.tgrthaber.com\/mavikadin\/yorgunluk-ve-depresyon-mevsimi-basladi-yuzyilin-hastaligi\/\">depresyona<\/a> girmemize neden olan k\u0131\u015f sendromu, art\u0131k 10 ya\u015f\u0131nda ba\u015fl\u0131yor.<\/p>\n<p><img loading=\"lazy\" decoding=\"async\" class=\"size-full wp-image-273259\" src=\"https:\/\/www.tgrthaber.com\/mavikadin\/wp-content\/uploads\/cocuklarda-kis-sendromu-8.jpg\" alt=\"K\u0131\u015f sendromu ya\u015f\u0131 geri \u00e7ekildi! 10 ya\u015f\u0131nda ba\u015fl\u0131yor\" width=\"1208\" height=\"680\" title=\"\" srcset=\"https:\/\/www.tgrthaber.com\/mavikadin\/wp-content\/uploads\/cocuklarda-kis-sendromu-8.jpg 1208w, https:\/\/www.tgrthaber.com\/mavikadin\/wp-content\/uploads\/cocuklarda-kis-sendromu-8-300x169.jpg 300w, https:\/\/www.tgrthaber.com\/mavikadin\/wp-content\/uploads\/cocuklarda-kis-sendromu-8-1024x576.jpg 1024w, https:\/\/www.tgrthaber.com\/mavikadin\/wp-content\/uploads\/cocuklarda-kis-sendromu-8-768x432.jpg 768w\" sizes=\"(max-width: 1208px) 100vw, 1208px\" \/><\/p>\n<hr \/>\n<p>\u00d6zellikle k\u0131\u015f sendromunun 10\u2019lu ya\u015flara kadar d\u00fc\u015fmesinde uzmanlar, teknoloji kullan\u0131m\u0131n\u0131n artmas\u0131na dikkat \u00e7ekiyor. Kapal\u0131 alanlarda ge\u00e7irilen s\u00fcrenin \u00e7o\u011falmas\u0131 ve e\u011fitim s\u00fcrecindeki zorluklarla beraber <a href=\"https:\/\/www.tgrthaber.com\/mavikadin\/kis-depresyonu-diye-bir-sey-yok-hemen-aktardan-hibiskus-cayi-alin\/\">k\u0131\u015f <\/a>sendromunun \u00e7ocuklarda daha erken ya\u015flarda g\u00f6r\u00fclmeye ba\u015flad\u0131.<\/p>\n<p><img loading=\"lazy\" decoding=\"async\" class=\"size-full wp-image-273253\" src=\"https:\/\/www.tgrthaber.com\/mavikadin\/wp-content\/uploads\/cocuklarda-kis-sendromu-2.jpg\" alt=\"K\u0131\u015f sendromu ya\u015f\u0131 geri \u00e7ekildi! 10 ya\u015f\u0131nda ba\u015fl\u0131yor\" width=\"1208\" height=\"680\" title=\"\" srcset=\"https:\/\/www.tgrthaber.com\/mavikadin\/wp-content\/uploads\/cocuklarda-kis-sendromu-2.jpg 1208w, https:\/\/www.tgrthaber.com\/mavikadin\/wp-content\/uploads\/cocuklarda-kis-sendromu-2-300x169.jpg 300w, https:\/\/www.tgrthaber.com\/mavikadin\/wp-content\/uploads\/cocuklarda-kis-sendromu-2-1024x576.jpg 1024w, https:\/\/www.tgrthaber.com\/mavikadin\/wp-content\/uploads\/cocuklarda-kis-sendromu-2-768x432.jpg 768w\" sizes=\"(max-width: 1208px) 100vw, 1208px\" \/><\/p>\n<hr \/>\n<h3>\u00c7OCUKLARDA KI\u015e SENDROMU BEL\u0130RT\u0130LER\u0130!<\/h3>\n<p>K\u0131\u015f sendromu yeti\u015fkinlerde g\u00f6r\u00fcld\u00fc\u011f\u00fc gibi \u00e7ocuklarda da g\u00f6r\u00fclebiliyor. \u00d6zellikle son zamanlarda <a href=\"https:\/\/www.tgrthaber.com\/mavikadin\/bambaska-bir-tarifle-salep-uzun-kis-gunlerini-tatlandiracak-lezzet\/\">k\u0131\u015f<\/a> sendromunun ya\u015f\u0131 10\u2019lara kadar d\u00fc\u015ft\u00fc. Peki, \u00e7ocuklarda k\u0131\u015f sendromunun belirtileri neler? \u0130\u015fte k\u0131\u015f sendromunun \u00e7ocuklarda belirtileri\u2026<\/p>\n<p><img loading=\"lazy\" decoding=\"async\" class=\"size-full wp-image-273260\" src=\"https:\/\/www.tgrthaber.com\/mavikadin\/wp-content\/uploads\/cocuklarda-kis-sendromu-9.jpg\" alt=\"K\u0131\u015f sendromu ya\u015f\u0131 geri \u00e7ekildi! 10 ya\u015f\u0131nda ba\u015fl\u0131yor\" width=\"1208\" height=\"680\" title=\"\" srcset=\"https:\/\/www.tgrthaber.com\/mavikadin\/wp-content\/uploads\/cocuklarda-kis-sendromu-9.jpg 1208w, https:\/\/www.tgrthaber.com\/mavikadin\/wp-content\/uploads\/cocuklarda-kis-sendromu-9-300x169.jpg 300w, https:\/\/www.tgrthaber.com\/mavikadin\/wp-content\/uploads\/cocuklarda-kis-sendromu-9-1024x576.jpg 1024w, https:\/\/www.tgrthaber.com\/mavikadin\/wp-content\/uploads\/cocuklarda-kis-sendromu-9-768x432.jpg 768w\" sizes=\"(max-width: 1208px) 100vw, 1208px\" \/><\/p>\n<hr \/>\n<ul>\n<li>Sabah uyanmakta g\u00fc\u00e7l\u00fck<\/li>\n<li>Okula kar\u015f\u0131 isteksizlik<\/li>\n<li>Enerji ve motivasyon kayb\u0131<\/li>\n<li>Artan uyku ihtiyac\u0131<\/li>\n<li>Dalg\u0131nl\u0131k ve konsantrasyon zorluklar\u0131<\/li>\n<li>H\u0131zl\u0131 duygu de\u011fi\u015fimleri<\/li>\n<li>Sosyalle\u015fmekten ka\u00e7\u0131nma<\/li>\n<\/ul>\n","protected":false},"excerpt":{"rendered":"<p>K\u0131\u015f sendromunun ya\u015f\u0131 git gide geri \u00e7ekilmeye ba\u015flad\u0131. Uzmanlar, k\u0131\u015f sendromunun yaln\u0131zca yeti\u015fkinlerde de\u011fil, \u00e7ocuklarda da h\u0131zla yayg\u0131nla\u015ft\u0131\u011f\u0131n\u0131 dile getiriyor. \u0130\u015fte detaylar\u2026<\/p>\n","protected":false},"author":26,"featured_media":273262,"comment_status":"closed","ping_status":"closed","sticky":false,"template":"","format":"standard","meta":{"rank_math_lock_modified_date":false,"footnotes":""},"categories":[1991],"tags":[67894,67892,67893,173,16668],"class_list":["post-273247","post","type-post","status-publish","format-standard","has-post-thumbnail","hentry","category-saglik","tag-cocuklarda-kis-sendromu","tag-kis-sendromu","tag-kis-sendromu-yasi","tag-saglik","tag-saglik-haberleri"],"_links":{"self":[{"href":"https:\/\/www.tgrthaber.com\/mavikadin\/wp-json\/wp\/v2\/posts\/273247"}],"collection":[{"href":"https:\/\/www.tgrthaber.com\/mavikadin\/wp-json\/wp\/v2\/posts"}],"about":[{"href":"https:\/\/www.tgrthaber.com\/mavikadin\/wp-json\/wp\/v2\/types\/post"}],"author":[{"embeddable":true,"href":"https:\/\/www.tgrthaber.com\/mavikadin\/wp-json\/wp\/v2\/users\/26"}],"replies":[{"embeddable":true,"href":"https:\/\/www.tgrthaber.com\/mavikadin\/wp-json\/wp\/v2\/comments?post=273247"}],"version-history":[{"count":1,"href":"https:\/\/www.tgrthaber.com\/mavikadin\/wp-json\/wp\/v2\/posts\/273247\/revisions"}],"predecessor-version":[{"id":273265,"href":"https:\/\/www.tgrthaber.com\/mavikadin\/wp-json\/wp\/v2\/posts\/273247\/revisions\/273265"}],"wp:featuredmedia":[{"embeddable":true,"href":"https:\/\/www.tgrthaber.com\/mavikadin\/wp-json\/wp\/v2\/media\/273262"}],"wp:attachment":[{"href":"https:\/\/www.tgrthaber.com\/mavikadin\/wp-json\/wp\/v2\/media?parent=273247"}],"wp:term":[{"taxonomy":"category","embeddable":true,"href":"https:\/\/www.tgrthaber.com\/mavikadin\/wp-json\/wp\/v2\/categories?post=273247"},{"taxonomy":"post_tag","embeddable":true,"href":"https:\/\/www.tgrthaber.com\/mavikadin\/wp-json\/wp\/v2\/tags?post=273247"}],"curies":[{"name":"wp","href":"https:\/\/api.w.org\/{rel}","templated":true}]}}