{"id":273275,"date":"2025-12-09T16:03:37","date_gmt":"2025-12-09T13:03:37","guid":{"rendered":"https:\/\/www.tgrthaber.com\/mavikadin\/?p=273275"},"modified":"2025-12-09T16:06:08","modified_gmt":"2025-12-09T13:06:08","slug":"okan-cabalara-veda-sahnesi-yazilmadi-carpinti-dizisinin-finali-gundem-oldu","status":"publish","type":"post","link":"https:\/\/www.tgrthaber.com\/mavikadin\/okan-cabalara-veda-sahnesi-yazilmadi-carpinti-dizisinin-finali-gundem-oldu\/","title":{"rendered":"Okan \u00c7abalar&#8217;a veda sahnesi yaz\u0131lmad\u0131! \u00c7arp\u0131nt\u0131 dizisinin finali g\u00fcndem oldu"},"content":{"rendered":"<p>Sezonun iddial\u0131 yap\u0131mlar\u0131ndan biri olan \u00c7arp\u0131nt\u0131 dizisi, beklenmedik bir \u015fekilde 7 Aral\u0131k 2025 Pazar g\u00fcn\u00fc final b\u00f6l\u00fcm\u00fcyle ekranlara geldi. Y\u00f6netmenli\u011fini Burcu Alptekin\u2019in yapt\u0131\u011f\u0131, senaryosunu Deniz Darg\u0131, Cem G\u00f6rge\u00e7 ve Mevsim Yenice\u2019nin kaleme ald\u0131\u011f\u0131 \u00c7arp\u0131nt\u0131 dizisi, 13. b\u00f6l\u00fcmle ekranlara veda etti. \u00c7arp\u0131nt\u0131 dizisinde Deniz \u00c7ak\u0131r\u2019\u0131n partneri Okan \u00c7abalar\u2019\u0131n uzun s\u00fcre sonra bir projede ekranlara yer almas\u0131 merak uyand\u0131rm\u0131\u015ft\u0131. Final yapan \u00c7arp\u0131nt\u0131 dizisinde ba\u015far\u0131l\u0131 oyuncu Okan \u00c7abalar\u2019a veda sahnesi yaz\u0131lmamas\u0131 g\u00fcndem oldu. \u0130\u015fte detaylar\u2026<\/p>\n<h3>OKAN \u00c7ABALAR&#8217;A VEDA SAHNES\u0130 YAZILMAMASI G\u00dcNDEM OLDU!<\/h3>\n<p>Star TV\u2019de yay\u0131nlanan OGM Pictures imzal\u0131 <a href=\"https:\/\/www.tgrthaber.com\/mavikadin\/carpinti-dizisi-bitti-mi-carpinti-final-mi-yapti\/\">\u00c7arp\u0131nt\u0131<\/a> dizisi, ge\u00e7ti\u011fimiz pazar g\u00fcn\u00fc 13. b\u00f6l\u00fcm\u00fcyle final yaparak ekranlara veda etmi\u015fti. Y\u00fcksek beklentilerle sezona ba\u015flayan dizi ne yaz\u0131k ki istedi\u011fi reyting sonu\u00e7lar\u0131n\u0131 alamad\u0131\u011f\u0131 i\u00e7in finale gitti. Kadrosunda ise g\u00fc\u00e7l\u00fc isimler vard\u0131. Onlardan biri de uzun s\u00fcredir ekranlardan uzak olan Okan \u00c7abalar\u2019d\u0131.<\/p>\n<p><img loading=\"lazy\" decoding=\"async\" class=\"alignnone size-full wp-image-273324\" src=\"https:\/\/www.tgrthaber.com\/mavikadin\/wp-content\/uploads\/Asli-2025-12-09T153216.024.png\" alt=\"\" width=\"1208\" height=\"680\" title=\"\" srcset=\"https:\/\/www.tgrthaber.com\/mavikadin\/wp-content\/uploads\/Asli-2025-12-09T153216.024.png 1208w, https:\/\/www.tgrthaber.com\/mavikadin\/wp-content\/uploads\/Asli-2025-12-09T153216.024-300x169.png 300w, https:\/\/www.tgrthaber.com\/mavikadin\/wp-content\/uploads\/Asli-2025-12-09T153216.024-1024x576.png 1024w, https:\/\/www.tgrthaber.com\/mavikadin\/wp-content\/uploads\/Asli-2025-12-09T153216.024-768x432.png 768w\" sizes=\"(max-width: 1208px) 100vw, 1208px\" \/><\/p>\n<hr \/>\n<p>Ba\u015far\u0131l\u0131 oyuncu Okan \u00c7abalar dizide Deniz \u00c7ak\u0131r ile partnerdi. Emlak\u00e7\u0131 Okan karakterine hayat veriyordu. \u00dcnl\u00fc oyuncunun uzun s\u00fcre sonra TV\u2019de bir projeyle anla\u015fmas\u0131 hayranlar\u0131n\u0131 sevindirmi\u015f, dizi i\u00e7in de heyecan\u0131 art\u0131rm\u0131\u015ft\u0131. Ancak \u00fcnl\u00fc oyuncunun karakterinin hikayesi yar\u0131m kald\u0131.<\/p>\n<p><img loading=\"lazy\" decoding=\"async\" class=\"alignnone size-full wp-image-273322\" src=\"https:\/\/www.tgrthaber.com\/mavikadin\/wp-content\/uploads\/Asli-2025-12-09T153359.822.png\" alt=\"\" width=\"1208\" height=\"680\" title=\"\" srcset=\"https:\/\/www.tgrthaber.com\/mavikadin\/wp-content\/uploads\/Asli-2025-12-09T153359.822.png 1208w, https:\/\/www.tgrthaber.com\/mavikadin\/wp-content\/uploads\/Asli-2025-12-09T153359.822-300x169.png 300w, https:\/\/www.tgrthaber.com\/mavikadin\/wp-content\/uploads\/Asli-2025-12-09T153359.822-1024x576.png 1024w, https:\/\/www.tgrthaber.com\/mavikadin\/wp-content\/uploads\/Asli-2025-12-09T153359.822-768x432.png 768w\" sizes=\"(max-width: 1208px) 100vw, 1208px\" \/><\/p>\n<hr \/>\n<p>Dizinin son b\u00f6l\u00fcmlerine do\u011fru Okan karakterinin sahneleri azald\u0131. Finalde ise hi\u00e7 yer verilmedi. Asl\u0131nda ilk b\u00f6l\u00fcmlerde dizi i\u00e7in \u00f6nemli karakterlerden biriydi ve Deniz \u00c7ak\u0131r\u2019\u0131n karakteri H\u00fclya ile dolu dolu sahneleri vard\u0131. Ancak dizinin beklenmedik bir \u015fekilde erken final yapmas\u0131 ve ba\u015far\u0131l\u0131 oyuncu Okan \u00c7abalar\u2019\u0131n hik\u00e2yesinin yar\u0131m kalmas\u0131, veda sahnesinin yaz\u0131lmamas\u0131 dikkat \u00e7ekti. Hen\u00fcz herhangi bir a\u00e7\u0131klama yap\u0131lmad\u0131.<\/p>\n<h3><img loading=\"lazy\" decoding=\"async\" class=\"alignnone size-full wp-image-273323\" src=\"https:\/\/www.tgrthaber.com\/mavikadin\/wp-content\/uploads\/Asli-2025-12-09T153238.963.png\" alt=\"\" width=\"1208\" height=\"680\" title=\"\" srcset=\"https:\/\/www.tgrthaber.com\/mavikadin\/wp-content\/uploads\/Asli-2025-12-09T153238.963.png 1208w, https:\/\/www.tgrthaber.com\/mavikadin\/wp-content\/uploads\/Asli-2025-12-09T153238.963-300x169.png 300w, https:\/\/www.tgrthaber.com\/mavikadin\/wp-content\/uploads\/Asli-2025-12-09T153238.963-1024x576.png 1024w, https:\/\/www.tgrthaber.com\/mavikadin\/wp-content\/uploads\/Asli-2025-12-09T153238.963-768x432.png 768w\" sizes=\"(max-width: 1208px) 100vw, 1208px\" \/><\/h3>\n<hr \/>\n<h3>OKAN \u00c7ABALAR K\u0130MD\u0130R?<\/h3>\n<p>11 A\u011fustos 1980 tarihinde \u0130zmir\u2019de do\u011fan Okan Cabalar, T\u00fcrk tiyatro, sinema ve dizi oyuncusu, oyun yazar\u0131 ve komedyendir. Dokuz Eyl\u00fcl \u00dcniversitesi Sat\u0131\u015f Y\u00f6netimi B\u00f6l\u00fcm\u00fc mezunudur. \u0130zmir\u2019de amat\u00f6r tiyatro \u00e7al\u0131\u015fmalar\u0131yla tiyatroya ba\u015flad\u0131. \u0130zmir Sanat Tiyatrosu\u2019nda, Aysa Prod\u00fcksiyon \u00c7ocuk Tiyatrosu ve Aysa Prod\u00fcksiyon Tiyatrosu\u2019nda oyunculuk yapt\u0131. Kaybedenler, Min\u00f6r, \u00d6teki Kap\u0131 adl\u0131 k\u0131sa metraj filmlerde rol ald\u0131. 2007-2009 y\u0131llar\u0131nda Sumru Yavrucuk\u2019la Yaln\u0131z Kad\u0131n adl\u0131 oyunda oynad\u0131. 2009 y\u0131l\u0131nda Tiyatro Hayal Et b\u00fcnyesinde sahnelenen, Sumru Yavrucuk\u2019un y\u00f6netti\u011fi Haletiruhiye adl\u0131 oyunu yazd\u0131 ve oynad\u0131. Ata Demirer\u2019in ba\u015frol\u00fcn\u00fc oynad\u0131\u011f\u0131 Eyyvah Eyvah ve Eyyvah Eyvah 2 filmlerinde rol ald\u0131.<\/p>\n<p><img loading=\"lazy\" decoding=\"async\" class=\"alignnone size-full wp-image-273325\" src=\"https:\/\/www.tgrthaber.com\/mavikadin\/wp-content\/uploads\/Asli-2025-12-09T153109.185.png\" alt=\"\" width=\"1208\" height=\"680\" title=\"\" srcset=\"https:\/\/www.tgrthaber.com\/mavikadin\/wp-content\/uploads\/Asli-2025-12-09T153109.185.png 1208w, https:\/\/www.tgrthaber.com\/mavikadin\/wp-content\/uploads\/Asli-2025-12-09T153109.185-300x169.png 300w, https:\/\/www.tgrthaber.com\/mavikadin\/wp-content\/uploads\/Asli-2025-12-09T153109.185-1024x576.png 1024w, https:\/\/www.tgrthaber.com\/mavikadin\/wp-content\/uploads\/Asli-2025-12-09T153109.185-768x432.png 768w\" sizes=\"(max-width: 1208px) 100vw, 1208px\" \/><\/p>\n<hr \/>\n<p>2010 y\u0131l\u0131nda BKM b\u00fcnyesinde televizyonda yay\u0131nlanan \u015een Yuva dizisinde Tankut S\u0131k\u0131can karakterini canland\u0131rd\u0131 ve yine 2011 y\u0131l\u0131nda televizyonda yay\u0131nlanan 5\u2019er Be\u015fer projesindeki oyunculu\u011fu ve yaratt\u0131\u011f\u0131 tiplemeler ile dikkat \u00e7ekti. BKM b\u00fcnyesinde 5\u2019er Be\u015fer projesinde ve bu projenin devam\u0131 niteli\u011finde olan, Star TV\u2019de yay\u0131nlanan \u0130nsanlar Alemi isimli kabare tarz\u0131 tiyatro program\u0131nda &#8220;Hakk\u0131&#8221; rol\u00fcnde, yine farkl\u0131 tiplemeleriyle izleyici kar\u015f\u0131s\u0131na \u00e7\u0131kt\u0131.<\/p>\n<p><img loading=\"lazy\" decoding=\"async\" class=\"alignnone size-full wp-image-273327\" src=\"https:\/\/www.tgrthaber.com\/mavikadin\/wp-content\/uploads\/Asli-2025-12-09T153133.456.png\" alt=\"\" width=\"1208\" height=\"680\" title=\"\" srcset=\"https:\/\/www.tgrthaber.com\/mavikadin\/wp-content\/uploads\/Asli-2025-12-09T153133.456.png 1208w, https:\/\/www.tgrthaber.com\/mavikadin\/wp-content\/uploads\/Asli-2025-12-09T153133.456-300x169.png 300w, https:\/\/www.tgrthaber.com\/mavikadin\/wp-content\/uploads\/Asli-2025-12-09T153133.456-1024x576.png 1024w, https:\/\/www.tgrthaber.com\/mavikadin\/wp-content\/uploads\/Asli-2025-12-09T153133.456-768x432.png 768w\" sizes=\"(max-width: 1208px) 100vw, 1208px\" \/><\/p>\n<p>Okan Cabalar, Yalan D\u00fcnya dizisinin 2. sezonunda dizinin oyuncu kadrosuna kat\u0131ld\u0131. Dizide Nurhayat karakterinin abisi B\u00fcnyamin\u2019i canland\u0131rm\u0131\u015ft\u0131r. Bu rol\u00fcyle 4. Antalya Televizyon \u00d6d\u00fclleri Komedi Dizisi En \u0130yi Yard\u0131mc\u0131 Erkek Oyuncu \u00d6d\u00fcl\u00fc\u2019n\u00fc kazanm\u0131\u015ft\u0131r. Okan Cabalar, Sumru Yavrucuk\u2019un yan\u0131nda usta-\u00e7\u0131rak ili\u015fkisiyle yeti\u015fmi\u015ftir. \u00d6zellikle do\u011fa\u00e7lama komedideki yetene\u011fi Yavrucuk\u2019un dikkatini \u00e7ekmi\u015f ve bu y\u00f6nde ilerlemeyi tercih etmi\u015ftir. S\u0131k s\u0131k yeni tiplemeler yaratmay\u0131 sever. Taklit yetene\u011fini, etkilendi\u011fi film karakterlerini taklit etmeye ba\u015flamas\u0131yla geli\u015ftirmi\u015ftir. 90\u2019l\u0131 y\u0131llar\u0131n ilk d\u00f6nemlerini tayinler nedeniyle \u015fehir \u015fehir gezen \u00f6\u011fretmen bir anne baban\u0131n \u00e7ocu\u011fu olarak k\u00fc\u00e7\u00fck yerlerde ge\u00e7iren Okan Cabalar\u2019\u0131n oyunculuk yapma iste\u011fi ilk defa \u00e7ocukken, babas\u0131n\u0131n sandalyelerin aras\u0131na t\u00fclbent gerip Karag\u00f6z Hacivat oynatmas\u0131 ile ortaya \u00e7\u0131km\u0131\u015ft\u0131r.<\/p>\n","protected":false},"excerpt":{"rendered":"<p>\u00c7arp\u0131nt\u0131 dizisi, beklenmedik bir \u015fekilde 7 Aral\u0131k 2025 Pazar g\u00fcn\u00fc final b\u00f6l\u00fcm\u00fcyle ekranlara geldi. \u00c7arp\u0131nt\u0131 dizisinde Deniz \u00c7ak\u0131r\u2019\u0131n partneri Okan \u00c7abalar \u2019a veda sahnesi yaz\u0131lmamas\u0131 g\u00fcndem oldu.<\/p>\n","protected":false},"author":37,"featured_media":273313,"comment_status":"closed","ping_status":"closed","sticky":false,"template":"","format":"standard","meta":{"rank_math_lock_modified_date":false,"footnotes":""},"categories":[602],"tags":[27728,32159,61772],"class_list":["post-273275","post","type-post","status-publish","format-standard","has-post-thumbnail","hentry","category-diziler","tag-carpinti","tag-dizi","tag-okan-cabalar"],"_links":{"self":[{"href":"https:\/\/www.tgrthaber.com\/mavikadin\/wp-json\/wp\/v2\/posts\/273275"}],"collection":[{"href":"https:\/\/www.tgrthaber.com\/mavikadin\/wp-json\/wp\/v2\/posts"}],"about":[{"href":"https:\/\/www.tgrthaber.com\/mavikadin\/wp-json\/wp\/v2\/types\/post"}],"author":[{"embeddable":true,"href":"https:\/\/www.tgrthaber.com\/mavikadin\/wp-json\/wp\/v2\/users\/37"}],"replies":[{"embeddable":true,"href":"https:\/\/www.tgrthaber.com\/mavikadin\/wp-json\/wp\/v2\/comments?post=273275"}],"version-history":[{"count":3,"href":"https:\/\/www.tgrthaber.com\/mavikadin\/wp-json\/wp\/v2\/posts\/273275\/revisions"}],"predecessor-version":[{"id":273331,"href":"https:\/\/www.tgrthaber.com\/mavikadin\/wp-json\/wp\/v2\/posts\/273275\/revisions\/273331"}],"wp:featuredmedia":[{"embeddable":true,"href":"https:\/\/www.tgrthaber.com\/mavikadin\/wp-json\/wp\/v2\/media\/273313"}],"wp:attachment":[{"href":"https:\/\/www.tgrthaber.com\/mavikadin\/wp-json\/wp\/v2\/media?parent=273275"}],"wp:term":[{"taxonomy":"category","embeddable":true,"href":"https:\/\/www.tgrthaber.com\/mavikadin\/wp-json\/wp\/v2\/categories?post=273275"},{"taxonomy":"post_tag","embeddable":true,"href":"https:\/\/www.tgrthaber.com\/mavikadin\/wp-json\/wp\/v2\/tags?post=273275"}],"curies":[{"name":"wp","href":"https:\/\/api.w.org\/{rel}","templated":true}]}}