{"id":273287,"date":"2025-12-09T15:40:23","date_gmt":"2025-12-09T12:40:23","guid":{"rendered":"https:\/\/www.tgrthaber.com\/mavikadin\/?p=273287"},"modified":"2025-12-09T15:44:26","modified_gmt":"2025-12-09T12:44:26","slug":"yildiz-asyali-kimdir-kac-yasinda-yildiz-asyali-kimin-kizi","status":"publish","type":"post","link":"https:\/\/www.tgrthaber.com\/mavikadin\/yildiz-asyali-kimdir-kac-yasinda-yildiz-asyali-kimin-kizi\/","title":{"rendered":"Y\u0131ld\u0131z Asyal\u0131 kimdir, ka\u00e7 ya\u015f\u0131nda? Y\u0131ld\u0131z Asyal\u0131 kimin k\u0131z\u0131?"},"content":{"rendered":"<p><a href=\"https:\/\/www.tgrthaber.com\/mavikadin\/yildiz-asyali-kiminle-evli-yildiz-asyali-kac-kez-evlendi\/\">Y\u0131ld\u0131z Asyal\u0131<\/a>\u2019n\u0131n hayat\u0131 ve ailesi yeniden g\u00fcndemde. \u201cY\u0131ld\u0131z Asyal\u0131 kimdir, ka\u00e7 ya\u015f\u0131nda, kimin k\u0131z\u0131?\u201d sorular\u0131 \u00f6zellikle son g\u00fcnlerde s\u0131k\u00e7a ara\u015ft\u0131r\u0131l\u0131yor. E\u015finden g\u00f6rd\u00fc\u011f\u00fc \u015fiddeti sosyal medyada payla\u015fmas\u0131n\u0131n ard\u0131ndan \u00e7ok say\u0131da destek mesaj\u0131 alan \u00fcnl\u00fc oyuncunun durumu merak konusu oldu.<\/p>\n<h3>YILDIZ ASYALI K\u0130MD\u0130R, KA\u00c7 YA\u015eINDA?<\/h3>\n<p>T\u00fcrk televizyonunun sevilen isimlerinden <a href=\"https:\/\/www.tgrthaber.com\/mavikadin\/yildiz-asyali-esinden-gordugu-siddeti-o-fotografla-duyurdu-sosyal-medyayi-ayaga-kaldiran-paylasim\/\">Y\u0131ld\u0131z Asyal\u0131<\/a>, 26 May\u0131s 1983 do\u011fumludur ve 41 ya\u015f\u0131ndad\u0131r. Oyunculuk, m\u00fczik ve seslendirme alanlar\u0131nda uzun y\u0131llard\u0131r aktif olan Asyal\u0131, \u00f6zellikle \u00e7ocukluk d\u00f6neminden itibaren ekranlarda b\u00fcy\u00fcyen isimlerden biri olarak tan\u0131n\u0131r.<\/p>\n<p><img loading=\"lazy\" decoding=\"async\" class=\"aligncenter size-full wp-image-273298\" src=\"https:\/\/www.tgrthaber.com\/mavikadin\/wp-content\/uploads\/Yildiz-Asyali-2.png\" alt=\"\" width=\"1208\" height=\"680\" title=\"\" srcset=\"https:\/\/www.tgrthaber.com\/mavikadin\/wp-content\/uploads\/Yildiz-Asyali-2.png 1208w, https:\/\/www.tgrthaber.com\/mavikadin\/wp-content\/uploads\/Yildiz-Asyali-2-300x169.png 300w, https:\/\/www.tgrthaber.com\/mavikadin\/wp-content\/uploads\/Yildiz-Asyali-2-1024x576.png 1024w, https:\/\/www.tgrthaber.com\/mavikadin\/wp-content\/uploads\/Yildiz-Asyali-2-768x432.png 768w\" sizes=\"(max-width: 1208px) 100vw, 1208px\" \/><\/p>\n<hr \/>\n<p>K\u00fc\u00e7\u00fck ya\u015flardan itibaren m\u00fczikle ilgilenen sanat\u00e7\u0131, konservatuvar e\u011fitimi ald\u0131 ve hem dizi hem sahne \u00e7al\u0131\u015fmalar\u0131nda yer ald\u0131. \u201cEyvah Babam\u201d, \u201cEyvah K\u0131z\u0131m B\u00fcy\u00fcd\u00fc\u201d ve geni\u015f kitlelere ula\u015ft\u0131\u011f\u0131 \u201cHayat Bilgisi\u201d dizisindeki R\u00fcya karakteri, kariyerinin en bilinen i\u015flerinden oldu.<\/p>\n<h3>YILDIZ ASYALI K\u0130M\u0130N KIZI?<\/h3>\n<p>Y\u0131ld\u0131z Asyal\u0131, sanat\u00e7\u0131 bir ailede d\u00fcnyaya geldi. Babas\u0131, uzun y\u0131llar m\u00fczikle u\u011fra\u015fm\u0131\u015f bir viyola sanat\u00e7\u0131s\u0131d\u0131r. Kamuoyunda s\u0131k s\u0131k soyad\u0131 benzerli\u011fi nedeniyle R\u00fc\u015ft\u00fc Asyal\u0131 ile akraba oldu\u011fu d\u00fc\u015f\u00fcn\u00fclse de bu iki isim aras\u0131nda herhangi bir akrabal\u0131k ba\u011f\u0131 bulunmamaktad\u0131r.<\/p>\n<p><img loading=\"lazy\" decoding=\"async\" class=\"aligncenter size-full wp-image-273300\" src=\"https:\/\/www.tgrthaber.com\/mavikadin\/wp-content\/uploads\/Yildiz-Asyali-3.png\" alt=\"\" width=\"1208\" height=\"680\" title=\"\" srcset=\"https:\/\/www.tgrthaber.com\/mavikadin\/wp-content\/uploads\/Yildiz-Asyali-3.png 1208w, https:\/\/www.tgrthaber.com\/mavikadin\/wp-content\/uploads\/Yildiz-Asyali-3-300x169.png 300w, https:\/\/www.tgrthaber.com\/mavikadin\/wp-content\/uploads\/Yildiz-Asyali-3-1024x576.png 1024w, https:\/\/www.tgrthaber.com\/mavikadin\/wp-content\/uploads\/Yildiz-Asyali-3-768x432.png 768w\" sizes=\"(max-width: 1208px) 100vw, 1208px\" \/><\/p>\n<hr \/>\n<h3>\u00d6zel ya\u015fam\u0131<\/h3>\n<p>Y\u0131ld\u0131z Asyal\u0131 bug\u00fcne kadar \u00fc\u00e7 kez evlilik yapm\u0131\u015f, ilk evlili\u011finden bir k\u0131z\u0131 d\u00fcnyaya gelmi\u015ftir. Hem \u00f6zel hayat\u0131 hem kariyerindeki farkl\u0131 alanlardaki \u00e7al\u0131\u015fmalar\u0131yla s\u0131k s\u0131k g\u00fcndemde yer almaya devam ediyor.<\/p>\n<p><img loading=\"lazy\" decoding=\"async\" class=\"aligncenter size-full wp-image-273314\" src=\"https:\/\/www.tgrthaber.com\/mavikadin\/wp-content\/uploads\/Yildiz-Asyali-4.png\" alt=\"\" width=\"1208\" height=\"680\" title=\"\" srcset=\"https:\/\/www.tgrthaber.com\/mavikadin\/wp-content\/uploads\/Yildiz-Asyali-4.png 1208w, https:\/\/www.tgrthaber.com\/mavikadin\/wp-content\/uploads\/Yildiz-Asyali-4-300x169.png 300w, https:\/\/www.tgrthaber.com\/mavikadin\/wp-content\/uploads\/Yildiz-Asyali-4-1024x576.png 1024w, https:\/\/www.tgrthaber.com\/mavikadin\/wp-content\/uploads\/Yildiz-Asyali-4-768x432.png 768w\" sizes=\"(max-width: 1208px) 100vw, 1208px\" \/><\/p>\n<hr \/>\n<h3>YILDIZ ASYALI \u015e\u0130DDET M\u0130 G\u00d6RD\u00dc?<\/h3>\n<p>Y\u0131ld\u0131z Asyal\u0131, sosyal medya hesab\u0131ndan yapt\u0131\u011f\u0131 payla\u015f\u0131mda maruz kald\u0131\u011f\u0131n\u0131 iddia etti\u011fi \u015fiddeti g\u00f6zler \u00f6n\u00fcne serdi. Y\u00fcz\u00fc, boynu ve v\u00fccudunun \u00e7e\u015fitli b\u00f6lgelerindeki morluklar\u0131n foto\u011fraflar\u0131n\u0131 payla\u015fan sanat\u00e7\u0131, ya\u015fad\u0131klar\u0131n\u0131 a\u00e7\u0131k\u00e7a dile getirdi. \u201cBu zor d\u00f6nemde deste\u011finize ihtiyac\u0131m var\u201d mesaj\u0131yla takip\u00e7ilerine seslenen Asyal\u0131\u2019n\u0131n payla\u015f\u0131m\u0131 k\u0131sa s\u00fcrede yo\u011fun ilgi g\u00f6rd\u00fc.<\/p>\n<p><img loading=\"lazy\" decoding=\"async\" class=\"aligncenter size-full wp-image-273316\" src=\"https:\/\/www.tgrthaber.com\/mavikadin\/wp-content\/uploads\/Yildiz-Asyali-6.png\" alt=\"\" width=\"1208\" height=\"680\" title=\"\" srcset=\"https:\/\/www.tgrthaber.com\/mavikadin\/wp-content\/uploads\/Yildiz-Asyali-6.png 1208w, https:\/\/www.tgrthaber.com\/mavikadin\/wp-content\/uploads\/Yildiz-Asyali-6-300x169.png 300w, https:\/\/www.tgrthaber.com\/mavikadin\/wp-content\/uploads\/Yildiz-Asyali-6-1024x576.png 1024w, https:\/\/www.tgrthaber.com\/mavikadin\/wp-content\/uploads\/Yildiz-Asyali-6-768x432.png 768w\" sizes=\"(max-width: 1208px) 100vw, 1208px\" \/><\/p>\n<hr \/>\n<p>Sanat\u00e7\u0131, ge\u00e7ti\u011fimiz may\u0131s ay\u0131nda i\u015f insan\u0131 Mustafa Semih Demirci ile \u00fc\u00e7\u00fcnc\u00fc evlili\u011fini ger\u00e7ekle\u015ftirmi\u015fti. Sessiz sedas\u0131z yap\u0131lan nik\u00e2h t\u00f6reninin ard\u0131ndan \u00e7ift hakk\u0131nda \u00e7ok fazla detay payla\u015f\u0131lmam\u0131\u015f, Asyal\u0131 evlili\u011fini \u00f6zel ya\u015fam\u0131n\u0131n bir par\u00e7as\u0131 olarak tutmay\u0131 tercih etmi\u015fti.<\/p>\n<p><img loading=\"lazy\" decoding=\"async\" class=\"aligncenter size-full wp-image-273317\" src=\"https:\/\/www.tgrthaber.com\/mavikadin\/wp-content\/uploads\/Yildiz-Asyali-8.png\" alt=\"\" width=\"1208\" height=\"680\" title=\"\" srcset=\"https:\/\/www.tgrthaber.com\/mavikadin\/wp-content\/uploads\/Yildiz-Asyali-8.png 1208w, https:\/\/www.tgrthaber.com\/mavikadin\/wp-content\/uploads\/Yildiz-Asyali-8-300x169.png 300w, https:\/\/www.tgrthaber.com\/mavikadin\/wp-content\/uploads\/Yildiz-Asyali-8-1024x576.png 1024w, https:\/\/www.tgrthaber.com\/mavikadin\/wp-content\/uploads\/Yildiz-Asyali-8-768x432.png 768w\" sizes=\"(max-width: 1208px) 100vw, 1208px\" \/><\/p>\n<hr \/>\n<p>Ancak son a\u00e7\u0131klamas\u0131, evlili\u011finin erken d\u00f6neminde ciddi sorunlar ya\u015fad\u0131\u011f\u0131n\u0131 ortaya koydu. Asyal\u0131, \u00fc\u00e7\u00fcnc\u00fc kez nik\u00e2h masas\u0131na oturdu\u011fu bu evlili\u011finde de \u015fiddet g\u00f6rd\u00fc\u011f\u00fcn\u00fc belirterek kamuoyunun dikkatini \u00fczerine \u00e7ekti. Sanat\u00e7\u0131, ya\u015fad\u0131\u011f\u0131 s\u00fcreci payla\u015farak hem hukuki hem de psikolojik a\u00e7\u0131dan destek aray\u0131\u015f\u0131nda oldu\u011funu belirtti.<\/p>\n<p>&nbsp;<\/p>\n","protected":false},"excerpt":{"rendered":"<p>Y\u0131ld\u0131z Asyal\u0131 kimdir, ka\u00e7 ya\u015f\u0131nda? Y\u0131ld\u0131z Asyal\u0131 kimin k\u0131z\u0131? merak ediliyor. E\u015finden g\u00f6rd\u00fc\u011f\u00fc \u015fiddet nedeniyle sosyal medyada destek mesajlar\u0131 alan Y\u0131ld\u0131z Asyal\u0131\u2019n\u0131n durumu ara\u015ft\u0131r\u0131lmaya ba\u015fland\u0131.<\/p>\n","protected":false},"author":5,"featured_media":273320,"comment_status":"closed","ping_status":"closed","sticky":false,"template":"","format":"standard","meta":{"rank_math_lock_modified_date":false,"footnotes":""},"categories":[491],"tags":[21729,21728],"class_list":["post-273287","post","type-post","status-publish","format-standard","has-post-thumbnail","hentry","category-biyografi","tag-mustafa-semih-demirci","tag-yildiz-asyali"],"_links":{"self":[{"href":"https:\/\/www.tgrthaber.com\/mavikadin\/wp-json\/wp\/v2\/posts\/273287"}],"collection":[{"href":"https:\/\/www.tgrthaber.com\/mavikadin\/wp-json\/wp\/v2\/posts"}],"about":[{"href":"https:\/\/www.tgrthaber.com\/mavikadin\/wp-json\/wp\/v2\/types\/post"}],"author":[{"embeddable":true,"href":"https:\/\/www.tgrthaber.com\/mavikadin\/wp-json\/wp\/v2\/users\/5"}],"replies":[{"embeddable":true,"href":"https:\/\/www.tgrthaber.com\/mavikadin\/wp-json\/wp\/v2\/comments?post=273287"}],"version-history":[{"count":2,"href":"https:\/\/www.tgrthaber.com\/mavikadin\/wp-json\/wp\/v2\/posts\/273287\/revisions"}],"predecessor-version":[{"id":273319,"href":"https:\/\/www.tgrthaber.com\/mavikadin\/wp-json\/wp\/v2\/posts\/273287\/revisions\/273319"}],"wp:featuredmedia":[{"embeddable":true,"href":"https:\/\/www.tgrthaber.com\/mavikadin\/wp-json\/wp\/v2\/media\/273320"}],"wp:attachment":[{"href":"https:\/\/www.tgrthaber.com\/mavikadin\/wp-json\/wp\/v2\/media?parent=273287"}],"wp:term":[{"taxonomy":"category","embeddable":true,"href":"https:\/\/www.tgrthaber.com\/mavikadin\/wp-json\/wp\/v2\/categories?post=273287"},{"taxonomy":"post_tag","embeddable":true,"href":"https:\/\/www.tgrthaber.com\/mavikadin\/wp-json\/wp\/v2\/tags?post=273287"}],"curies":[{"name":"wp","href":"https:\/\/api.w.org\/{rel}","templated":true}]}}