{"id":273310,"date":"2025-12-09T16:16:57","date_gmt":"2025-12-09T13:16:57","guid":{"rendered":"https:\/\/www.tgrthaber.com\/mavikadin\/?p=273310"},"modified":"2025-12-09T16:16:57","modified_gmt":"2025-12-09T13:16:57","slug":"yemekteyiz-biray-san-kimdir-aslen-nereli-yemekteyiz-final-gunu-yarisan-biray-hanim-merak-edildi","status":"publish","type":"post","link":"https:\/\/www.tgrthaber.com\/mavikadin\/yemekteyiz-biray-san-kimdir-aslen-nereli-yemekteyiz-final-gunu-yarisan-biray-hanim-merak-edildi\/","title":{"rendered":"Yemekteyiz Biray San kimdir, aslen nereli? Yemekteyiz final g\u00fcn\u00fc yar\u0131\u015fan Biray Han\u0131m merak edildi"},"content":{"rendered":"<p>Hafta boyunca Yemekteyiz&#8217;i yak\u0131ndan takip eden izleyiciler final g\u00fcn\u00fc yar\u0131\u015facak olan Biray San&#8217;\u0131n men\u00fcs\u00fcn\u00fc ve performans\u0131n\u0131 \u015fimdiden merak etmeye ba\u015flad\u0131. Haftan\u0131n son g\u00fcn\u00fc Yemekteyiz&#8217;de t\u00fcm dengeleri de\u011fi\u015ftirebilece\u011fi d\u00fc\u015f\u00fcn\u00fclen Biray Han\u0131m, izleyicinin radar\u0131na yakaland\u0131. Zuhal Topal&#8217;la Yemekteyiz&#8217;de 8 ila 12 Aral\u0131k haftas\u0131nda 5. g\u00fcn yar\u0131\u015fan Biray San&#8217;\u0131n kim oldu\u011fu da arama motorlar\u0131nda s\u0131kl\u0131kla ara\u015ft\u0131r\u0131l\u0131yor. Peki Yemekteyiz final g\u00fcn\u00fc yar\u0131\u015fan Biray San kimdir, ka\u00e7 ya\u015f\u0131ndad\u0131r? Yemekteyiz Biray Han\u0131m ne i\u015f yap\u0131yor? \u0130\u015fte detaylar&#8230;<\/p>\n<h3>YEMEKTEY\u0130Z B\u0130RAY SAN K\u0130MD\u0130R, ASLEN NEREL\u0130?<\/h3>\n<p>Hafta i\u00e7i her g\u00fcn TV8&#8217;in fenomen yar\u0131\u015fmas\u0131 Zuhal Topal&#8217;la Yemekteyiz b\u00fcy\u00fck bir ilgiyle takip ediliyor. \u0130lk defa 2008 y\u0131l\u0131nda Show TV&#8217;de ba\u015flayan Yemekteyiz, \u015fimdi TV8 ekranlar\u0131nda Zuhal Topal&#8217;\u0131n sunumuyla ekranlara damga vuruyor.<\/p>\n<p><img loading=\"lazy\" decoding=\"async\" class=\"alignnone wp-image-273333\" src=\"https:\/\/www.tgrthaber.com\/mavikadin\/wp-content\/uploads\/Ekran-goruntusu-2025-12-09-153149-300x164.png\" alt=\"\" width=\"1208\" height=\"661\" title=\"\" srcset=\"https:\/\/www.tgrthaber.com\/mavikadin\/wp-content\/uploads\/Ekran-goruntusu-2025-12-09-153149-300x164.png 300w, https:\/\/www.tgrthaber.com\/mavikadin\/wp-content\/uploads\/Ekran-goruntusu-2025-12-09-153149-1024x560.png 1024w, https:\/\/www.tgrthaber.com\/mavikadin\/wp-content\/uploads\/Ekran-goruntusu-2025-12-09-153149-768x420.png 768w, https:\/\/www.tgrthaber.com\/mavikadin\/wp-content\/uploads\/Ekran-goruntusu-2025-12-09-153149.png 1038w\" sizes=\"(max-width: 1208px) 100vw, 1208px\" \/><\/p>\n<hr \/>\n<p>Zuhal Topal&#8217;la Yemekteyiz&#8217;de bu hafta yine birbirinden iddial\u0131 men\u00fcler ve yar\u0131\u015fmac\u0131lar k\u0131yas\u0131ya yar\u0131\u015facak. 8 ila 12 Aral\u0131k haftas\u0131n\u0131n dikkatleri \u00fczerinde toplayan yar\u0131\u015fmac\u0131s\u0131 ise Biray San oldu.<\/p>\n<p><img loading=\"lazy\" decoding=\"async\" class=\"alignnone wp-image-273337\" src=\"https:\/\/www.tgrthaber.com\/mavikadin\/wp-content\/uploads\/yemekteyiz-biray-kimdir-zuhal-topal-la-19336043_2740_amp-300x171.webp\" alt=\"\" width=\"1208\" height=\"688\" title=\"\" srcset=\"https:\/\/www.tgrthaber.com\/mavikadin\/wp-content\/uploads\/yemekteyiz-biray-kimdir-zuhal-topal-la-19336043_2740_amp-300x171.webp 300w, https:\/\/www.tgrthaber.com\/mavikadin\/wp-content\/uploads\/yemekteyiz-biray-kimdir-zuhal-topal-la-19336043_2740_amp-1024x583.webp 1024w, https:\/\/www.tgrthaber.com\/mavikadin\/wp-content\/uploads\/yemekteyiz-biray-kimdir-zuhal-topal-la-19336043_2740_amp-768x437.webp 768w, https:\/\/www.tgrthaber.com\/mavikadin\/wp-content\/uploads\/yemekteyiz-biray-kimdir-zuhal-topal-la-19336043_2740_amp.webp 1200w\" sizes=\"(max-width: 1208px) 100vw, 1208px\" \/><\/p>\n<hr \/>\n<p>Yemekteyiz 5. g\u00fcn yar\u0131\u015fan ismi Biray San 49 ya\u015f\u0131ndad\u0131r. \u0130ki \u00e7ocuk annesi olan Biray Han\u0131m emekli ve mutfakta da olduk\u00e7a iddial\u0131 bir isim. E\u011fer Cuma g\u00fcn\u00fc yap\u0131lan oylama sonucu 200 bin TL&#8217;yi kazan\u0131rsa k\u0131zlar\u0131n\u0131 tatile g\u00f6nderece\u011fini belirtti.<\/p>\n<p><img loading=\"lazy\" decoding=\"async\" class=\"alignnone wp-image-273332\" src=\"https:\/\/www.tgrthaber.com\/mavikadin\/wp-content\/uploads\/yemekteyiz-biray-kimdir-zuhal-topalla-yemekteyiz-yarismacisi-hakkinda-merak-edilenler-1-300x169.webp\" alt=\"\" width=\"1208\" height=\"680\" title=\"\" srcset=\"https:\/\/www.tgrthaber.com\/mavikadin\/wp-content\/uploads\/yemekteyiz-biray-kimdir-zuhal-topalla-yemekteyiz-yarismacisi-hakkinda-merak-edilenler-1-300x169.webp 300w, https:\/\/www.tgrthaber.com\/mavikadin\/wp-content\/uploads\/yemekteyiz-biray-kimdir-zuhal-topalla-yemekteyiz-yarismacisi-hakkinda-merak-edilenler-1-1024x576.webp 1024w, https:\/\/www.tgrthaber.com\/mavikadin\/wp-content\/uploads\/yemekteyiz-biray-kimdir-zuhal-topalla-yemekteyiz-yarismacisi-hakkinda-merak-edilenler-1-768x432.webp 768w, https:\/\/www.tgrthaber.com\/mavikadin\/wp-content\/uploads\/yemekteyiz-biray-kimdir-zuhal-topalla-yemekteyiz-yarismacisi-hakkinda-merak-edilenler-1.webp 1280w\" sizes=\"(max-width: 1208px) 100vw, 1208px\" \/><\/p>\n<hr \/>\n<h3>YEMEKTEY\u0130Z 5 ARALIK K\u0130M KAZANDI?<\/h3>\n<p>Zuhal Topal&#8217;la Yemekteyiz&#8217;de ge\u00e7en haftan\u0131n kazanan ismi de sosyal medyada g\u00fcnlerce konu\u015fulmu\u015ftu.\u00a0 Yemekteyiz&#8217;de men\u00fcs\u00fc ve el lezzetiyle en y\u00fcksek puan\u0131 alarak, rakiplerini geride b\u0131rakan <a href=\"https:\/\/www.tgrthaber.com\/mavikadin\/yemekteyiz-samet-yilmaz-kimdir-aslen-nereli-yemekteyiz-samet-sivri-diliyle-ekranlara-damga-vurdu\/\">Samet Y\u0131lmaz<\/a>, 5 Aral\u0131k Cuma g\u00fcn\u00fc yap\u0131lan oylama sonucu 200 bin TL&#8217;yi kazanan isim oldu. Samet Y\u0131lmaz toplamda 36 puan ald\u0131 ve ge\u00e7en haftaki b\u00f6l\u00fcm\u00fc birinci olarak tamamlad\u0131.<\/p>\n<p><img loading=\"lazy\" decoding=\"async\" class=\"alignnone wp-image-273336\" src=\"https:\/\/www.tgrthaber.com\/mavikadin\/wp-content\/uploads\/i-50-3-300x150.webp\" alt=\"\" width=\"1208\" height=\"604\" title=\"\" srcset=\"https:\/\/www.tgrthaber.com\/mavikadin\/wp-content\/uploads\/i-50-3-300x150.webp 300w, https:\/\/www.tgrthaber.com\/mavikadin\/wp-content\/uploads\/i-50-3.webp 480w\" sizes=\"(max-width: 1208px) 100vw, 1208px\" \/><\/p>\n<hr \/>\n<h3>ZUHAL TOPAL&#8217;LA YEMEKTEY\u0130Z 8 &#8211; 12 ARALIK K\u0130MLER YARI\u015eIYOR?<\/h3>\n<p>Yemekteyiz&#8217;de bu hafta olduk\u00e7a iddial\u0131 yar\u0131\u015fmac\u0131lar\u0131 kendi mutfa\u011f\u0131nda a\u011f\u0131rl\u0131yor. Sert yorumlar\u0131n ve bol kahkahan\u0131n hi\u00e7 eksik olmad\u0131\u011f\u0131 Yemekteyiz&#8217;de 8 &#8211; 12 Aral\u0131k haftas\u0131nda yar\u0131\u015fan isimler ise \u015fu \u015fekilde;<\/p>\n<p><img loading=\"lazy\" decoding=\"async\" class=\"alignnone wp-image-273155\" src=\"https:\/\/www.tgrthaber.com\/mavikadin\/wp-content\/uploads\/screenshot_2024-03-05_192326_40620129765e747a964460-2-300x169.png\" alt=\"\" width=\"1208\" height=\"680\" title=\"\" srcset=\"https:\/\/www.tgrthaber.com\/mavikadin\/wp-content\/uploads\/screenshot_2024-03-05_192326_40620129765e747a964460-2-300x169.png 300w, https:\/\/www.tgrthaber.com\/mavikadin\/wp-content\/uploads\/screenshot_2024-03-05_192326_40620129765e747a964460-2-1024x576.png 1024w, https:\/\/www.tgrthaber.com\/mavikadin\/wp-content\/uploads\/screenshot_2024-03-05_192326_40620129765e747a964460-2-768x432.png 768w, https:\/\/www.tgrthaber.com\/mavikadin\/wp-content\/uploads\/screenshot_2024-03-05_192326_40620129765e747a964460-2-1536x864.png 1536w, https:\/\/www.tgrthaber.com\/mavikadin\/wp-content\/uploads\/screenshot_2024-03-05_192326_40620129765e747a964460-2.png 1920w\" sizes=\"(max-width: 1208px) 100vw, 1208px\" \/><\/p>\n<hr \/>\n<p>1. g\u00fcn Yasemin Y\u0131ld\u0131z<\/p>\n<p>2. g\u00fcn \u00d6zlem D\u0131\u015fbakan<\/p>\n<p>3. g\u00fcn Yusuf K\u00fc\u00e7\u00fckg\u00fclmez<\/p>\n<p><img loading=\"lazy\" decoding=\"async\" class=\"alignnone wp-image-273342\" src=\"https:\/\/www.tgrthaber.com\/mavikadin\/wp-content\/uploads\/maxresdefault-9-6-300x169.jpg\" alt=\"\" width=\"1208\" height=\"680\" title=\"\" srcset=\"https:\/\/www.tgrthaber.com\/mavikadin\/wp-content\/uploads\/maxresdefault-9-6-300x169.jpg 300w, https:\/\/www.tgrthaber.com\/mavikadin\/wp-content\/uploads\/maxresdefault-9-6-1024x576.jpg 1024w, https:\/\/www.tgrthaber.com\/mavikadin\/wp-content\/uploads\/maxresdefault-9-6-768x432.jpg 768w, https:\/\/www.tgrthaber.com\/mavikadin\/wp-content\/uploads\/maxresdefault-9-6.jpg 1280w\" sizes=\"(max-width: 1208px) 100vw, 1208px\" \/><\/p>\n<hr \/>\n<p>4. g\u00fcn Korhan Y\u0131lmaz<\/p>\n<p>5. g\u00fcn Biray San<\/p>\n<p><img loading=\"lazy\" decoding=\"async\" class=\"alignnone wp-image-273341\" src=\"https:\/\/www.tgrthaber.com\/mavikadin\/wp-content\/uploads\/maxresdefault-10-6-300x169.jpg\" alt=\"\" width=\"1208\" height=\"680\" title=\"\" srcset=\"https:\/\/www.tgrthaber.com\/mavikadin\/wp-content\/uploads\/maxresdefault-10-6-300x169.jpg 300w, https:\/\/www.tgrthaber.com\/mavikadin\/wp-content\/uploads\/maxresdefault-10-6-1024x576.jpg 1024w, https:\/\/www.tgrthaber.com\/mavikadin\/wp-content\/uploads\/maxresdefault-10-6-768x432.jpg 768w, https:\/\/www.tgrthaber.com\/mavikadin\/wp-content\/uploads\/maxresdefault-10-6.jpg 1280w\" sizes=\"(max-width: 1208px) 100vw, 1208px\" \/><\/p>\n<hr \/>\n<p>Zuhal Topal&#8217;\u0131n e\u011flenceli sunumuyla hafta i\u00e7i her g\u00fcn 16:00&#8217;da TV8 ekranlar\u0131nda oluyor. Yeni bir haftaya yine iddial\u0131 ba\u015flayan Yemekteyiz&#8217;e dair \u015fimdi t\u00fcm g\u00f6lzer Cuma g\u00fcn\u00fc yap\u0131lacak oylamaya \u00e7evrilmi\u015f durumda.<\/p>\n","protected":false},"excerpt":{"rendered":"<p>Zuhal Topal&#8217;la Yemekteyiz&#8217;de final g\u00fcn\u00fc yar\u0131\u015fan Biray San sosyal medyan\u0131n g\u00fcndemine d\u00fc\u015ft\u00fc. Yemekteyiz&#8217;in ilk dakikalar\u0131ndan itibaren merak edilen Biray Han\u0131m&#8217;\u0131n kim oldu\u011fu, ya\u015f\u0131 ve ne i\u015f yapt\u0131\u011f\u0131 ara\u015ft\u0131r\u0131l\u0131yor. Peki Yemekteyiz Biray San kimdir? \u0130\u015fte detaylar&#8230;<\/p>\n","protected":false},"author":35,"featured_media":273321,"comment_status":"closed","ping_status":"closed","sticky":false,"template":"","format":"standard","meta":{"rank_math_lock_modified_date":false,"footnotes":""},"categories":[491],"tags":[67903,67904,3374,8465,67902],"class_list":["post-273310","post","type-post","status-publish","format-standard","has-post-thumbnail","hentry","category-biyografi","tag-biray-san-kac-yasinda","tag-biray-san-meslegi","tag-biyografi","tag-yemekteyiz","tag-yemekteyiz-biray-san"],"_links":{"self":[{"href":"https:\/\/www.tgrthaber.com\/mavikadin\/wp-json\/wp\/v2\/posts\/273310"}],"collection":[{"href":"https:\/\/www.tgrthaber.com\/mavikadin\/wp-json\/wp\/v2\/posts"}],"about":[{"href":"https:\/\/www.tgrthaber.com\/mavikadin\/wp-json\/wp\/v2\/types\/post"}],"author":[{"embeddable":true,"href":"https:\/\/www.tgrthaber.com\/mavikadin\/wp-json\/wp\/v2\/users\/35"}],"replies":[{"embeddable":true,"href":"https:\/\/www.tgrthaber.com\/mavikadin\/wp-json\/wp\/v2\/comments?post=273310"}],"version-history":[{"count":2,"href":"https:\/\/www.tgrthaber.com\/mavikadin\/wp-json\/wp\/v2\/posts\/273310\/revisions"}],"predecessor-version":[{"id":273344,"href":"https:\/\/www.tgrthaber.com\/mavikadin\/wp-json\/wp\/v2\/posts\/273310\/revisions\/273344"}],"wp:featuredmedia":[{"embeddable":true,"href":"https:\/\/www.tgrthaber.com\/mavikadin\/wp-json\/wp\/v2\/media\/273321"}],"wp:attachment":[{"href":"https:\/\/www.tgrthaber.com\/mavikadin\/wp-json\/wp\/v2\/media?parent=273310"}],"wp:term":[{"taxonomy":"category","embeddable":true,"href":"https:\/\/www.tgrthaber.com\/mavikadin\/wp-json\/wp\/v2\/categories?post=273310"},{"taxonomy":"post_tag","embeddable":true,"href":"https:\/\/www.tgrthaber.com\/mavikadin\/wp-json\/wp\/v2\/tags?post=273310"}],"curies":[{"name":"wp","href":"https:\/\/api.w.org\/{rel}","templated":true}]}}