{"id":273346,"date":"2025-12-09T17:17:15","date_gmt":"2025-12-09T14:17:15","guid":{"rendered":"https:\/\/www.tgrthaber.com\/mavikadin\/?p=273346"},"modified":"2025-12-09T17:17:15","modified_gmt":"2025-12-09T14:17:15","slug":"2026da-saclar-boyle-parlayacak-yilbasi-oncesi-evde-sac-bakim-ritueli","status":"publish","type":"post","link":"https:\/\/www.tgrthaber.com\/mavikadin\/2026da-saclar-boyle-parlayacak-yilbasi-oncesi-evde-sac-bakim-ritueli\/","title":{"rendered":"2026\u2019da sa\u00e7lar b\u00f6yle parlayacak! Y\u0131lba\u015f\u0131 \u00f6ncesi evde sa\u00e7 bak\u0131m rit\u00fceli"},"content":{"rendered":"<p>Y\u0131lba\u015f\u0131 i\u00e7in haz\u0131rlan\u0131rken, herkesin ortak hayali sa\u00e7lar\u0131n\u0131n sa\u011fl\u0131kla parlamas\u0131 oluyor. Son zamanlarda ise evde yap\u0131lan sa\u00e7 bak\u0131m rit\u00fceli bu konuda bi\u00e7ilmi\u015f bir kaftan niteli\u011finde. Peki sa\u00e7lar\u0131 parlatan y\u00f6ntem nedir? <span class=\"JCzEY tNxQIb\"><span class=\"CSkcDe\">Sa\u00e7lar\u0131n parlak olmas\u0131 i\u00e7in ne yapmal\u0131? \u0130\u015fte 2026&#8217;da sa\u00e7lar\u0131n\u0131z\u0131 parlatacak, y\u0131lba\u015f\u0131 \u00f6ncesi evde sa\u00e7 bak\u0131m rit\u00fceli&#8230;<\/span><\/span><\/p>\n<h3>2026&#8217;DA SA\u00c7LAR B\u00d6YLE PARLAYACAK!<\/h3>\n<p>2026 y\u0131l\u0131na herkes sa\u011fl\u0131kl\u0131 sa\u00e7larla girmek ister. T\u00fcm g\u00f6r\u00fcnt\u00fcy\u00fc de\u011fi\u015ftiren sa\u00e7lar, yeni ba\u015flang\u0131\u00e7 yapmak isteyenlerin ilk durak noktas\u0131d\u0131r. A\u011f\u0131r ya\u011flanm\u0131\u015f g\u00f6r\u00fcnt\u00fcden \u00e7ok, sa\u00e7 teli sa\u011fl\u0131kl\u0131ysa kendine daha \u00e7ok g\u00fcven duyars\u0131n. Sa\u00e7\u0131n d\u0131\u015f kabu\u011fu ne kadar d\u00fczg\u00fcn ve nemli kal\u0131rsa, <a href=\"https:\/\/www.tgrthaber.com\/mavikadin\/yas-cevizle-saclarinizin-parlakligini-artirin-evde-yapabileceginiz-sac-maskesi\/\">sa\u00e7 parlakl\u0131\u011f\u0131<\/a> da o kadar fazla olur. Bu nedenle 2026 sa\u00e7 trendlerinde, yo\u011fun bak\u0131mdan \u00e7ok d\u00fczenli ve nazik bak\u0131m \u00f6ne \u00e7\u0131k\u0131yor.<\/p>\n<p><img loading=\"lazy\" decoding=\"async\" class=\"alignnone wp-image-273372\" src=\"https:\/\/www.tgrthaber.com\/mavikadin\/wp-content\/uploads\/64b3576b-e117-4ead-86dd-48658045dbb0-shutterstock-1352584643-300x158.avif\" alt=\"\" width=\"1208\" height=\"634\" title=\"\" srcset=\"https:\/\/www.tgrthaber.com\/mavikadin\/wp-content\/uploads\/64b3576b-e117-4ead-86dd-48658045dbb0-shutterstock-1352584643-300x158.avif 300w, https:\/\/www.tgrthaber.com\/mavikadin\/wp-content\/uploads\/64b3576b-e117-4ead-86dd-48658045dbb0-shutterstock-1352584643-1024x538.avif 1024w, https:\/\/www.tgrthaber.com\/mavikadin\/wp-content\/uploads\/64b3576b-e117-4ead-86dd-48658045dbb0-shutterstock-1352584643-768x403.avif 768w, https:\/\/www.tgrthaber.com\/mavikadin\/wp-content\/uploads\/64b3576b-e117-4ead-86dd-48658045dbb0-shutterstock-1352584643.avif 1200w\" sizes=\"(max-width: 1208px) 100vw, 1208px\" \/><\/p>\n<hr \/>\n<p>2026 y\u0131l\u0131 i\u00e7in de\u011fi\u015fime sa\u00e7lardan ba\u015flayanlar\u0131n pahal\u0131 salonlara gitmesine gerek yok. Evde yapaca\u011f\u0131n\u0131z baz\u0131 bak\u0131mlarla istenilen sa\u00e7lar\u0131 elde edebileceksiniz. Yani yeni y\u0131l \u00f6ncesi kendinize ay\u0131raca\u011f\u0131n\u0131z birka\u00e7 dakikal\u0131k bak\u0131mla parlak, sa\u011fl\u0131kl\u0131 ve hacimli sa\u00e7lara kavu\u015fabilirsiniz.<\/p>\n<p><img loading=\"lazy\" decoding=\"async\" class=\"alignnone wp-image-273376\" src=\"https:\/\/www.tgrthaber.com\/mavikadin\/wp-content\/uploads\/KerastaseDiagEmily-hero-300x125.jpg\" alt=\"\" width=\"1208\" height=\"503\" title=\"\" srcset=\"https:\/\/www.tgrthaber.com\/mavikadin\/wp-content\/uploads\/KerastaseDiagEmily-hero-300x125.jpg 300w, https:\/\/www.tgrthaber.com\/mavikadin\/wp-content\/uploads\/KerastaseDiagEmily-hero-1024x427.jpg 1024w, https:\/\/www.tgrthaber.com\/mavikadin\/wp-content\/uploads\/KerastaseDiagEmily-hero-768x320.jpg 768w, https:\/\/www.tgrthaber.com\/mavikadin\/wp-content\/uploads\/KerastaseDiagEmily-hero-1536x640.jpg 1536w, https:\/\/www.tgrthaber.com\/mavikadin\/wp-content\/uploads\/KerastaseDiagEmily-hero.jpg 1920w\" sizes=\"(max-width: 1208px) 100vw, 1208px\" \/><\/p>\n<hr \/>\n<h3>YILBA\u015eI \u00d6NCES\u0130 EVDE SA\u00c7 BAKIM R\u0130T\u00dcEL\u0130<\/h3>\n<p>Eskiden annelerimizin kulland\u0131\u011f\u0131 do\u011fal ya\u011f form\u00fclleri, 2026\u2019da yine trend oldu. \u0130\u015fte sa\u00e7lar\u0131n\u0131za istedi\u011finiz parlakl\u0131\u011f\u0131 sa\u011flayacak <a href=\"https:\/\/www.tgrthaber.com\/mavikadin\/sac-bakiminda-eski-akim-yeni-trend-oldu-aksamdan-saclariniza-surun\/\">sa\u00e7 bak\u0131m<\/a> ya\u011flar\u0131 ve sa\u00e7lara olan faydalar\u0131\u2026<\/p>\n<p><strong>Jojoba ya\u011f\u0131:<\/strong> Sa\u00e7 derisinin kendi ya\u011f\u0131yla inan\u0131lmaz benzer yap\u0131s\u0131 sayesinde sa\u00e7lara an\u0131nda yumu\u015fakl\u0131k veriyor.<\/p>\n<p><strong>Argan ya\u011f\u0131:<\/strong> \u00d6zellikle kabaran sa\u00e7lar\u0131n kurtar\u0131c\u0131s\u0131 olarak tercih ediliyor.<\/p>\n<p><strong>Hindistan cevizi ya\u011f\u0131:<\/strong> Kuru ve mat g\u00f6r\u00fcnen sa\u00e7 u\u00e7lar\u0131na yumu\u015fakl\u0131k kat\u0131yor.<\/p>\n<p><img loading=\"lazy\" decoding=\"async\" class=\"alignnone wp-image-273379\" src=\"https:\/\/www.tgrthaber.com\/mavikadin\/wp-content\/uploads\/sac-cikaran-en-etkili-yontem-300x169.webp\" alt=\"\" width=\"1208\" height=\"680\" title=\"\" srcset=\"https:\/\/www.tgrthaber.com\/mavikadin\/wp-content\/uploads\/sac-cikaran-en-etkili-yontem-300x169.webp 300w, https:\/\/www.tgrthaber.com\/mavikadin\/wp-content\/uploads\/sac-cikaran-en-etkili-yontem-1024x576.webp 1024w, https:\/\/www.tgrthaber.com\/mavikadin\/wp-content\/uploads\/sac-cikaran-en-etkili-yontem-768x432.webp 768w, https:\/\/www.tgrthaber.com\/mavikadin\/wp-content\/uploads\/sac-cikaran-en-etkili-yontem.webp 1280w\" sizes=\"(max-width: 1208px) 100vw, 1208px\" \/><\/p>\n<hr \/>\n<p>Bu \u00fc\u00e7 ya\u011fdan sadece birini bile uygulamak, y\u0131pranan sa\u00e7lar\u0131n\u0131z\u0131n yeniden sa\u011fl\u0131kl\u0131 olmas\u0131n\u0131 sa\u011fl\u0131yor. Y\u0131lba\u015f\u0131 \u00f6ncesi sa\u00e7lar\u0131na bak\u0131m yapmak isteyenin haftada iki kez uygulanmas\u0131 yeterli olacakt\u0131r. \u0130\u015fte kendi evinizde rahatl\u0131kla uygulanabilece\u011finiz y\u0131lba\u015f\u0131 bak\u0131m rit\u00fceli\u2026<\/p>\n<p><img loading=\"lazy\" decoding=\"async\" class=\"alignnone wp-image-273380\" src=\"https:\/\/www.tgrthaber.com\/mavikadin\/wp-content\/uploads\/1085-sac-neden-yaglanir-sac-yaglanmasi-nasil-engellenir-300x169.webp\" alt=\"\" width=\"1208\" height=\"680\" title=\"\" srcset=\"https:\/\/www.tgrthaber.com\/mavikadin\/wp-content\/uploads\/1085-sac-neden-yaglanir-sac-yaglanmasi-nasil-engellenir-300x169.webp 300w, https:\/\/www.tgrthaber.com\/mavikadin\/wp-content\/uploads\/1085-sac-neden-yaglanir-sac-yaglanmasi-nasil-engellenir-1024x577.webp 1024w, https:\/\/www.tgrthaber.com\/mavikadin\/wp-content\/uploads\/1085-sac-neden-yaglanir-sac-yaglanmasi-nasil-engellenir-768x433.webp 768w, https:\/\/www.tgrthaber.com\/mavikadin\/wp-content\/uploads\/1085-sac-neden-yaglanir-sac-yaglanmasi-nasil-engellenir.webp 1280w\" sizes=\"(max-width: 1208px) 100vw, 1208px\" \/><\/p>\n<hr \/>\n<p><strong>Ya\u011f\u0131n\u0131z\u0131 \u0131l\u0131t\u0131n:<\/strong> Bir ka\u015f\u0131k kadar do\u011fal ya\u011fdan hafif\u00e7e \u0131s\u0131t\u0131nca, sa\u00e7 telinin onu daha rahat emmesini sa\u011fl\u0131yor.<\/p>\n<p><strong>Diplerden u\u00e7lara nazik masaj:<\/strong> Parmak u\u00e7lar\u0131yla sa\u00e7lar\u0131n\u0131za masaj yapt\u0131\u011f\u0131n\u0131z zaman kan ak\u0131\u015f\u0131n\u0131 h\u0131zland\u0131r\u0131rs\u0131n\u0131z. B\u00f6ylece sa\u00e7lar\u0131n\u0131z daha canl\u0131 g\u00f6r\u00fcn\u00fcr.<\/p>\n<p><strong>S\u0131cak havlu etkisi:<\/strong> S\u0131cak bir havlu, maskenin etkisini \u00e7ok daha fazla art\u0131r\u0131yor. Sa\u00e7 adeta spa deneyimi ya\u015fam\u0131\u015f gibi yumu\u015fuyor.<\/p>\n<p><img loading=\"lazy\" decoding=\"async\" class=\"alignnone wp-image-273374\" src=\"https:\/\/www.tgrthaber.com\/mavikadin\/wp-content\/uploads\/i-52-3-300x157.webp\" alt=\"\" width=\"1208\" height=\"632\" title=\"\" srcset=\"https:\/\/www.tgrthaber.com\/mavikadin\/wp-content\/uploads\/i-52-3-300x157.webp 300w, https:\/\/www.tgrthaber.com\/mavikadin\/wp-content\/uploads\/i-52-3.webp 480w\" sizes=\"(max-width: 1208px) 100vw, 1208px\" \/><\/p>\n<hr \/>\n<p><strong>Yumu\u015fak bir \u015fampuanla durulama:<\/strong> S\u00fclfats\u0131z form\u00fcller, do\u011fal ya\u011flarla yapt\u0131\u011f\u0131n\u0131z bak\u0131m\u0131n etkisini bozmadan sa\u00e7lar\u0131n\u0131z\u0131 ar\u0131nd\u0131r\u0131r.<\/p>\n<p><strong>So\u011fuk suyla kilitleme:<\/strong> En son so\u011fuk suyla bir iki dakika sa\u00e7 y\u0131kamak, sa\u00e7lara canl\u0131l\u0131k katar.<\/p>\n<p><img loading=\"lazy\" decoding=\"async\" class=\"alignnone wp-image-273373\" src=\"https:\/\/www.tgrthaber.com\/mavikadin\/wp-content\/uploads\/kokten-uca-bakim-bguk_cover-300x169.webp\" alt=\"\" width=\"1208\" height=\"680\" title=\"\" srcset=\"https:\/\/www.tgrthaber.com\/mavikadin\/wp-content\/uploads\/kokten-uca-bakim-bguk_cover-300x169.webp 300w, https:\/\/www.tgrthaber.com\/mavikadin\/wp-content\/uploads\/kokten-uca-bakim-bguk_cover-1024x576.webp 1024w, https:\/\/www.tgrthaber.com\/mavikadin\/wp-content\/uploads\/kokten-uca-bakim-bguk_cover-768x432.webp 768w, https:\/\/www.tgrthaber.com\/mavikadin\/wp-content\/uploads\/kokten-uca-bakim-bguk_cover.webp 1280w\" sizes=\"(max-width: 1208px) 100vw, 1208px\" \/><\/p>\n<hr \/>\n<h3>EN SIK SORULAN SORULAR VE CEVAPLARI<\/h3>\n<h3>Sa\u00e7lara ya\u011f uygularsak sa\u00e7lar a\u011f\u0131rla\u015f\u0131r m\u0131?<\/h3>\n<p>Do\u011fal ya\u011flar\u0131 sa\u00e7lar\u0131n\u0131z\u0131n dibine s\u00fcrmezseniz hi\u00e7bir sorun olmaz. Ya\u011fl\u0131 sa\u00e7 tipine sahip ki\u015filer \u00f6zellikle u\u00e7lara do\u011fru yo\u011funla\u015fmal\u0131.<\/p>\n<h3>S\u0131cak havlu uygulamas\u0131 sa\u00e7 bak\u0131m\u0131nda neden yap\u0131l\u0131yor?<\/h3>\n<p>\u0130lla uygulamak gerekmiyor. Fakat s\u0131cak havlu kulland\u0131\u011f\u0131n\u0131z zaman sa\u00e7 bak\u0131m\u0131 etkisini daha fazla g\u00f6sterir.<\/p>\n<p><img loading=\"lazy\" decoding=\"async\" class=\"alignnone wp-image-273375\" src=\"https:\/\/www.tgrthaber.com\/mavikadin\/wp-content\/uploads\/sac-uzatma-yontemleri-dogal-sac-uzatma-kurleri-ve-detaylari-1571491554-300x158.webp\" alt=\"\" width=\"1208\" height=\"634\" title=\"\" srcset=\"https:\/\/www.tgrthaber.com\/mavikadin\/wp-content\/uploads\/sac-uzatma-yontemleri-dogal-sac-uzatma-kurleri-ve-detaylari-1571491554-300x158.webp 300w, https:\/\/www.tgrthaber.com\/mavikadin\/wp-content\/uploads\/sac-uzatma-yontemleri-dogal-sac-uzatma-kurleri-ve-detaylari-1571491554.webp 640w\" sizes=\"(max-width: 1208px) 100vw, 1208px\" \/><\/p>\n<hr \/>\n<h3>Y\u0131lba\u015f\u0131 \u00f6ncesi sa\u00e7 bak\u0131m\u0131na ne zaman ba\u015flamak gerekiyor?<\/h3>\n<p>5 g\u00fcn \u00f6nce ba\u015flan\u0131lan sa\u00e7 bak\u0131m\u0131 idealdir. Sa\u00e7\u0131n toparlanmas\u0131 ve nem dengesi i\u00e7in 5 g\u00fcn \u00f6ncesi yeterli oluyor.<\/p>\n<h3>Parlakl\u0131k veren spreyler sa\u00e7lar\u0131 ya\u011fl\u0131 g\u00f6sterir mi?<\/h3>\n<p>A\u015f\u0131r\u0131 kullan\u0131l\u0131rsa sa\u00e7lar ya\u011fl\u0131 g\u00f6r\u00fcn\u00fcr. Bu nedenle sadece u\u00e7lara hafif \u015fekilde uygulamak yeterli olur.<\/p>\n","protected":false},"excerpt":{"rendered":"<p>Yeni y\u0131la say\u0131l\u0131 g\u00fcnler kala bir\u00e7ok ki\u015fi \u00f6zellikle sa\u00e7 bak\u0131m\u0131na merak sard\u0131. Yeni ba\u015flang\u0131\u00e7 yapmak isteyenler, \u00f6ncelikle sa\u00e7lara a\u011f\u0131rl\u0131k veriyor. 2026&#8217;n\u0131n p\u0131r\u0131lt\u0131l\u0131 sa\u00e7lar\u0131na kavu\u015fmak ise oluk\u00e7a kolay. Y\u0131lba\u015f\u0131 \u00f6ncesi yapaca\u011f\u0131n\u0131z evde sa\u00e7 bak\u0131m rit\u00fceliyle sa\u00e7lar\u0131n\u0131z yeni y\u0131lda da par\u0131l par\u0131l parlayacak. y\u0131lba\u015f\u0131 \u00f6ncesi evinizde kolayl\u0131kla uygulayabilece\u011finiz sa\u00e7 bak\u0131m rit\u00fceli&#8230;<\/p>\n","protected":false},"author":35,"featured_media":273367,"comment_status":"closed","ping_status":"closed","sticky":false,"template":"","format":"standard","meta":{"rank_math_lock_modified_date":false,"footnotes":""},"categories":[166],"tags":[67912,67910,67911,2832,40986],"class_list":["post-273346","post","type-post","status-publish","format-standard","has-post-thumbnail","hentry","category-sac-bakimi-sac-uzatma","tag-2026-sac-bakimi","tag-parlayan-saclar","tag-sac-bakim-rutini","tag-sac-bakimi","tag-sac-yaglari"],"_links":{"self":[{"href":"https:\/\/www.tgrthaber.com\/mavikadin\/wp-json\/wp\/v2\/posts\/273346"}],"collection":[{"href":"https:\/\/www.tgrthaber.com\/mavikadin\/wp-json\/wp\/v2\/posts"}],"about":[{"href":"https:\/\/www.tgrthaber.com\/mavikadin\/wp-json\/wp\/v2\/types\/post"}],"author":[{"embeddable":true,"href":"https:\/\/www.tgrthaber.com\/mavikadin\/wp-json\/wp\/v2\/users\/35"}],"replies":[{"embeddable":true,"href":"https:\/\/www.tgrthaber.com\/mavikadin\/wp-json\/wp\/v2\/comments?post=273346"}],"version-history":[{"count":2,"href":"https:\/\/www.tgrthaber.com\/mavikadin\/wp-json\/wp\/v2\/posts\/273346\/revisions"}],"predecessor-version":[{"id":273388,"href":"https:\/\/www.tgrthaber.com\/mavikadin\/wp-json\/wp\/v2\/posts\/273346\/revisions\/273388"}],"wp:featuredmedia":[{"embeddable":true,"href":"https:\/\/www.tgrthaber.com\/mavikadin\/wp-json\/wp\/v2\/media\/273367"}],"wp:attachment":[{"href":"https:\/\/www.tgrthaber.com\/mavikadin\/wp-json\/wp\/v2\/media?parent=273346"}],"wp:term":[{"taxonomy":"category","embeddable":true,"href":"https:\/\/www.tgrthaber.com\/mavikadin\/wp-json\/wp\/v2\/categories?post=273346"},{"taxonomy":"post_tag","embeddable":true,"href":"https:\/\/www.tgrthaber.com\/mavikadin\/wp-json\/wp\/v2\/tags?post=273346"}],"curies":[{"name":"wp","href":"https:\/\/api.w.org\/{rel}","templated":true}]}}