{"id":273410,"date":"2025-12-09T18:24:49","date_gmt":"2025-12-09T15:24:49","guid":{"rendered":"https:\/\/www.tgrthaber.com\/mavikadin\/?p=273410"},"modified":"2025-12-09T18:24:49","modified_gmt":"2025-12-09T15:24:49","slug":"gonca-cilasun-kac-yasinda-gonca-cilasun-kiminle-evli","status":"publish","type":"post","link":"https:\/\/www.tgrthaber.com\/mavikadin\/gonca-cilasun-kac-yasinda-gonca-cilasun-kiminle-evli\/","title":{"rendered":"Gonca Cilasun ka\u00e7 ya\u015f\u0131nda? Gonca Cilasun kiminle evli?"},"content":{"rendered":"<p class=\"p1\">Kanal D ekranlar\u0131n\u0131n sevilerek seyredilen dizisi Uzak \u015eehir\u2019de Sadakat Alabora karakterini oynayan Gonca Cilasun ge\u00e7ti\u011fimiz g\u00fcn Polat Ya\u011fc\u0131&#8217;n\u0131n yap\u0131mc\u0131l\u0131\u011f\u0131n\u0131 \u00fcstlendi\u011fi ve Y\u00fcksel Aksu&#8217;nun yaz\u0131p y\u00f6netti\u011fi &#8216;Bak Postac\u0131 Geliyor&#8217; filminin galas\u0131na kat\u0131ld\u0131. Gala s\u0131ras\u0131nda \u0130brahim Tatl\u0131ses\u2019in Cilasun\u2019un elini \u00f6pt\u00fc\u011f\u00fc anlar k\u0131sa s\u00fcrede g\u00fcndeme otururken usta oyuncunun hayat\u0131 yeniden merak konusu oldu. Peki Gonca Cilasun ka\u00e7 ya\u015f\u0131nda? Gonca Cilasun kiminle evli? \u0130\u015fte detaylar\u2026<\/p>\n<h3>GONCA C\u0130LASUN KA\u00c7 YA\u015eINDA?<\/h3>\n<p class=\"p1\">Ge\u00e7ti\u011fimiz gece Ba\u015frollerinde Ozan Akbaba, Deniz Barut ve F\u0131rat \u00c7elik&#8217;in yer ald\u0131\u011f\u0131, Polat Ya\u011fc\u0131&#8217;n\u0131n yap\u0131mc\u0131l\u0131\u011f\u0131n\u0131 \u00fcstlendi\u011fi ve Y\u00fcksel Aksu&#8217;nun yaz\u0131p y\u00f6netti\u011fi &#8216;Bak Postac\u0131 Geliyor&#8217; filminin galas\u0131 ger\u00e7ekle\u015fti.<\/p>\n<p><img loading=\"lazy\" decoding=\"async\" class=\"alignnone wp-image-273411 size-large\" src=\"https:\/\/www.tgrthaber.com\/mavikadin\/wp-content\/uploads\/Ekran-Resmi-2025-12-09-18.08.59-1024x581.png\" alt=\"\" width=\"1024\" height=\"581\" title=\"\" srcset=\"https:\/\/www.tgrthaber.com\/mavikadin\/wp-content\/uploads\/Ekran-Resmi-2025-12-09-18.08.59-1024x581.png 1024w, https:\/\/www.tgrthaber.com\/mavikadin\/wp-content\/uploads\/Ekran-Resmi-2025-12-09-18.08.59-300x170.png 300w, https:\/\/www.tgrthaber.com\/mavikadin\/wp-content\/uploads\/Ekran-Resmi-2025-12-09-18.08.59-768x435.png 768w, https:\/\/www.tgrthaber.com\/mavikadin\/wp-content\/uploads\/Ekran-Resmi-2025-12-09-18.08.59.png 1390w\" sizes=\"(max-width: 1024px) 100vw, 1024px\" \/><\/p>\n<hr \/>\n<p class=\"p1\">Filmin galas\u0131na sinema ve sanat d\u00fcnyas\u0131ndan \u00e7ok say\u0131da davetli kat\u0131ld\u0131. Davetliler aras\u0131nda en \u00e7ok dikkat \u00e7eken isimlerden biri de son d\u00f6nemde Kanal D\u2019nin reyting rekorlar\u0131 k\u0131ran dizisi <a href=\"https:\/\/www.tgrthaber.com\/mavikadin\/uzak-sehir-41-bolum-zerrin-yurtdisina-gidecek-mi-uzak-sehir-zerrin-demire-geri-mi-donecek\/\">Uzak \u015eehir<\/a>\u2019de Sadakat Alabora\u2019y\u0131 oynayan Gonca Cilasun\u2019un kat\u0131l\u0131m\u0131yd\u0131. Galaya kat\u0131lan bir di\u011fer davetli \u0130brahim Tatl\u0131ses idi. Tatl\u0131ses ve Cilasun\u2019un yan yana oldu\u011fu s\u0131rada Tatl\u0131ses\u2019in Cilasun&#8217;un eline \u00f6p\u00fcc\u00fck kondurdu\u011fu anlar ise k\u0131sa s\u00fcrede sosyal medyan\u0131n g\u00fcndemine oturdu.<\/p>\n<p><img loading=\"lazy\" decoding=\"async\" class=\"alignnone wp-image-273412 size-large\" src=\"https:\/\/www.tgrthaber.com\/mavikadin\/wp-content\/uploads\/Ekran-Resmi-2025-12-09-18.10.40-1024x598.png\" alt=\"\" width=\"1024\" height=\"598\" title=\"\" srcset=\"https:\/\/www.tgrthaber.com\/mavikadin\/wp-content\/uploads\/Ekran-Resmi-2025-12-09-18.10.40-1024x598.png 1024w, https:\/\/www.tgrthaber.com\/mavikadin\/wp-content\/uploads\/Ekran-Resmi-2025-12-09-18.10.40-300x175.png 300w, https:\/\/www.tgrthaber.com\/mavikadin\/wp-content\/uploads\/Ekran-Resmi-2025-12-09-18.10.40-768x449.png 768w, https:\/\/www.tgrthaber.com\/mavikadin\/wp-content\/uploads\/Ekran-Resmi-2025-12-09-18.10.40.png 1030w\" sizes=\"(max-width: 1024px) 100vw, 1024px\" \/><\/p>\n<hr \/>\n<p class=\"p1\">Cilasun&#8217;un Tatl\u0131ses&#8217;in elinin \u00fcst\u00fcne elini koymas\u0131 da dikkatlerden ka\u00e7mad\u0131. Son d\u00f6nemin en \u00e7ok dikkat \u00e7eken oyuncular\u0131ndan biri olan Gonca Cilasun\u2019un gala sonras\u0131 tekrar \u00f6zel hayat\u0131 ara\u015ft\u0131r\u0131\u015fmaya ba\u015fland\u0131.<\/p>\n<p><img loading=\"lazy\" decoding=\"async\" class=\"alignnone wp-image-273413 size-full\" src=\"https:\/\/www.tgrthaber.com\/mavikadin\/wp-content\/uploads\/Ekran-Resmi-2025-12-09-18.09.49.png\" alt=\"\" width=\"1016\" height=\"580\" title=\"\" srcset=\"https:\/\/www.tgrthaber.com\/mavikadin\/wp-content\/uploads\/Ekran-Resmi-2025-12-09-18.09.49.png 1016w, https:\/\/www.tgrthaber.com\/mavikadin\/wp-content\/uploads\/Ekran-Resmi-2025-12-09-18.09.49-300x171.png 300w, https:\/\/www.tgrthaber.com\/mavikadin\/wp-content\/uploads\/Ekran-Resmi-2025-12-09-18.09.49-768x438.png 768w\" sizes=\"(max-width: 1016px) 100vw, 1016px\" \/><\/p>\n<hr \/>\n<p class=\"p1\">Gonca Cilasun 1966 y\u0131l\u0131nda d\u00fcnyaya gelmi\u015ftir.<span class=\"Apple-converted-space\">\u00a0 <\/span>2010 y\u0131l\u0131nda oyunculuk d\u00fcnyas\u0131na Arka S\u0131radakiler dizisiyle ad\u0131m atan oyuncu televizyon d\u00fcnyas\u0131na h\u0131zla giri\u015f yapm\u0131\u015f ve k\u0131sa s\u00fcrede g\u00f6sterdi\u011fi ba\u015far\u0131l\u0131 performans\u0131 ile dikkatleri \u00fczerine \u00e7ekmi\u015ftir. Ankara \u00dcniversitesi Dil Tarih Co\u011frafya Fak\u00fcltesi\u2019nden e\u011fitim alm\u0131\u015ft\u0131r.<\/p>\n<p><img loading=\"lazy\" decoding=\"async\" class=\"alignnone wp-image-273415 size-large\" src=\"https:\/\/www.tgrthaber.com\/mavikadin\/wp-content\/uploads\/Ekran-Resmi-2025-12-09-18.09.39-1024x604.png\" alt=\"\" width=\"1024\" height=\"604\" title=\"\" srcset=\"https:\/\/www.tgrthaber.com\/mavikadin\/wp-content\/uploads\/Ekran-Resmi-2025-12-09-18.09.39-1024x604.png 1024w, https:\/\/www.tgrthaber.com\/mavikadin\/wp-content\/uploads\/Ekran-Resmi-2025-12-09-18.09.39-300x177.png 300w, https:\/\/www.tgrthaber.com\/mavikadin\/wp-content\/uploads\/Ekran-Resmi-2025-12-09-18.09.39-768x453.png 768w, https:\/\/www.tgrthaber.com\/mavikadin\/wp-content\/uploads\/Ekran-Resmi-2025-12-09-18.09.39.png 1034w\" sizes=\"(max-width: 1024px) 100vw, 1024px\" \/><\/p>\n<hr \/>\n<h3 class=\"p1\">GONCA C\u0130LASUN K\u0130M\u0130NLE EVL\u0130?<\/h3>\n<p class=\"p1\">Gonca Cilasun uzun y\u0131llard\u0131r mutlu evilili\u011fi ile dikkat \u00e7eken isimler aras\u0131nda yer almaktad\u0131r. Usta oyuncu 1998 tarihinde m\u00fczisyen Engin H\u0131zarc\u0131 ile d\u00fcnya evine girmi\u015ftir.<\/p>\n<p><img loading=\"lazy\" decoding=\"async\" class=\"alignnone wp-image-273417 size-large\" src=\"https:\/\/www.tgrthaber.com\/mavikadin\/wp-content\/uploads\/Ekran-Resmi-2025-12-09-18.15.09-1024x614.png\" alt=\"\" width=\"1024\" height=\"614\" title=\"\" srcset=\"https:\/\/www.tgrthaber.com\/mavikadin\/wp-content\/uploads\/Ekran-Resmi-2025-12-09-18.15.09-1024x614.png 1024w, https:\/\/www.tgrthaber.com\/mavikadin\/wp-content\/uploads\/Ekran-Resmi-2025-12-09-18.15.09-300x180.png 300w, https:\/\/www.tgrthaber.com\/mavikadin\/wp-content\/uploads\/Ekran-Resmi-2025-12-09-18.15.09-768x460.png 768w, https:\/\/www.tgrthaber.com\/mavikadin\/wp-content\/uploads\/Ekran-Resmi-2025-12-09-18.15.09.png 1482w\" sizes=\"(max-width: 1024px) 100vw, 1024px\" \/><\/p>\n<hr \/>\n<p class=\"p1\">Sanat camias\u0131nda \u00f6rnek g\u00f6sterilen evlilikler aras\u0131nda yer almaktad\u0131r. Engin H\u0131zarc\u0131, m\u00fczik d\u00fcnyas\u0131nda tan\u0131nan bir isim olmas\u0131na ra\u011fmen kamuoyunun kar\u015f\u0131s\u0131na \u00e7ok \u00e7\u0131kmayan biridir.<\/p>\n<p><img loading=\"lazy\" decoding=\"async\" class=\"alignnone wp-image-273416 size-large\" src=\"https:\/\/www.tgrthaber.com\/mavikadin\/wp-content\/uploads\/Ekran-Resmi-2025-12-09-18.09.57-1024x586.png\" alt=\"\" width=\"1024\" height=\"586\" title=\"\" srcset=\"https:\/\/www.tgrthaber.com\/mavikadin\/wp-content\/uploads\/Ekran-Resmi-2025-12-09-18.09.57-1024x586.png 1024w, https:\/\/www.tgrthaber.com\/mavikadin\/wp-content\/uploads\/Ekran-Resmi-2025-12-09-18.09.57-300x172.png 300w, https:\/\/www.tgrthaber.com\/mavikadin\/wp-content\/uploads\/Ekran-Resmi-2025-12-09-18.09.57-768x440.png 768w, https:\/\/www.tgrthaber.com\/mavikadin\/wp-content\/uploads\/Ekran-Resmi-2025-12-09-18.09.57.png 1034w\" sizes=\"(max-width: 1024px) 100vw, 1024px\" \/><\/p>\n<hr \/>\n<h3 class=\"p1\">GONCA C\u0130LASUN HANG\u0130 D\u0130Z\u0130LERDE OYNADI?<\/h3>\n<p>Uzak \u015eehir (2024)<\/p>\n<p>Ate\u015f Ku\u015flar\u0131 (2023)<\/p>\n<p>Barbaroslar: Akdeniz&#8217;in K\u0131l\u0131c\u0131 (2021)<\/p>\n<p>Sefirin K\u0131z\u0131 (2019-2021) &#8211; (Halise Efeo\u011flu karakteri)<\/p>\n<p>\u00c7arp\u0131\u015fma (2018) &#8211; (Serpil Korkmaz karakteri)<\/p>\n<p>G\u00fclizar (2018) &#8211; (Muazzez karakteri)<\/p>\n<p>K\u0131rlang\u0131\u00e7 F\u0131rt\u0131nas\u0131 (2017) &#8211; (Sultan karakteri)<\/p>\n<p><img loading=\"lazy\" decoding=\"async\" class=\"alignnone wp-image-273419 size-full\" src=\"https:\/\/www.tgrthaber.com\/mavikadin\/wp-content\/uploads\/Ekran-Resmi-2025-12-09-18.16.40.png\" alt=\"\" width=\"1002\" height=\"592\" title=\"\" srcset=\"https:\/\/www.tgrthaber.com\/mavikadin\/wp-content\/uploads\/Ekran-Resmi-2025-12-09-18.16.40.png 1002w, https:\/\/www.tgrthaber.com\/mavikadin\/wp-content\/uploads\/Ekran-Resmi-2025-12-09-18.16.40-300x177.png 300w, https:\/\/www.tgrthaber.com\/mavikadin\/wp-content\/uploads\/Ekran-Resmi-2025-12-09-18.16.40-768x454.png 768w\" sizes=\"(max-width: 1002px) 100vw, 1002px\" \/><\/p>\n<hr \/>\n<p>Kalbim Yang\u0131n Yeri (2016)<\/p>\n<p>Karag\u00fcl (2013-2016) &#8211; (Fikriye G\u00fcner karakteri)<\/p>\n<p>Not Defteri (2014)<\/p>\n<p>Benim Hala Umudum Var (2013)<\/p>\n<p>Arka S\u0131radakiler (2010)<\/p>\n","protected":false},"excerpt":{"rendered":"<p>Kanal D ekranlar\u0131n\u0131n reyting rekortmeni dizisi Uzak \u015eehir Sadakat Albora karakterini oynayan Gonca Cilasun&#8217;un \u00f6zel hayat\u0131 merak edilip ara\u015ft\u0131r\u0131l\u0131yor. Peki Gonca Cilasun ka\u00e7 ya\u015f\u0131nda? Gonca Cilasun kiminle evli? \u0130\u015fte detaylar&#8230;<\/p>\n","protected":false},"author":16,"featured_media":273420,"comment_status":"closed","ping_status":"closed","sticky":false,"template":"","format":"standard","meta":{"rank_math_lock_modified_date":false,"footnotes":""},"categories":[491],"tags":[67918,67919],"class_list":["post-273410","post","type-post","status-publish","format-standard","has-post-thumbnail","hentry","category-biyografi","tag-gonca-cilasun-kac-yasinda","tag-gonca-cilasun-kiminle-evli"],"_links":{"self":[{"href":"https:\/\/www.tgrthaber.com\/mavikadin\/wp-json\/wp\/v2\/posts\/273410"}],"collection":[{"href":"https:\/\/www.tgrthaber.com\/mavikadin\/wp-json\/wp\/v2\/posts"}],"about":[{"href":"https:\/\/www.tgrthaber.com\/mavikadin\/wp-json\/wp\/v2\/types\/post"}],"author":[{"embeddable":true,"href":"https:\/\/www.tgrthaber.com\/mavikadin\/wp-json\/wp\/v2\/users\/16"}],"replies":[{"embeddable":true,"href":"https:\/\/www.tgrthaber.com\/mavikadin\/wp-json\/wp\/v2\/comments?post=273410"}],"version-history":[{"count":1,"href":"https:\/\/www.tgrthaber.com\/mavikadin\/wp-json\/wp\/v2\/posts\/273410\/revisions"}],"predecessor-version":[{"id":273426,"href":"https:\/\/www.tgrthaber.com\/mavikadin\/wp-json\/wp\/v2\/posts\/273410\/revisions\/273426"}],"wp:featuredmedia":[{"embeddable":true,"href":"https:\/\/www.tgrthaber.com\/mavikadin\/wp-json\/wp\/v2\/media\/273420"}],"wp:attachment":[{"href":"https:\/\/www.tgrthaber.com\/mavikadin\/wp-json\/wp\/v2\/media?parent=273410"}],"wp:term":[{"taxonomy":"category","embeddable":true,"href":"https:\/\/www.tgrthaber.com\/mavikadin\/wp-json\/wp\/v2\/categories?post=273410"},{"taxonomy":"post_tag","embeddable":true,"href":"https:\/\/www.tgrthaber.com\/mavikadin\/wp-json\/wp\/v2\/tags?post=273410"}],"curies":[{"name":"wp","href":"https:\/\/api.w.org\/{rel}","templated":true}]}}