{"id":273414,"date":"2025-12-09T18:27:06","date_gmt":"2025-12-09T15:27:06","guid":{"rendered":"https:\/\/www.tgrthaber.com\/mavikadin\/?p=273414"},"modified":"2025-12-09T18:27:06","modified_gmt":"2025-12-09T15:27:06","slug":"kral-kaybederse-bu-aksam-final-mi-yapacak-kral-kaybederse-nasil-bitecek","status":"publish","type":"post","link":"https:\/\/www.tgrthaber.com\/mavikadin\/kral-kaybederse-bu-aksam-final-mi-yapacak-kral-kaybederse-nasil-bitecek\/","title":{"rendered":"Kral kaybederse bu ak\u015fam final mi yapacak? Kral kaybederse nas\u0131l bitecek?"},"content":{"rendered":"<p><a href=\"https:\/\/www.tgrthaber.com\/mavikadin\/kral-kaybederse-dizisinde-buyuk-final-son-bolum-fragmani-yayinlandi\/\">Kral Kaybederse<\/a> bu ak\u015fam final yap\u0131yor. Peki dizi nas\u0131l bitecek? Merakla beklenen final, izleyicilere s\u00fcrpriz ve duygusal anlar ya\u015fatacak. Halit Ergen\u00e7 ve Merve Dizdar\u2019\u0131n ba\u015frollerini payla\u015ft\u0131\u011f\u0131 dizide, karakterlerin hikayeleri son kez ekrana ta\u015f\u0131nacak.<\/p>\n<h3>KRAL KAYBEDERSE BU AK\u015eAM F\u0130NAL M\u0130 YAPACAK?<\/h3>\n<p>Kenan Baran\u2019\u0131n (Halit Ergen\u00e7) hayat\u0131ndaki de\u011fi\u015fim, dostluklar\u0131 ve ge\u00e7mi\u015ften gelen hesapla\u015fmalar final b\u00f6l\u00fcm\u00fcnde doruk noktas\u0131na ula\u015facak. \u0130zleyiciler Kenan\u2019\u0131n i\u00e7sel d\u00f6n\u00fc\u015f\u00fcm\u00fcn\u00fc ve uzun s\u00fcredir merak edilen kaderini g\u00f6recek. Dizi, sadece bir veda de\u011fil ayn\u0131 zamanda umut, ba\u011f kurma ve affetme temalar\u0131n\u0131 g\u00fc\u00e7l\u00fc bir \u015fekilde ekrana ta\u015f\u0131yacak.<\/p>\n<p><img loading=\"lazy\" decoding=\"async\" class=\"aligncenter size-full wp-image-273422\" src=\"https:\/\/www.tgrthaber.com\/mavikadin\/wp-content\/uploads\/Kral-Kaybederse-1-8.jpg\" alt=\"\" width=\"1920\" height=\"1080\" title=\"\" srcset=\"https:\/\/www.tgrthaber.com\/mavikadin\/wp-content\/uploads\/Kral-Kaybederse-1-8.jpg 1920w, https:\/\/www.tgrthaber.com\/mavikadin\/wp-content\/uploads\/Kral-Kaybederse-1-8-300x169.jpg 300w, https:\/\/www.tgrthaber.com\/mavikadin\/wp-content\/uploads\/Kral-Kaybederse-1-8-1024x576.jpg 1024w, https:\/\/www.tgrthaber.com\/mavikadin\/wp-content\/uploads\/Kral-Kaybederse-1-8-768x432.jpg 768w, https:\/\/www.tgrthaber.com\/mavikadin\/wp-content\/uploads\/Kral-Kaybederse-1-8-1536x864.jpg 1536w\" sizes=\"(max-width: 1920px) 100vw, 1920px\" \/><\/p>\n<hr \/>\n<h3>F\u0130NAL B\u00d6L\u00dcM\u00dc UNUTULMAZ ANLAR YA\u015eATACAK<\/h3>\n<p>Her Sal\u0131 ak\u015fam\u0131 Star ekranlar\u0131nda izleyiciyle bulu\u015fan <a href=\"https:\/\/www.tgrthaber.com\/mavikadin\/kral-kaybederse-ne-zaman-final-yapiyor-kral-kaybederse-finalinde-ne-olacak\/\">Kral Kaybederse<\/a>, bu ak\u015fam yay\u0131nlanacak olan 30. yeni b\u00f6l\u00fcm\u00fcyle ekran maceras\u0131na veda ediyor. Halit Ergen\u00e7, Merve Dizdar, Asl\u0131han G\u00fcrb\u00fcz ve Nilperi \u015eahinkaya\u2019n\u0131n ba\u015frol\u00fcn\u00fc payla\u015ft\u0131\u011f\u0131 dizi, final b\u00f6l\u00fcm\u00fcyle izleyiciye unutulmaz anlar ya\u015fatacak.<\/p>\n<p><img loading=\"lazy\" decoding=\"async\" class=\"aligncenter size-full wp-image-273423\" src=\"https:\/\/www.tgrthaber.com\/mavikadin\/wp-content\/uploads\/Kral-Kaybederse-1-5.webp\" alt=\"\" width=\"1080\" height=\"674\" title=\"\" srcset=\"https:\/\/www.tgrthaber.com\/mavikadin\/wp-content\/uploads\/Kral-Kaybederse-1-5.webp 1080w, https:\/\/www.tgrthaber.com\/mavikadin\/wp-content\/uploads\/Kral-Kaybederse-1-5-300x187.webp 300w, https:\/\/www.tgrthaber.com\/mavikadin\/wp-content\/uploads\/Kral-Kaybederse-1-5-1024x639.webp 1024w, https:\/\/www.tgrthaber.com\/mavikadin\/wp-content\/uploads\/Kral-Kaybederse-1-5-768x479.webp 768w\" sizes=\"(max-width: 1080px) 100vw, 1080px\" \/><\/p>\n<hr \/>\n<p>OGM PICTURES\u2019\u0131n yap\u0131mc\u0131l\u0131\u011f\u0131n\u0131 \u00fcstlendi\u011fi, Onur G\u00fcvenatam\u2019\u0131n yap\u0131mc\u0131l\u0131\u011f\u0131n\u0131 y\u00fcr\u00fctt\u00fc\u011f\u00fc Kral Kaybederse, ba\u015flad\u0131\u011f\u0131 g\u00fcnden bu yana hem dramatik hem de dokunakl\u0131 hik\u00e2yesiyle dikkat \u00e7ekti. Dizi,<\/p>\n<p>Kenan Baran karakterinin hayat\u0131na ve onun \u00e7evresindeki insanlarla olan ili\u015fkilerine odaklan\u0131yor. Halit Ergen\u00e7\u2019in canland\u0131rd\u0131\u011f\u0131 Kenan, g\u00fc\u00e7l\u00fc ve zaman zaman kibirli bir karakter olarak tan\u0131t\u0131l\u0131rken, hik\u00e2ye ilerledik\u00e7e onun de\u011fi\u015fim s\u00fcreci, izleyiciler i\u00e7in ba\u015fl\u0131 ba\u015f\u0131na bir ilgi oda\u011f\u0131 haline geldi.<\/p>\n<p><img loading=\"lazy\" decoding=\"async\" class=\"aligncenter size-full wp-image-273424\" src=\"https:\/\/www.tgrthaber.com\/mavikadin\/wp-content\/uploads\/Kral-Kaybederse-5-1.webp\" alt=\"\" width=\"1080\" height=\"691\" title=\"\" srcset=\"https:\/\/www.tgrthaber.com\/mavikadin\/wp-content\/uploads\/Kral-Kaybederse-5-1.webp 1080w, https:\/\/www.tgrthaber.com\/mavikadin\/wp-content\/uploads\/Kral-Kaybederse-5-1-300x192.webp 300w, https:\/\/www.tgrthaber.com\/mavikadin\/wp-content\/uploads\/Kral-Kaybederse-5-1-1024x655.webp 1024w, https:\/\/www.tgrthaber.com\/mavikadin\/wp-content\/uploads\/Kral-Kaybederse-5-1-768x491.webp 768w\" sizes=\"(max-width: 1080px) 100vw, 1080px\" \/><\/p>\n<hr \/>\n<p>Dizinin ba\u015frollerinde Halit Ergen\u00e7\u2019e Merve Dizdar, Asl\u0131han G\u00fcrb\u00fcz ve Nilperi \u015eahinkaya e\u015flik etti. Merve Dizdar, Kenan\u2019\u0131n hayat\u0131nda d\u00f6n\u00fcm noktas\u0131 olan karakterlerden birine hayat verirken, Asl\u0131han G\u00fcrb\u00fcz ve Nilperi \u015eahinkaya\u2019n\u0131n performanslar\u0131 dizinin dramatik ve duygusal y\u00f6n\u00fcn\u00fc g\u00fc\u00e7lendirdi. Yan karakterlerde ise M\u00fcmtaz, Cemil, Recep gibi isimler \u00f6ne \u00e7\u0131karak Kenan\u2019\u0131n sosyal \u00e7evresini ve dostluk ba\u011flar\u0131n\u0131 derinlemesine ke\u015ffetmemizi sa\u011flad\u0131.<\/p>\n<h3>KRAL KAYBEDERSE&#8217;DE YEN\u0130 B\u00d6L\u00dcMDE NELER OLUYOR?<\/h3>\n<p>Kral Kaybederse\u2019nin final b\u00f6l\u00fcm\u00fcnde Kenan, Dr. G\u00fclser\u2019in y\u0131llar sonra eline ula\u015fan g\u00fcnl\u00fc\u011f\u00fc \u00fczerinden kendi hikayesini anlat\u0131rken, huzurevindeki sakin ya\u015fam\u0131nda beklenmedik bir \u015fekilde yeniden hayata tutunur. M\u00fcmtaz, Cemil, Recep ve di\u011fer sakinlerle kurdu\u011fu dostluk, ona uzun s\u00fcredir hissetmedi\u011fi aidiyet duygusunu yeniden kazand\u0131r\u0131r. Bah\u00e7ede Saliha ile \u00e7al\u0131\u015fmas\u0131, topra\u011fa dokunmas\u0131 ve en \u00f6nemlisi Saliha\u2019n\u0131n hasta torunu Vedat\u2019a sahip \u00e7\u0131karak onunla kurdu\u011fu ba\u011f, Kenan\u2019\u0131n i\u00e7indeki karanl\u0131\u011f\u0131 ayd\u0131nlatan d\u00f6n\u00fcm noktalar\u0131ndan biri oluyor.<\/p>\n<p><img loading=\"lazy\" decoding=\"async\" class=\"aligncenter size-full wp-image-273425\" src=\"https:\/\/www.tgrthaber.com\/mavikadin\/wp-content\/uploads\/Kral-Kaybederse-6-1.webp\" alt=\"\" width=\"1080\" height=\"608\" title=\"\" srcset=\"https:\/\/www.tgrthaber.com\/mavikadin\/wp-content\/uploads\/Kral-Kaybederse-6-1.webp 1080w, https:\/\/www.tgrthaber.com\/mavikadin\/wp-content\/uploads\/Kral-Kaybederse-6-1-300x169.webp 300w, https:\/\/www.tgrthaber.com\/mavikadin\/wp-content\/uploads\/Kral-Kaybederse-6-1-1024x576.webp 1024w, https:\/\/www.tgrthaber.com\/mavikadin\/wp-content\/uploads\/Kral-Kaybederse-6-1-768x432.webp 768w\" sizes=\"(max-width: 1080px) 100vw, 1080px\" \/><\/p>\n<hr \/>\n<h3>KENAN AFFETMEY\u0130 BA\u011e KURMAYI \u00d6\u011eREN\u0130YOR<\/h3>\n<p>Kenan, Vedat\u2019\u0131n iyile\u015fmesi i\u00e7in elinden geleni yaparken, ge\u00e7mi\u015fte kaybettiklerinin g\u00f6lgesinden \u00e7\u0131kar ve ilk kez birine ger\u00e7ekten iyi gelen ki\u015fi olmay\u0131 \u00f6\u011frenir. Affetmeyi, ba\u011f kurmay\u0131 ve hayata yeniden ba\u015flamay\u0131 ke\u015ffeden Kenan, bu s\u00fcre\u00e7te kral tac\u0131n\u0131 ve kibirli tav\u0131rlar\u0131n\u0131 da bir kenara b\u0131rak\u0131r. Final b\u00f6l\u00fcm\u00fc hem izleyiciye dokunakl\u0131 anlar sunuyor hem de Kenan\u2019\u0131n d\u00f6n\u00fc\u015f\u00fcm\u00fcn\u00fc ve ikinci \u015fans\u0131n\u0131 g\u00f6zler \u00f6n\u00fcne seriyor.<\/p>\n<p><img loading=\"lazy\" decoding=\"async\" class=\"aligncenter size-full wp-image-273427\" src=\"https:\/\/www.tgrthaber.com\/mavikadin\/wp-content\/uploads\/Kral-Kaybederse-2-5.webp\" alt=\"\" width=\"1000\" height=\"596\" title=\"\" srcset=\"https:\/\/www.tgrthaber.com\/mavikadin\/wp-content\/uploads\/Kral-Kaybederse-2-5.webp 1000w, https:\/\/www.tgrthaber.com\/mavikadin\/wp-content\/uploads\/Kral-Kaybederse-2-5-300x179.webp 300w, https:\/\/www.tgrthaber.com\/mavikadin\/wp-content\/uploads\/Kral-Kaybederse-2-5-768x458.webp 768w\" sizes=\"(max-width: 1000px) 100vw, 1000px\" \/><\/p>\n<hr \/>\n<p>Kral Kaybederse, toplamda 30 b\u00f6l\u00fcm s\u00fcrd\u00fc ve her b\u00f6l\u00fcm\u00fcyle izleyiciye duygusal bir yolculuk ya\u015fatt\u0131. Dram ve insan ili\u015fkilerine dair derin temalar\u0131yla dikkat \u00e7eken dizi, ba\u015frol oyuncular\u0131n\u0131n g\u00fc\u00e7l\u00fc performanslar\u0131 ve \u00f6zenle i\u015flenmi\u015f hik\u00e2yesiyle T\u00fcrk televizyonlar\u0131n\u0131n unutulmaz yap\u0131mlar\u0131 aras\u0131na ad\u0131n\u0131 yazd\u0131rd\u0131.<\/p>\n","protected":false},"excerpt":{"rendered":"<p>Kral kaybederse bu ak\u015fam final mi yapacak? Kral kaybederse nas\u0131l bitecek? merak ediliyor. Halit Ergen\u00e7 ve Merve Dizdar gibi \u00f6nemli oyuncular\u0131n ba\u015frol\u00fc payla\u015ft\u0131\u011f\u0131 dizide s\u00fcrpriz bir veda olacak. Dizinin final b\u00f6l\u00fcm\u00fcnde Kenan&#8217;\u0131n tecr\u00fcbeleri ve ald\u0131\u011f\u0131 dersler izleyiciye g\u00fczel bir b\u00f6l\u00fcm vadediyor. <\/p>\n","protected":false},"author":5,"featured_media":273428,"comment_status":"closed","ping_status":"closed","sticky":false,"template":"","format":"standard","meta":{"rank_math_lock_modified_date":false,"footnotes":""},"categories":[602],"tags":[2193,62825,67920],"class_list":["post-273414","post","type-post","status-publish","format-standard","has-post-thumbnail","hentry","category-diziler","tag-kral-kaybederse","tag-kral-kaybederse-final","tag-kral-kaybederse-son-bolum"],"_links":{"self":[{"href":"https:\/\/www.tgrthaber.com\/mavikadin\/wp-json\/wp\/v2\/posts\/273414"}],"collection":[{"href":"https:\/\/www.tgrthaber.com\/mavikadin\/wp-json\/wp\/v2\/posts"}],"about":[{"href":"https:\/\/www.tgrthaber.com\/mavikadin\/wp-json\/wp\/v2\/types\/post"}],"author":[{"embeddable":true,"href":"https:\/\/www.tgrthaber.com\/mavikadin\/wp-json\/wp\/v2\/users\/5"}],"replies":[{"embeddable":true,"href":"https:\/\/www.tgrthaber.com\/mavikadin\/wp-json\/wp\/v2\/comments?post=273414"}],"version-history":[{"count":2,"href":"https:\/\/www.tgrthaber.com\/mavikadin\/wp-json\/wp\/v2\/posts\/273414\/revisions"}],"predecessor-version":[{"id":273430,"href":"https:\/\/www.tgrthaber.com\/mavikadin\/wp-json\/wp\/v2\/posts\/273414\/revisions\/273430"}],"wp:featuredmedia":[{"embeddable":true,"href":"https:\/\/www.tgrthaber.com\/mavikadin\/wp-json\/wp\/v2\/media\/273428"}],"wp:attachment":[{"href":"https:\/\/www.tgrthaber.com\/mavikadin\/wp-json\/wp\/v2\/media?parent=273414"}],"wp:term":[{"taxonomy":"category","embeddable":true,"href":"https:\/\/www.tgrthaber.com\/mavikadin\/wp-json\/wp\/v2\/categories?post=273414"},{"taxonomy":"post_tag","embeddable":true,"href":"https:\/\/www.tgrthaber.com\/mavikadin\/wp-json\/wp\/v2\/tags?post=273414"}],"curies":[{"name":"wp","href":"https:\/\/api.w.org\/{rel}","templated":true}]}}