{"id":273452,"date":"2025-12-09T19:26:58","date_gmt":"2025-12-09T16:26:58","guid":{"rendered":"https:\/\/www.tgrthaber.com\/mavikadin\/?p=273452"},"modified":"2025-12-10T00:31:49","modified_gmt":"2025-12-09T21:31:49","slug":"masterchef-all-star-eleme-adayi-erim-sanal-kimdir-masterchef-all-star-erim-evli-mi-esi-kim","status":"publish","type":"post","link":"https:\/\/www.tgrthaber.com\/mavikadin\/masterchef-all-star-eleme-adayi-erim-sanal-kimdir-masterchef-all-star-erim-evli-mi-esi-kim\/","title":{"rendered":"MasterChef All Star eleme aday\u0131 Erim \u015eanal kimdir? MasterChef All Star Erim evli mi, e\u015fi kim?"},"content":{"rendered":"<p>TV8 ekranlar\u0131n\u0131n sevilerek seyredilen yar\u0131\u015fma program\u0131 MasterChef All Star format\u0131yla devam ediyor. D\u00fcn ak\u015fam yay\u0131nlanan program\u0131n ilk dokunulmazl\u0131k oyunu kazanan tak\u0131m\u0131 k\u0131rm\u0131z\u0131 tak\u0131m olmu\u015ftu.Eleme aday\u0131 olarak ise Erim \u015eanal belirlendi. Erim&#8217;in daha ilk haftadan potaya at\u0131lmas\u0131yla birlikte hayat\u0131 da yeniden merak edildi. Peki MasterChef All Star eleme aday\u0131 Erim \u015eanal kimdir? masterChef All Star Erim evli mi, mesle\u011fi ne? \u0130\u015fte detaylar&#8230;<\/p>\n<h3>MASTERCHEF ALL STAR ELEME ADAYI ER\u0130M \u015eANAL K\u0130MD\u0130R ?<\/h3>\n<p class=\"p1\"><a href=\"https:\/\/www.tgrthaber.com\/mavikadin\/masterchef-beyza-huri-aydin-erenin-elini-sikmadi-umre-ziyareti-sonrasi-dikkat-ceken-detay-sosyal-medyayi-ikiye-boldu\/\">MasterChef<\/a> Alt\u0131n kupa yar\u0131\u015fmac\u0131s\u0131 Erim \u015eanal<span class=\"Apple-converted-space\">\u00a0 <\/span>25 ya\u015f\u0131ndad\u0131r. Yar\u0131\u015fmaya \u0130stanbul\u2019dan kat\u0131lan yar\u0131\u015fmac\u0131 k\u00fc\u00e7\u00fck ya\u015flardan itibaren mutfakla ilgilenmeye ba\u015flam\u0131\u015f ve gen\u00e7 ya\u015f\u0131na ra\u011fmen g\u00f6sterdi\u011fi ba\u015far\u0131larla dikkatleri \u00fczerine \u00e7ekmi\u015ftir. Aslen Erzincanl\u0131 olan yar\u0131\u015fmac\u0131 modern sunumlarda g\u00f6sterdi\u011fi ba\u015far\u0131s\u0131 ve temiz \u00e7al\u0131\u015fma disiplini ile dikkatleri \u00fczerine \u00e7eken bir isimdir.<\/p>\n<p><img loading=\"lazy\" decoding=\"async\" class=\"alignnone wp-image-273453 size-large\" src=\"https:\/\/www.tgrthaber.com\/mavikadin\/wp-content\/uploads\/Ekran-Resmi-2025-12-09-19.13.05-1024x580.png\" alt=\"\" width=\"1024\" height=\"580\" title=\"\" srcset=\"https:\/\/www.tgrthaber.com\/mavikadin\/wp-content\/uploads\/Ekran-Resmi-2025-12-09-19.13.05-1024x580.png 1024w, https:\/\/www.tgrthaber.com\/mavikadin\/wp-content\/uploads\/Ekran-Resmi-2025-12-09-19.13.05-300x170.png 300w, https:\/\/www.tgrthaber.com\/mavikadin\/wp-content\/uploads\/Ekran-Resmi-2025-12-09-19.13.05-768x435.png 768w, https:\/\/www.tgrthaber.com\/mavikadin\/wp-content\/uploads\/Ekran-Resmi-2025-12-09-19.13.05.png 1046w\" sizes=\"(max-width: 1024px) 100vw, 1024px\" \/><\/p>\n<hr \/>\n<h3 class=\"p1\">MASTERCHEF ER\u0130M \u015eANAL EVL\u0130 M\u0130 E\u015e\u0130 K\u0130M?<\/h3>\n<p class=\"p1\">MasterChef All Star yar\u0131\u015fmac\u0131s\u0131 Erim \u015eanal\u2019\u0131n \u00f6zel hayat\u0131na dair bir bilgi bulunmamaktad\u0131r.<\/p>\n<p><img loading=\"lazy\" decoding=\"async\" class=\"alignnone wp-image-273454 \" src=\"https:\/\/www.tgrthaber.com\/mavikadin\/wp-content\/uploads\/Ekran-Resmi-2025-12-09-19.13.13-1024x664.png\" alt=\"\" width=\"1024\" height=\"664\" title=\"\" srcset=\"https:\/\/www.tgrthaber.com\/mavikadin\/wp-content\/uploads\/Ekran-Resmi-2025-12-09-19.13.13-1024x664.png 1024w, https:\/\/www.tgrthaber.com\/mavikadin\/wp-content\/uploads\/Ekran-Resmi-2025-12-09-19.13.13-300x195.png 300w, https:\/\/www.tgrthaber.com\/mavikadin\/wp-content\/uploads\/Ekran-Resmi-2025-12-09-19.13.13-768x498.png 768w, https:\/\/www.tgrthaber.com\/mavikadin\/wp-content\/uploads\/Ekran-Resmi-2025-12-09-19.13.13.png 1030w\" sizes=\"(max-width: 1024px) 100vw, 1024px\" \/><\/p>\n<hr \/>\n<h3 class=\"p1\"><b>MASTERCHEF 8 ARALIK 2025 DOKUNULMAZLIK OYUNUNU K\u0130M KAZANDI?<\/b><\/h3>\n<p class=\"p1\">MasterChef 8 Aral\u0131k 2025 dokunulmazl\u0131k oyununu k\u0131rm\u0131z\u0131 tak\u0131m kazand\u0131.<\/p>\n<h3 class=\"p1\"><b>MASTERCHEF ALL STAR 8 ARALIK 2025 ELEME ADAYI K\u0130M OLDU?<\/b><\/h3>\n<p class=\"p1\">MasterChef 8 Aral\u0131k 2025 eleme aday\u0131 Erim \u015eanal oldu.<\/p>\n<p><img loading=\"lazy\" decoding=\"async\" class=\"alignnone wp-image-273455 size-full\" src=\"https:\/\/www.tgrthaber.com\/mavikadin\/wp-content\/uploads\/Ekran-Resmi-2025-12-09-18.48.37-1.png\" alt=\"\" width=\"1000\" height=\"578\" title=\"\" srcset=\"https:\/\/www.tgrthaber.com\/mavikadin\/wp-content\/uploads\/Ekran-Resmi-2025-12-09-18.48.37-1.png 1000w, https:\/\/www.tgrthaber.com\/mavikadin\/wp-content\/uploads\/Ekran-Resmi-2025-12-09-18.48.37-1-300x173.png 300w, https:\/\/www.tgrthaber.com\/mavikadin\/wp-content\/uploads\/Ekran-Resmi-2025-12-09-18.48.37-1-768x444.png 768w\" sizes=\"(max-width: 1000px) 100vw, 1000px\" \/><\/p>\n<hr \/>\n<h3 class=\"p1\"><b>MASTERCHEF B\u0130REYSEL DOKUNULMAZLIK OYUNUNU K\u0130M KAZANDI?<\/b><\/h3>\n<p class=\"p1\">MasterChef All Star bireysellik oyununun kazanan\u0131 Hakan oldu.<\/p>\n<h3 class=\"p1\"><b>MASTERCHEF ALL STAR MAV\u0130 TAKIM KAPTANI K\u0130M OLDU?<\/b><\/h3>\n<p class=\"p1\">MasterChef All Star mavi tak\u0131m kaptan\u0131 \u00c7a\u011fatay oldu.\u00a0\u00c7a\u011fatay kar\u015f\u0131s\u0131na k\u0131rm\u0131z\u0131 tak\u0131m kaptan\u0131 olarak Sergen\u2019i se\u00e7ti.<\/p>\n<p><img loading=\"lazy\" decoding=\"async\" class=\"alignnone wp-image-273456 \" src=\"https:\/\/www.tgrthaber.com\/mavikadin\/wp-content\/uploads\/Ekran-Resmi-2025-12-02-12.34.13-1-1024x626.png\" alt=\"\" width=\"973\" height=\"595\" title=\"\" srcset=\"https:\/\/www.tgrthaber.com\/mavikadin\/wp-content\/uploads\/Ekran-Resmi-2025-12-02-12.34.13-1-1024x626.png 1024w, https:\/\/www.tgrthaber.com\/mavikadin\/wp-content\/uploads\/Ekran-Resmi-2025-12-02-12.34.13-1-300x183.png 300w, https:\/\/www.tgrthaber.com\/mavikadin\/wp-content\/uploads\/Ekran-Resmi-2025-12-02-12.34.13-1-768x469.png 768w, https:\/\/www.tgrthaber.com\/mavikadin\/wp-content\/uploads\/Ekran-Resmi-2025-12-02-12.34.13-1.png 1028w\" sizes=\"(max-width: 973px) 100vw, 973px\" \/><\/p>\n<hr \/>\n<h3 class=\"p1\"><b>MASTERCHEF TAKIMLAR NASIL OLDU?<\/b><\/h3>\n<p class=\"p1\"><b>MAV\u0130 TAKIM<\/b><b><\/b><\/p>\n<p class=\"p1\">\u00c7a\u011fatay (Kaptan) &#8211; Hakan, Eda, Semih, Eren, Kerem, Beyza, Alican, Erim<\/p>\n<p class=\"p1\"><b>KIRMIZI TAKIM<\/b><b><\/b><\/p>\n<p class=\"p1\">Sergen (Kaptan) &#8211; Hasan, Ayaz, Barbaros, K\u0131van\u00e7, Tolga, Dilara, Batuhan, Bar\u0131\u015f<\/p>\n<p><img loading=\"lazy\" decoding=\"async\" class=\"alignnone wp-image-273457 size-large\" src=\"https:\/\/www.tgrthaber.com\/mavikadin\/wp-content\/uploads\/Ekran-Resmi-2025-12-08-18.50.38-1-1024x645.png\" alt=\"\" width=\"1024\" height=\"645\" title=\"\" srcset=\"https:\/\/www.tgrthaber.com\/mavikadin\/wp-content\/uploads\/Ekran-Resmi-2025-12-08-18.50.38-1-1024x645.png 1024w, https:\/\/www.tgrthaber.com\/mavikadin\/wp-content\/uploads\/Ekran-Resmi-2025-12-08-18.50.38-1-300x189.png 300w, https:\/\/www.tgrthaber.com\/mavikadin\/wp-content\/uploads\/Ekran-Resmi-2025-12-08-18.50.38-1-768x484.png 768w, https:\/\/www.tgrthaber.com\/mavikadin\/wp-content\/uploads\/Ekran-Resmi-2025-12-08-18.50.38-1.png 1044w\" sizes=\"(max-width: 1024px) 100vw, 1024px\" \/><\/p>\n<hr \/>\n<h3 class=\"p1\"><b>MASTERCHEF ALTIN KUPA YARI\u015eMACILARI K\u0130MLER?<\/b><\/h3>\n<p class=\"p1\">MasterChef Alt\u0131n Kupa\u2019da yar\u0131\u015facak isimler,<\/p>\n<p class=\"p1\">Alican Sabunsoy<\/p>\n<p class=\"p1\">Ayaz Ge\u00e7er<\/p>\n<p class=\"p1\">Barbaros Yolo\u011flu<\/p>\n<p class=\"p1\">Bar\u0131\u015f Demir<\/p>\n<p><img loading=\"lazy\" decoding=\"async\" class=\"alignnone wp-image-273458 size-full\" src=\"https:\/\/www.tgrthaber.com\/mavikadin\/wp-content\/uploads\/Ekran-Resmi-2025-12-03-18.24.42-1.png\" alt=\"\" width=\"994\" height=\"642\" title=\"\" srcset=\"https:\/\/www.tgrthaber.com\/mavikadin\/wp-content\/uploads\/Ekran-Resmi-2025-12-03-18.24.42-1.png 994w, https:\/\/www.tgrthaber.com\/mavikadin\/wp-content\/uploads\/Ekran-Resmi-2025-12-03-18.24.42-1-300x194.png 300w, https:\/\/www.tgrthaber.com\/mavikadin\/wp-content\/uploads\/Ekran-Resmi-2025-12-03-18.24.42-1-768x496.png 768w\" sizes=\"(max-width: 994px) 100vw, 994px\" \/><\/p>\n<hr \/>\n<p class=\"p1\">Batuhan Bay\u0131r<\/p>\n<p class=\"p1\">Dilara Ba\u015faran<\/p>\n<p class=\"p1\">Eda \u00c7a\u011flayan<\/p>\n<p class=\"p1\">Eren Ka\u015f\u0131k\u00e7\u0131<\/p>\n<p class=\"p1\">Erim \u015eanal<\/p>\n<p class=\"p1\">Hasan Biltekin<\/p>\n<p class=\"p1\">Kerem Bilginer<\/p>\n<p><img loading=\"lazy\" decoding=\"async\" class=\"alignnone wp-image-273459 size-large\" src=\"https:\/\/www.tgrthaber.com\/mavikadin\/wp-content\/uploads\/Ekran-Resmi-2025-12-08-18.18.25-1-1024x568.png\" alt=\"\" width=\"1024\" height=\"568\" title=\"\" srcset=\"https:\/\/www.tgrthaber.com\/mavikadin\/wp-content\/uploads\/Ekran-Resmi-2025-12-08-18.18.25-1-1024x568.png 1024w, https:\/\/www.tgrthaber.com\/mavikadin\/wp-content\/uploads\/Ekran-Resmi-2025-12-08-18.18.25-1-300x166.png 300w, https:\/\/www.tgrthaber.com\/mavikadin\/wp-content\/uploads\/Ekran-Resmi-2025-12-08-18.18.25-1-768x426.png 768w, https:\/\/www.tgrthaber.com\/mavikadin\/wp-content\/uploads\/Ekran-Resmi-2025-12-08-18.18.25-1.png 1356w\" sizes=\"(max-width: 1024px) 100vw, 1024px\" \/><\/p>\n<hr \/>\n<p class=\"p1\">K\u0131van\u00e7 Karadeniz<\/p>\n<p class=\"p1\">Semihcan Temiz<\/p>\n<p class=\"p1\">Sergen \u00d6zen<\/p>\n<p class=\"p1\">Tolga \u015eener<\/p>\n<p class=\"p1\">Beyza Huri Ayd\u0131n<\/p>\n<p class=\"p1\">Eski sezon yar\u0131\u015fmac\u0131lar\u0131n\u0131n yan\u0131 s\u0131ra bu sezonun \u015fef ceketi kazanan son 4 ismi; \u00c7a\u011fatay, \u00d6zkan, Sezer ve Hakan da Alt\u0131n Kupa i\u00e7in yar\u0131\u015facak.<\/p>\n","protected":false},"excerpt":{"rendered":"<p>MasterChef All Star yar\u0131\u015fmac\u0131s\u0131 Erim \u015eanal&#8217;\u0131n daha ilk haftadan potaya at\u0131lmas\u0131n\u0131n hemen ard\u0131ndan yar\u0131\u015fmac\u0131n\u0131n \u00f6zel hayat\u0131 yeniden merak edilip ara\u015ft\u0131r\u0131lmaya ba\u015fland\u0131. Peki MasterChef All Star eleme aday\u0131 Erim \u015eanal kimdir? MasterChef All Star Erim evli mi, e\u015fi kim? \u0130\u015fte detaylar&#8230; <\/p>\n","protected":false},"author":16,"featured_media":273460,"comment_status":"closed","ping_status":"closed","sticky":false,"template":"","format":"standard","meta":{"rank_math_lock_modified_date":false,"footnotes":""},"categories":[491],"tags":[3374,16521,67926,67925],"class_list":["post-273452","post","type-post","status-publish","format-standard","has-post-thumbnail","hentry","category-biyografi","tag-biyografi","tag-biyografi-haberleri","tag-masterchef-all-star-eleme-adayi-erim-sanal-evli-mi","tag-masterchef-all-star-eleme-adayi-erim-sanal-kimdir"],"_links":{"self":[{"href":"https:\/\/www.tgrthaber.com\/mavikadin\/wp-json\/wp\/v2\/posts\/273452"}],"collection":[{"href":"https:\/\/www.tgrthaber.com\/mavikadin\/wp-json\/wp\/v2\/posts"}],"about":[{"href":"https:\/\/www.tgrthaber.com\/mavikadin\/wp-json\/wp\/v2\/types\/post"}],"author":[{"embeddable":true,"href":"https:\/\/www.tgrthaber.com\/mavikadin\/wp-json\/wp\/v2\/users\/16"}],"replies":[{"embeddable":true,"href":"https:\/\/www.tgrthaber.com\/mavikadin\/wp-json\/wp\/v2\/comments?post=273452"}],"version-history":[{"count":1,"href":"https:\/\/www.tgrthaber.com\/mavikadin\/wp-json\/wp\/v2\/posts\/273452\/revisions"}],"predecessor-version":[{"id":273461,"href":"https:\/\/www.tgrthaber.com\/mavikadin\/wp-json\/wp\/v2\/posts\/273452\/revisions\/273461"}],"wp:featuredmedia":[{"embeddable":true,"href":"https:\/\/www.tgrthaber.com\/mavikadin\/wp-json\/wp\/v2\/media\/273460"}],"wp:attachment":[{"href":"https:\/\/www.tgrthaber.com\/mavikadin\/wp-json\/wp\/v2\/media?parent=273452"}],"wp:term":[{"taxonomy":"category","embeddable":true,"href":"https:\/\/www.tgrthaber.com\/mavikadin\/wp-json\/wp\/v2\/categories?post=273452"},{"taxonomy":"post_tag","embeddable":true,"href":"https:\/\/www.tgrthaber.com\/mavikadin\/wp-json\/wp\/v2\/tags?post=273452"}],"curies":[{"name":"wp","href":"https:\/\/api.w.org\/{rel}","templated":true}]}}