{"id":273462,"date":"2025-12-09T20:09:58","date_gmt":"2025-12-09T17:09:58","guid":{"rendered":"https:\/\/www.tgrthaber.com\/mavikadin\/?p=273462"},"modified":"2025-12-09T20:10:57","modified_gmt":"2025-12-09T17:10:57","slug":"survivor-all-star-2025-aycan-yanac-nisa-sozeni-darp-etti-sosyal-medya-bu-iddiayi-konusuyor","status":"publish","type":"post","link":"https:\/\/www.tgrthaber.com\/mavikadin\/survivor-all-star-2025-aycan-yanac-nisa-sozeni-darp-etti-sosyal-medya-bu-iddiayi-konusuyor\/","title":{"rendered":"Survivor All Star 2025 Aycan Yana\u00e7, Nisa S\u00f6zen&#8217;i darp etti! Sosyal medya bu iddiay\u0131 konu\u015fuyor"},"content":{"rendered":"<p class=\"p1\">Survivor All Star 2025 kadrosuna yedeklerden kat\u0131lan Aycan Yana\u00e7\u2019\u0131n ismi son g\u00fcnlerde \u015fiddet iddialar\u0131yla an\u0131l\u0131yor. Nisa S\u00f6zen isimli bir kad\u0131n\u0131n kendisine \u015fiddet uygulad\u0131\u011f\u0131n\u0131 s\u00f6yleyen Aycan Yana\u00e7 hakk\u0131nda ortaya att\u0131\u011f\u0131 iddialar sosyal medyay\u0131 sallad\u0131. Nisa S\u00f6zen, \u2018Y\u00fcz\u00fcme vurdu. Sonra beni yere yat\u0131r\u0131p darp etti. Nefes alam\u0131yorum, g\u00f6\u011fs\u00fcmde a\u011fr\u0131 var\u2019 s\u00f6zleriyle dikkat \u00e7ekti.<\/p>\n<h3>SURV\u0130VOR ALL STAR 2025 AYCAN YANA\u00c7 N\u0130SA S\u00d6ZEN&#8217;\u0130 DARP ETT\u0130! SOSYAL MEDYA BU \u0130DD\u0130AYI KONU\u015eUYOR!<\/h3>\n<p class=\"p1\">Survivor All Star 2025\u2019e yedeklerden dahil olan <a href=\"https:\/\/www.tgrthaber.com\/mavikadin\/selin-cigercinin-eski-kocasi-gokhan-cira-ile-survivor-aycan-yanac-yeni-bir-aska-yelken-acti\/\">Aycan Yana\u00e7<\/a> hakk\u0131nda g\u00fcndemi sallayan bomba bir iddia sosyal medyada konu\u015fulmaya ba\u015fland\u0131.<\/p>\n<p><img loading=\"lazy\" decoding=\"async\" class=\"alignnone wp-image-273468 size-full\" src=\"https:\/\/www.tgrthaber.com\/mavikadin\/wp-content\/uploads\/Ekran-Resmi-2025-12-09-19.57.06.png\" alt=\"\" width=\"1006\" height=\"586\" title=\"\" srcset=\"https:\/\/www.tgrthaber.com\/mavikadin\/wp-content\/uploads\/Ekran-Resmi-2025-12-09-19.57.06.png 1006w, https:\/\/www.tgrthaber.com\/mavikadin\/wp-content\/uploads\/Ekran-Resmi-2025-12-09-19.57.06-300x175.png 300w, https:\/\/www.tgrthaber.com\/mavikadin\/wp-content\/uploads\/Ekran-Resmi-2025-12-09-19.57.06-768x447.png 768w\" sizes=\"(max-width: 1006px) 100vw, 1006px\" \/><\/p>\n<hr \/>\n<p class=\"p1\">Fizyoterapist Nisa S\u00f6zen\u2019in Aycan Yana\u00e7\u2019\u0131n kendisini darp etti\u011fini iddia etmesi \u00fczerine internet arama motorlar\u0131nda &#8216;Aycan Yana\u00e7 kimi darp etti? Aycan Yana\u00e7 Nisa S\u00f6zen\u2019i darp m\u0131 etti?&#8217; sorular\u0131n\u0131n cevaplar\u0131 ara\u015ft\u0131r\u0131lmaya ba\u015fland\u0131.<\/p>\n<p><img loading=\"lazy\" decoding=\"async\" class=\"alignnone wp-image-273469 size-full\" src=\"https:\/\/www.tgrthaber.com\/mavikadin\/wp-content\/uploads\/Ekran-Resmi-2025-12-09-19.57.11.png\" alt=\"\" width=\"1000\" height=\"568\" title=\"\" srcset=\"https:\/\/www.tgrthaber.com\/mavikadin\/wp-content\/uploads\/Ekran-Resmi-2025-12-09-19.57.11.png 1000w, https:\/\/www.tgrthaber.com\/mavikadin\/wp-content\/uploads\/Ekran-Resmi-2025-12-09-19.57.11-300x170.png 300w, https:\/\/www.tgrthaber.com\/mavikadin\/wp-content\/uploads\/Ekran-Resmi-2025-12-09-19.57.11-768x436.png 768w\" sizes=\"(max-width: 1000px) 100vw, 1000px\" \/><\/p>\n<hr \/>\n<p class=\"p1\">Nisa S\u00f6zen\u2019in ikiz karde\u015fiyle Ni\u015fanta\u015f\u0131\u2019nda bir mekana gitmesi ve mekan\u0131n tuvaletinde Aycan Yana\u00e7 taraf\u0131ndan darp edildi\u011fini iddia etmesi \u00fczerine g\u00f6zler eski Survivor yar\u0131\u015fmac\u0131s\u0131na \u00e7evrildi. Konu hakk\u0131nda Aycan Yana\u00e7\u2019tan gelen bir a\u00e7\u0131klama hen\u00fcz yok. \u0130\u015fte Ekol TV&#8217;nin haberine g\u00f6re Nisa S\u00f6zen&#8217;in dikkat \u00e7eken a\u00e7\u0131klamalar\u0131&#8230;<\/p>\n<div style=\"width: 640px;\" class=\"wp-video\"><!--[if lt IE 9]><script>document.createElement('video');<\/script><![endif]-->\n<video class=\"wp-video-shortcode\" id=\"video-273462-1\" width=\"640\" height=\"628\" preload=\"metadata\" controls=\"controls\"><source type=\"video\/mp4\" src=\"https:\/\/www.tgrthaber.com\/mavikadin\/wp-content\/uploads\/nisa-sozen-.mp4?_=1\" \/><a href=\"https:\/\/www.tgrthaber.com\/mavikadin\/wp-content\/uploads\/nisa-sozen-.mp4\">https:\/\/www.tgrthaber.com\/mavikadin\/wp-content\/uploads\/nisa-sozen-.mp4<\/a><\/video><\/div>\n<h3>SURV\u0130VOR ALL STAR 2025 AYCAN YANA\u00c7 K\u0130MD\u0130R?<\/h3>\n<p class=\"p1\">Survivor 2025 All Star yar\u0131\u015fmac\u0131s\u0131 Aycan Yana\u00e7 1998 y\u0131l\u0131nda Almanya\u2019da d\u00fcnyaya gelmi\u015ftir. Aslen \u0130zmirli olan yar\u0131\u015fmac\u0131 futbola k\u00fc\u00e7\u00fck ya\u015flarda ba\u015flam\u0131\u015ft\u0131r.<span class=\"Apple-converted-space\">\u00a0<\/span><\/p>\n<p><img loading=\"lazy\" decoding=\"async\" class=\"alignnone wp-image-273463 size-full\" src=\"https:\/\/www.tgrthaber.com\/mavikadin\/wp-content\/uploads\/Ekran-Resmi-2025-12-09-19.53.37.png\" alt=\"\" width=\"1018\" height=\"578\" title=\"\" srcset=\"https:\/\/www.tgrthaber.com\/mavikadin\/wp-content\/uploads\/Ekran-Resmi-2025-12-09-19.53.37.png 1018w, https:\/\/www.tgrthaber.com\/mavikadin\/wp-content\/uploads\/Ekran-Resmi-2025-12-09-19.53.37-300x170.png 300w, https:\/\/www.tgrthaber.com\/mavikadin\/wp-content\/uploads\/Ekran-Resmi-2025-12-09-19.53.37-768x436.png 768w\" sizes=\"(max-width: 1018px) 100vw, 1018px\" \/><\/p>\n<hr \/>\n<p class=\"p1\">Futbolda forvet pozisyonunda oynayan oyuncu profesyonel kariyerine Almanya\u2019da ba\u015flam\u0131\u015ft\u0131r. 2015 y\u0131l\u0131nda Greuther F\u00fcrth tak\u0131m\u0131na transfer olmu\u015ftur. Ard\u0131ndan N\u00fcrnberg\u2019e geri d\u00f6nen Yana\u00e7, 2020 y\u0131l\u0131nda ALG Spor\u2019a imza atm\u0131\u015ft\u0131r.<\/p>\n<p><img loading=\"lazy\" decoding=\"async\" class=\"alignnone wp-image-273464 size-full\" src=\"https:\/\/www.tgrthaber.com\/mavikadin\/wp-content\/uploads\/Ekran-Resmi-2025-12-09-19.53.41.png\" alt=\"\" width=\"1002\" height=\"562\" title=\"\" srcset=\"https:\/\/www.tgrthaber.com\/mavikadin\/wp-content\/uploads\/Ekran-Resmi-2025-12-09-19.53.41.png 1002w, https:\/\/www.tgrthaber.com\/mavikadin\/wp-content\/uploads\/Ekran-Resmi-2025-12-09-19.53.41-300x168.png 300w, https:\/\/www.tgrthaber.com\/mavikadin\/wp-content\/uploads\/Ekran-Resmi-2025-12-09-19.53.41-768x431.png 768w\" sizes=\"(max-width: 1002px) 100vw, 1002px\" \/><\/p>\n<hr \/>\n<p class=\"p1\">2014-15 ve 2015-16 sezonlar\u0131nda<span class=\"Apple-converted-space\">\u00a0 <\/span>11 ma\u00e7a \u00e7\u0131kan milli futbolcu \u00fc\u00e7 gol atm\u0131\u015ft\u0131r.<span class=\"Apple-converted-space\">\u00a0 <\/span>28 A\u011fustos 2020 tarihinde ALG Spor tak\u0131m\u0131 imzalad\u0131\u011f\u0131 s\u00f6zle\u015fmesi Survivor 2022: All Star yar\u0131\u015fmas\u0131na kat\u0131lmas\u0131 nedeniyle anla\u015fmal\u0131 olarak feshedilmi\u015ftir. 2023-2024 sezonlar\u0131nda ise Fatih Karag\u00fcmr\u00fck (kad\u0131n futbol tak\u0131m\u0131) formas\u0131 giymi\u015ftir.<\/p>\n<h3>AYCAN YANA\u00c7 SURV\u0130VOR&#8217;DA HANG\u0130 YILLARDA YARI\u015eTI?<\/h3>\n<p class=\"p1\">\u0130lk olarak Survivor\u2019a 2020 y\u0131l\u0131nda kat\u0131lan, yar\u0131\u015ft\u0131\u011f\u0131 d\u00f6nem \u00e7evikli\u011fi h\u0131z\u0131 ve rekabet\u00e7i tutumu ile dikkatleri k\u0131sa s\u00fcrede \u00fczerine \u00e7eken Aycan Yana\u00e7 2022 y\u0131l\u0131nda da Survivor\u2019a kat\u0131lm\u0131\u015ft\u0131.<\/p>\n<p><img loading=\"lazy\" decoding=\"async\" class=\"alignnone wp-image-273465 size-full\" src=\"https:\/\/www.tgrthaber.com\/mavikadin\/wp-content\/uploads\/Ekran-Resmi-2025-12-09-19.53.45.png\" alt=\"\" width=\"1018\" height=\"574\" title=\"\" srcset=\"https:\/\/www.tgrthaber.com\/mavikadin\/wp-content\/uploads\/Ekran-Resmi-2025-12-09-19.53.45.png 1018w, https:\/\/www.tgrthaber.com\/mavikadin\/wp-content\/uploads\/Ekran-Resmi-2025-12-09-19.53.45-300x169.png 300w, https:\/\/www.tgrthaber.com\/mavikadin\/wp-content\/uploads\/Ekran-Resmi-2025-12-09-19.53.45-768x433.png 768w\" sizes=\"(max-width: 1018px) 100vw, 1018px\" \/><\/p>\n<hr \/>\n<p class=\"p1\">Fakat yar\u0131\u015fmadan kendi iste\u011fi ile ayr\u0131lan Aycan Yana\u00e7 son olarak 2025 Survivor\u2019unda m\u00fccadele etmi\u015fti.<\/p>\n<p><img loading=\"lazy\" decoding=\"async\" class=\"alignnone wp-image-273466 size-large\" src=\"https:\/\/www.tgrthaber.com\/mavikadin\/wp-content\/uploads\/Ekran-Resmi-2025-12-09-19.53.50-1024x582.png\" alt=\"\" width=\"1024\" height=\"582\" title=\"\" srcset=\"https:\/\/www.tgrthaber.com\/mavikadin\/wp-content\/uploads\/Ekran-Resmi-2025-12-09-19.53.50-1024x582.png 1024w, https:\/\/www.tgrthaber.com\/mavikadin\/wp-content\/uploads\/Ekran-Resmi-2025-12-09-19.53.50-300x171.png 300w, https:\/\/www.tgrthaber.com\/mavikadin\/wp-content\/uploads\/Ekran-Resmi-2025-12-09-19.53.50-768x437.png 768w, https:\/\/www.tgrthaber.com\/mavikadin\/wp-content\/uploads\/Ekran-Resmi-2025-12-09-19.53.50.png 1034w\" sizes=\"(max-width: 1024px) 100vw, 1024px\" \/><\/p>\n<hr \/>\n<p class=\"p1\">Yar\u0131\u015fmac\u0131 2004-2025 y\u0131llar\u0131 aras\u0131nda<span class=\"Apple-converted-space\">\u00a0 <\/span>Almanya&#8217;da yay\u0131nlanan Exatlon Germany isimli yar\u0131\u015fma program\u0131na da kat\u0131lm\u0131\u015f ve yar\u0131\u015fmay\u0131 ikinci olarak tamamlam\u0131\u015ft\u0131.<\/p>\n","protected":false},"excerpt":{"rendered":"<p>Survivor All Star 2025 yar\u0131\u015fmas\u0131na yedeklerden dahil olan Aycan Yana\u00e7 hakk\u0131ndaki \u015fiddet iddias\u0131 sosyal medyay\u0131 sallad\u0131. Nisa S\u00f6zen ad\u0131ndaki bir vatanda\u015f\u0131n kendisine \u015fiddet uygulad\u0131\u011f\u0131n\u0131 iddia etti\u011fi Aycan Yana\u00e7 hakk\u0131nda s\u00f6yledikleri herkesi \u015foke etti. \u0130\u015fte detaylar&#8230; <\/p>\n","protected":false},"author":16,"featured_media":273471,"comment_status":"closed","ping_status":"closed","sticky":false,"template":"","format":"standard","meta":{"rank_math_lock_modified_date":false,"footnotes":""},"categories":[76],"tags":[67927,67928,133,2218,67929],"class_list":["post-273462","post","type-post","status-publish","format-standard","has-post-thumbnail","hentry","category-magazin","tag-aycan-yanac-nisa-sozen-darp","tag-aycan-yanac-nisa-sozen-siddet","tag-magazin","tag-magazin-haberleri","tag-survivor-all-star-2025-aycan-yanac-kimdir"],"_links":{"self":[{"href":"https:\/\/www.tgrthaber.com\/mavikadin\/wp-json\/wp\/v2\/posts\/273462"}],"collection":[{"href":"https:\/\/www.tgrthaber.com\/mavikadin\/wp-json\/wp\/v2\/posts"}],"about":[{"href":"https:\/\/www.tgrthaber.com\/mavikadin\/wp-json\/wp\/v2\/types\/post"}],"author":[{"embeddable":true,"href":"https:\/\/www.tgrthaber.com\/mavikadin\/wp-json\/wp\/v2\/users\/16"}],"replies":[{"embeddable":true,"href":"https:\/\/www.tgrthaber.com\/mavikadin\/wp-json\/wp\/v2\/comments?post=273462"}],"version-history":[{"count":2,"href":"https:\/\/www.tgrthaber.com\/mavikadin\/wp-json\/wp\/v2\/posts\/273462\/revisions"}],"predecessor-version":[{"id":273473,"href":"https:\/\/www.tgrthaber.com\/mavikadin\/wp-json\/wp\/v2\/posts\/273462\/revisions\/273473"}],"wp:featuredmedia":[{"embeddable":true,"href":"https:\/\/www.tgrthaber.com\/mavikadin\/wp-json\/wp\/v2\/media\/273471"}],"wp:attachment":[{"href":"https:\/\/www.tgrthaber.com\/mavikadin\/wp-json\/wp\/v2\/media?parent=273462"}],"wp:term":[{"taxonomy":"category","embeddable":true,"href":"https:\/\/www.tgrthaber.com\/mavikadin\/wp-json\/wp\/v2\/categories?post=273462"},{"taxonomy":"post_tag","embeddable":true,"href":"https:\/\/www.tgrthaber.com\/mavikadin\/wp-json\/wp\/v2\/tags?post=273462"}],"curies":[{"name":"wp","href":"https:\/\/api.w.org\/{rel}","templated":true}]}}