{"id":273475,"date":"2025-12-09T21:00:13","date_gmt":"2025-12-09T18:00:13","guid":{"rendered":"https:\/\/www.tgrthaber.com\/mavikadin\/?p=273475"},"modified":"2025-12-09T21:00:13","modified_gmt":"2025-12-09T18:00:13","slug":"kaya-cilingiroglu-yeni-askiyla-odul-toreninde-25-yas-kucuk-sevgilisini-goren-herkes-kizi-zehraya-benzetti","status":"publish","type":"post","link":"https:\/\/www.tgrthaber.com\/mavikadin\/kaya-cilingiroglu-yeni-askiyla-odul-toreninde-25-yas-kucuk-sevgilisini-goren-herkes-kizi-zehraya-benzetti\/","title":{"rendered":"Kaya \u00c7ilingiro\u011flu yeni a\u015fk\u0131yla \u00f6d\u00fcl t\u00f6reninde! 25 ya\u015f k\u00fc\u00e7\u00fck sevgilisini g\u00f6ren herkes k\u0131z\u0131 Zehra\u2019ya benzetti!"},"content":{"rendered":"<p class=\"p1\">H\u00fclya Av\u015far\u2019\u0131n eski e\u015fi Kaya \u00c7ilingiro\u011flu son g\u00fcnlerde kendisinden 25 ya\u015f k\u00fc\u00e7\u00fck sevgilisi ile sosyal medyada g\u00fcndem olmaya devam ediyor. Son olarak Mood \u00d6d\u00fcl t\u00f6renine sevgilisi ile birlikte kat\u0131lan i\u015f insan\u0131 Kaya \u00c7ilingiro\u011flu ve sevgilisine yorum \u00fcst\u00fcne yorum \u00fcst\u00fcne yorum ya\u011fd\u0131. Kaya \u00c7ilingiro\u011flu&#8217;nun sevgilisini g\u00f6renler k\u0131z\u0131 Zehra \u00c7ilingiro\u011flu&#8217;na benzetti.<\/p>\n<h3>KAYA \u00c7\u0130L\u0130NG\u0130RO\u011eLU KIZ ARKADA\u015eIYLA MOOD \u00d6D\u00dcL T\u00d6REN\u0130NDE G\u00d6R\u00dcNT\u00dcLEND\u0130! 25 YA\u015e K\u00dc\u00c7\u00dcK SEVG\u0130L\u0130S\u0130NE YORUM YA\u011eDI<\/h3>\n<p class=\"p1\">H\u00fclya Av\u015far\u2019\u0131n eski e\u015fi <a href=\"https:\/\/www.tgrthaber.com\/mavikadin\/kaya-cilingiroglu-oglu-yurt-disi-tatilinden-paylasti-baba-ogulun-keyifli-halleri-begeni-topladi\/\">Kaya \u00c7ilingiro\u011flu<\/a> a\u015fk hayat\u0131 ile s\u0131k s\u0131k g\u00fcndem olmaya devam ediyor. Son olarak gen\u00e7 sevgilisi ile gecelerde ortaya \u00e7\u0131kan \u00fcnl\u00fc isim sevgilisinin ailesiyle hen\u00fcz tan\u0131\u015fmad\u0131\u011f\u0131n\u0131 s\u00f6ylemi\u015fti.<\/p>\n<p><img loading=\"lazy\" decoding=\"async\" class=\"alignnone wp-image-273492 \" src=\"https:\/\/www.tgrthaber.com\/mavikadin\/wp-content\/uploads\/Ekran-Resmi-2025-12-09-20.45.15.png\" alt=\"\" width=\"979\" height=\"626\" title=\"\" srcset=\"https:\/\/www.tgrthaber.com\/mavikadin\/wp-content\/uploads\/Ekran-Resmi-2025-12-09-20.45.15.png 860w, https:\/\/www.tgrthaber.com\/mavikadin\/wp-content\/uploads\/Ekran-Resmi-2025-12-09-20.45.15-300x192.png 300w, https:\/\/www.tgrthaber.com\/mavikadin\/wp-content\/uploads\/Ekran-Resmi-2025-12-09-20.45.15-768x491.png 768w\" sizes=\"(max-width: 979px) 100vw, 979px\" \/><\/p>\n<hr \/>\n<p class=\"p1\">Kameralara yakalanan \u00e7iftten Kaya \u00c7ilingiro\u011flu\u2019nun gen\u00e7 sevgilisi<span class=\"Apple-converted-space\">\u00a0 <\/span>g\u00f6r\u00fcnt\u00fc vermek istemeyince \u00c7ilingiro\u011flu, \u2018Saklanm\u0131yoruz saklanan bir \u015fey yok! Belki de ailesi istemiyordur\u2019 diyerek dikkat \u00e7eken bir a\u00e7\u0131klamada bulunmu\u015ftu. Art\u0131k kameralardan ka\u00e7mayan \u00e7ift Mood \u00f6d\u00fcl t\u00f6reninde g\u00f6r\u00fcnt\u00fclendi. \u00c7iftin keyfi gayet yerinde g\u00f6r\u00fcn\u00fcyordu.<\/p>\n<p><img loading=\"lazy\" decoding=\"async\" class=\"alignnone wp-image-273494 size-large\" src=\"https:\/\/www.tgrthaber.com\/mavikadin\/wp-content\/uploads\/Ekran-Resmi-2025-12-09-20.49.27-1024x589.png\" alt=\"\" width=\"1024\" height=\"589\" title=\"\" srcset=\"https:\/\/www.tgrthaber.com\/mavikadin\/wp-content\/uploads\/Ekran-Resmi-2025-12-09-20.49.27-1024x589.png 1024w, https:\/\/www.tgrthaber.com\/mavikadin\/wp-content\/uploads\/Ekran-Resmi-2025-12-09-20.49.27-300x173.png 300w, https:\/\/www.tgrthaber.com\/mavikadin\/wp-content\/uploads\/Ekran-Resmi-2025-12-09-20.49.27-768x442.png 768w, https:\/\/www.tgrthaber.com\/mavikadin\/wp-content\/uploads\/Ekran-Resmi-2025-12-09-20.49.27-1536x884.png 1536w, https:\/\/www.tgrthaber.com\/mavikadin\/wp-content\/uploads\/Ekran-Resmi-2025-12-09-20.49.27.png 1602w\" sizes=\"(max-width: 1024px) 100vw, 1024px\" \/><\/p>\n<hr \/>\n<p class=\"p1\">Sosyal medyada g\u00f6r\u00fcnt\u00fclerin yay\u0131lmaya ba\u015flamas\u0131yla birlikte Kaya \u00c7ilingiro\u011flu&#8217;nun gen\u00e7 sevgilisine yorum \u00fcst\u00fcne yorum ya\u011fd\u0131. Kullan\u0131c\u0131lar, &#8216;Bi an Zehra sand\u0131m ger\u00e7ekten&#8217;, &#8216;K\u0131z\u0131 zannettim&#8217;, &#8216;H\u00fclya Av\u015far&#8217;\u0131n bu ya\u015fta k\u0131zdan daha g\u00fczel olmas\u0131&#8217; \u015feklinde yorumlar ya\u011fd\u0131rd\u0131.<\/p>\n<div style=\"width: 640px;\" class=\"wp-video\"><!--[if lt IE 9]><script>document.createElement('video');<\/script><![endif]-->\n<video class=\"wp-video-shortcode\" id=\"video-273475-1\" width=\"640\" height=\"1138\" preload=\"metadata\" controls=\"controls\"><source type=\"video\/mp4\" src=\"https:\/\/www.tgrthaber.com\/mavikadin\/wp-content\/uploads\/kaya.mp4?_=1\" \/><a href=\"https:\/\/www.tgrthaber.com\/mavikadin\/wp-content\/uploads\/kaya.mp4\">https:\/\/www.tgrthaber.com\/mavikadin\/wp-content\/uploads\/kaya.mp4<\/a><\/video><\/div>\n<h3>KAYA \u00c7\u0130L\u0130NG\u0130RO\u011eLU K\u0130MD\u0130R?<\/h3>\n<p class=\"p1\">Kaya \u00c7ilingiro\u011flu 1964 y\u0131l\u0131nda d\u00fcnyaya gelmi\u015ftir. T\u0131p Fak\u00fcltesinde okuyan isim fak\u00fclteyi 4. s\u0131n\u0131fta b\u0131rakm\u0131\u015ft\u0131r.<span class=\"Apple-converted-space\">\u00a0 <\/span>Bal\u0131k\u00e7\u0131l\u0131k, bar i\u015fletmecili\u011fi, sigortac\u0131l\u0131k, emlakc\u0131l\u0131k ve borsa i\u015fleri ile u\u011fra\u015fan \u00c7ilingiro\u011flu, ayn\u0131 zamanda bir reklam ajans\u0131n\u0131n da ortakl\u0131\u011f\u0131n\u0131 yapmaktad\u0131r.<span class=\"Apple-converted-space\">\u00a0<\/span><\/p>\n<p><img loading=\"lazy\" decoding=\"async\" class=\"alignnone wp-image-273488 size-full\" src=\"https:\/\/www.tgrthaber.com\/mavikadin\/wp-content\/uploads\/Ekran-Resmi-2025-12-09-20.45.02.png\" alt=\"\" width=\"1022\" height=\"592\" title=\"\" srcset=\"https:\/\/www.tgrthaber.com\/mavikadin\/wp-content\/uploads\/Ekran-Resmi-2025-12-09-20.45.02.png 1022w, https:\/\/www.tgrthaber.com\/mavikadin\/wp-content\/uploads\/Ekran-Resmi-2025-12-09-20.45.02-300x174.png 300w, https:\/\/www.tgrthaber.com\/mavikadin\/wp-content\/uploads\/Ekran-Resmi-2025-12-09-20.45.02-768x445.png 768w\" sizes=\"(max-width: 1022px) 100vw, 1022px\" \/><\/p>\n<hr \/>\n<p class=\"p1\">\u0130lk evlili\u011fini \u00fcnl\u00fc oyuncu H\u00fclya Av\u015far\u2019la 1997 y\u0131l\u0131nda yapm\u0131\u015ft\u0131r. Bu evlilikten \u00e7iftin Zehra \u00c7ilingiro\u011flu ad\u0131nda k\u0131zlar\u0131 bulunmaktad\u0131r.<\/p>\n<p><img loading=\"lazy\" decoding=\"async\" class=\"alignnone wp-image-273489 \" src=\"https:\/\/www.tgrthaber.com\/mavikadin\/wp-content\/uploads\/Ekran-Resmi-2025-12-09-20.45.49.png\" alt=\"\" width=\"979\" height=\"588\" title=\"\" srcset=\"https:\/\/www.tgrthaber.com\/mavikadin\/wp-content\/uploads\/Ekran-Resmi-2025-12-09-20.45.49.png 936w, https:\/\/www.tgrthaber.com\/mavikadin\/wp-content\/uploads\/Ekran-Resmi-2025-12-09-20.45.49-300x180.png 300w, https:\/\/www.tgrthaber.com\/mavikadin\/wp-content\/uploads\/Ekran-Resmi-2025-12-09-20.45.49-768x461.png 768w\" sizes=\"(max-width: 979px) 100vw, 979px\" \/><\/p>\n<hr \/>\n<p class=\"p1\">Zehra ismi, Kaya \u00c7ilingiro\u011flu&#8217;nun babas\u0131 Prof. Dr. H\u00fcseyin Kaya \u00c7ilingiro\u011flu&#8217;nun annesinin ismidir. Kaya \u00c7ilingiro\u011flu ikinci evlili\u011fini Feraye Tanyola\u00e7 ile yapm\u0131\u015ft\u0131r. \u00dcnl\u00fc ismin bu evlilikten de bir erkek \u00e7ocu\u011fu bulunmaktad\u0131r.<\/p>\n<p><img loading=\"lazy\" decoding=\"async\" class=\"alignnone wp-image-273490 size-full\" src=\"https:\/\/www.tgrthaber.com\/mavikadin\/wp-content\/uploads\/Ekran-Resmi-2025-12-09-20.46.46.png\" alt=\"\" width=\"1020\" height=\"590\" title=\"\" srcset=\"https:\/\/www.tgrthaber.com\/mavikadin\/wp-content\/uploads\/Ekran-Resmi-2025-12-09-20.46.46.png 1020w, https:\/\/www.tgrthaber.com\/mavikadin\/wp-content\/uploads\/Ekran-Resmi-2025-12-09-20.46.46-300x174.png 300w, https:\/\/www.tgrthaber.com\/mavikadin\/wp-content\/uploads\/Ekran-Resmi-2025-12-09-20.46.46-768x444.png 768w\" sizes=\"(max-width: 1020px) 100vw, 1020px\" \/><\/p>\n<hr \/>\n<p class=\"p1\">O\u011flunun ismi H\u00fcseyin Kaya \u00c7ilingiro\u011flu\u2019dur. O\u011fluna babas\u0131 Profes\u00f6r H\u00fcseyin Kaya \u00c7ilingiro\u011flu&#8217;nun ismi verilmi\u015ftir.<\/p>\n<p><img loading=\"lazy\" decoding=\"async\" class=\"alignnone wp-image-273491 size-full\" src=\"https:\/\/www.tgrthaber.com\/mavikadin\/wp-content\/uploads\/Ekran-Resmi-2025-12-09-20.47.29.png\" alt=\"\" width=\"1002\" height=\"612\" title=\"\" srcset=\"https:\/\/www.tgrthaber.com\/mavikadin\/wp-content\/uploads\/Ekran-Resmi-2025-12-09-20.47.29.png 1002w, https:\/\/www.tgrthaber.com\/mavikadin\/wp-content\/uploads\/Ekran-Resmi-2025-12-09-20.47.29-300x183.png 300w, https:\/\/www.tgrthaber.com\/mavikadin\/wp-content\/uploads\/Ekran-Resmi-2025-12-09-20.47.29-768x469.png 768w\" sizes=\"(max-width: 1002px) 100vw, 1002px\" \/><\/p>\n<hr \/>\n<p class=\"p1\">Ya\u015fad\u0131\u011f\u0131 a\u015fklarla magazin d\u00fcnyas\u0131n\u0131n her daim en \u00e7ok konu\u015fulan isimlerinden olan Kaya \u00c7ilingiro\u011flu&#8217;nun kendisinden 25 ya\u015f k\u00fc\u00e7\u00fck sevgilisi son g\u00fcnlerde dikkat \u00e7ekmektedir.<\/p>\n","protected":false},"excerpt":{"rendered":"<p>Kaya \u00c7ilingiro\u011flu kendisinden 25 ya\u015f k\u00fc\u00e7\u00fck sevgilisi ile Mood \u00d6d\u00fcl t\u00f6reninde g\u00f6r\u00fcnt\u00fclendi. \u00c7ilingiro\u011flu&#8217;nun sevgilisini g\u00f6ren herkes k\u0131z\u0131 Zehra \u00c7ilingiro\u011flu&#8217;na benzetti. \u0130\u015fte detaylar&#8230; <\/p>\n","protected":false},"author":16,"featured_media":273495,"comment_status":"closed","ping_status":"closed","sticky":false,"template":"","format":"standard","meta":{"rank_math_lock_modified_date":false,"footnotes":""},"categories":[76],"tags":[67935,67933,67934,133,2218],"class_list":["post-273475","post","type-post","status-publish","format-standard","has-post-thumbnail","hentry","category-magazin","tag-kaya-cilingiroglu-kimdir","tag-kaya-cilingiroglu-sevgilisi-mood-odul-toreni","tag-kaya-cilingiroglu-yeni-sevgilisi-odul-toreni","tag-magazin","tag-magazin-haberleri"],"_links":{"self":[{"href":"https:\/\/www.tgrthaber.com\/mavikadin\/wp-json\/wp\/v2\/posts\/273475"}],"collection":[{"href":"https:\/\/www.tgrthaber.com\/mavikadin\/wp-json\/wp\/v2\/posts"}],"about":[{"href":"https:\/\/www.tgrthaber.com\/mavikadin\/wp-json\/wp\/v2\/types\/post"}],"author":[{"embeddable":true,"href":"https:\/\/www.tgrthaber.com\/mavikadin\/wp-json\/wp\/v2\/users\/16"}],"replies":[{"embeddable":true,"href":"https:\/\/www.tgrthaber.com\/mavikadin\/wp-json\/wp\/v2\/comments?post=273475"}],"version-history":[{"count":2,"href":"https:\/\/www.tgrthaber.com\/mavikadin\/wp-json\/wp\/v2\/posts\/273475\/revisions"}],"predecessor-version":[{"id":273497,"href":"https:\/\/www.tgrthaber.com\/mavikadin\/wp-json\/wp\/v2\/posts\/273475\/revisions\/273497"}],"wp:featuredmedia":[{"embeddable":true,"href":"https:\/\/www.tgrthaber.com\/mavikadin\/wp-json\/wp\/v2\/media\/273495"}],"wp:attachment":[{"href":"https:\/\/www.tgrthaber.com\/mavikadin\/wp-json\/wp\/v2\/media?parent=273475"}],"wp:term":[{"taxonomy":"category","embeddable":true,"href":"https:\/\/www.tgrthaber.com\/mavikadin\/wp-json\/wp\/v2\/categories?post=273475"},{"taxonomy":"post_tag","embeddable":true,"href":"https:\/\/www.tgrthaber.com\/mavikadin\/wp-json\/wp\/v2\/tags?post=273475"}],"curies":[{"name":"wp","href":"https:\/\/api.w.org\/{rel}","templated":true}]}}