{"id":273499,"date":"2025-12-09T22:20:53","date_gmt":"2025-12-09T19:20:53","guid":{"rendered":"https:\/\/www.tgrthaber.com\/mavikadin\/?p=273499"},"modified":"2025-12-09T22:20:54","modified_gmt":"2025-12-09T19:20:54","slug":"ati242-den-sonra-blok3ten-de-aciklama-geldi-bu-kadar-tatil-yeter","status":"publish","type":"post","link":"https:\/\/www.tgrthaber.com\/mavikadin\/ati242-den-sonra-blok3ten-de-aciklama-geldi-bu-kadar-tatil-yeter\/","title":{"rendered":"Ati242 den sonra Blok3&#8217;ten de a\u00e7\u0131klama geldi! Bu kadar tatil yeter"},"content":{"rendered":"<p class=\"p1\">Ge\u00e7ti\u011fimiz g\u00fcnlerde rahats\u0131zland\u0131\u011f\u0131n\u0131 duyurarak konserlerine ara verdi\u011fini s\u00f6yleyen Blok3 hayranlar\u0131n\u0131 endi\u015felendirmi\u015fti. Sahne ad\u0131yla Blok3 ger\u00e7ek ad\u0131 Hakan Ayd\u0131n olan \u00fcnl\u00fc rap\u00e7i 10 g\u00fcnl\u00fck bir istirahat molas\u0131 verdi\u011fini duyurmu\u015ftu. \u00dcnl\u00fc \u015fark\u0131c\u0131dan yeni bir a\u00e7\u0131klama geldi. \u2018Bu kadar tatil yeter\u2019 diyerek konser maratonuna kald\u0131\u011f\u0131 yerden devam edece\u011fini a\u00e7\u0131klayan sanat\u00e7\u0131 hayranlar\u0131n\u0131 sevindirdi.<\/p>\n<h3>AT\u0130242&#8217;DEN SONRA BLOK3&#8217;TEN DE A\u00c7IKLAMA GELD\u0130!<\/h3>\n<p class=\"p1\">Rap d\u00fcnyas\u0131nda sevilen sanat\u00e7\u0131lar Ati242,<a href=\"https:\/\/www.tgrthaber.com\/mavikadin\/blok3-yeni-sarkisi-kusura-bakma-seyirci-tarafindan-ezbere-soylenince-duygulandi\/\"> Blok3<\/a> ve \u00c7akal\u2019\u0131n pe\u015f pe\u015fe yay\u0131nlad\u0131\u011f\u0131 payla\u015f\u0131mlar sonras\u0131 rap severler &#8216;neler oluyor rap d\u00fcnyas\u0131nda?&#8217; sorusunun pe\u015fine d\u00fc\u015fm\u00fc\u015ft\u00fc.<\/p>\n<p><img loading=\"lazy\" decoding=\"async\" class=\"alignnone wp-image-273500 size-large\" src=\"https:\/\/www.tgrthaber.com\/mavikadin\/wp-content\/uploads\/Ekran-Resmi-2025-12-09-22.04.13-1024x580.png\" alt=\"\" width=\"1024\" height=\"580\" title=\"\" srcset=\"https:\/\/www.tgrthaber.com\/mavikadin\/wp-content\/uploads\/Ekran-Resmi-2025-12-09-22.04.13-1024x580.png 1024w, https:\/\/www.tgrthaber.com\/mavikadin\/wp-content\/uploads\/Ekran-Resmi-2025-12-09-22.04.13-300x170.png 300w, https:\/\/www.tgrthaber.com\/mavikadin\/wp-content\/uploads\/Ekran-Resmi-2025-12-09-22.04.13-768x435.png 768w, https:\/\/www.tgrthaber.com\/mavikadin\/wp-content\/uploads\/Ekran-Resmi-2025-12-09-22.04.13.png 1028w\" sizes=\"(max-width: 1024px) 100vw, 1024px\" \/><\/p>\n<hr \/>\n<p class=\"p1\">Ge\u00e7ti\u011fimiz g\u00fcnlerde sosyal medya hesab\u0131ndan payla\u015f\u0131m yapan Ati 242, &#8220;Arkada\u015flar aile bireylerimden birinin sa\u011fl\u0131k durumu nedeniyle bir s\u00fcre sahnelerden uzak kalmam gerekiyor. Benim i\u00e7in zor bir karar ama \u015fu an tek \u00f6nceli\u011fim ailemin yan\u0131nda olmak. Aral\u0131k konserlerini maalesef ertelemek zorunday\u0131m. Sat\u0131n ald\u0131\u011f\u0131n\u0131z biletleri ald\u0131\u011f\u0131n\u0131z mecralar \u00fczerinden iade edebilir veya yeni tarihli konserlerde kullanabilirsiniz.&#8221;ifadelerini kullanm\u0131\u015ft\u0131.<\/p>\n<p><img loading=\"lazy\" decoding=\"async\" class=\"alignnone wp-image-273501 size-large\" src=\"https:\/\/www.tgrthaber.com\/mavikadin\/wp-content\/uploads\/Ekran-Resmi-2025-12-09-22.04.22-1024x585.png\" alt=\"\" width=\"1024\" height=\"585\" title=\"\" srcset=\"https:\/\/www.tgrthaber.com\/mavikadin\/wp-content\/uploads\/Ekran-Resmi-2025-12-09-22.04.22-1024x585.png 1024w, https:\/\/www.tgrthaber.com\/mavikadin\/wp-content\/uploads\/Ekran-Resmi-2025-12-09-22.04.22-300x171.png 300w, https:\/\/www.tgrthaber.com\/mavikadin\/wp-content\/uploads\/Ekran-Resmi-2025-12-09-22.04.22-768x439.png 768w, https:\/\/www.tgrthaber.com\/mavikadin\/wp-content\/uploads\/Ekran-Resmi-2025-12-09-22.04.22.png 1068w\" sizes=\"(max-width: 1024px) 100vw, 1024px\" \/><\/p>\n<hr \/>\n<p class=\"p1\">Ati242\u2019den sonra Blok3\u2019\u00fcn de konserlerine ara verdi\u011fini duyurmas\u0131 sonras\u0131 hayranlar\u0131 endi\u015felenmi\u015fti. Konuyla alakal\u0131 Ati242, sosyal medyadan bir video daha yay\u0131nlad\u0131.<span class=\"Apple-converted-space\">\u00a0<\/span><\/p>\n<p><img loading=\"lazy\" decoding=\"async\" class=\"alignnone wp-image-273502 size-large\" src=\"https:\/\/www.tgrthaber.com\/mavikadin\/wp-content\/uploads\/Ekran-Resmi-2025-12-09-22.06.16-1024x651.png\" alt=\"\" width=\"1024\" height=\"651\" title=\"\" srcset=\"https:\/\/www.tgrthaber.com\/mavikadin\/wp-content\/uploads\/Ekran-Resmi-2025-12-09-22.06.16-1024x651.png 1024w, https:\/\/www.tgrthaber.com\/mavikadin\/wp-content\/uploads\/Ekran-Resmi-2025-12-09-22.06.16-300x191.png 300w, https:\/\/www.tgrthaber.com\/mavikadin\/wp-content\/uploads\/Ekran-Resmi-2025-12-09-22.06.16-768x489.png 768w, https:\/\/www.tgrthaber.com\/mavikadin\/wp-content\/uploads\/Ekran-Resmi-2025-12-09-22.06.16.png 1028w\" sizes=\"(max-width: 1024px) 100vw, 1024px\" \/><\/p>\n<hr \/>\n<p class=\"p1\">\u0130ptal edilen konserler hakk\u0131nda konu\u015fan \u00fcnl\u00fc isim, arkada\u015flar\u0131n\u0131n da konserlerine ara verdi\u011fini bilmedi\u011fini herkes gibi o da sosyal medyadan g\u00f6rd\u00fc\u011f\u00fcn\u00fc ifade etti.<\/p>\n<p><img loading=\"lazy\" decoding=\"async\" class=\"alignnone wp-image-273503 size-full\" src=\"https:\/\/www.tgrthaber.com\/mavikadin\/wp-content\/uploads\/Ekran-Resmi-2025-12-09-22.07.31.png\" alt=\"\" width=\"978\" height=\"584\" title=\"\" srcset=\"https:\/\/www.tgrthaber.com\/mavikadin\/wp-content\/uploads\/Ekran-Resmi-2025-12-09-22.07.31.png 978w, https:\/\/www.tgrthaber.com\/mavikadin\/wp-content\/uploads\/Ekran-Resmi-2025-12-09-22.07.31-300x179.png 300w, https:\/\/www.tgrthaber.com\/mavikadin\/wp-content\/uploads\/Ekran-Resmi-2025-12-09-22.07.31-768x459.png 768w\" sizes=\"(max-width: 978px) 100vw, 978px\" \/><\/p>\n<hr \/>\n<p class=\"p1\">Yapt\u0131\u011f\u0131 a\u00e7\u0131klamas\u0131nda, \u201cA\u00e7\u0131klama yapmayacakt\u0131m normal de ama olay sosyal medya da ve haber kanallar\u0131nda o kadar b\u00fcy\u00fcm\u00fc\u015f ki, arkada\u015flar ne tutuklanmas\u0131 ne operasyonu ne yani olay\u0131 ben anlayamad\u0131m. Blok\u2019un konserlerinin iptalini bende storylerden g\u00f6rd\u00fcm. Dedim karde\u015fim iyi misin? Yapabilece\u011fimiz bir \u015fey var m\u0131? diye arad\u0131m.\u201d Diyerek Blok3\u2019\u00fcn durumundan haberi olmad\u0131\u011f\u0131n\u0131 ifade etmi\u015fti.<\/p>\n<p><img loading=\"lazy\" decoding=\"async\" class=\"alignnone wp-image-273505 size-full\" src=\"https:\/\/www.tgrthaber.com\/mavikadin\/wp-content\/uploads\/Ekran-Resmi-2025-12-09-22.08.34.png\" alt=\"\" width=\"1000\" height=\"556\" title=\"\" srcset=\"https:\/\/www.tgrthaber.com\/mavikadin\/wp-content\/uploads\/Ekran-Resmi-2025-12-09-22.08.34.png 1000w, https:\/\/www.tgrthaber.com\/mavikadin\/wp-content\/uploads\/Ekran-Resmi-2025-12-09-22.08.34-300x167.png 300w, https:\/\/www.tgrthaber.com\/mavikadin\/wp-content\/uploads\/Ekran-Resmi-2025-12-09-22.08.34-768x427.png 768w\" sizes=\"(max-width: 1000px) 100vw, 1000px\" \/><\/p>\n<hr \/>\n<h3>&#8216;BU KADAR TAT\u0130L YETER&#8217; A\u00c7IKLAMASI G\u00dcNDEM OLDU<\/h3>\n<p class=\"p1\">Hakan Ayd\u0131n ge\u00e7ti\u011fimiz g\u00fcnlerde sa\u011fl\u0131k durumu hakk\u0131nda, \u2018Ge\u00e7en ki hikayede biraz \u00fcst\u00fc kapal\u0131 anlatt\u0131\u011f\u0131m i\u00e7in yanl\u0131\u015f anla\u015f\u0131lmalar olmu\u015f. Allah\u2019a \u015f\u00fck\u00fcr bir s\u0131k\u0131nt\u0131m\u0131z yok ama benim bir s\u00fcredir zaten rahats\u0131zl\u0131\u011f\u0131m vard\u0131.<\/p>\n<p><img loading=\"lazy\" decoding=\"async\" class=\"alignnone wp-image-273504 size-full\" src=\"https:\/\/www.tgrthaber.com\/mavikadin\/wp-content\/uploads\/Ekran-Resmi-2025-12-09-22.08.29.png\" alt=\"\" width=\"984\" height=\"582\" title=\"\" srcset=\"https:\/\/www.tgrthaber.com\/mavikadin\/wp-content\/uploads\/Ekran-Resmi-2025-12-09-22.08.29.png 984w, https:\/\/www.tgrthaber.com\/mavikadin\/wp-content\/uploads\/Ekran-Resmi-2025-12-09-22.08.29-300x177.png 300w, https:\/\/www.tgrthaber.com\/mavikadin\/wp-content\/uploads\/Ekran-Resmi-2025-12-09-22.08.29-768x454.png 768w\" sizes=\"(max-width: 984px) 100vw, 984px\" \/><\/p>\n<hr \/>\n<p class=\"p1\">O rahats\u0131zl\u0131k da bug\u00fcn biraz fazla n\u00fcksetti. V\u00fccut daha dayanamad\u0131 art\u0131k. Havaalan\u0131ndayd\u0131k konsere gidiyorduk zaten. Direkt hastaneye ge\u00e7tik, doktor da 10 g\u00fcn rapor verdi. 10 g\u00fcn dinlenmen laz\u0131m dedi. \u0130n\u015fallah 10 g\u00fcn sonra tam gaz devam edece\u011fiz. Ben size yeni takvimi ataca\u011f\u0131m. \u00c7ok \u015f\u00fck\u00fcr bir s\u0131k\u0131nt\u0131 yok, testler de bir s\u0131k\u0131nt\u0131 yok.\u2019 a\u00e7\u0131klamas\u0131nda bulunmu\u015ftu.<\/p>\n<div style=\"width: 640px;\" class=\"wp-video\"><!--[if lt IE 9]><script>document.createElement('video');<\/script><![endif]-->\n<video class=\"wp-video-shortcode\" id=\"video-273499-1\" width=\"640\" height=\"1138\" preload=\"metadata\" controls=\"controls\"><source type=\"video\/mp4\" src=\"https:\/\/www.tgrthaber.com\/mavikadin\/wp-content\/uploads\/Instagram-2.sayfaofficial-stories-3783910263351987196-online-video-cutter.com_.mp4?_=1\" \/><a href=\"https:\/\/www.tgrthaber.com\/mavikadin\/wp-content\/uploads\/Instagram-2.sayfaofficial-stories-3783910263351987196-online-video-cutter.com_.mp4\">https:\/\/www.tgrthaber.com\/mavikadin\/wp-content\/uploads\/Instagram-2.sayfaofficial-stories-3783910263351987196-online-video-cutter.com_.mp4<\/a><\/video><\/div>\n<p>Sosyal medyadan yeni bir a\u00e7\u0131klama daha yapan sanat\u00e7\u0131 \u201910 g\u00fcnl\u00fck tatilden vazge\u00e7tim, 2 g\u00fcnl\u00fck istirahat bize yetti\u2019 a\u00e7\u0131klamas\u0131 yaparak hayranlar\u0131n\u0131 sevindirdi. Sevilen sanat\u00e7\u0131ya yay\u0131nlad\u0131\u011f\u0131 video sonras\u0131 ge\u00e7mi\u015f olsun mesajlar\u0131 ya\u011fd\u0131.<\/p>\n<p>&nbsp;<\/p>\n<p>&nbsp;<\/p>\n","protected":false},"excerpt":{"rendered":"<p>Ge\u00e7ti\u011fimiz g\u00fcnlerde sa\u011fl\u0131k durumunun k\u00f6t\u00fc oldu\u011funu ifade ederek konserlerine ara verdi\u011fini duyuran Blok3&#8217;ten yeni bir payla\u015f\u0131m geldi. 2 g\u00fcnl\u00fck istirahatin kendisine yetti\u011fini s\u00f6yleyen sevilen rap\u00e7i konserlerine h\u0131z kesmeden devam edece\u011finin haberini duyurdu. <\/p>\n","protected":false},"author":16,"featured_media":273506,"comment_status":"closed","ping_status":"closed","sticky":false,"template":"","format":"standard","meta":{"rank_math_lock_modified_date":false,"footnotes":""},"categories":[76],"tags":[60583,67936,67937,133,2218],"class_list":["post-273499","post","type-post","status-publish","format-standard","has-post-thumbnail","hentry","category-magazin","tag-blok3-kimdir","tag-blok3-konser-aciklama","tag-blok3-konserlerine-devam-aciklama","tag-magazin","tag-magazin-haberleri"],"_links":{"self":[{"href":"https:\/\/www.tgrthaber.com\/mavikadin\/wp-json\/wp\/v2\/posts\/273499"}],"collection":[{"href":"https:\/\/www.tgrthaber.com\/mavikadin\/wp-json\/wp\/v2\/posts"}],"about":[{"href":"https:\/\/www.tgrthaber.com\/mavikadin\/wp-json\/wp\/v2\/types\/post"}],"author":[{"embeddable":true,"href":"https:\/\/www.tgrthaber.com\/mavikadin\/wp-json\/wp\/v2\/users\/16"}],"replies":[{"embeddable":true,"href":"https:\/\/www.tgrthaber.com\/mavikadin\/wp-json\/wp\/v2\/comments?post=273499"}],"version-history":[{"count":2,"href":"https:\/\/www.tgrthaber.com\/mavikadin\/wp-json\/wp\/v2\/posts\/273499\/revisions"}],"predecessor-version":[{"id":273509,"href":"https:\/\/www.tgrthaber.com\/mavikadin\/wp-json\/wp\/v2\/posts\/273499\/revisions\/273509"}],"wp:featuredmedia":[{"embeddable":true,"href":"https:\/\/www.tgrthaber.com\/mavikadin\/wp-json\/wp\/v2\/media\/273506"}],"wp:attachment":[{"href":"https:\/\/www.tgrthaber.com\/mavikadin\/wp-json\/wp\/v2\/media?parent=273499"}],"wp:term":[{"taxonomy":"category","embeddable":true,"href":"https:\/\/www.tgrthaber.com\/mavikadin\/wp-json\/wp\/v2\/categories?post=273499"},{"taxonomy":"post_tag","embeddable":true,"href":"https:\/\/www.tgrthaber.com\/mavikadin\/wp-json\/wp\/v2\/tags?post=273499"}],"curies":[{"name":"wp","href":"https:\/\/api.w.org\/{rel}","templated":true}]}}