{"id":273510,"date":"2025-12-09T22:48:34","date_gmt":"2025-12-09T19:48:34","guid":{"rendered":"https:\/\/www.tgrthaber.com\/mavikadin\/?p=273510"},"modified":"2025-12-09T22:55:28","modified_gmt":"2025-12-09T19:55:28","slug":"gulluyu-kizi-mi-oldurdu-tugyan-ulkem-gulter-neden-gozaltina-alindi","status":"publish","type":"post","link":"https:\/\/www.tgrthaber.com\/mavikadin\/gulluyu-kizi-mi-oldurdu-tugyan-ulkem-gulter-neden-gozaltina-alindi\/","title":{"rendered":"G\u00fcll\u00fc&#8217;y\u00fc k\u0131z\u0131 m\u0131 \u00f6ld\u00fcrd\u00fc? Tu\u011fyan \u00dclkem G\u00fclter neden g\u00f6zalt\u0131na al\u0131nd\u0131?"},"content":{"rendered":"<p class=\"p1\">Arabesk M\u00fczi\u011fin sevilen ismi G\u00fcll\u00fc\u2019n\u00fcn \u015f\u00fcpheli \u00f6l\u00fcm\u00fcn\u00fcn ard\u0131ndan g\u00f6zler k\u0131z\u0131 Tu\u011fyan \u00dclkem G\u00fclter\u2019e \u00e7evrilmi\u015fti. Hakk\u0131nda \u00e7ok say\u0131da iddia bulunan Tu\u011fyan \u00dclkem G\u00fclter ve arkada\u015f\u0131 Sultan Nur Ulu, \u0130stanbul B\u00fcy\u00fck\u00e7ekmece&#8217;de valizleriyle birlikte yurt d\u0131\u015f\u0131na ka\u00e7mak \u00fczereyken d\u00fczenlenen operasyonla yakaland\u0131. \u0130kili Yalova Cumhuriyet Ba\u015fsavc\u0131l\u0131\u011f\u0131 taraf\u0131ndan g\u00f6zalt\u0131na al\u0131nd\u0131.<\/p>\n<h3>G\u00dcLL\u00dc&#8217;Y\u00dc KIZI MI \u00d6LD\u00dcRD\u00dc? TU\u011eYAN \u00dcLKEM G\u00dcLTER NEDEN G\u00d6ZALTINA ALINDI?<\/h3>\n<p class=\"p2\">Arabesk M\u00fczi\u011fin sevilen ismi <a href=\"https:\/\/www.tgrthaber.com\/mavikadin\/gullunun-kizi-tugyan-ulkem-gulter-ve-arkadasi-yasakli-madde-testi-icin-ornek-verdi-aciklamasi-dikkat-cekti\/\">G\u00fcll\u00fc<\/a>, Yalova\u2019n\u0131n \u00c7\u0131narc\u0131k il\u00e7esindeki evinin teras\u0131ndan d\u00fc\u015ferek hayat\u0131n\u0131 kaybetmi\u015fti. G\u00fcll\u00fc\u2019n\u00fcn \u00f6l\u00fcm haberinin ard\u0131ndan g\u00f6zler o s\u0131rada evde bulunan k\u0131z\u0131 Tu\u011fyan \u00dclkem G\u00fclter ve k\u0131z\u0131n\u0131n arkada\u015f\u0131 Sultan Nur Ulu\u2019ya \u00e7evrilmi\u015fti.<\/p>\n<p><img loading=\"lazy\" decoding=\"async\" class=\"alignnone wp-image-273511 size-large\" src=\"https:\/\/www.tgrthaber.com\/mavikadin\/wp-content\/uploads\/Ekran-Resmi-2025-12-09-22.42.00-1024x559.png\" alt=\"\" width=\"1024\" height=\"559\" title=\"\" srcset=\"https:\/\/www.tgrthaber.com\/mavikadin\/wp-content\/uploads\/Ekran-Resmi-2025-12-09-22.42.00-1024x559.png 1024w, https:\/\/www.tgrthaber.com\/mavikadin\/wp-content\/uploads\/Ekran-Resmi-2025-12-09-22.42.00-300x164.png 300w, https:\/\/www.tgrthaber.com\/mavikadin\/wp-content\/uploads\/Ekran-Resmi-2025-12-09-22.42.00-768x419.png 768w, https:\/\/www.tgrthaber.com\/mavikadin\/wp-content\/uploads\/Ekran-Resmi-2025-12-09-22.42.00.png 1232w\" sizes=\"(max-width: 1024px) 100vw, 1024px\" \/><\/p>\n<hr \/>\n<p class=\"p2\">Hakk\u0131nda \u00e7ok say\u0131da iddia bulunan ikilinin CMK \u00e7er\u00e7evesinde yap\u0131lan ileti\u015fim analizleri ve konum \u00e7\u00f6z\u00fcmlemelerinde ola\u011fan d\u0131\u015f\u0131 temas trafi\u011fi i\u00e7ine girdi\u011fi ve belirli adreslerde k\u0131sa s\u00fcreli, yo\u011fun hareketlilik sergiledi\u011fi tespit edilince takibi derinle\u015ftirildi.<span class=\"Apple-converted-space\">\u00a0 <\/span>\u0130stanbul B\u00fcy\u00fck\u00e7ekmece&#8217;de valizleriyle birlikte yurt d\u0131\u015f\u0131na ka\u00e7mak \u00fczereyken d\u00fczenlenen operasyonla yakalanan Sultan Nur Ulu ve Tu\u011fyan \u00dclkem G\u00fclter g\u00f6zalt\u0131na al\u0131nd\u0131.<\/p>\n<p><img loading=\"lazy\" decoding=\"async\" class=\"alignnone wp-image-273512 size-large\" src=\"https:\/\/www.tgrthaber.com\/mavikadin\/wp-content\/uploads\/Ekran-Resmi-2025-12-09-22.41.48-1024x652.png\" alt=\"\" width=\"1024\" height=\"652\" title=\"\" srcset=\"https:\/\/www.tgrthaber.com\/mavikadin\/wp-content\/uploads\/Ekran-Resmi-2025-12-09-22.41.48-1024x652.png 1024w, https:\/\/www.tgrthaber.com\/mavikadin\/wp-content\/uploads\/Ekran-Resmi-2025-12-09-22.41.48-300x191.png 300w, https:\/\/www.tgrthaber.com\/mavikadin\/wp-content\/uploads\/Ekran-Resmi-2025-12-09-22.41.48-768x489.png 768w, https:\/\/www.tgrthaber.com\/mavikadin\/wp-content\/uploads\/Ekran-Resmi-2025-12-09-22.41.48.png 1222w\" sizes=\"(max-width: 1024px) 100vw, 1024px\" \/><\/p>\n<hr \/>\n<h3>YURT DI\u015eINA KA\u00c7MAK \u0130STERKEN KISKIVRAK YAKALANDILAR<\/h3>\n<p class=\"p1\">Ka\u00e7\u0131\u015f plan\u0131n\u0131n kesinle\u015fti\u011fi y\u00f6n\u00fcndeki istihbari ve teknik bilgiler, Yalova Cumhuriyet Ba\u015fsavc\u0131s\u0131 Duygu Bayar \u00d6ks\u00fcz&#8217;e iletildi.Ba\u015fsavc\u0131 \u00d6ks\u00fcz, derhal g\u00f6zalt\u0131 talimat\u0131 verdi.<\/p>\n<p><img loading=\"lazy\" decoding=\"async\" class=\"alignnone wp-image-273513 size-large\" src=\"https:\/\/www.tgrthaber.com\/mavikadin\/wp-content\/uploads\/Ekran-Resmi-2025-12-09-22.41.43-1024x580.png\" alt=\"\" width=\"1024\" height=\"580\" title=\"\" srcset=\"https:\/\/www.tgrthaber.com\/mavikadin\/wp-content\/uploads\/Ekran-Resmi-2025-12-09-22.41.43-1024x580.png 1024w, https:\/\/www.tgrthaber.com\/mavikadin\/wp-content\/uploads\/Ekran-Resmi-2025-12-09-22.41.43-300x170.png 300w, https:\/\/www.tgrthaber.com\/mavikadin\/wp-content\/uploads\/Ekran-Resmi-2025-12-09-22.41.43-768x435.png 768w, https:\/\/www.tgrthaber.com\/mavikadin\/wp-content\/uploads\/Ekran-Resmi-2025-12-09-22.41.43.png 1196w\" sizes=\"(max-width: 1024px) 100vw, 1024px\" \/><\/p>\n<hr \/>\n<p class=\"p1\">Yalova Emniyet M\u00fcd\u00fcrl\u00fc\u011f\u00fc Asayi\u015f \u015eubesi ekipleri operasyon ba\u015flatarak<span class=\"Apple-converted-space\">\u00a0 <\/span>\u0130stanbul Emniyeti ile koordineli \u015fekilde s\u00fcreci y\u00f6netti. \u015eimdi iki \u015f\u00fcphelinin soru\u015fturman\u0131n y\u00fcr\u00fct\u00fcld\u00fc\u011f\u00fc Yalova Cumhuriyet Ba\u015fsavc\u0131l\u0131\u011f\u0131&#8217;na sevk edilmeleri bekleniyor. Dosyan\u0131n detaylar\u0131na ili\u015fkin a\u00e7\u0131klama yap\u0131lmad\u0131.<\/p>\n<p><img loading=\"lazy\" decoding=\"async\" class=\"alignnone wp-image-273514 size-full\" src=\"https:\/\/www.tgrthaber.com\/mavikadin\/wp-content\/uploads\/Ekran-Resmi-2025-12-09-22.42.21.png\" alt=\"\" width=\"1004\" height=\"564\" title=\"\" srcset=\"https:\/\/www.tgrthaber.com\/mavikadin\/wp-content\/uploads\/Ekran-Resmi-2025-12-09-22.42.21.png 1004w, https:\/\/www.tgrthaber.com\/mavikadin\/wp-content\/uploads\/Ekran-Resmi-2025-12-09-22.42.21-300x169.png 300w, https:\/\/www.tgrthaber.com\/mavikadin\/wp-content\/uploads\/Ekran-Resmi-2025-12-09-22.42.21-768x431.png 768w\" sizes=\"(max-width: 1004px) 100vw, 1004px\" \/><\/p>\n<hr \/>\n<p class=\"p1\">Soru\u015fturman\u0131n gizlili\u011fi nedeniyle bilgilerin ilerleyen g\u00fcnlerde netle\u015fece\u011fi \u00f6\u011frenildi. \u015eimdi herkes ayn\u0131 sorunun cevab\u0131n\u0131n pe\u015finde G\u00fcll\u00fc&#8217;y\u00fc ger\u00e7ekten k\u0131z\u0131 m\u0131 \u00f6ld\u00fcrd\u00fc? Annesinin cenazesinde ba\u011f\u0131rarak a\u011flayan Tu\u011fyan \u00dclkem G\u00fclter&#8217;in cinayeti i\u015fleyebilecek olma ihtimali bile sosyal medyay\u0131 aya\u011fa kald\u0131r\u0131yor.<\/p>\n<p><img loading=\"lazy\" decoding=\"async\" class=\"alignnone wp-image-273515 size-full\" src=\"https:\/\/www.tgrthaber.com\/mavikadin\/wp-content\/uploads\/Ekran-Resmi-2025-12-09-22.45.22.png\" alt=\"\" width=\"970\" height=\"618\" title=\"\" srcset=\"https:\/\/www.tgrthaber.com\/mavikadin\/wp-content\/uploads\/Ekran-Resmi-2025-12-09-22.45.22.png 970w, https:\/\/www.tgrthaber.com\/mavikadin\/wp-content\/uploads\/Ekran-Resmi-2025-12-09-22.45.22-300x191.png 300w, https:\/\/www.tgrthaber.com\/mavikadin\/wp-content\/uploads\/Ekran-Resmi-2025-12-09-22.45.22-768x489.png 768w\" sizes=\"(max-width: 970px) 100vw, 970px\" \/><\/p>\n<hr \/>\n<p class=\"p1\">Kullan\u0131c\u0131lar, Tu\u011fyan \u00dclkem G\u00fclter&#8217;in g\u00f6zalt\u0131 i\u015flemi haberinin yay\u0131lmas\u0131yla birlikte, &#8216;Adalet yerini bulacak&#8217;, &#8216; Kesinlikle k\u0131z\u0131 \u00f6ld\u00fcrd\u00fc&#8217;, &#8216; O \u00f6ld\u00fcrmese neden yurtd\u0131\u015f\u0131na ka\u00e7s\u0131n&#8217; \u015feklinde yorumlar ya\u011fd\u0131rd\u0131.<\/p>\n<p><img loading=\"lazy\" decoding=\"async\" class=\"alignnone wp-image-273516 size-full\" src=\"https:\/\/www.tgrthaber.com\/mavikadin\/wp-content\/uploads\/Ekran-Resmi-2025-12-09-22.45.29.png\" alt=\"\" width=\"1008\" height=\"572\" title=\"\" srcset=\"https:\/\/www.tgrthaber.com\/mavikadin\/wp-content\/uploads\/Ekran-Resmi-2025-12-09-22.45.29.png 1008w, https:\/\/www.tgrthaber.com\/mavikadin\/wp-content\/uploads\/Ekran-Resmi-2025-12-09-22.45.29-300x170.png 300w, https:\/\/www.tgrthaber.com\/mavikadin\/wp-content\/uploads\/Ekran-Resmi-2025-12-09-22.45.29-768x436.png 768w\" sizes=\"(max-width: 1008px) 100vw, 1008px\" \/><\/p>\n<hr \/>\n<h3 class=\"p1\">NE OLMU\u015eTU?<\/h3>\n<p class=\"p1\">\u015eark\u0131c\u0131 G\u00fcll\u00fc Yalovadaki evinin teras\u0131ndan d\u00fc\u015ferek hayat\u0131n\u0131 kaybetmi\u015fti. Sanat\u00e7\u0131n\u0131n cenazesi \u0130stanbul\u2019da topra\u011fa verilmi\u015fti. Olayla ilgili Cumhuriyet Ba\u015fsavc\u0131l\u0131\u011f\u0131 soru\u015fturma ba\u015flatm\u0131\u015f o\u011flu Tu\u011fberk Ya\u011f\u0131z ile k\u0131z\u0131 Tu\u011fyan \u00dclkem G\u00fclter ile olay s\u0131ras\u0131nda evde bulunan Sultan Nur Ulu&#8217;nun ifadelerine ba\u015fvurmu\u015ftu.<\/p>\n","protected":false},"excerpt":{"rendered":"<p>Arabesk M\u00fczi\u011fin sevilen isimlerinden biri olan G\u00fcll\u00fc&#8217;n\u00fcn \u015f\u00fcpheli \u00f6l\u00fcm\u00fc \u00fczerine g\u00f6zler k\u0131z\u0131 Tu\u011fyan \u00dclkem G\u00fclter&#8217;e \u00e7evrilmi\u015fti. Hakk\u0131nda \u00e7ok say\u0131da iddia yer alan Tu\u011fyan \u00dclkem G\u00fclter, arkada\u015f\u0131 Sultan Nur Ulu ile yurtd\u0131\u015f\u0131na ka\u00e7ma giri\u015fiminde k\u0131sk\u0131vrak yakaland\u0131. Yalova Cumhuriyet Ba\u015fsavc\u0131l\u0131\u011f\u0131 taraf\u0131ndan g\u00f6zalt\u0131na al\u0131nan ikilinin soru\u015fturmas\u0131 devam ediyor. \u0130\u015fte detaylar&#8230; <\/p>\n","protected":false},"author":16,"featured_media":273517,"comment_status":"closed","ping_status":"closed","sticky":false,"template":"","format":"standard","meta":{"rank_math_lock_modified_date":false,"footnotes":""},"categories":[76],"tags":[67940,67939,67938,133,2218],"class_list":["post-273510","post","type-post","status-publish","format-standard","has-post-thumbnail","hentry","category-magazin","tag-gullu-kizi-tugyan-gozaltina-alindi","tag-gullu-kizi-tugyan-ulkem-gulter-gozalti","tag-gulluyu-kizi-mi-oldurdu","tag-magazin","tag-magazin-haberleri"],"_links":{"self":[{"href":"https:\/\/www.tgrthaber.com\/mavikadin\/wp-json\/wp\/v2\/posts\/273510"}],"collection":[{"href":"https:\/\/www.tgrthaber.com\/mavikadin\/wp-json\/wp\/v2\/posts"}],"about":[{"href":"https:\/\/www.tgrthaber.com\/mavikadin\/wp-json\/wp\/v2\/types\/post"}],"author":[{"embeddable":true,"href":"https:\/\/www.tgrthaber.com\/mavikadin\/wp-json\/wp\/v2\/users\/16"}],"replies":[{"embeddable":true,"href":"https:\/\/www.tgrthaber.com\/mavikadin\/wp-json\/wp\/v2\/comments?post=273510"}],"version-history":[{"count":4,"href":"https:\/\/www.tgrthaber.com\/mavikadin\/wp-json\/wp\/v2\/posts\/273510\/revisions"}],"predecessor-version":[{"id":273521,"href":"https:\/\/www.tgrthaber.com\/mavikadin\/wp-json\/wp\/v2\/posts\/273510\/revisions\/273521"}],"wp:featuredmedia":[{"embeddable":true,"href":"https:\/\/www.tgrthaber.com\/mavikadin\/wp-json\/wp\/v2\/media\/273517"}],"wp:attachment":[{"href":"https:\/\/www.tgrthaber.com\/mavikadin\/wp-json\/wp\/v2\/media?parent=273510"}],"wp:term":[{"taxonomy":"category","embeddable":true,"href":"https:\/\/www.tgrthaber.com\/mavikadin\/wp-json\/wp\/v2\/categories?post=273510"},{"taxonomy":"post_tag","embeddable":true,"href":"https:\/\/www.tgrthaber.com\/mavikadin\/wp-json\/wp\/v2\/tags?post=273510"}],"curies":[{"name":"wp","href":"https:\/\/api.w.org\/{rel}","templated":true}]}}