{"id":273522,"date":"2025-12-09T23:21:04","date_gmt":"2025-12-09T20:21:04","guid":{"rendered":"https:\/\/www.tgrthaber.com\/mavikadin\/?p=273522"},"modified":"2025-12-09T23:21:05","modified_gmt":"2025-12-09T20:21:05","slug":"selma-guneri-kimdir-kac-yasinda-selma-guneri-kiminle-evli","status":"publish","type":"post","link":"https:\/\/www.tgrthaber.com\/mavikadin\/selma-guneri-kimdir-kac-yasinda-selma-guneri-kiminle-evli\/","title":{"rendered":"Selma G\u00fcneri kimdir, ka\u00e7 ya\u015f\u0131nda? Selma G\u00fcneri kiminle evli?"},"content":{"rendered":"<p class=\"p1\">TRT1 ekranlar\u0131n\u0131n sevilerek seyredilen dizisi Mehmet Fetihler Sultan\u0131\u2019nda Uzun Hasan\u2019\u0131n annesi Sare Hatun karekteri ile izleyici kar\u015f\u0131s\u0131na \u00e7\u0131kan Ye\u015fil\u00e7am\u2019\u0131n unutulmaz oyuncusu Selma G\u00fcneri ge\u00e7ti\u011fimiz g\u00fcnlerde hakk\u0131nda \u00e7\u0131kan estetik iddialar\u0131na verdi\u011fi cevaplarla dikkat \u00e7ekmi\u015fti. Usta oyuncunun son yay\u0131nlanan foto\u011fraflarla g\u00fcndeme gelmesiyle birlikte hayat\u0131 da yeniden merak edilip ara\u015ft\u0131r\u0131lmaya ba\u015fland\u0131. Peki Selma G\u00fcneri kimdir, ka\u00e7 ya\u015f\u0131nda? Selma G\u00fcneri kiminle evli? \u0130\u015fte detaylar\u2026<\/p>\n<h3 class=\"p1\">SELMA G\u00dcNER\u0130 K\u0130MD\u0130R KA\u00c7 YA\u015eINDA?<\/h3>\n<p class=\"p1\">Ye\u015fil\u00e7am\u2019\u0131n efsane ismi Selma G\u00fcneri, son olarak <a href=\"https:\/\/www.tgrthaber.com\/mavikadin\/mehmet-fetihler-sultani-dizisinin-sehzade-mustafasi-mustafa-konaka-sette-dogum-gunu-surprizi\/\">Mehmet Fetihler Sultan\u0131<\/a> dizisiyle izleyici kar\u015f\u0131s\u0131na \u00e7\u0131kt\u0131. Ye\u015fil\u00e7am\u2019\u0131n sevilen ismi y\u00fcz\u00fcndeki de\u011fi\u015fiklikle sosyal medyan\u0131n ilgisini \u00e7ekti.<\/p>\n<p><img loading=\"lazy\" decoding=\"async\" class=\"alignnone wp-image-273523 size-large\" src=\"https:\/\/www.tgrthaber.com\/mavikadin\/wp-content\/uploads\/Ekran-Resmi-2025-12-09-23.08.36-1024x600.png\" alt=\"\" width=\"1024\" height=\"600\" title=\"\" srcset=\"https:\/\/www.tgrthaber.com\/mavikadin\/wp-content\/uploads\/Ekran-Resmi-2025-12-09-23.08.36-1024x600.png 1024w, https:\/\/www.tgrthaber.com\/mavikadin\/wp-content\/uploads\/Ekran-Resmi-2025-12-09-23.08.36-300x176.png 300w, https:\/\/www.tgrthaber.com\/mavikadin\/wp-content\/uploads\/Ekran-Resmi-2025-12-09-23.08.36-768x450.png 768w, https:\/\/www.tgrthaber.com\/mavikadin\/wp-content\/uploads\/Ekran-Resmi-2025-12-09-23.08.36.png 1392w\" sizes=\"(max-width: 1024px) 100vw, 1024px\" \/><\/p>\n<hr \/>\n<p class=\"p1\">Hakk\u0131nda \u00e7\u0131kan estetik iddialar\u0131na, &#8220;Esteti\u011fi olmayan bir kad\u0131n\u0131m. Botoks ve estetik yapt\u0131rd\u0131ysam, yapt\u0131rd\u0131m derim. Ka\u00e7 ya\u015f\u0131nda kad\u0131n\u0131m, ihtiya\u00e7 olursa yapt\u0131r\u0131r\u0131m ama katiyen b\u00f6yle bir \u015feyim yok. Ufak dokunu\u015flarla toparlama var. \u00c7ok da nadir yapt\u0131r\u0131yorum.&#8221; diyerek cevap veren oyuncunun \u00f6zel hayat\u0131 da yeniden merak edilip ara\u015ft\u0131r\u0131lmaya ba\u015fland\u0131.<\/p>\n<p><img loading=\"lazy\" decoding=\"async\" class=\"alignnone wp-image-273524 size-large\" src=\"https:\/\/www.tgrthaber.com\/mavikadin\/wp-content\/uploads\/Ekran-Resmi-2025-12-09-23.08.55-1024x636.png\" alt=\"\" width=\"1024\" height=\"636\" title=\"\" srcset=\"https:\/\/www.tgrthaber.com\/mavikadin\/wp-content\/uploads\/Ekran-Resmi-2025-12-09-23.08.55-1024x636.png 1024w, https:\/\/www.tgrthaber.com\/mavikadin\/wp-content\/uploads\/Ekran-Resmi-2025-12-09-23.08.55-300x186.png 300w, https:\/\/www.tgrthaber.com\/mavikadin\/wp-content\/uploads\/Ekran-Resmi-2025-12-09-23.08.55-768x477.png 768w, https:\/\/www.tgrthaber.com\/mavikadin\/wp-content\/uploads\/Ekran-Resmi-2025-12-09-23.08.55.png 1462w\" sizes=\"(max-width: 1024px) 100vw, 1024px\" \/><\/p>\n<hr \/>\n<p class=\"p1\">Ye\u015fil\u00e7am\u2019\u0131n sevilen ismi Selma G\u00fcneri, 1951 y\u0131l\u0131nda d\u00fcnyaya gelmi\u015ftir. Babas\u0131 ses sanat\u00e7\u0131s\u0131 olan isim babas\u0131n\u0131n mesle\u011finden dolay\u0131 \u00e7ocuklu\u011funu Amerika\u2019da ge\u00e7irmi\u015ftir.<span class=\"Apple-converted-space\">\u00a0 <\/span>Ortaokul y\u0131llar\u0131nda annesiyle birlikte T\u00fcrkiye\u2019ye d\u00f6nen sanat\u00e7\u0131 Kandilli K\u0131z Lisesi&#8217;nde de yat\u0131l\u0131 olarak okumu\u015ftur. 1964 y\u0131l\u0131nda Perde Dergisi&#8217;nin a\u00e7t\u0131\u011f\u0131 artist yar\u0131\u015fmas\u0131nda birinci olan isim \u201c\u0130stanbul\u2019un K\u0131zlar\u0131\u201d filmiyle sinema hayat\u0131na ba\u015flam\u0131\u015ft\u0131r. 1967 y\u0131l\u0131ndan sonra sinema oyunculu\u011funun yan\u0131 s\u0131ra \u015fark\u0131c\u0131l\u0131k da yapm\u0131\u015ft\u0131r.<\/p>\n<p><img loading=\"lazy\" decoding=\"async\" class=\"alignnone wp-image-273525 size-full\" src=\"https:\/\/www.tgrthaber.com\/mavikadin\/wp-content\/uploads\/Ekran-Resmi-2025-12-09-23.10.13.png\" alt=\"\" width=\"1022\" height=\"642\" title=\"\" srcset=\"https:\/\/www.tgrthaber.com\/mavikadin\/wp-content\/uploads\/Ekran-Resmi-2025-12-09-23.10.13.png 1022w, https:\/\/www.tgrthaber.com\/mavikadin\/wp-content\/uploads\/Ekran-Resmi-2025-12-09-23.10.13-300x188.png 300w, https:\/\/www.tgrthaber.com\/mavikadin\/wp-content\/uploads\/Ekran-Resmi-2025-12-09-23.10.13-768x482.png 768w\" sizes=\"(max-width: 1022px) 100vw, 1022px\" \/><\/p>\n<hr \/>\n<h3>SELMA G\u00dcNER\u0130 K\u0130M\u0130NLE EVL\u0130?<\/h3>\n<p class=\"p1\">Nikahs\u0131zlar filminin \u00e7ekimlerinde Yusuf Sezgin ile birbirlerine a\u015f\u0131k olmu\u015f 1966 y\u0131l\u0131nda evlenmi\u015ftir. Umut Sezgin ad\u0131nda bir o\u011flu vard\u0131r. O\u011flu da oyunculuk yapmaktad\u0131r.<span class=\"Apple-converted-space\">\u00a0<\/span><\/p>\n<p><img loading=\"lazy\" decoding=\"async\" class=\"alignnone wp-image-273530 size-large\" src=\"https:\/\/www.tgrthaber.com\/mavikadin\/wp-content\/uploads\/Ekran-Resmi-2025-12-09-23.12.33-1024x654.png\" alt=\"\" width=\"1024\" height=\"654\" title=\"\" srcset=\"https:\/\/www.tgrthaber.com\/mavikadin\/wp-content\/uploads\/Ekran-Resmi-2025-12-09-23.12.33-1024x654.png 1024w, https:\/\/www.tgrthaber.com\/mavikadin\/wp-content\/uploads\/Ekran-Resmi-2025-12-09-23.12.33-300x191.png 300w, https:\/\/www.tgrthaber.com\/mavikadin\/wp-content\/uploads\/Ekran-Resmi-2025-12-09-23.12.33-768x490.png 768w, https:\/\/www.tgrthaber.com\/mavikadin\/wp-content\/uploads\/Ekran-Resmi-2025-12-09-23.12.33.png 1034w\" sizes=\"(max-width: 1024px) 100vw, 1024px\" \/><\/p>\n<hr \/>\n<p class=\"p1\">Beraberlikleri bir s\u00fcre sonra anla\u015fmazl\u0131k y\u00fcz\u00fcnden bitmi\u015f ve \u00e7ift 1979 y\u0131l\u0131nda bo\u015fanm\u0131\u015ft\u0131r. 1980 y\u0131l\u0131nda As\u0131m Ekren ile ni\u015fanlanan oyuncu ayr\u0131ld\u0131ktan 10 y\u0131l sonra As\u0131m Ekren ile evlenmi\u015ftir.<span class=\"Apple-converted-space\">\u00a0 <\/span>Fakat 1994 y\u0131l\u0131nda tekrar bo\u015fanm\u0131\u015ft\u0131r.<\/p>\n<p><img loading=\"lazy\" decoding=\"async\" class=\"alignnone wp-image-273526 size-full\" src=\"https:\/\/www.tgrthaber.com\/mavikadin\/wp-content\/uploads\/Ekran-Resmi-2025-12-09-23.10.21.png\" alt=\"\" width=\"970\" height=\"536\" title=\"\" srcset=\"https:\/\/www.tgrthaber.com\/mavikadin\/wp-content\/uploads\/Ekran-Resmi-2025-12-09-23.10.21.png 970w, https:\/\/www.tgrthaber.com\/mavikadin\/wp-content\/uploads\/Ekran-Resmi-2025-12-09-23.10.21-300x166.png 300w, https:\/\/www.tgrthaber.com\/mavikadin\/wp-content\/uploads\/Ekran-Resmi-2025-12-09-23.10.21-768x424.png 768w\" sizes=\"(max-width: 970px) 100vw, 970px\" \/><\/p>\n<hr \/>\n<h3 class=\"p1\">SELMA G\u00dcNER\u0130 F\u0130LMLER\u0130<\/h3>\n<p class=\"p1\">Usta oyuncu Selma G\u00fcneri\u2019nin filmlerinden baz\u0131lar\u0131;<\/p>\n<p class=\"p1\">2011 \u2013 Dinle Sevgili<\/p>\n<p class=\"p1\">2007 \u2013 \u0130ki Yabanc\u0131<\/p>\n<p class=\"p1\">2005 \u2013 Hepimiz Karde\u015fiz<\/p>\n<p class=\"p1\">2005 \u2013 Nehir<\/p>\n<p class=\"p1\">2004 \u2013 Paydos<\/p>\n<p class=\"p1\">2004 \u2013 Z\u00fcmr\u00fct<\/p>\n<p><img loading=\"lazy\" decoding=\"async\" class=\"alignnone wp-image-273528 \" src=\"https:\/\/www.tgrthaber.com\/mavikadin\/wp-content\/uploads\/Ekran-Resmi-2025-12-09-23.10.33.png\" alt=\"\" width=\"978\" height=\"826\" title=\"\" srcset=\"https:\/\/www.tgrthaber.com\/mavikadin\/wp-content\/uploads\/Ekran-Resmi-2025-12-09-23.10.33.png 784w, https:\/\/www.tgrthaber.com\/mavikadin\/wp-content\/uploads\/Ekran-Resmi-2025-12-09-23.10.33-300x253.png 300w, https:\/\/www.tgrthaber.com\/mavikadin\/wp-content\/uploads\/Ekran-Resmi-2025-12-09-23.10.33-768x648.png 768w\" sizes=\"(max-width: 978px) 100vw, 978px\" \/><\/p>\n<hr \/>\n<p class=\"p1\">2003 \u2013 K\u0131r\u0131k Ayna<\/p>\n<p class=\"p1\">2001 \u2013 Dedem, Gofret ve Ben<\/p>\n<p class=\"p1\">1998 \u2013 Her \u015fey O\u011flum \u0130\u00e7in<\/p>\n<p class=\"p1\">1996 \u2013 Ho\u015f\u00e7akal \u0130stanbul<\/p>\n<p class=\"p1\">1996 \u2013 Mum Kokulu Kad\u0131nlar<\/p>\n<p class=\"p1\">1992 \u2013 K\u00fc\u00e7\u00fck \u015eeyler<\/p>\n<p class=\"p1\">1987 \u2013 Elif Ana \u2013 Ay\u015fe K\u0131z<\/p>\n<p><img loading=\"lazy\" decoding=\"async\" class=\"alignnone wp-image-273529 size-large\" src=\"https:\/\/www.tgrthaber.com\/mavikadin\/wp-content\/uploads\/Ekran-Resmi-2025-12-09-23.11.57-1024x593.png\" alt=\"\" width=\"1024\" height=\"593\" title=\"\" srcset=\"https:\/\/www.tgrthaber.com\/mavikadin\/wp-content\/uploads\/Ekran-Resmi-2025-12-09-23.11.57-1024x593.png 1024w, https:\/\/www.tgrthaber.com\/mavikadin\/wp-content\/uploads\/Ekran-Resmi-2025-12-09-23.11.57-300x174.png 300w, https:\/\/www.tgrthaber.com\/mavikadin\/wp-content\/uploads\/Ekran-Resmi-2025-12-09-23.11.57-768x445.png 768w, https:\/\/www.tgrthaber.com\/mavikadin\/wp-content\/uploads\/Ekran-Resmi-2025-12-09-23.11.57.png 1032w\" sizes=\"(max-width: 1024px) 100vw, 1024px\" \/><\/p>\n<hr \/>\n<p class=\"p1\">1981 \u2013 Unutulmayanlar<\/p>\n<p class=\"p1\">1978 \u2013 Bir Kad\u0131n\u0131n Penceresinden<\/p>\n<p class=\"p1\">1978 \u2013 G\u00f6r\u00fcnmeyen D\u00fc\u015fman<\/p>\n<p class=\"p1\">1977 \u2013 Benim Alt\u0131 Sevgilim<\/p>\n<p class=\"p1\">1976 \u2013 Baban\u0131n Su\u00e7u<\/p>\n<p class=\"p1\">1976 \u2013 Saffet Beni Affet<\/p>\n<p class=\"p1\">1976 \u2013 Hamza Dalar Osman \u00c7alar<\/p>\n<p class=\"p1\">1976 \u2013 Her G\u00f6n\u00fclde Bir Aslan Yatar<\/p>\n<p><img loading=\"lazy\" decoding=\"async\" class=\"alignnone wp-image-273531 size-large\" src=\"https:\/\/www.tgrthaber.com\/mavikadin\/wp-content\/uploads\/Ekran-Resmi-2025-12-09-23.13.44-1024x557.png\" alt=\"\" width=\"1024\" height=\"557\" title=\"\" srcset=\"https:\/\/www.tgrthaber.com\/mavikadin\/wp-content\/uploads\/Ekran-Resmi-2025-12-09-23.13.44-1024x557.png 1024w, https:\/\/www.tgrthaber.com\/mavikadin\/wp-content\/uploads\/Ekran-Resmi-2025-12-09-23.13.44-300x163.png 300w, https:\/\/www.tgrthaber.com\/mavikadin\/wp-content\/uploads\/Ekran-Resmi-2025-12-09-23.13.44-768x418.png 768w, https:\/\/www.tgrthaber.com\/mavikadin\/wp-content\/uploads\/Ekran-Resmi-2025-12-09-23.13.44.png 1062w\" sizes=\"(max-width: 1024px) 100vw, 1024px\" \/><\/p>\n<hr \/>\n<p class=\"p1\">1976 \u2013 Tuzak<\/p>\n<p class=\"p1\">1974 \u2013 Day\u0131<\/p>\n<p class=\"p1\">1974 \u2013 Askerin D\u00f6n\u00fc\u015f\u00fc<\/p>\n<p class=\"p1\">1974 \u2013 Sahipsizler<\/p>\n<p class=\"p1\">1974 \u2013 Yayla K\u0131z\u0131<\/p>\n<p class=\"p1\">\n","protected":false},"excerpt":{"rendered":"<p>Mehmet Fetihler Sultan\u0131 dizisinin Sare Hatun&#8217;u Selma G\u00fcner&#8217;i ge\u00e7ti\u011fimiz g\u00fcnlerde hakk\u0131nda \u00e7\u0131kan estetik iddialar\u0131 ile g\u00fcndeme gelmi\u015fti. Haberlerin yay\u0131lmas\u0131n\u0131n ard\u0131ndan Ye\u015fil\u00e7am&#8217;\u0131n efsane ismi Selma G\u00fcneri&#8217;nin hayat\u0131 yeniden merak edildi. Peki Selma G\u00fcneri kimdir, ka\u00e7 ya\u015f\u0131nda? Selma G\u00fcneri kiminle evli? \u0130\u015fte usta oyuncunun hayat\u0131na dair bilinmeyenler&#8230; <\/p>\n","protected":false},"author":16,"featured_media":273532,"comment_status":"closed","ping_status":"closed","sticky":false,"template":"","format":"standard","meta":{"rank_math_lock_modified_date":false,"footnotes":""},"categories":[491],"tags":[3374,16521,67942,67941,67943],"class_list":["post-273522","post","type-post","status-publish","format-standard","has-post-thumbnail","hentry","category-biyografi","tag-biyografi","tag-biyografi-haberleri","tag-selma-guneri-kac-yasinda","tag-selma-guneri-kimdir","tag-selma-guneri-kiminle-evli"],"_links":{"self":[{"href":"https:\/\/www.tgrthaber.com\/mavikadin\/wp-json\/wp\/v2\/posts\/273522"}],"collection":[{"href":"https:\/\/www.tgrthaber.com\/mavikadin\/wp-json\/wp\/v2\/posts"}],"about":[{"href":"https:\/\/www.tgrthaber.com\/mavikadin\/wp-json\/wp\/v2\/types\/post"}],"author":[{"embeddable":true,"href":"https:\/\/www.tgrthaber.com\/mavikadin\/wp-json\/wp\/v2\/users\/16"}],"replies":[{"embeddable":true,"href":"https:\/\/www.tgrthaber.com\/mavikadin\/wp-json\/wp\/v2\/comments?post=273522"}],"version-history":[{"count":2,"href":"https:\/\/www.tgrthaber.com\/mavikadin\/wp-json\/wp\/v2\/posts\/273522\/revisions"}],"predecessor-version":[{"id":273534,"href":"https:\/\/www.tgrthaber.com\/mavikadin\/wp-json\/wp\/v2\/posts\/273522\/revisions\/273534"}],"wp:featuredmedia":[{"embeddable":true,"href":"https:\/\/www.tgrthaber.com\/mavikadin\/wp-json\/wp\/v2\/media\/273532"}],"wp:attachment":[{"href":"https:\/\/www.tgrthaber.com\/mavikadin\/wp-json\/wp\/v2\/media?parent=273522"}],"wp:term":[{"taxonomy":"category","embeddable":true,"href":"https:\/\/www.tgrthaber.com\/mavikadin\/wp-json\/wp\/v2\/categories?post=273522"},{"taxonomy":"post_tag","embeddable":true,"href":"https:\/\/www.tgrthaber.com\/mavikadin\/wp-json\/wp\/v2\/tags?post=273522"}],"curies":[{"name":"wp","href":"https:\/\/api.w.org\/{rel}","templated":true}]}}