{"id":273536,"date":"2025-12-09T23:51:32","date_gmt":"2025-12-09T20:51:32","guid":{"rendered":"https:\/\/www.tgrthaber.com\/mavikadin\/?p=273536"},"modified":"2025-12-09T23:51:32","modified_gmt":"2025-12-09T20:51:32","slug":"gulsah-durbay-kimdir-gulsah-durbayin-nesi-var-saglik-durumu-nasil","status":"publish","type":"post","link":"https:\/\/www.tgrthaber.com\/mavikadin\/gulsah-durbay-kimdir-gulsah-durbayin-nesi-var-saglik-durumu-nasil\/","title":{"rendered":"G\u00fcl\u015fah Durbay kimdir? G\u00fcl\u015fah Durbay\u2019\u0131n nesi var, sa\u011fl\u0131k durumu nas\u0131l?"},"content":{"rendered":"<p class=\"p1\">\u015eehzadeler Belediye Ba\u015fkan\u0131 G\u00fcl\u015fah Durbay&#8217;\u0131n sa\u011fl\u0131k durumunun k\u00f6t\u00fcle\u015fmesinin ard\u0131ndan G\u00fcl\u015fah Durbay yo\u011fun bak\u0131ma kald\u0131r\u0131ld\u0131. G\u00fcl\u015fah Durbay\u2019\u0131n sa\u011fl\u0131k durumunun k\u00f6t\u00fcye gitti\u011fi haberlerinin yay\u0131lmas\u0131yla birlikte \u2018G\u00fcl\u015fah Durbay kimdir? G\u00fcl\u015fah Durbay\u2019\u0131n nesi var, sa\u011fl\u0131k durumu nas\u0131l?\u2019 sorular\u0131n\u0131n cevaplar\u0131 ara\u015ft\u0131r\u0131lmaya ba\u015fland\u0131. \u0130\u015fte detaylar\u2026<\/p>\n<h3>G\u00dcL\u015eAH DURBAY K\u0130MD\u0130R? G\u00dcL\u015eAH DURBAY&#8217;IN NES\u0130 VAR SA\u011eLIK DURUMU NASIL?<\/h3>\n<p class=\"p1\">\u015eehzadeler Belediye Ba\u015fkan\u0131 G\u00fcl\u015fah Durbay kolon<a href=\"https:\/\/www.tgrthaber.com\/mavikadin\/sigara-icen-her-10-kisiden-9u-tehlike-altinda-kanserden-kalp-hastaliklarina-astimdan-saclarda-dokulmeye\/\"> kanse<\/a>ri tedavisi g\u00f6r\u00fcyordu. \u00c7oklu organ yetmezli\u011fi tan\u0131s\u0131 konulan Durbay, yo\u011fun bak\u0131ma al\u0131nd\u0131.<\/p>\n<p><img loading=\"lazy\" decoding=\"async\" class=\"alignnone wp-image-273543 size-full\" src=\"https:\/\/www.tgrthaber.com\/mavikadin\/wp-content\/uploads\/Ekran-Resmi-2025-12-09-23.45.26.png\" alt=\"\" width=\"1014\" height=\"636\" title=\"\" srcset=\"https:\/\/www.tgrthaber.com\/mavikadin\/wp-content\/uploads\/Ekran-Resmi-2025-12-09-23.45.26.png 1014w, https:\/\/www.tgrthaber.com\/mavikadin\/wp-content\/uploads\/Ekran-Resmi-2025-12-09-23.45.26-300x188.png 300w, https:\/\/www.tgrthaber.com\/mavikadin\/wp-content\/uploads\/Ekran-Resmi-2025-12-09-23.45.26-768x482.png 768w\" sizes=\"(max-width: 1014px) 100vw, 1014px\" \/><\/p>\n<hr \/>\n<p class=\"p1\">Manisa \u015eehir Hastanesi\u2019ne kald\u0131r\u0131lan Durbay i\u00e7in, b\u00f6brek ve karaci\u011fer fonksiyonlar\u0131nda ani bozulma tespit edildi\u011fini ve ileri d\u00fczey yo\u011fun bak\u0131m tedavisi g\u00f6rd\u00fc\u011f\u00fc duyuruldu.<\/p>\n<p><img loading=\"lazy\" decoding=\"async\" class=\"alignnone wp-image-273537 size-full\" src=\"https:\/\/www.tgrthaber.com\/mavikadin\/wp-content\/uploads\/Ekran-Resmi-2025-12-09-23.41.16.png\" alt=\"\" width=\"980\" height=\"570\" title=\"\" srcset=\"https:\/\/www.tgrthaber.com\/mavikadin\/wp-content\/uploads\/Ekran-Resmi-2025-12-09-23.41.16.png 980w, https:\/\/www.tgrthaber.com\/mavikadin\/wp-content\/uploads\/Ekran-Resmi-2025-12-09-23.41.16-300x174.png 300w, https:\/\/www.tgrthaber.com\/mavikadin\/wp-content\/uploads\/Ekran-Resmi-2025-12-09-23.41.16-768x447.png 768w\" sizes=\"(max-width: 980px) 100vw, 980px\" \/><\/p>\n<hr \/>\n<p>1988 y\u0131l\u0131nda Manisa\u2019da d\u00fcnyaya gelen G\u00fcl\u015fah Durbay, e\u011fitim hayat\u0131na Manisa\u2019da ba\u015flam\u0131\u015ft\u0131r. 2011&#8217;de Hacettepe \u00dcniversitesi G\u0131da M\u00fchendisli\u011fi B\u00f6l\u00fcm\u00fc&#8217;nden 2024\u2019te Ya\u015far \u00dcniversitesi Hukuk Fak\u00fcltesi\u2019nden mezun olan isim Ya\u015far \u00dcniversitesi \u0130ngilizce \u0130\u015fletme B\u00f6l\u00fcm\u00fc\u2019nde y\u00fcksek lisans\u0131n\u0131 tamamlay\u0131p ard\u0131ndan Manisa Celal Bayar \u00dcniversitesi\u2019nde de ekonomi ve finans alan\u0131nda doktora yapm\u0131\u015ft\u0131r.<\/p>\n<p><img loading=\"lazy\" decoding=\"async\" class=\"alignnone wp-image-273538 size-full\" src=\"https:\/\/www.tgrthaber.com\/mavikadin\/wp-content\/uploads\/Ekran-Resmi-2025-12-09-23.41.34.png\" alt=\"\" width=\"1012\" height=\"586\" title=\"\" srcset=\"https:\/\/www.tgrthaber.com\/mavikadin\/wp-content\/uploads\/Ekran-Resmi-2025-12-09-23.41.34.png 1012w, https:\/\/www.tgrthaber.com\/mavikadin\/wp-content\/uploads\/Ekran-Resmi-2025-12-09-23.41.34-300x174.png 300w, https:\/\/www.tgrthaber.com\/mavikadin\/wp-content\/uploads\/Ekran-Resmi-2025-12-09-23.41.34-768x445.png 768w\" sizes=\"(max-width: 1012px) 100vw, 1012px\" \/><\/p>\n<hr \/>\n<p>31 Mart 2024 yerel se\u00e7imlerinde \u015eehzadeler Belediye Ba\u015fkan\u0131 se\u00e7ilerek, Manisa&#8217;n\u0131n ilk kad\u0131n Belediye Ba\u015fkan\u0131 olan isim G\u0131da M\u00fchendisleri odas\u0131 Manisa Temsilcili\u011fi, Manisal\u0131lar Derne\u011fi ve Sosyal Demokrasi Vakf\u0131\u2019nda (SODEV) y\u00f6netim kurulu \u00fcyelikleri g\u00f6revlerinde de bulunmu\u015f, gen\u00e7 ya\u015f\u0131na ra\u011fmen g\u00f6sterdi\u011fi ba\u015far\u0131lar\u0131 ile dikkat \u00e7ekmi\u015f bir isimdir.<\/p>\n<p><img loading=\"lazy\" decoding=\"async\" class=\"alignnone wp-image-273539 size-full\" src=\"https:\/\/www.tgrthaber.com\/mavikadin\/wp-content\/uploads\/Ekran-Resmi-2025-12-09-23.41.40.png\" alt=\"\" width=\"1008\" height=\"584\" title=\"\" srcset=\"https:\/\/www.tgrthaber.com\/mavikadin\/wp-content\/uploads\/Ekran-Resmi-2025-12-09-23.41.40.png 1008w, https:\/\/www.tgrthaber.com\/mavikadin\/wp-content\/uploads\/Ekran-Resmi-2025-12-09-23.41.40-300x174.png 300w, https:\/\/www.tgrthaber.com\/mavikadin\/wp-content\/uploads\/Ekran-Resmi-2025-12-09-23.41.40-768x445.png 768w\" sizes=\"(max-width: 1008px) 100vw, 1008px\" \/><\/p>\n<hr \/>\n<h3>DOKTORU A\u00c7IKLAMA YAPMI\u015eTI<\/h3>\n<p class=\"p1\">Manisa \u015eehir Hastanesi Ba\u015fhekimi Uzm. Dr. Serkan Saka taraf\u0131ndan yap\u0131lan yaz\u0131l\u0131 a\u00e7\u0131klamada, &#8220;Ba\u015fkan\u0131m\u0131z G\u00fcl\u015fah Durbay, kolon kanseri tedavisi kapsam\u0131nda y\u00fcr\u00fct\u00fclen s\u00fcre\u00e7te 1 Aral\u0131k&#8217;ta Dahiliye Servisi&#8217;ne yat\u0131r\u0131lm\u0131\u015ft\u0131r.<\/p>\n<p><img loading=\"lazy\" decoding=\"async\" class=\"alignnone wp-image-273541 \" src=\"https:\/\/www.tgrthaber.com\/mavikadin\/wp-content\/uploads\/Ekran-Resmi-2025-12-09-23.41.26.png\" alt=\"\" width=\"982\" height=\"682\" title=\"\" srcset=\"https:\/\/www.tgrthaber.com\/mavikadin\/wp-content\/uploads\/Ekran-Resmi-2025-12-09-23.41.26.png 936w, https:\/\/www.tgrthaber.com\/mavikadin\/wp-content\/uploads\/Ekran-Resmi-2025-12-09-23.41.26-300x208.png 300w, https:\/\/www.tgrthaber.com\/mavikadin\/wp-content\/uploads\/Ekran-Resmi-2025-12-09-23.41.26-768x533.png 768w\" sizes=\"(max-width: 982px) 100vw, 982px\" \/><\/p>\n<hr \/>\n<p class=\"p1\">2 Aral\u0131k Sal\u0131 g\u00fcn\u00fc b\u00f6brek ve karaci\u011fer fonksiyon testlerinde tespit edilen bozulmalar \u00fczerine hastam\u0131z\u0131n tedavi ve takiplerinin Yo\u011fun Bak\u0131m \u00dcnitesi&#8217;nde s\u00fcrd\u00fcr\u00fclmesine karar verilmi\u015ftir.<\/p>\n<p><img loading=\"lazy\" decoding=\"async\" class=\"alignnone wp-image-273542 size-full\" src=\"https:\/\/www.tgrthaber.com\/mavikadin\/wp-content\/uploads\/Ekran-Resmi-2025-12-09-23.45.21.png\" alt=\"\" width=\"980\" height=\"576\" title=\"\" srcset=\"https:\/\/www.tgrthaber.com\/mavikadin\/wp-content\/uploads\/Ekran-Resmi-2025-12-09-23.45.21.png 980w, https:\/\/www.tgrthaber.com\/mavikadin\/wp-content\/uploads\/Ekran-Resmi-2025-12-09-23.45.21-300x176.png 300w, https:\/\/www.tgrthaber.com\/mavikadin\/wp-content\/uploads\/Ekran-Resmi-2025-12-09-23.45.21-768x451.png 768w\" sizes=\"(max-width: 980px) 100vw, 980px\" \/><\/p>\n<hr \/>\n<p class=\"p1\">Gerekli t\u00fcm t\u0131bbi m\u00fcdahaleler uygulanmaktad\u0131r. Hastam\u0131z\u0131n \u015fu anki tedavisi, \u00e7oklu organ yetmezli\u011fi tan\u0131s\u0131yla yo\u011fun bak\u0131m ko\u015fullar\u0131nda, ileri t\u0131bbi y\u00f6ntemler kullan\u0131larak devam etmektedir. Solunum durumu stabildir ve cihaz deste\u011fi gerektirmemektedir.&#8221; ifadelerine yer verildi.<\/p>\n<p class=\"p2\">\n","protected":false},"excerpt":{"rendered":"<p>Bir s\u00fcredir kolon kanseri tedavisi g\u00f6ren \u015eehzadeler Belediye Ba\u015fkan\u0131 G\u00fcl\u015fah Durbay&#8217;\u0131n yo\u011fun bak\u0131ma kald\u0131r\u0131ld\u0131\u011f\u0131 haberlerinin yay\u0131lmas\u0131n\u0131n ard\u0131ndan ba\u015fkan\u0131n hayat\u0131 yeniden merak edilip ara\u015ft\u0131r\u0131lmaya ba\u015fland\u0131. G\u00fcl\u015fah Durbay kimdir? G\u00fcl\u015fah Durbay\u2019\u0131n nesi var, sa\u011fl\u0131k durumu nas\u0131l? \u0130\u015fte detaylar\u2026 <\/p>\n","protected":false},"author":16,"featured_media":273544,"comment_status":"closed","ping_status":"closed","sticky":false,"template":"","format":"standard","meta":{"rank_math_lock_modified_date":false,"footnotes":""},"categories":[491],"tags":[3374,16521,67944,67945,67946],"class_list":["post-273536","post","type-post","status-publish","format-standard","has-post-thumbnail","hentry","category-biyografi","tag-biyografi","tag-biyografi-haberleri","tag-gulsah-durbay-kimdir","tag-gulsah-durbay-nesi-var","tag-gulsah-durbay-saglik-durumu-nasil"],"_links":{"self":[{"href":"https:\/\/www.tgrthaber.com\/mavikadin\/wp-json\/wp\/v2\/posts\/273536"}],"collection":[{"href":"https:\/\/www.tgrthaber.com\/mavikadin\/wp-json\/wp\/v2\/posts"}],"about":[{"href":"https:\/\/www.tgrthaber.com\/mavikadin\/wp-json\/wp\/v2\/types\/post"}],"author":[{"embeddable":true,"href":"https:\/\/www.tgrthaber.com\/mavikadin\/wp-json\/wp\/v2\/users\/16"}],"replies":[{"embeddable":true,"href":"https:\/\/www.tgrthaber.com\/mavikadin\/wp-json\/wp\/v2\/comments?post=273536"}],"version-history":[{"count":1,"href":"https:\/\/www.tgrthaber.com\/mavikadin\/wp-json\/wp\/v2\/posts\/273536\/revisions"}],"predecessor-version":[{"id":273545,"href":"https:\/\/www.tgrthaber.com\/mavikadin\/wp-json\/wp\/v2\/posts\/273536\/revisions\/273545"}],"wp:featuredmedia":[{"embeddable":true,"href":"https:\/\/www.tgrthaber.com\/mavikadin\/wp-json\/wp\/v2\/media\/273544"}],"wp:attachment":[{"href":"https:\/\/www.tgrthaber.com\/mavikadin\/wp-json\/wp\/v2\/media?parent=273536"}],"wp:term":[{"taxonomy":"category","embeddable":true,"href":"https:\/\/www.tgrthaber.com\/mavikadin\/wp-json\/wp\/v2\/categories?post=273536"},{"taxonomy":"post_tag","embeddable":true,"href":"https:\/\/www.tgrthaber.com\/mavikadin\/wp-json\/wp\/v2\/tags?post=273536"}],"curies":[{"name":"wp","href":"https:\/\/api.w.org\/{rel}","templated":true}]}}