{"id":273546,"date":"2025-12-10T00:25:52","date_gmt":"2025-12-09T21:25:52","guid":{"rendered":"https:\/\/www.tgrthaber.com\/mavikadin\/?p=273546"},"modified":"2025-12-10T00:27:08","modified_gmt":"2025-12-09T21:27:08","slug":"sagopa-kajmer-de-hastalik-tayfasina-katildi-rapcilere-ne-oluyor","status":"publish","type":"post","link":"https:\/\/www.tgrthaber.com\/mavikadin\/sagopa-kajmer-de-hastalik-tayfasina-katildi-rapcilere-ne-oluyor\/","title":{"rendered":"Sagopa Kajmer de hastal\u0131k tayfas\u0131na kat\u0131ld\u0131! Rap\u00e7ilere ne oluyor?"},"content":{"rendered":"<p class=\"p1\">Son d\u00f6nemde Rap d\u00fcnyas\u0131 ard\u0131 ard\u0131na gelen konser iptalleri ile \u00e7alkalan\u0131yor. Ati242, Blok3 derken \u015fimdi de Sagopa Kajmer Van konserini iptal etti\u011fini duyurdu. Sesindeki rahats\u0131zl\u0131ktan dolay\u0131 konserini iptal etti\u011fini s\u00f6yleyen sanat\u00e7\u0131 hayranlar\u0131n\u0131 endi\u015felendirdi. Sagopa Kajmer&#8217;in sosyal medya payla\u015f\u0131m\u0131n\u0131n alt\u0131na yorum ya\u011fd\u0131.<\/p>\n<h3>SAGOPA KAJMER&#8217;DE HASTALIK TAYFASINA KATILDI! RAP\u00c7\u0130LERE NE OLUYOR?<\/h3>\n<p class=\"p2\">Ge\u00e7ti\u011fimiz g\u00fcnlerde Blok3 rahats\u0131zland\u0131\u011f\u0131n\u0131 duyurarak konser maratonuna 10 g\u00fcn ara verdi\u011fini duyurmu\u015ftu. \u015eimdi ise rap d\u00fcnyas\u0131n\u0131n sevilen ismi <a href=\"https:\/\/www.tgrthaber.com\/mavikadin\/sagopa-kajmer-nun-sultan-kimdir-nun-sultan-kac-yasinda\/\">Sagopa Kajmer<\/a> Van konserini iptal etti\u011fini duyurdu.<\/p>\n<p><img loading=\"lazy\" decoding=\"async\" class=\"alignnone wp-image-273547 size-full\" src=\"https:\/\/www.tgrthaber.com\/mavikadin\/wp-content\/uploads\/Ekran-Resmi-2025-12-10-00.16.42.png\" alt=\"\" width=\"1602\" height=\"908\" title=\"\" srcset=\"https:\/\/www.tgrthaber.com\/mavikadin\/wp-content\/uploads\/Ekran-Resmi-2025-12-10-00.16.42.png 1602w, https:\/\/www.tgrthaber.com\/mavikadin\/wp-content\/uploads\/Ekran-Resmi-2025-12-10-00.16.42-300x170.png 300w, https:\/\/www.tgrthaber.com\/mavikadin\/wp-content\/uploads\/Ekran-Resmi-2025-12-10-00.16.42-1024x580.png 1024w, https:\/\/www.tgrthaber.com\/mavikadin\/wp-content\/uploads\/Ekran-Resmi-2025-12-10-00.16.42-768x435.png 768w, https:\/\/www.tgrthaber.com\/mavikadin\/wp-content\/uploads\/Ekran-Resmi-2025-12-10-00.16.42-1536x871.png 1536w\" sizes=\"(max-width: 1602px) 100vw, 1602px\" \/><\/p>\n<hr \/>\n<p class=\"p2\">Sosyal medya hesab\u0131ndan a\u00e7\u0131klama yapan Sagopa Kajmer, \u2018Uzun zamand\u0131r beni sab\u0131rs\u0131zl\u0131kla bekliyorsunuz fark\u0131nday\u0131m ama \u015fuan sesim kay\u0131p ve \u00fc\u00e7 g\u00fcnd\u00fcr iyile\u015fmek i\u00e7in u\u011fra\u015f\u0131yorum.<\/p>\n<p><img loading=\"lazy\" decoding=\"async\" class=\"alignnone wp-image-273548 size-large\" src=\"https:\/\/www.tgrthaber.com\/mavikadin\/wp-content\/uploads\/Ekran-Resmi-2025-12-10-00.17.34-1024x596.png\" alt=\"\" width=\"1024\" height=\"596\" title=\"\" srcset=\"https:\/\/www.tgrthaber.com\/mavikadin\/wp-content\/uploads\/Ekran-Resmi-2025-12-10-00.17.34-1024x596.png 1024w, https:\/\/www.tgrthaber.com\/mavikadin\/wp-content\/uploads\/Ekran-Resmi-2025-12-10-00.17.34-300x175.png 300w, https:\/\/www.tgrthaber.com\/mavikadin\/wp-content\/uploads\/Ekran-Resmi-2025-12-10-00.17.34-768x447.png 768w, https:\/\/www.tgrthaber.com\/mavikadin\/wp-content\/uploads\/Ekran-Resmi-2025-12-10-00.17.34-1536x895.png 1536w, https:\/\/www.tgrthaber.com\/mavikadin\/wp-content\/uploads\/Ekran-Resmi-2025-12-10-00.17.34.png 1724w\" sizes=\"(max-width: 1024px) 100vw, 1024px\" \/><\/p>\n<hr \/>\n<p class=\"p2\">M\u00fcsadenizle Van konserimin tarihini 11 \u015fubat\u2019a al\u0131yorum. Aksi taktirde ne size faydam olur ne de kendime. Bu arada biletlerini iade etmek isteyenler edebilirler. Onlara da sevgiler, ba\u015fka zamana da onlarla da g\u00f6r\u00fc\u015fmek \u00fczere, Sevgiler\u2019 a\u00e7\u0131klamas\u0131nda bulundu. Sagopa Kajmer\u2019in hayranlar\u0131 sanat\u00e7\u0131n\u0131n payla\u015f\u0131m\u0131n\u0131n alt\u0131na \u2018Gemi\u015f olsun herkese ne oluyor b\u00f6yle\u2019, \u2018Rap d\u00fcnyas\u0131na \u00f6zel bir hastal\u0131k durumu san\u0131r\u0131m\u2019, \u2018Umar\u0131m k\u0131sa s\u00fcrede iyile\u015firsin Sago\u2019 \u015feklinde yorumlar ya\u011fd\u0131rd\u0131.<\/p>\n<p><img loading=\"lazy\" decoding=\"async\" class=\"alignnone wp-image-273549 size-full\" src=\"https:\/\/www.tgrthaber.com\/mavikadin\/wp-content\/uploads\/Ekran-Resmi-2025-12-10-00.18.01.png\" alt=\"\" width=\"996\" height=\"588\" title=\"\" srcset=\"https:\/\/www.tgrthaber.com\/mavikadin\/wp-content\/uploads\/Ekran-Resmi-2025-12-10-00.18.01.png 996w, https:\/\/www.tgrthaber.com\/mavikadin\/wp-content\/uploads\/Ekran-Resmi-2025-12-10-00.18.01-300x177.png 300w, https:\/\/www.tgrthaber.com\/mavikadin\/wp-content\/uploads\/Ekran-Resmi-2025-12-10-00.18.01-768x453.png 768w\" sizes=\"(max-width: 996px) 100vw, 996px\" \/><\/p>\n<hr \/>\n<h3>SAGOPA KAJMER K\u0130MD\u0130R?<\/h3>\n<p class=\"p2\">Rap m\u00fczi\u011fin sevilen isimlerinden biri olan Sagopa Kajmer 1978 y\u0131l\u0131nda d\u00fcnyaya gelmi\u015ftir. Ger\u00e7ek ad\u0131 Yunus \u00d6zyavuz olan isim Samsun do\u011fumludur. Emre \u00d6zyavuz ad\u0131ndan bir erkek karde\u015fi olan sanat\u00e7\u0131n\u0131n kariyer ba\u015flang\u0131c\u0131 ilk olarak Radyo\u2019da ger\u00e7ekle\u015fmi\u015ftir. \u0130stanbul&#8217;da Fars dili ve Edebiyat\u0131 b\u00f6l\u00fcm\u00fcn\u00fc kazanan isim m\u00fczi\u011fe olan tutkusunun pe\u015finden gitmi\u015f ve pe\u015f pe\u015fe \u00e7\u0131kard\u0131\u011f\u0131 alb\u00fcmlerle k\u0131sa s\u00fcrede ad\u0131n\u0131 duyurmu\u015f ve geni\u015f bir kitle taraf\u0131ndan benimsenmi\u015ftir.<\/p>\n<p><img loading=\"lazy\" decoding=\"async\" class=\"alignnone wp-image-273550 \" src=\"https:\/\/www.tgrthaber.com\/mavikadin\/wp-content\/uploads\/Ekran-Resmi-2025-12-10-00.17.56.png\" alt=\"\" width=\"992\" height=\"581\" title=\"\" srcset=\"https:\/\/www.tgrthaber.com\/mavikadin\/wp-content\/uploads\/Ekran-Resmi-2025-12-10-00.17.56.png 936w, https:\/\/www.tgrthaber.com\/mavikadin\/wp-content\/uploads\/Ekran-Resmi-2025-12-10-00.17.56-300x176.png 300w, https:\/\/www.tgrthaber.com\/mavikadin\/wp-content\/uploads\/Ekran-Resmi-2025-12-10-00.17.56-768x450.png 768w\" sizes=\"(max-width: 992px) 100vw, 992px\" \/><\/p>\n<hr \/>\n<h3>D\u0130SKOGRAF\u0130<\/h3>\n<p class=\"p1\">One Second (2000) Sagopa Kajmer<\/p>\n<p class=\"p1\">On Kur\u015fun (2001) Sagopa Kajmer<\/p>\n<p class=\"p1\">Sagopa Kajmer (2002) Sagopa Kajmer<\/p>\n<p class=\"p1\">Bir Pesimistin G\u00f6zya\u015flar\u0131 (2004) Sagopa Kajmer<\/p>\n<p><img loading=\"lazy\" decoding=\"async\" class=\"alignnone wp-image-273551 size-large\" src=\"https:\/\/www.tgrthaber.com\/mavikadin\/wp-content\/uploads\/Ekran-Resmi-2025-12-10-00.17.24-1024x641.png\" alt=\"\" width=\"1024\" height=\"641\" title=\"\" srcset=\"https:\/\/www.tgrthaber.com\/mavikadin\/wp-content\/uploads\/Ekran-Resmi-2025-12-10-00.17.24-1024x641.png 1024w, https:\/\/www.tgrthaber.com\/mavikadin\/wp-content\/uploads\/Ekran-Resmi-2025-12-10-00.17.24-300x188.png 300w, https:\/\/www.tgrthaber.com\/mavikadin\/wp-content\/uploads\/Ekran-Resmi-2025-12-10-00.17.24-768x481.png 768w, https:\/\/www.tgrthaber.com\/mavikadin\/wp-content\/uploads\/Ekran-Resmi-2025-12-10-00.17.24-1536x961.png 1536w, https:\/\/www.tgrthaber.com\/mavikadin\/wp-content\/uploads\/Ekran-Resmi-2025-12-10-00.17.24.png 1758w\" sizes=\"(max-width: 1024px) 100vw, 1024px\" \/><\/p>\n<hr \/>\n<p class=\"p1\">Romantizma (2005) Sagopa Kajmer<\/p>\n<p class=\"p1\">Kafile (2006) Kuvvetmira<\/p>\n<p class=\"p1\">\u0130kimizi Anlatan Bir \u015eey (2007) Sagopa Kajmer, Kolera<\/p>\n<p class=\"p1\">K\u00f6t\u00fc \u0130nsanlar\u0131 Tan\u0131ma Senesi (2008) Sagopa Kajmer<\/p>\n<p class=\"p1\">\u015eark\u0131 Koleksiyoncusu (2009) Sagopa Kajmer<\/p>\n<p><img loading=\"lazy\" decoding=\"async\" class=\"alignnone wp-image-273552 size-large\" src=\"https:\/\/www.tgrthaber.com\/mavikadin\/wp-content\/uploads\/Ekran-Resmi-2025-12-10-00.17.19-1024x658.png\" alt=\"\" width=\"1024\" height=\"658\" title=\"\" srcset=\"https:\/\/www.tgrthaber.com\/mavikadin\/wp-content\/uploads\/Ekran-Resmi-2025-12-10-00.17.19-1024x658.png 1024w, https:\/\/www.tgrthaber.com\/mavikadin\/wp-content\/uploads\/Ekran-Resmi-2025-12-10-00.17.19-300x193.png 300w, https:\/\/www.tgrthaber.com\/mavikadin\/wp-content\/uploads\/Ekran-Resmi-2025-12-10-00.17.19-768x494.png 768w, https:\/\/www.tgrthaber.com\/mavikadin\/wp-content\/uploads\/Ekran-Resmi-2025-12-10-00.17.19-1536x987.png 1536w, https:\/\/www.tgrthaber.com\/mavikadin\/wp-content\/uploads\/Ekran-Resmi-2025-12-10-00.17.19.png 1904w\" sizes=\"(max-width: 1024px) 100vw, 1024px\" \/><\/p>\n<hr \/>\n<p class=\"p1\">Kafile 2 (2010) Sagopa Kajmer<\/p>\n<p class=\"p1\">Bendeki Sen (2010) Sagopa Kajmer, Kolera<\/p>\n<p class=\"p1\">Saydam Odalar (2011) [Mini Alb\u00fcm] Sagopa Kajmer<\/p>\n<p class=\"p1\">Kalp Hastas\u0131 (2013) Sagopa Kajmer<\/p>\n","protected":false},"excerpt":{"rendered":"<p>Son d\u00f6nemde rap d\u00fcnyas\u0131nda ger\u00e7ekle\u015fen hastal\u0131k haberlerine bir yenisi daha eklendi. Ati242, Blok3 derken \u015fimdi de Sagopa Kajmer, hastaland\u0131\u011f\u0131n\u0131 duyurarak Van konserini iptal etti\u011fini a\u00e7\u0131klad\u0131. \u0130\u015fte detaylar\u2026 <\/p>\n","protected":false},"author":16,"featured_media":273553,"comment_status":"closed","ping_status":"closed","sticky":false,"template":"","format":"standard","meta":{"rank_math_lock_modified_date":false,"footnotes":""},"categories":[76],"tags":[133,2218,67947,13005,67948],"class_list":["post-273546","post","type-post","status-publish","format-standard","has-post-thumbnail","hentry","category-magazin","tag-magazin","tag-magazin-haberleri","tag-sagopa-kajmer-hastalik","tag-sagopa-kajmer-kimdir","tag-sagopa-kajmer-konser-iptal"],"_links":{"self":[{"href":"https:\/\/www.tgrthaber.com\/mavikadin\/wp-json\/wp\/v2\/posts\/273546"}],"collection":[{"href":"https:\/\/www.tgrthaber.com\/mavikadin\/wp-json\/wp\/v2\/posts"}],"about":[{"href":"https:\/\/www.tgrthaber.com\/mavikadin\/wp-json\/wp\/v2\/types\/post"}],"author":[{"embeddable":true,"href":"https:\/\/www.tgrthaber.com\/mavikadin\/wp-json\/wp\/v2\/users\/16"}],"replies":[{"embeddable":true,"href":"https:\/\/www.tgrthaber.com\/mavikadin\/wp-json\/wp\/v2\/comments?post=273546"}],"version-history":[{"count":2,"href":"https:\/\/www.tgrthaber.com\/mavikadin\/wp-json\/wp\/v2\/posts\/273546\/revisions"}],"predecessor-version":[{"id":273555,"href":"https:\/\/www.tgrthaber.com\/mavikadin\/wp-json\/wp\/v2\/posts\/273546\/revisions\/273555"}],"wp:featuredmedia":[{"embeddable":true,"href":"https:\/\/www.tgrthaber.com\/mavikadin\/wp-json\/wp\/v2\/media\/273553"}],"wp:attachment":[{"href":"https:\/\/www.tgrthaber.com\/mavikadin\/wp-json\/wp\/v2\/media?parent=273546"}],"wp:term":[{"taxonomy":"category","embeddable":true,"href":"https:\/\/www.tgrthaber.com\/mavikadin\/wp-json\/wp\/v2\/categories?post=273546"},{"taxonomy":"post_tag","embeddable":true,"href":"https:\/\/www.tgrthaber.com\/mavikadin\/wp-json\/wp\/v2\/tags?post=273546"}],"curies":[{"name":"wp","href":"https:\/\/api.w.org\/{rel}","templated":true}]}}