{"id":273556,"date":"2025-12-10T00:56:33","date_gmt":"2025-12-09T21:56:33","guid":{"rendered":"https:\/\/www.tgrthaber.com\/mavikadin\/?p=273556"},"modified":"2025-12-10T00:56:33","modified_gmt":"2025-12-09T21:56:33","slug":"ruya-gibi-dizisinin-sezeni-kim-gercekte-adi-ne-diziden-once-de-milyonlar-takip-ediyordu-meger-fenomenmis","status":"publish","type":"post","link":"https:\/\/www.tgrthaber.com\/mavikadin\/ruya-gibi-dizisinin-sezeni-kim-gercekte-adi-ne-diziden-once-de-milyonlar-takip-ediyordu-meger-fenomenmis\/","title":{"rendered":"R\u00fcya Gibi dizisinin Sezen\u2019i kim, ger\u00e7ekte ad\u0131 ne? Diziden \u00f6nce de milyonlar takip ediyordu, me\u011fer fenomenmi\u015f!"},"content":{"rendered":"<p class=\"p1\">Show TV ekranlar\u0131n\u0131n merakla beklenen yeni dizisi R\u00fcya Gibi\u2019de Sezen karakteri ile izleyici kar\u015f\u0131s\u0131na \u00e7\u0131kan Yeliz Korkmaz\u2019\u0131n hayat\u0131 merak edildi. G\u00f6sterdi\u011fi performansla dikkatleri \u00fczerine \u00e7eken oyuncunun ger\u00e7ekte kim oldu\u011fu merak ediliyor. Peki R\u00fcya Gibi dizisinin Sezen\u2019i kim, ger\u00e7ekte ad\u0131 ne? \u0130\u015fte detaylar\u2026<\/p>\n<h3>R\u00dcYA G\u0130B\u0130&#8217;N\u0130N SEZEN&#8217;\u0130 K\u0130M GER\u00c7EKTE ADI NE?<\/h3>\n<p class=\"p1\">SHOW TV ekranlar\u0131n\u0131n sevilerek seyredilen yeni dizisi <a href=\"https:\/\/www.tgrthaber.com\/mavikadin\/gokberk-demirci-ruya-gibi-dizisinin-kadrosuna-dahil-oldu\/\">R\u00fcya Gibi<\/a>\u2019de Sezen karakteri ile dikkatleri \u00fczerine \u00e7eken oyuncu Yeliz Korkmaz\u2019\u0131n hayat\u0131 merak edildi.<\/p>\n<p><img loading=\"lazy\" decoding=\"async\" class=\"alignnone wp-image-273563 size-full\" src=\"https:\/\/www.tgrthaber.com\/mavikadin\/wp-content\/uploads\/Ekran-Resmi-2025-12-10-00.49.29.png\" alt=\"\" width=\"1002\" height=\"584\" title=\"\" srcset=\"https:\/\/www.tgrthaber.com\/mavikadin\/wp-content\/uploads\/Ekran-Resmi-2025-12-10-00.49.29.png 1002w, https:\/\/www.tgrthaber.com\/mavikadin\/wp-content\/uploads\/Ekran-Resmi-2025-12-10-00.49.29-300x175.png 300w, https:\/\/www.tgrthaber.com\/mavikadin\/wp-content\/uploads\/Ekran-Resmi-2025-12-10-00.49.29-768x448.png 768w\" sizes=\"(max-width: 1002px) 100vw, 1002px\" \/><\/p>\n<hr \/>\n<p class=\"p1\">G\u00fczellik merkezinde \u00e7al\u0131\u015fan ve Aydan&#8217;\u0131n k\u0131z\u0131 olarak rol alan Sezen daha ilk b\u00f6l\u00fcmlerden g\u00f6sterdi\u011fi oyunculuk performans\u0131 ile dikkatleri \u00fczerine \u00e7ekti. Oyucunun ger\u00e7ek hayat\u0131na dair detaylar merak edilip ara\u015ft\u0131r\u0131lmaya ba\u015fland\u0131.<\/p>\n<p><img loading=\"lazy\" decoding=\"async\" class=\"alignnone wp-image-273557 size-full\" src=\"https:\/\/www.tgrthaber.com\/mavikadin\/wp-content\/uploads\/Ekran-Resmi-2025-12-10-00.45.48.png\" alt=\"\" width=\"988\" height=\"562\" title=\"\" srcset=\"https:\/\/www.tgrthaber.com\/mavikadin\/wp-content\/uploads\/Ekran-Resmi-2025-12-10-00.45.48.png 988w, https:\/\/www.tgrthaber.com\/mavikadin\/wp-content\/uploads\/Ekran-Resmi-2025-12-10-00.45.48-300x171.png 300w, https:\/\/www.tgrthaber.com\/mavikadin\/wp-content\/uploads\/Ekran-Resmi-2025-12-10-00.45.48-768x437.png 768w\" sizes=\"(max-width: 988px) 100vw, 988px\" \/><\/p>\n<hr \/>\n<h3>YEL\u0130Z KORKMAZ K\u0130MD\u0130R?<\/h3>\n<p class=\"p3\">Yeliz Korkmaz 2000 y\u0131l\u0131nda d\u00fcnyaya gelmi\u015ftir. E\u011fitimini \u00dcsk\u00fcdar Valideba\u011f Anadolu Sa\u011fl\u0131k Meslek Lisesi&#8217;nde tamamlam\u0131\u015ft\u0131r. Aslen Ni\u011fdeli olan oyuncu T\u00fcrkiye\u2019de en \u00e7ok takip edilen sosyal medya fenomenlerinden biridir.<\/p>\n<p><img loading=\"lazy\" decoding=\"async\" class=\"alignnone wp-image-273562 size-large\" src=\"https:\/\/www.tgrthaber.com\/mavikadin\/wp-content\/uploads\/Ekran-Resmi-2025-12-10-00.45.57-1024x627.png\" alt=\"\" width=\"1024\" height=\"627\" title=\"\" srcset=\"https:\/\/www.tgrthaber.com\/mavikadin\/wp-content\/uploads\/Ekran-Resmi-2025-12-10-00.45.57-1024x627.png 1024w, https:\/\/www.tgrthaber.com\/mavikadin\/wp-content\/uploads\/Ekran-Resmi-2025-12-10-00.45.57-300x184.png 300w, https:\/\/www.tgrthaber.com\/mavikadin\/wp-content\/uploads\/Ekran-Resmi-2025-12-10-00.45.57-768x470.png 768w, https:\/\/www.tgrthaber.com\/mavikadin\/wp-content\/uploads\/Ekran-Resmi-2025-12-10-00.45.57.png 1026w\" sizes=\"(max-width: 1024px) 100vw, 1024px\" \/><\/p>\n<hr \/>\n<p class=\"p3\">TikTok, Instagram ve YouTube&#8217;da milyonlar\u0131 a\u015fan kitleye sahip olan oyuncu, oyuncu olmadan \u00f6nce de geni\u015f bir kitle taraf\u0131ndan takip edilip be\u011fenilen isimler aras\u0131nda yer al\u0131yordu. Sosyal medyada Semiraminta ad\u0131yla an\u0131lan Yeliz Korkmaz \u015fimdilerde oyunculuk performans\u0131yla g\u00f6z kama\u015ft\u0131r\u0131yor.<\/p>\n<p><img loading=\"lazy\" decoding=\"async\" class=\"alignnone wp-image-273558 size-full\" src=\"https:\/\/www.tgrthaber.com\/mavikadin\/wp-content\/uploads\/Ekran-Resmi-2025-12-10-00.45.53.png\" alt=\"\" width=\"988\" height=\"638\" title=\"\" srcset=\"https:\/\/www.tgrthaber.com\/mavikadin\/wp-content\/uploads\/Ekran-Resmi-2025-12-10-00.45.53.png 988w, https:\/\/www.tgrthaber.com\/mavikadin\/wp-content\/uploads\/Ekran-Resmi-2025-12-10-00.45.53-300x194.png 300w, https:\/\/www.tgrthaber.com\/mavikadin\/wp-content\/uploads\/Ekran-Resmi-2025-12-10-00.45.53-768x496.png 768w\" sizes=\"(max-width: 988px) 100vw, 988px\" \/><\/p>\n<hr \/>\n<h3 class=\"p1\"><b>R\u00dcYA G\u0130B\u0130 D\u0130Z\u0130S\u0130 OYUNCULARI<\/b><\/h3>\n<p class=\"p1\">Dizinin ba\u015frollerini Seda Bakan, U\u011fur G\u00fcne\u015f, Ahsen Ero\u011flu, Emre Bey, \u015eebnem Bozoklu, Celil Nal\u00e7akan, Devrim Yakut ve Menderes Samanc\u0131lar payla\u015f\u0131yor. Bunun yan\u0131 s\u0131ra,<span class=\"Apple-converted-space\">\u00a0 <\/span>Alya, Yeliz Korkmaz, Burcu Kirman, Ya\u011fmur \u00d6zbasmac\u0131, Deniz Altan, Toprak Kahraman, Alper Kut, Furkan Murat U\u011fur, Ferzan Hekimo\u011flu, Asl\u0131han \u00c7elik, Kerim \u0130lhan, Taylan G\u00fcldere, Sel\u00e7uk Borak, Enes Bay, Arzu Oru\u00e7, Efe Altunba\u015f gibi oyuncular yer al\u0131yor.<\/p>\n<p><img loading=\"lazy\" decoding=\"async\" class=\"alignnone wp-image-273559 size-large\" src=\"https:\/\/www.tgrthaber.com\/mavikadin\/wp-content\/uploads\/Ekran-Resmi-2025-12-10-00.45.31-1024x613.png\" alt=\"\" width=\"1024\" height=\"613\" title=\"\" srcset=\"https:\/\/www.tgrthaber.com\/mavikadin\/wp-content\/uploads\/Ekran-Resmi-2025-12-10-00.45.31-1024x613.png 1024w, https:\/\/www.tgrthaber.com\/mavikadin\/wp-content\/uploads\/Ekran-Resmi-2025-12-10-00.45.31-300x180.png 300w, https:\/\/www.tgrthaber.com\/mavikadin\/wp-content\/uploads\/Ekran-Resmi-2025-12-10-00.45.31-768x460.png 768w, https:\/\/www.tgrthaber.com\/mavikadin\/wp-content\/uploads\/Ekran-Resmi-2025-12-10-00.45.31.png 1386w\" sizes=\"(max-width: 1024px) 100vw, 1024px\" \/><\/p>\n<hr \/>\n<h3 class=\"p1\">R\u00dcYA G\u0130B\u0130 D\u0130Z\u0130S\u0130 NEREDE \u00c7EK\u0130L\u0130YOR?<\/h3>\n<p class=\"p1\">Show TV ekranlar\u0131n\u0131n sevilen dizisi R\u00fcya Gibi yay\u0131n hayat\u0131na yeni ba\u015flad\u0131. Daha ilk b\u00f6l\u00fcmleriyle izleyicilerin be\u011fenisini kazanan R\u00fcya Gibi dizisinin \u00e7ekimleri a\u011f\u0131rl\u0131kl\u0131 olarak \u0130stanbul\u2019da ger\u00e7ekle\u015fiyor.<span class=\"Apple-converted-space\">\u00a0<\/span><\/p>\n<p><img loading=\"lazy\" decoding=\"async\" class=\"alignnone wp-image-273561 size-large\" src=\"https:\/\/www.tgrthaber.com\/mavikadin\/wp-content\/uploads\/Ekran-Resmi-2025-12-10-00.45.36-1024x620.png\" alt=\"\" width=\"1024\" height=\"620\" title=\"\" srcset=\"https:\/\/www.tgrthaber.com\/mavikadin\/wp-content\/uploads\/Ekran-Resmi-2025-12-10-00.45.36-1024x620.png 1024w, https:\/\/www.tgrthaber.com\/mavikadin\/wp-content\/uploads\/Ekran-Resmi-2025-12-10-00.45.36-300x182.png 300w, https:\/\/www.tgrthaber.com\/mavikadin\/wp-content\/uploads\/Ekran-Resmi-2025-12-10-00.45.36-768x465.png 768w, https:\/\/www.tgrthaber.com\/mavikadin\/wp-content\/uploads\/Ekran-Resmi-2025-12-10-00.45.36.png 1430w\" sizes=\"(max-width: 1024px) 100vw, 1024px\" \/><\/p>\n<hr \/>\n<p class=\"p1\">Dizinin merkezindeki g\u00fczellik merkezi sahneleri i\u00e7in ise tasarlanm\u0131\u015f kapal\u0131 set alanlar\u0131ndan yararlan\u0131l\u0131yor.<\/p>\n","protected":false},"excerpt":{"rendered":"<p>SHOW TV ekranlar\u0131nda yay\u0131n hayat\u0131na ba\u015flayan R\u00fcya Gibi dizisinin Sezen&#8217;i dikkat \u00e7ekmeye devam ediyor. Dizinin yay\u0131nlanmaya ba\u015flamas\u0131yla birlikte g\u00f6sterdi\u011fi ba\u015far\u0131l\u0131 oyunculuk performans\u0131yla ad\u0131ndan s\u00f6z ettiren Sezen kimdir, ger\u00e7ekte ad\u0131 ne? Diziden \u00f6nce de, milyonlar\u0131 pe\u015finden s\u00fcr\u00fckleyen oyuncunun kim oldu\u011funu duyunca \u00e7ok \u015fa\u015f\u0131racaks\u0131n\u0131z. \u0130\u015fte detaylar&#8230; <\/p>\n","protected":false},"author":16,"featured_media":273564,"comment_status":"closed","ping_status":"closed","sticky":false,"template":"","format":"standard","meta":{"rank_math_lock_modified_date":false,"footnotes":""},"categories":[491],"tags":[3374,16521,67950,67949],"class_list":["post-273556","post","type-post","status-publish","format-standard","has-post-thumbnail","hentry","category-biyografi","tag-biyografi","tag-biyografi-haberleri","tag-ruya-gibi-dizisi-sezen-gercek-adi-ne","tag-ruya-gibi-dizisi-sezen-kim"],"_links":{"self":[{"href":"https:\/\/www.tgrthaber.com\/mavikadin\/wp-json\/wp\/v2\/posts\/273556"}],"collection":[{"href":"https:\/\/www.tgrthaber.com\/mavikadin\/wp-json\/wp\/v2\/posts"}],"about":[{"href":"https:\/\/www.tgrthaber.com\/mavikadin\/wp-json\/wp\/v2\/types\/post"}],"author":[{"embeddable":true,"href":"https:\/\/www.tgrthaber.com\/mavikadin\/wp-json\/wp\/v2\/users\/16"}],"replies":[{"embeddable":true,"href":"https:\/\/www.tgrthaber.com\/mavikadin\/wp-json\/wp\/v2\/comments?post=273556"}],"version-history":[{"count":1,"href":"https:\/\/www.tgrthaber.com\/mavikadin\/wp-json\/wp\/v2\/posts\/273556\/revisions"}],"predecessor-version":[{"id":273565,"href":"https:\/\/www.tgrthaber.com\/mavikadin\/wp-json\/wp\/v2\/posts\/273556\/revisions\/273565"}],"wp:featuredmedia":[{"embeddable":true,"href":"https:\/\/www.tgrthaber.com\/mavikadin\/wp-json\/wp\/v2\/media\/273564"}],"wp:attachment":[{"href":"https:\/\/www.tgrthaber.com\/mavikadin\/wp-json\/wp\/v2\/media?parent=273556"}],"wp:term":[{"taxonomy":"category","embeddable":true,"href":"https:\/\/www.tgrthaber.com\/mavikadin\/wp-json\/wp\/v2\/categories?post=273556"},{"taxonomy":"post_tag","embeddable":true,"href":"https:\/\/www.tgrthaber.com\/mavikadin\/wp-json\/wp\/v2\/tags?post=273556"}],"curies":[{"name":"wp","href":"https:\/\/api.w.org\/{rel}","templated":true}]}}