{"id":273612,"date":"2025-12-10T09:54:44","date_gmt":"2025-12-10T06:54:44","guid":{"rendered":"https:\/\/www.tgrthaber.com\/mavikadin\/?p=273612"},"modified":"2025-12-10T09:54:45","modified_gmt":"2025-12-10T06:54:45","slug":"ulker-abla-dizisi-baslamadan-bitti-yeni-yilda-yayinlanacak-dizilerden-iptal-karari-pes-pese-geldi","status":"publish","type":"post","link":"https:\/\/www.tgrthaber.com\/mavikadin\/ulker-abla-dizisi-baslamadan-bitti-yeni-yilda-yayinlanacak-dizilerden-iptal-karari-pes-pese-geldi\/","title":{"rendered":"\u00dclker Abla dizisi ba\u015flamadan bitti! Yeni y\u0131lda yay\u0131nlanacak dizilerden iptal karar\u0131 pe\u015f pe\u015fe geldi"},"content":{"rendered":"<p>Hen\u00fcz haz\u0131rl\u0131k a\u015famas\u0131nda olan \u00dclker Abla dizisi ba\u015flamadan bitti. Seyirci taraf\u0131ndan merakla beklenen dizi i\u00e7in iptal karar\u0131 verildi. Yeni y\u0131lda yay\u0131nlanacak iddial\u0131 diziler aras\u0131nda yer alan \u00dclker Abla\u2019n\u0131n hikayesi hen\u00fcz ba\u015flamadan sona erdi. 2026 y\u0131l\u0131 i\u00e7in haz\u0131rlanan dizilerden iptal karar\u0131 pe\u015f pe\u015fe geldi. B\u00fcy\u00fck bir \u00f6zveriyle haz\u0131rl\u0131klar\u0131 yap\u0131lan dizi, iptal karar\u0131yla izleyicisini \u015fa\u015fk\u0131na \u00e7evirdi.<\/p>\n<h3>\u00dcLKER ABLA D\u0130Z\u0130S\u0130 BA\u015eLAMADAN B\u0130TT\u0130!<\/h3>\n<p>Gold Film\u2019in NOW TV ekranlar\u0131 i\u00e7in \u00e7ekece\u011fi \u00dclker Abla dizisi, ba\u015flamadan bitti. Ge\u00e7ti\u011fimiz aylarda oyuncu anla\u015fmalar\u0131 yava\u015f yava\u015f tamamlanan dizi i\u00e7in iptal karar\u0131 verildi. Seray \u015eahiner\u2019in \u00f6d\u00fcll\u00fc kitab\u0131 \u2018\u00dclker Abla\u2019dan uyarlanarak ekranlara gelmesi planlanan dizi iptal karar\u0131yla izleyicisini \u015fa\u015fk\u0131na \u00e7evirdi.<\/p>\n<p><img loading=\"lazy\" decoding=\"async\" class=\"size-full wp-image-273624\" src=\"https:\/\/www.tgrthaber.com\/mavikadin\/wp-content\/uploads\/Ulker-Abla-dizi-iptal-karari-3.jpg\" alt=\"\u00dclker Abla dizisi ba\u015flamadan bitti! Yeni y\u0131lda yay\u0131nlanacak dizilerden iptal karar\u0131 pe\u015f pe\u015fe geldi\" width=\"1208\" height=\"680\" title=\"\" srcset=\"https:\/\/www.tgrthaber.com\/mavikadin\/wp-content\/uploads\/Ulker-Abla-dizi-iptal-karari-3.jpg 1208w, https:\/\/www.tgrthaber.com\/mavikadin\/wp-content\/uploads\/Ulker-Abla-dizi-iptal-karari-3-300x169.jpg 300w, https:\/\/www.tgrthaber.com\/mavikadin\/wp-content\/uploads\/Ulker-Abla-dizi-iptal-karari-3-1024x576.jpg 1024w, https:\/\/www.tgrthaber.com\/mavikadin\/wp-content\/uploads\/Ulker-Abla-dizi-iptal-karari-3-768x432.jpg 768w\" sizes=\"(max-width: 1208px) 100vw, 1208px\" \/><\/p>\n<hr \/>\n<p>\u0130ptal edilen \u00dclker Abla dizisinin y\u00f6netmen koltu\u011funda \u00d6m\u00fcr Atay otururken, diziyi kaleme alan isim ise ba\u015far\u0131l\u0131 kalem Seray \u015eahiner olacakt\u0131. Seyircinin heyecanla bekledi\u011fi dizi b\u00fcy\u00fck bir \u00f6zveriyle haz\u0131rlan\u0131yordu. Hen\u00fcz haz\u0131rl\u0131k a\u015famas\u0131nda olan \u00dclker Abla dizinin yeni y\u0131lda yay\u0131nlanmas\u0131 planlan\u0131yordu.<\/p>\n<p><img loading=\"lazy\" decoding=\"async\" class=\"size-full wp-image-273625\" src=\"https:\/\/www.tgrthaber.com\/mavikadin\/wp-content\/uploads\/Ulker-Abla-dizi-iptal-karari-4.jpg\" alt=\"\u00dclker Abla dizisi ba\u015flamadan bitti! Yeni y\u0131lda yay\u0131nlanacak dizilerden iptal karar\u0131 pe\u015f pe\u015fe geldi\" width=\"1208\" height=\"680\" title=\"\" srcset=\"https:\/\/www.tgrthaber.com\/mavikadin\/wp-content\/uploads\/Ulker-Abla-dizi-iptal-karari-4.jpg 1208w, https:\/\/www.tgrthaber.com\/mavikadin\/wp-content\/uploads\/Ulker-Abla-dizi-iptal-karari-4-300x169.jpg 300w, https:\/\/www.tgrthaber.com\/mavikadin\/wp-content\/uploads\/Ulker-Abla-dizi-iptal-karari-4-1024x576.jpg 1024w, https:\/\/www.tgrthaber.com\/mavikadin\/wp-content\/uploads\/Ulker-Abla-dizi-iptal-karari-4-768x432.jpg 768w\" sizes=\"(max-width: 1208px) 100vw, 1208px\" \/><\/p>\n<hr \/>\n<p>Gazeteci Birsen Altunta\u015f\u2019\u0131n haberine g\u00f6re; Gold Film imzal\u0131 <a href=\"https:\/\/www.tgrthaber.com\/mavikadin\/ulker-abla-dizisinin-yonetmeni-kesinlesti-omur-atay-bomba-gibi-geliyor\/\">\u00dclker Abla<\/a> dizisi, artan maliyetler ve kanallar\u0131n d\u00fc\u015f\u00fck b\u00fct\u00e7e vermesi nedeniyle iptal karar\u0131 ald\u0131. Gold Film, projenin hen\u00fcz yay\u0131nlanmadan bitmesi karar\u0131n\u0131 ald\u0131.<\/p>\n<p><img loading=\"lazy\" decoding=\"async\" class=\"size-full wp-image-273628\" src=\"https:\/\/www.tgrthaber.com\/mavikadin\/wp-content\/uploads\/Ulker-Abla-dizi-iptal-karari-7.jpg\" alt=\"\u00dclker Abla dizisi ba\u015flamadan bitti! Yeni y\u0131lda yay\u0131nlanacak dizilerden iptal karar\u0131 pe\u015f pe\u015fe geldi\" width=\"1208\" height=\"680\" title=\"\" srcset=\"https:\/\/www.tgrthaber.com\/mavikadin\/wp-content\/uploads\/Ulker-Abla-dizi-iptal-karari-7.jpg 1208w, https:\/\/www.tgrthaber.com\/mavikadin\/wp-content\/uploads\/Ulker-Abla-dizi-iptal-karari-7-300x169.jpg 300w, https:\/\/www.tgrthaber.com\/mavikadin\/wp-content\/uploads\/Ulker-Abla-dizi-iptal-karari-7-1024x576.jpg 1024w, https:\/\/www.tgrthaber.com\/mavikadin\/wp-content\/uploads\/Ulker-Abla-dizi-iptal-karari-7-768x432.jpg 768w\" sizes=\"(max-width: 1208px) 100vw, 1208px\" \/><\/p>\n<hr \/>\n<p>Seray \u015eahiner\u2019in ayn\u0131 adl\u0131 eserinden uyarlanacak olan dizi i\u00e7in Gonca Vuslateri ve Olgun \u015eim\u015fek\u2019le el s\u0131k\u0131\u015f\u0131lm\u0131\u015ft\u0131. Dizinin ba\u015frol oyuncusu Gonca Vuslateri ise ge\u00e7ti\u011fimiz hafta projeden \u00e7ekilmi\u015fti.<\/p>\n<p><img loading=\"lazy\" decoding=\"async\" class=\"size-full wp-image-273626\" src=\"https:\/\/www.tgrthaber.com\/mavikadin\/wp-content\/uploads\/Ulker-Abla-dizi-iptal-karari-5.jpg\" alt=\"\u00dclker Abla dizisi ba\u015flamadan bitti! Yeni y\u0131lda yay\u0131nlanacak dizilerden iptal karar\u0131 pe\u015f pe\u015fe geldi\" width=\"1208\" height=\"680\" title=\"\" srcset=\"https:\/\/www.tgrthaber.com\/mavikadin\/wp-content\/uploads\/Ulker-Abla-dizi-iptal-karari-5.jpg 1208w, https:\/\/www.tgrthaber.com\/mavikadin\/wp-content\/uploads\/Ulker-Abla-dizi-iptal-karari-5-300x169.jpg 300w, https:\/\/www.tgrthaber.com\/mavikadin\/wp-content\/uploads\/Ulker-Abla-dizi-iptal-karari-5-1024x576.jpg 1024w, https:\/\/www.tgrthaber.com\/mavikadin\/wp-content\/uploads\/Ulker-Abla-dizi-iptal-karari-5-768x432.jpg 768w\" sizes=\"(max-width: 1208px) 100vw, 1208px\" \/><\/p>\n<hr \/>\n<h3>YEN\u0130 YILDA YAYINLANACAK D\u0130Z\u0130LERDEN \u0130PTAL KARARI PE\u015e PE\u015eE GELD\u0130!<\/h3>\n<p>2026 y\u0131l\u0131 i\u00e7in haz\u0131rlanan dizilerden pe\u015f pe\u015fe iptal karar\u0131 geldi. NGM\u2018nin Serseri A\u015f\u0131klar, O3 Medya\u2018n\u0131n Hayat\u0131n Benim adl\u0131 dizilerinin ard\u0131ndan bir iptal haberi de Gold Film imzas\u0131 ta\u015f\u0131yan<a href=\"https:\/\/www.tgrthaber.com\/mavikadin\/ulker-abla-dizisine-iki-iddiali-transfer-olgun-simsek-ve-gonca-vuslateri-bomba-gibi-geliyor\/?p=5\"> \u00dclker Abla<\/a> dizisinden geldi. Yeni sezonun ba\u015flamas\u0131yla birlikte bir\u00e7ok ba\u015far\u0131l\u0131 dizi ekranlarda yerini al\u0131rken, <a href=\"https:\/\/www.tgrthaber.com\/mavikadin\/yeni-yila-dizi-yagmuru-2026da-12-yeni-yapim-yolda\/\">yeni y\u0131lda<\/a> da yap\u0131mlardan \u00e7e\u015fitli projeler gelece\u011fi duyurulmu\u015ftu.<\/p>\n<p><img loading=\"lazy\" decoding=\"async\" class=\"size-full wp-image-273629\" src=\"https:\/\/www.tgrthaber.com\/mavikadin\/wp-content\/uploads\/Ulker-Abla-dizi-iptal-karari-1.jpg\" alt=\"\u00dclker Abla dizisi ba\u015flamadan bitti! Yeni y\u0131lda yay\u0131nlanacak dizilerden iptal karar\u0131 pe\u015f pe\u015fe geldi\" width=\"1208\" height=\"680\" title=\"\" srcset=\"https:\/\/www.tgrthaber.com\/mavikadin\/wp-content\/uploads\/Ulker-Abla-dizi-iptal-karari-1.jpg 1208w, https:\/\/www.tgrthaber.com\/mavikadin\/wp-content\/uploads\/Ulker-Abla-dizi-iptal-karari-1-300x169.jpg 300w, https:\/\/www.tgrthaber.com\/mavikadin\/wp-content\/uploads\/Ulker-Abla-dizi-iptal-karari-1-1024x576.jpg 1024w, https:\/\/www.tgrthaber.com\/mavikadin\/wp-content\/uploads\/Ulker-Abla-dizi-iptal-karari-1-768x432.jpg 768w\" sizes=\"(max-width: 1208px) 100vw, 1208px\" \/><\/p>\n<hr \/>\n<p>Fakat \u015firketler, artan maliyetler ve kanallar\u0131n d\u00fc\u015f\u00fck b\u00fct\u00e7e vermesi nedeniyle yeni y\u0131lda yay\u0131nlanacak olan projeleri iptal etme karar\u0131 ald\u0131. \u2018Serseri A\u015f\u0131klar\u2019 ve \u2018Hayat\u0131n Benim\u2019 dizisinin ard\u0131ndan bir yay\u0131ndan kald\u0131r\u0131lma haberi de \u00dclker Abla dizisinden geldi. Merakla beklenen dizinin izleyicileri iptal karar\u0131 kar\u015f\u0131s\u0131nda \u015fa\u015fk\u0131na d\u00f6nd\u00fc.<\/p>\n","protected":false},"excerpt":{"rendered":"<p>Heyecanla beklenen \u00dclker Abla dizisi i\u00e7in iptal karar\u0131 verildi. B\u00fcy\u00fck bir \u00f6zveriyle haz\u0131rl\u0131klar\u0131 yap\u0131lan dizi ba\u015flamadan bitti. Yeni y\u0131lda yay\u0131nlanacak dizilerden iptal karar\u0131 pe\u015f pe\u015fe geldi. \u0130\u015fte detaylar\u2026<\/p>\n","protected":false},"author":26,"featured_media":273627,"comment_status":"closed","ping_status":"closed","sticky":false,"template":"","format":"standard","meta":{"rank_math_lock_modified_date":false,"footnotes":""},"categories":[602],"tags":[32159,2628,3602,15342,61427,64718],"class_list":["post-273612","post","type-post","status-publish","format-standard","has-post-thumbnail","hentry","category-diziler","tag-dizi","tag-dizi-haberleri","tag-diziler","tag-gold-film","tag-ulker-abla","tag-ulker-abla-dizisi"],"_links":{"self":[{"href":"https:\/\/www.tgrthaber.com\/mavikadin\/wp-json\/wp\/v2\/posts\/273612"}],"collection":[{"href":"https:\/\/www.tgrthaber.com\/mavikadin\/wp-json\/wp\/v2\/posts"}],"about":[{"href":"https:\/\/www.tgrthaber.com\/mavikadin\/wp-json\/wp\/v2\/types\/post"}],"author":[{"embeddable":true,"href":"https:\/\/www.tgrthaber.com\/mavikadin\/wp-json\/wp\/v2\/users\/26"}],"replies":[{"embeddable":true,"href":"https:\/\/www.tgrthaber.com\/mavikadin\/wp-json\/wp\/v2\/comments?post=273612"}],"version-history":[{"count":2,"href":"https:\/\/www.tgrthaber.com\/mavikadin\/wp-json\/wp\/v2\/posts\/273612\/revisions"}],"predecessor-version":[{"id":273632,"href":"https:\/\/www.tgrthaber.com\/mavikadin\/wp-json\/wp\/v2\/posts\/273612\/revisions\/273632"}],"wp:featuredmedia":[{"embeddable":true,"href":"https:\/\/www.tgrthaber.com\/mavikadin\/wp-json\/wp\/v2\/media\/273627"}],"wp:attachment":[{"href":"https:\/\/www.tgrthaber.com\/mavikadin\/wp-json\/wp\/v2\/media?parent=273612"}],"wp:term":[{"taxonomy":"category","embeddable":true,"href":"https:\/\/www.tgrthaber.com\/mavikadin\/wp-json\/wp\/v2\/categories?post=273612"},{"taxonomy":"post_tag","embeddable":true,"href":"https:\/\/www.tgrthaber.com\/mavikadin\/wp-json\/wp\/v2\/tags?post=273612"}],"curies":[{"name":"wp","href":"https:\/\/api.w.org\/{rel}","templated":true}]}}