{"id":273630,"date":"2025-12-10T10:26:46","date_gmt":"2025-12-10T07:26:46","guid":{"rendered":"https:\/\/www.tgrthaber.com\/mavikadin\/?p=273630"},"modified":"2025-12-10T10:32:02","modified_gmt":"2025-12-10T07:32:02","slug":"2026-modasina-damga-vuracak-renkler-yeni-sezonun-kodlari-cozuldu","status":"publish","type":"post","link":"https:\/\/www.tgrthaber.com\/mavikadin\/2026-modasina-damga-vuracak-renkler-yeni-sezonun-kodlari-cozuldu\/","title":{"rendered":"2026 modas\u0131na damga vuracak renkler! Yeni sezonun kodlar\u0131 \u00e7\u00f6z\u00fcld\u00fc"},"content":{"rendered":"<p>Cesaretin dinginlikle bulu\u015ftu\u011fu 2026 modas\u0131 do\u011fadan gelen yumu\u015fak <a href=\"https:\/\/www.tgrthaber.com\/mavikadin\/evinizi-bastan-sona-degistirecek-2026-kirlent-modelleri\/\">renk<\/a> tonlar\u0131n\u0131n teknolojik enerjilerle harmanland\u0131\u011f\u0131 iddial\u0131 bir palet sunuyor. Bu y\u0131l tasar\u0131mc\u0131lar, duygusal dengeyi, s\u00fcrd\u00fcr\u00fclebilir bir bak\u0131\u015f a\u00e7\u0131s\u0131n\u0131 ve g\u00f6rsel dinamizmi ayn\u0131 potada eriterek sezonun renk hik\u00e2yesini yeniden \u015fekillendiriyor.<\/p>\n<h3>2026 MODASINA DAMGA VURACAK RENKLER<\/h3>\n<h3>Do\u011fan\u0131n Yeniden Do\u011fu\u015fu: Ye\u015filler &amp; Mavi-Ye\u015filler<\/h3>\n<p>Yeni sezonda ye\u015filler yaln\u0131zca do\u011fal bir ton olarak de\u011fil, bir \u201cya\u015fam enerjisi\u201d simgesi olarak \u00f6ne \u00e7\u0131k\u0131yor. Chartreuse gibi canl\u0131 ye\u015filler podyumlarda patlama yaparken, daha sakin ada\u00e7ay\u0131, zeytin ve teal tonlar\u0131 sofistike bir denge sa\u011fl\u0131yor. Bu tonlar hem g\u00fcndelik par\u00e7alara hem de modern minimalizm ak\u0131m\u0131na y\u00f6n veriyor.<\/p>\n<p><img loading=\"lazy\" decoding=\"async\" class=\"aligncenter size-full wp-image-273634\" src=\"https:\/\/www.tgrthaber.com\/mavikadin\/wp-content\/uploads\/renkler-1.png\" alt=\"\" width=\"1208\" height=\"680\" title=\"\" srcset=\"https:\/\/www.tgrthaber.com\/mavikadin\/wp-content\/uploads\/renkler-1.png 1208w, https:\/\/www.tgrthaber.com\/mavikadin\/wp-content\/uploads\/renkler-1-300x169.png 300w, https:\/\/www.tgrthaber.com\/mavikadin\/wp-content\/uploads\/renkler-1-1024x576.png 1024w, https:\/\/www.tgrthaber.com\/mavikadin\/wp-content\/uploads\/renkler-1-768x432.png 768w\" sizes=\"(max-width: 1208px) 100vw, 1208px\" \/><\/p>\n<hr \/>\n<h3>Derin ve M\u00fccevhersi Renkler<\/h3>\n<p>Z\u00fcmr\u00fct ye\u015fili, koyu mor ve bordonun ihti\u015fam\u0131 2026\u2019da g\u00fc\u00e7l\u00fc bir \u015fekilde sahnede. Bu <a href=\"https:\/\/www.tgrthaber.com\/mavikadin\/2026-yilbasinda-kadinlara-alinacak-hediye-modelleri\/\">renkler<\/a>, \u00f6zellikle ak\u015fam elbiselerinde ve dramatik sil\u00fcetlerde l\u00fcks bir hava kat\u0131yor. Modern couture\u2019un romantik, hafif karanl\u0131k atmosferi bu m\u00fccevher tonlar\u0131yla birle\u015ferek g\u00fc\u00e7l\u00fc bir moda dili olu\u015fturuyor.<\/p>\n<h3>Pastel Dokunu\u015flar: Romantik ve Yumu\u015fak<\/h3>\n<p>Y\u0131l\u0131n s\u00fcrprizlerinden biri, pastellerin tekrar y\u00fckseli\u015fi. Lavanta, soft pembe, \u015feftali ve krem-tonlar\u0131, feminen ama sade bir \u00e7izgi sunuyor. \u00d6zellikle pamuk, ipek ve transparan dokularla birle\u015fti\u011finde zarif, \u201ctemiz\u201d bir g\u00f6r\u00fcn\u00fcm sa\u011fl\u0131yor. Pastel tonlar minimalist giyimle birle\u015fince modern bir tazelik getiriyor.<\/p>\n<p><img loading=\"lazy\" decoding=\"async\" class=\"aligncenter size-full wp-image-273636\" src=\"https:\/\/www.tgrthaber.com\/mavikadin\/wp-content\/uploads\/renkler-2.png\" alt=\"\" width=\"1208\" height=\"680\" title=\"\" srcset=\"https:\/\/www.tgrthaber.com\/mavikadin\/wp-content\/uploads\/renkler-2.png 1208w, https:\/\/www.tgrthaber.com\/mavikadin\/wp-content\/uploads\/renkler-2-300x169.png 300w, https:\/\/www.tgrthaber.com\/mavikadin\/wp-content\/uploads\/renkler-2-1024x576.png 1024w, https:\/\/www.tgrthaber.com\/mavikadin\/wp-content\/uploads\/renkler-2-768x432.png 768w\" sizes=\"(max-width: 1208px) 100vw, 1208px\" \/><\/p>\n<hr \/>\n<h3>Cesur Kontrastlar: Renk \u00c7arp\u0131\u015fmas\u0131 Esteti\u011fi<\/h3>\n<p>2026, renk uyumunun yeniden tan\u0131mland\u0131\u011f\u0131 bir y\u0131l. Turuncu ile pembe, mor ile ye\u015fil, neon ile n\u00f6trler\u2026 Moda sahnesi cesur kar\u015f\u0131tl\u0131klar\u0131 kucakl\u0131yor. Bu trend \u00f6zellikle gen\u00e7 ve ilgin\u00e7 sokak modas\u0131nda enerjik bir ifade arac\u0131 olarak \u00f6ne \u00e7\u0131k\u0131yor.<\/p>\n<h3>BU RENKLER\u0130 ST\u0130L\u0130NDE NASIL KULLANMALISIN?<\/h3>\n<p>G\u00fc\u00e7l\u00fc renk + n\u00f6tr kombinleri y\u0131l\u0131n en pratik ve modern yakla\u015f\u0131m\u0131. Bir chartreuse \u00fcst\u00fc bej bir pantolonla e\u015fle\u015ftirmek gibi.<\/p>\n<p>Pastel tonlar\u0131 sade alt\u0131n aksesuarlarla bir araya getirerek zarif bir minimalizm yakalayabilirsin.<\/p>\n<p>Derin m\u00fccevher tonlar\u0131, \u00f6zellikle kadife, saten ve deri dokularla birle\u015fti\u011finde k\u0131\u015f aylar\u0131n\u0131n favorisi olacak.<\/p>\n<p>Cesur olmak istiyorsan, color-clash trendi tam sana g\u00f6re: kontrast renkleri bilin\u00e7li bir kaosla birle\u015ftirerek modern bir ifade olu\u015fturabilirsin.<\/p>\n<p><img loading=\"lazy\" decoding=\"async\" class=\"aligncenter size-full wp-image-273637\" src=\"https:\/\/www.tgrthaber.com\/mavikadin\/wp-content\/uploads\/renkler-3.png\" alt=\"\" width=\"1208\" height=\"680\" title=\"\" srcset=\"https:\/\/www.tgrthaber.com\/mavikadin\/wp-content\/uploads\/renkler-3.png 1208w, https:\/\/www.tgrthaber.com\/mavikadin\/wp-content\/uploads\/renkler-3-300x169.png 300w, https:\/\/www.tgrthaber.com\/mavikadin\/wp-content\/uploads\/renkler-3-1024x576.png 1024w, https:\/\/www.tgrthaber.com\/mavikadin\/wp-content\/uploads\/renkler-3-768x432.png 768w\" sizes=\"(max-width: 1208px) 100vw, 1208px\" \/><\/p>\n<hr \/>\n<h3>2026 RENKLER\u0130N\u0130 EVDE KULLANMANIN YOLLARI<\/h3>\n<p>2026 modas\u0131n\u0131n \u00f6ne \u00e7\u0131kan renkleri, ev dekorasyonunda da modern ve etkileyici bir atmosfer olu\u015fturmak i\u00e7in ideal. Do\u011fadan ilham alan ye\u015fillerden derin m\u00fccevher tonlar\u0131na, yumu\u015fak pastellerden cesur kontrastlara kadar her renk, ya\u015fam alan\u0131na farkl\u0131 bir karakter kazand\u0131r\u0131yor.<\/p>\n<h3><img loading=\"lazy\" decoding=\"async\" class=\"aligncenter size-full wp-image-273639\" src=\"https:\/\/www.tgrthaber.com\/mavikadin\/wp-content\/uploads\/renkler-4.png\" alt=\"\" width=\"1208\" height=\"680\" title=\"\" srcset=\"https:\/\/www.tgrthaber.com\/mavikadin\/wp-content\/uploads\/renkler-4.png 1208w, https:\/\/www.tgrthaber.com\/mavikadin\/wp-content\/uploads\/renkler-4-300x169.png 300w, https:\/\/www.tgrthaber.com\/mavikadin\/wp-content\/uploads\/renkler-4-1024x576.png 1024w, https:\/\/www.tgrthaber.com\/mavikadin\/wp-content\/uploads\/renkler-4-768x432.png 768w\" sizes=\"(max-width: 1208px) 100vw, 1208px\" \/><\/h3>\n<hr \/>\n<h3>Do\u011fal Ye\u015filler ve Chartreuse: Enerjik ve Canl\u0131 Dokunu\u015flar<\/h3>\n<p>Canl\u0131 chartreuse ve ada\u00e7ay\u0131 tonlar\u0131, odalarda vurgu rengi olarak \u00f6ne \u00e7\u0131k\u0131yor. Tek bir duvar\u0131n chartreuse ile boyanmas\u0131, mek\u00e2na modern ve enerjik bir hava katarken, ye\u015fil tonlar\u0131ndaki aksesuarlar ve bitkiler do\u011fal bir b\u00fct\u00fcnl\u00fck sa\u011fl\u0131yor.<\/p>\n<h3>M\u00fccevher Tonlar\u0131: L\u00fcks ve Sofistike Alanlar<\/h3>\n<p>Z\u00fcmr\u00fct ye\u015fili, bordo ve koyu mor gibi derin renkler, sofistike bir dokunu\u015f i\u00e7in ideal. Kadife yast\u0131klar, koyu tonlu perdeler veya tek bir derin renk koltuk par\u00e7as\u0131 odan\u0131n havas\u0131n\u0131 an\u0131nda de\u011fi\u015ftirebilir. Yatak odas\u0131nda koyu tonlu bir yatak \u00f6rt\u00fcs\u00fc, dramatik ama \u015f\u0131k bir ortam sunar.<\/p>\n<p><img loading=\"lazy\" decoding=\"async\" class=\"aligncenter size-full wp-image-273640\" src=\"https:\/\/www.tgrthaber.com\/mavikadin\/wp-content\/uploads\/renkler-5.png\" alt=\"\" width=\"1208\" height=\"680\" title=\"\" srcset=\"https:\/\/www.tgrthaber.com\/mavikadin\/wp-content\/uploads\/renkler-5.png 1208w, https:\/\/www.tgrthaber.com\/mavikadin\/wp-content\/uploads\/renkler-5-300x169.png 300w, https:\/\/www.tgrthaber.com\/mavikadin\/wp-content\/uploads\/renkler-5-1024x576.png 1024w, https:\/\/www.tgrthaber.com\/mavikadin\/wp-content\/uploads\/renkler-5-768x432.png 768w\" sizes=\"(max-width: 1208px) 100vw, 1208px\" \/><\/p>\n<hr \/>\n<h3>Pasteller: Yumu\u015fak ve Ferah Atmosfer<\/h3>\n<p>Lavanta, soft pembe ve \u015feftali tonlar\u0131, evde romantik ve sakin bir hava sunmak i\u00e7in kullan\u0131labilir. Pastel tonlar, \u00f6zellikle yatak odas\u0131 ve \u00e7al\u0131\u015fma alanlar\u0131nda dingin bir atmosfer sunar. Krem ve \u015feftali tonlar\u0131n\u0131 mutfakta seramiklerde veya masa aksesuarlar\u0131nda kullanmak s\u0131cak bir g\u00f6r\u00fcn\u00fcm sa\u011flar.<\/p>\n<p><img loading=\"lazy\" decoding=\"async\" class=\"aligncenter size-full wp-image-273638\" src=\"https:\/\/www.tgrthaber.com\/mavikadin\/wp-content\/uploads\/renkler-6.png\" alt=\"\" width=\"1208\" height=\"680\" title=\"\" srcset=\"https:\/\/www.tgrthaber.com\/mavikadin\/wp-content\/uploads\/renkler-6.png 1208w, https:\/\/www.tgrthaber.com\/mavikadin\/wp-content\/uploads\/renkler-6-300x169.png 300w, https:\/\/www.tgrthaber.com\/mavikadin\/wp-content\/uploads\/renkler-6-1024x576.png 1024w, https:\/\/www.tgrthaber.com\/mavikadin\/wp-content\/uploads\/renkler-6-768x432.png 768w\" sizes=\"(max-width: 1208px) 100vw, 1208px\" \/><\/p>\n<hr \/>\n<h3>Renk \u00c7arp\u0131\u015fmas\u0131: Cesur ve Modern Kombinler<\/h3>\n<p>Turuncu ve pembe, mor ve zeytin gibi kontrast renkler, ev dekorasyonunda da dikkat \u00e7ekici bir etki olu\u015fturur. Cesur renk kombinasyonlar\u0131, modern ve enerjik bir mekan olu\u015fturmak i\u00e7in ideal. Renk \u00e7arp\u0131\u015fmalar\u0131n\u0131 tek bir oda veya bir k\u00f6\u015fe ile ba\u015flatmak, g\u00f6z yormadan stil sahibi bir atmosfer olu\u015fturur.<\/p>\n","protected":false},"excerpt":{"rendered":"<p>2026 modas\u0131, cesaret ile sakinli\u011fin bulu\u015ftu\u011fu, do\u011fan\u0131n tonlar\u0131yla teknolojik enerjinin harmanland\u0131\u011f\u0131 g\u00fc\u00e7l\u00fc bir renk paleti sunuyor. Tasar\u0131mc\u0131lar bu y\u0131l duygusal dengeyi, s\u00fcrd\u00fcr\u00fclebilirlik kavram\u0131n\u0131 ve g\u00f6rsel dinamizmi ayn\u0131 anda yans\u0131tan renkleri merkeze al\u0131yor.<\/p>\n","protected":false},"author":5,"featured_media":273641,"comment_status":"closed","ping_status":"closed","sticky":false,"template":"","format":"standard","meta":{"rank_math_lock_modified_date":false,"footnotes":""},"categories":[101],"tags":[66305,67958,67959],"class_list":["post-273630","post","type-post","status-publish","format-standard","has-post-thumbnail","hentry","category-kesfet","tag-2026-modasi","tag-2026-modasi-renkleri","tag-pastel-renk-modasi"],"_links":{"self":[{"href":"https:\/\/www.tgrthaber.com\/mavikadin\/wp-json\/wp\/v2\/posts\/273630"}],"collection":[{"href":"https:\/\/www.tgrthaber.com\/mavikadin\/wp-json\/wp\/v2\/posts"}],"about":[{"href":"https:\/\/www.tgrthaber.com\/mavikadin\/wp-json\/wp\/v2\/types\/post"}],"author":[{"embeddable":true,"href":"https:\/\/www.tgrthaber.com\/mavikadin\/wp-json\/wp\/v2\/users\/5"}],"replies":[{"embeddable":true,"href":"https:\/\/www.tgrthaber.com\/mavikadin\/wp-json\/wp\/v2\/comments?post=273630"}],"version-history":[{"count":4,"href":"https:\/\/www.tgrthaber.com\/mavikadin\/wp-json\/wp\/v2\/posts\/273630\/revisions"}],"predecessor-version":[{"id":273646,"href":"https:\/\/www.tgrthaber.com\/mavikadin\/wp-json\/wp\/v2\/posts\/273630\/revisions\/273646"}],"wp:featuredmedia":[{"embeddable":true,"href":"https:\/\/www.tgrthaber.com\/mavikadin\/wp-json\/wp\/v2\/media\/273641"}],"wp:attachment":[{"href":"https:\/\/www.tgrthaber.com\/mavikadin\/wp-json\/wp\/v2\/media?parent=273630"}],"wp:term":[{"taxonomy":"category","embeddable":true,"href":"https:\/\/www.tgrthaber.com\/mavikadin\/wp-json\/wp\/v2\/categories?post=273630"},{"taxonomy":"post_tag","embeddable":true,"href":"https:\/\/www.tgrthaber.com\/mavikadin\/wp-json\/wp\/v2\/tags?post=273630"}],"curies":[{"name":"wp","href":"https:\/\/api.w.org\/{rel}","templated":true}]}}