{"id":273654,"date":"2025-12-10T10:56:55","date_gmt":"2025-12-10T07:56:55","guid":{"rendered":"https:\/\/www.tgrthaber.com\/mavikadin\/?p=273654"},"modified":"2025-12-10T10:56:55","modified_gmt":"2025-12-10T07:56:55","slug":"tugba-melis-turkten-anlamli-umre-ziyareti-adiyla-ilgili-gercegi-ilk-kez-anlatti","status":"publish","type":"post","link":"https:\/\/www.tgrthaber.com\/mavikadin\/tugba-melis-turkten-anlamli-umre-ziyareti-adiyla-ilgili-gercegi-ilk-kez-anlatti\/","title":{"rendered":"Tu\u011fba Melis T\u00fcrk\u2019ten anlaml\u0131 umre ziyareti! Ad\u0131yla ilgili ger\u00e7e\u011fi ilk kez anlatt\u0131"},"content":{"rendered":"<p>Best Model of T\u00fcrkiye birincisi olarak \u00fcnlenen Tu\u011fba Melis T\u00fcrk, sosyal medyadan umreye gitti\u011fini duyurdu. Oradan yapt\u0131\u011f\u0131 payla\u015f\u0131mlar ile dikkat \u00e7eken Tu\u011fba Melis T\u00fcrk, ad\u0131yla ilgili de a\u00e7\u0131klamalar da bulundu. \u0130\u015fte detaylar\u2026<\/p>\n<h3>TU\u011eBA MEL\u0130S T\u00dcRK\u2019TEN ANLAMLI UMRE Z\u0130YARET\u0130!<\/h3>\n<p>\u00dcnl\u00fc oyuncu Tu\u011fba Melis T\u00fcrk, kariyerine gen\u00e7 ya\u015flarda ad\u0131m atm\u0131\u015ft\u0131r. 2011 y\u0131l\u0131nda kazand\u0131\u011f\u0131 Best Model of T\u00fcrkiye birincili\u011fi ile de k\u0131sa s\u00fcrede geni\u015f kitlelerin dikkatini \u00e7ekmi\u015fti. Modellik ile gelen ba\u015far\u0131s\u0131n\u0131n oyunculukla ilerletmek isteyen Tu\u011fba Melis T\u00fcrk, bir\u00e7ok dizi ve film projesinde yer alm\u0131\u015ft\u0131r.<\/p>\n<p><img loading=\"lazy\" decoding=\"async\" class=\"alignnone size-full wp-image-273672\" src=\"https:\/\/www.tgrthaber.com\/mavikadin\/wp-content\/uploads\/tugba-melis-turk-7.jpg\" alt=\"Tu\u011fba Melis T\u00fcrk\u2019ten anlaml\u0131 umre ziyareti! Ad\u0131yla ilgili ger\u00e7e\u011fi ilk kez anlatt\u0131\" width=\"1208\" height=\"680\" title=\"\" srcset=\"https:\/\/www.tgrthaber.com\/mavikadin\/wp-content\/uploads\/tugba-melis-turk-7.jpg 1208w, https:\/\/www.tgrthaber.com\/mavikadin\/wp-content\/uploads\/tugba-melis-turk-7-300x169.jpg 300w, https:\/\/www.tgrthaber.com\/mavikadin\/wp-content\/uploads\/tugba-melis-turk-7-1024x576.jpg 1024w, https:\/\/www.tgrthaber.com\/mavikadin\/wp-content\/uploads\/tugba-melis-turk-7-768x432.jpg 768w\" sizes=\"(max-width: 1208px) 100vw, 1208px\" \/><\/p>\n<hr \/>\n<p>Ekranlar\u0131n tan\u0131nan y\u00fczleri aras\u0131nda yer alan Tu\u011fba Melis T\u00fcrk, g\u00fczelli\u011fi, duru enerjisi ve sosyal medyadaki aktif payla\u015f\u0131mlar\u0131yla da ad\u0131ndan s\u00f6z ettiren isimler aras\u0131nda yer al\u0131yor. \u015eimdilerde bamba\u015fka konuyla g\u00fcndem olan Tu\u011fba Melis T\u00fcrk, dikkatleri \u00fczerine \u00e7ekti.<\/p>\n<p><img loading=\"lazy\" decoding=\"async\" class=\"alignnone size-full wp-image-273670\" src=\"https:\/\/www.tgrthaber.com\/mavikadin\/wp-content\/uploads\/tugba-melis-turk-5.jpg\" alt=\"Tu\u011fba Melis T\u00fcrk\u2019ten anlaml\u0131 umre ziyareti! Ad\u0131yla ilgili ger\u00e7e\u011fi ilk kez anlatt\u0131\" width=\"1208\" height=\"680\" title=\"\" srcset=\"https:\/\/www.tgrthaber.com\/mavikadin\/wp-content\/uploads\/tugba-melis-turk-5.jpg 1208w, https:\/\/www.tgrthaber.com\/mavikadin\/wp-content\/uploads\/tugba-melis-turk-5-300x169.jpg 300w, https:\/\/www.tgrthaber.com\/mavikadin\/wp-content\/uploads\/tugba-melis-turk-5-1024x576.jpg 1024w, https:\/\/www.tgrthaber.com\/mavikadin\/wp-content\/uploads\/tugba-melis-turk-5-768x432.jpg 768w\" sizes=\"(max-width: 1208px) 100vw, 1208px\" \/><\/p>\n<hr \/>\n<p>G\u00fczel ve ba\u015far\u0131l\u0131 oyuncu Tu\u011fba Melis T\u00fcrk, sosyal medyadan yapm\u0131\u015f oldu\u011fu payla\u015f\u0131mlar ile umreye gitti\u011fini duyurdu. Kutsal topraklardan yapm\u0131\u015f oldu\u011fu duygu dolu payla\u015f\u0131mlar\u0131 takip\u00e7ileriyle payla\u015fan g\u00fczel oyuncu Melis T\u00fcrk, payla\u015f\u0131mlar\u0131ndaki g\u00fczelli\u011fi ile de b\u00fcy\u00fck be\u011feni toplad\u0131.<\/p>\n<h3><img loading=\"lazy\" decoding=\"async\" class=\"alignnone size-full wp-image-273669\" src=\"https:\/\/www.tgrthaber.com\/mavikadin\/wp-content\/uploads\/tugba-melis-turk-4.jpg\" alt=\"Tu\u011fba Melis T\u00fcrk\u2019ten anlaml\u0131 umre ziyareti! Ad\u0131yla ilgili ger\u00e7e\u011fi ilk kez anlatt\u0131\" width=\"1208\" height=\"680\" title=\"\" srcset=\"https:\/\/www.tgrthaber.com\/mavikadin\/wp-content\/uploads\/tugba-melis-turk-4.jpg 1208w, https:\/\/www.tgrthaber.com\/mavikadin\/wp-content\/uploads\/tugba-melis-turk-4-300x169.jpg 300w, https:\/\/www.tgrthaber.com\/mavikadin\/wp-content\/uploads\/tugba-melis-turk-4-1024x576.jpg 1024w, https:\/\/www.tgrthaber.com\/mavikadin\/wp-content\/uploads\/tugba-melis-turk-4-768x432.jpg 768w\" sizes=\"(max-width: 1208px) 100vw, 1208px\" \/><\/h3>\n<hr \/>\n<h3>ADIYLA \u0130LG\u0130L\u0130 GER\u00c7E\u011e\u0130 \u0130LK KEZ ANLATTI<\/h3>\n<p>Sosyal medyas\u0131ndan yapm\u0131\u015f oldu\u011fu payla\u015f\u0131mla dikkatleri \u00fczerine \u00e7eken Tu\u011fba Melis T\u00fcrk, ayn\u0131 zamanda ad\u0131n\u0131n nereden geldi\u011fini de anlatarak duygusal a\u00e7\u0131klamalarda bulundu. Tu\u011fba Melis T\u00fcrk, ismini babaannesinin koydu\u011funu belirterek dikkat \u00e7ekti.<\/p>\n<p><img loading=\"lazy\" decoding=\"async\" class=\"alignnone size-full wp-image-273671\" src=\"https:\/\/www.tgrthaber.com\/mavikadin\/wp-content\/uploads\/tugba-melis-turk-6.jpg\" alt=\"Tu\u011fba Melis T\u00fcrk\u2019ten anlaml\u0131 umre ziyareti! Ad\u0131yla ilgili ger\u00e7e\u011fi ilk kez anlatt\u0131\" width=\"1208\" height=\"680\" title=\"\" srcset=\"https:\/\/www.tgrthaber.com\/mavikadin\/wp-content\/uploads\/tugba-melis-turk-6.jpg 1208w, https:\/\/www.tgrthaber.com\/mavikadin\/wp-content\/uploads\/tugba-melis-turk-6-300x169.jpg 300w, https:\/\/www.tgrthaber.com\/mavikadin\/wp-content\/uploads\/tugba-melis-turk-6-1024x576.jpg 1024w, https:\/\/www.tgrthaber.com\/mavikadin\/wp-content\/uploads\/tugba-melis-turk-6-768x432.jpg 768w\" sizes=\"(max-width: 1208px) 100vw, 1208px\" \/><\/p>\n<hr \/>\n<p>Tu\u011fba Melis T\u00fcrk, \u201c&#8221;Rahmetli babaannem ad\u0131m\u0131 y\u0131llar \u00f6nce umre ziyaretinde koymu\u015f. Allah&#8217;\u0131n izniyle k\u0131z olursa ad\u0131 Tu\u011fba olsun demi\u015f. Ben de burada ayr\u0131l\u0131rken onun ba\u015f\u00f6rt\u00fcs\u00fcn\u00fc takt\u0131m. Kalbimde her zaman sonsuz sevgin olacak babaannem. Nur i\u00e7inde yat, mek\u00e2n\u0131n cennet olsun.&#8221; s\u00f6zlerini ifade etti.<\/p>\n<h3><img loading=\"lazy\" decoding=\"async\" class=\"alignnone size-full wp-image-273667\" src=\"https:\/\/www.tgrthaber.com\/mavikadin\/wp-content\/uploads\/tugba-melis-turk-2.jpg\" alt=\"Tu\u011fba Melis T\u00fcrk\u2019ten anlaml\u0131 umre ziyareti! Ad\u0131yla ilgili ger\u00e7e\u011fi ilk kez anlatt\u0131\" width=\"1208\" height=\"680\" title=\"\" srcset=\"https:\/\/www.tgrthaber.com\/mavikadin\/wp-content\/uploads\/tugba-melis-turk-2.jpg 1208w, https:\/\/www.tgrthaber.com\/mavikadin\/wp-content\/uploads\/tugba-melis-turk-2-300x169.jpg 300w, https:\/\/www.tgrthaber.com\/mavikadin\/wp-content\/uploads\/tugba-melis-turk-2-1024x576.jpg 1024w, https:\/\/www.tgrthaber.com\/mavikadin\/wp-content\/uploads\/tugba-melis-turk-2-768x432.jpg 768w\" sizes=\"(max-width: 1208px) 100vw, 1208px\" \/><\/h3>\n<hr \/>\n<h3>TU\u011eBA MEL\u0130S T\u00dcRK K\u0130MD\u0130R?<\/h3>\n<p>G\u00fczel oyuncu Tu\u011fba Melis T\u00fcrk, 7 Eyl\u00fcl 1990 y\u0131l\u0131nda Bulgaristan\u2019\u0131n Sofya il\u00e7esinde do\u011fmu\u015ftur. Baba taraf\u0131ndan Azeri k\u00f6kenli olan Tu\u011fba Melis T\u00fcrk, \u0130stanbul Ayd\u0131n \u00dcniversitesi\u2019nde G\u00fczel Sanatlar Fak\u00fcltesi\u2019nde Drama ve Oyunculuk B\u00f6l\u00fcm\u00fc\u2019nden mezun olmu\u015ftur.<\/p>\n<p><img loading=\"lazy\" decoding=\"async\" class=\"alignnone size-full wp-image-273668\" src=\"https:\/\/www.tgrthaber.com\/mavikadin\/wp-content\/uploads\/tugba-melis-turk-3.jpg\" alt=\"Tu\u011fba Melis T\u00fcrk\u2019ten anlaml\u0131 umre ziyareti! Ad\u0131yla ilgili ger\u00e7e\u011fi ilk kez anlatt\u0131\" width=\"1208\" height=\"680\" title=\"\" srcset=\"https:\/\/www.tgrthaber.com\/mavikadin\/wp-content\/uploads\/tugba-melis-turk-3.jpg 1208w, https:\/\/www.tgrthaber.com\/mavikadin\/wp-content\/uploads\/tugba-melis-turk-3-300x169.jpg 300w, https:\/\/www.tgrthaber.com\/mavikadin\/wp-content\/uploads\/tugba-melis-turk-3-1024x576.jpg 1024w, https:\/\/www.tgrthaber.com\/mavikadin\/wp-content\/uploads\/tugba-melis-turk-3-768x432.jpg 768w\" sizes=\"(max-width: 1208px) 100vw, 1208px\" \/><\/p>\n<hr \/>\n<p>Mezuniyetinden sonra akademi Neo\u2019da oyunculuk dersleri alm\u0131\u015ft\u0131r. Miss Turkey 2009 y\u0131l\u0131ndaki g\u00fczellik yar\u0131\u015fmas\u0131nda finalist olmu\u015f ve Miss Kemer G\u00fczellik yar\u0131\u015fmas\u0131nda ikinci olmu\u015ftur. 2011 y\u0131l\u0131nda ise \u2018Best Model of Turkey\u2019 yar\u0131\u015fmas\u0131yla da birinci olmu\u015ftur.<\/p>\n","protected":false},"excerpt":{"rendered":"<p>\u00dcnl\u00fc oyuncu Tu\u011fba Melis T\u00fcrk\u2019ten anlaml\u0131 umre ziyareti geldi. Sosyal medyadan payla\u015ft\u0131\u011f\u0131 g\u00f6r\u00fcnt\u00fcler ile k\u0131sa s\u00fcre de ilgi g\u00f6ren Tu\u011fba Melis T\u00fcrk\u2019\u00fcn ad\u0131yla ilgili detaylar ortaya \u00e7\u0131kt\u0131.<\/p>\n","protected":false},"author":34,"featured_media":273666,"comment_status":"closed","ping_status":"closed","sticky":false,"template":"","format":"standard","meta":{"rank_math_lock_modified_date":false,"footnotes":""},"categories":[76],"tags":[133,2218,54497,67962],"class_list":["post-273654","post","type-post","status-publish","format-standard","has-post-thumbnail","hentry","category-magazin","tag-magazin","tag-magazin-haberleri","tag-tugba-melis-turk","tag-tugba-melis-turk-umre"],"_links":{"self":[{"href":"https:\/\/www.tgrthaber.com\/mavikadin\/wp-json\/wp\/v2\/posts\/273654"}],"collection":[{"href":"https:\/\/www.tgrthaber.com\/mavikadin\/wp-json\/wp\/v2\/posts"}],"about":[{"href":"https:\/\/www.tgrthaber.com\/mavikadin\/wp-json\/wp\/v2\/types\/post"}],"author":[{"embeddable":true,"href":"https:\/\/www.tgrthaber.com\/mavikadin\/wp-json\/wp\/v2\/users\/34"}],"replies":[{"embeddable":true,"href":"https:\/\/www.tgrthaber.com\/mavikadin\/wp-json\/wp\/v2\/comments?post=273654"}],"version-history":[{"count":1,"href":"https:\/\/www.tgrthaber.com\/mavikadin\/wp-json\/wp\/v2\/posts\/273654\/revisions"}],"predecessor-version":[{"id":273675,"href":"https:\/\/www.tgrthaber.com\/mavikadin\/wp-json\/wp\/v2\/posts\/273654\/revisions\/273675"}],"wp:featuredmedia":[{"embeddable":true,"href":"https:\/\/www.tgrthaber.com\/mavikadin\/wp-json\/wp\/v2\/media\/273666"}],"wp:attachment":[{"href":"https:\/\/www.tgrthaber.com\/mavikadin\/wp-json\/wp\/v2\/media?parent=273654"}],"wp:term":[{"taxonomy":"category","embeddable":true,"href":"https:\/\/www.tgrthaber.com\/mavikadin\/wp-json\/wp\/v2\/categories?post=273654"},{"taxonomy":"post_tag","embeddable":true,"href":"https:\/\/www.tgrthaber.com\/mavikadin\/wp-json\/wp\/v2\/tags?post=273654"}],"curies":[{"name":"wp","href":"https:\/\/api.w.org\/{rel}","templated":true}]}}