{"id":273678,"date":"2025-12-10T11:34:03","date_gmt":"2025-12-10T08:34:03","guid":{"rendered":"https:\/\/www.tgrthaber.com\/mavikadin\/?p=273678"},"modified":"2025-12-10T11:34:03","modified_gmt":"2025-12-10T08:34:03","slug":"guney-kore-dizisi-pro-bono-izleyicilerden-not-aldi-sosyal-medya-yikildi","status":"publish","type":"post","link":"https:\/\/www.tgrthaber.com\/mavikadin\/guney-kore-dizisi-pro-bono-izleyicilerden-not-aldi-sosyal-medya-yikildi\/","title":{"rendered":"G\u00fcney Kore dizisi Pro Bono izleyicilerden not ald\u0131! Sosyal medya y\u0131k\u0131ld\u0131"},"content":{"rendered":"<p>2025 yap\u0131m\u0131 G\u00fcney Kore dizisi <a href=\"https:\/\/www.tgrthaber.com\/mavikadin\/koreli-aktor-jung-hae-in-abu-dhabide-cami-ziyaret-etti-o-paylasimlara-ilgi-buyuk-oldu\/\">Pro Bono<\/a>, k\u0131sa s\u00fcrede izleyicilerin ilgisini \u00e7ekmeyi ba\u015fard\u0131. Hukuk-drama t\u00fcr\u00fcndeki dizi, kariyerinin zirvesindeyken beklenmedik bir kriz ya\u015fayan eski yarg\u0131\u00e7 Kang David\u2019in hikayesini anlat\u0131yor.<\/p>\n<h3>G\u00dcNEY KORE D\u0130Z\u0130S\u0130 PRO BONO \u0130ZLEY\u0130C\u0130LERDEN NOT ALDI<\/h3>\n<p>Jung Kyung-ho\u2019nun oynad\u0131\u011f\u0131 karakter, prestij ve pop\u00fclerlik pe\u015finde ko\u015farken ya\u015fad\u0131\u011f\u0131 olay sonucunda yarg\u0131\u00e7l\u0131ktan istifa ediyor ve toplum yarar\u0131na hizmet eden bir <a href=\"https:\/\/www.tgrthaber.com\/mavikadin\/evrim-akinin-gozyaslari-sosyal-medyada-gundem-oldu-akillara-guney-koreli-oyuncu-geldi\/\">Pro Bono<\/a> hukuk ekibine kat\u0131l\u0131yor. Art\u0131k amac\u0131 para ya da prestij de\u011fil ger\u00e7ek adalet ve insanlara yard\u0131m etmek.<\/p>\n<p><a href=\"https:\/\/www.tgrthaber.com\/mavikadin\/wp-content\/uploads\/Pro-Bono-1.jpg\"><img loading=\"lazy\" decoding=\"async\" class=\"aligncenter size-full wp-image-273680\" src=\"https:\/\/www.tgrthaber.com\/mavikadin\/wp-content\/uploads\/Pro-Bono-1.jpg\" alt=\"\" width=\"1080\" height=\"1080\" title=\"\" srcset=\"https:\/\/www.tgrthaber.com\/mavikadin\/wp-content\/uploads\/Pro-Bono-1.jpg 1080w, https:\/\/www.tgrthaber.com\/mavikadin\/wp-content\/uploads\/Pro-Bono-1-300x300.jpg 300w, https:\/\/www.tgrthaber.com\/mavikadin\/wp-content\/uploads\/Pro-Bono-1-1024x1024.jpg 1024w, https:\/\/www.tgrthaber.com\/mavikadin\/wp-content\/uploads\/Pro-Bono-1-150x150.jpg 150w, https:\/\/www.tgrthaber.com\/mavikadin\/wp-content\/uploads\/Pro-Bono-1-768x768.jpg 768w\" sizes=\"(max-width: 1080px) 100vw, 1080px\" \/><\/a><\/p>\n<hr \/>\n<h3>PRO BONO KONUSU<\/h3>\n<p>Dizinin konusu, ba\u015far\u0131 ve imaj yerine vicdan, etik ve adalet kavramlar\u0131n\u0131 \u00f6n plana \u00e7\u0131kar\u0131yor. Kang David, kariyerinin en y\u00fcksek noktas\u0131nda hayat\u0131n\u0131n kontrol\u00fcn\u00fc kaybetti\u011fi bir d\u00f6n\u00fcm noktas\u0131 ya\u015far ve bu s\u00fcre\u00e7te, hukuk alan\u0131nda toplumsal fayda sa\u011flayan bir ekibin par\u00e7as\u0131 olur.<\/p>\n<p><img loading=\"lazy\" decoding=\"async\" class=\"aligncenter size-full wp-image-273681\" src=\"https:\/\/www.tgrthaber.com\/mavikadin\/wp-content\/uploads\/Pro-Bono-1-1.jpg\" alt=\"\" width=\"1280\" height=\"720\" title=\"\" srcset=\"https:\/\/www.tgrthaber.com\/mavikadin\/wp-content\/uploads\/Pro-Bono-1-1.jpg 1280w, https:\/\/www.tgrthaber.com\/mavikadin\/wp-content\/uploads\/Pro-Bono-1-1-300x169.jpg 300w, https:\/\/www.tgrthaber.com\/mavikadin\/wp-content\/uploads\/Pro-Bono-1-1-1024x576.jpg 1024w, https:\/\/www.tgrthaber.com\/mavikadin\/wp-content\/uploads\/Pro-Bono-1-1-768x432.jpg 768w\" sizes=\"(max-width: 1280px) 100vw, 1280px\" \/><\/p>\n<hr \/>\n<p>Ekipteki bir di\u011fer \u00f6nemli karakter, Park Gi-Ppeum, adalete tutkuyla ba\u011fl\u0131 bir avukatt\u0131r ve David ile birlikte hukuki davalarda m\u00fccadele eder. Pro bono ekibinin di\u011fer \u00fcyeleri aras\u0131nda Jang Yeong-sil, Yoo Nan-hee ve Hwang Jun-woo yer al\u0131yor. B\u00fcy\u00fck hukuk b\u00fcrosu CEO\u2019su Oh Jung-in ise hik\u00e2yede \u00f6nemli bir destek karakter olarak \u00f6ne \u00e7\u0131k\u0131yor.<\/p>\n<p><a href=\"https:\/\/www.tgrthaber.com\/mavikadin\/wp-content\/uploads\/Pro-Bono-2.jpg\"><img loading=\"lazy\" decoding=\"async\" class=\"aligncenter size-full wp-image-273682\" src=\"https:\/\/www.tgrthaber.com\/mavikadin\/wp-content\/uploads\/Pro-Bono-2.jpg\" alt=\"\" width=\"1080\" height=\"1080\" title=\"\" srcset=\"https:\/\/www.tgrthaber.com\/mavikadin\/wp-content\/uploads\/Pro-Bono-2.jpg 1080w, https:\/\/www.tgrthaber.com\/mavikadin\/wp-content\/uploads\/Pro-Bono-2-300x300.jpg 300w, https:\/\/www.tgrthaber.com\/mavikadin\/wp-content\/uploads\/Pro-Bono-2-1024x1024.jpg 1024w, https:\/\/www.tgrthaber.com\/mavikadin\/wp-content\/uploads\/Pro-Bono-2-150x150.jpg 150w, https:\/\/www.tgrthaber.com\/mavikadin\/wp-content\/uploads\/Pro-Bono-2-768x768.jpg 768w\" sizes=\"(max-width: 1080px) 100vw, 1080px\" \/><\/a><\/p>\n<hr \/>\n<h3>G\u00dcNEY KORE D\u0130Z\u0130S\u0130 PRO BONO 6 ARALIK\u2019TA YAYINLANDI<\/h3>\n<p>Dizi, 6 Aral\u0131k 2025\u2019te Netflix platformunda ilk iki b\u00f6l\u00fcm\u00fcyle izleyici kar\u015f\u0131s\u0131na \u00e7\u0131kt\u0131. Hen\u00fcz mini dizinin sadece iki b\u00f6l\u00fcm\u00fc yay\u0131mlanm\u0131\u015f olmas\u0131na ra\u011fmen izleyiciler sosyal medyada b\u00fcy\u00fck bir ilgi g\u00f6sterdi.<\/p>\n<p><a href=\"https:\/\/www.tgrthaber.com\/mavikadin\/wp-content\/uploads\/Pro-Bono-3.jpg\"><img loading=\"lazy\" decoding=\"async\" class=\"aligncenter size-full wp-image-273684\" src=\"https:\/\/www.tgrthaber.com\/mavikadin\/wp-content\/uploads\/Pro-Bono-3.jpg\" alt=\"\" width=\"1080\" height=\"1080\" title=\"\" srcset=\"https:\/\/www.tgrthaber.com\/mavikadin\/wp-content\/uploads\/Pro-Bono-3.jpg 1080w, https:\/\/www.tgrthaber.com\/mavikadin\/wp-content\/uploads\/Pro-Bono-3-300x300.jpg 300w, https:\/\/www.tgrthaber.com\/mavikadin\/wp-content\/uploads\/Pro-Bono-3-1024x1024.jpg 1024w, https:\/\/www.tgrthaber.com\/mavikadin\/wp-content\/uploads\/Pro-Bono-3-150x150.jpg 150w, https:\/\/www.tgrthaber.com\/mavikadin\/wp-content\/uploads\/Pro-Bono-3-768x768.jpg 768w\" sizes=\"(max-width: 1080px) 100vw, 1080px\" \/><\/a><\/p>\n<hr \/>\n<p>Reddit ve Twitter kullan\u0131c\u0131lar\u0131, Jung Kyung-ho\u2019nun performans\u0131n\u0131 \u00f6vg\u00fcyle kar\u015f\u0131lad\u0131. Bir izleyici, Jung Kyung-ho\u2019nun iyi niyetli ama zaman zaman kibirli ve narsist karakterleri ustaca oynad\u0131\u011f\u0131n\u0131 belirterek, karakterin hem komedi unsurlar\u0131 ta\u015f\u0131d\u0131\u011f\u0131n\u0131 hem de ilerleyen b\u00f6l\u00fcmlerde duygusal derinlik vaat etti\u011fini yazd\u0131. Ba\u015fka bir yorumda, Kang David\u2019in zeki, alayc\u0131 ve katmanl\u0131 karakter arketipine \u00f6vg\u00fc yap\u0131ld\u0131.<\/p>\n<p><a href=\"https:\/\/www.tgrthaber.com\/mavikadin\/wp-content\/uploads\/Pro-Bono-4.jpg\"><img loading=\"lazy\" decoding=\"async\" class=\"aligncenter size-full wp-image-273685\" src=\"https:\/\/www.tgrthaber.com\/mavikadin\/wp-content\/uploads\/Pro-Bono-4.jpg\" alt=\"\" width=\"1080\" height=\"1080\" title=\"\" srcset=\"https:\/\/www.tgrthaber.com\/mavikadin\/wp-content\/uploads\/Pro-Bono-4.jpg 1080w, https:\/\/www.tgrthaber.com\/mavikadin\/wp-content\/uploads\/Pro-Bono-4-300x300.jpg 300w, https:\/\/www.tgrthaber.com\/mavikadin\/wp-content\/uploads\/Pro-Bono-4-1024x1024.jpg 1024w, https:\/\/www.tgrthaber.com\/mavikadin\/wp-content\/uploads\/Pro-Bono-4-150x150.jpg 150w, https:\/\/www.tgrthaber.com\/mavikadin\/wp-content\/uploads\/Pro-Bono-4-768x768.jpg 768w\" sizes=\"(max-width: 1080px) 100vw, 1080px\" \/><\/a><\/p>\n<hr \/>\n<p>Dizi, izleyicilere hem e\u011flenceli hem ilham verici bir deneyim sunuyor. \u0130lk b\u00f6l\u00fcmlerin temposu ve karakterlerin karizmas\u0131, klasik hukuk dramalar\u0131ndan farkl\u0131 bir atmosfer yaratarak izleyicileri ekrana kilitlemeyi ba\u015far\u0131yor. Pro Bono, Kore hukuk dramas\u0131 severler i\u00e7in k\u0131sa s\u00fcrede \u201cka\u00e7\u0131r\u0131lmamas\u0131 gereken bir yap\u0131m\u201d haline geldi.<\/p>\n","protected":false},"excerpt":{"rendered":"<p>K\u0131sa s\u00fcrede be\u011feni toplayan G\u00fcney Kore dizisi Pro Bono izleyicilerden tam not ald\u0131. Sosyal medyada da \u00f6vg\u00fc ya\u011fmuruna tutulan dizi Hukuk-drama t\u00fcr\u00fcndeki iki b\u00f6l\u00fcm\u00fcyle dikkat \u00e7ekmeyi ba\u015fard\u0131.<\/p>\n","protected":false},"author":5,"featured_media":273687,"comment_status":"closed","ping_status":"closed","sticky":false,"template":"","format":"standard","meta":{"rank_math_lock_modified_date":false,"footnotes":""},"categories":[602],"tags":[17539,67964,67963],"class_list":["post-273678","post","type-post","status-publish","format-standard","has-post-thumbnail","hentry","category-diziler","tag-kore-dizi","tag-kore-drama","tag-pro-bono"],"_links":{"self":[{"href":"https:\/\/www.tgrthaber.com\/mavikadin\/wp-json\/wp\/v2\/posts\/273678"}],"collection":[{"href":"https:\/\/www.tgrthaber.com\/mavikadin\/wp-json\/wp\/v2\/posts"}],"about":[{"href":"https:\/\/www.tgrthaber.com\/mavikadin\/wp-json\/wp\/v2\/types\/post"}],"author":[{"embeddable":true,"href":"https:\/\/www.tgrthaber.com\/mavikadin\/wp-json\/wp\/v2\/users\/5"}],"replies":[{"embeddable":true,"href":"https:\/\/www.tgrthaber.com\/mavikadin\/wp-json\/wp\/v2\/comments?post=273678"}],"version-history":[{"count":2,"href":"https:\/\/www.tgrthaber.com\/mavikadin\/wp-json\/wp\/v2\/posts\/273678\/revisions"}],"predecessor-version":[{"id":273689,"href":"https:\/\/www.tgrthaber.com\/mavikadin\/wp-json\/wp\/v2\/posts\/273678\/revisions\/273689"}],"wp:featuredmedia":[{"embeddable":true,"href":"https:\/\/www.tgrthaber.com\/mavikadin\/wp-json\/wp\/v2\/media\/273687"}],"wp:attachment":[{"href":"https:\/\/www.tgrthaber.com\/mavikadin\/wp-json\/wp\/v2\/media?parent=273678"}],"wp:term":[{"taxonomy":"category","embeddable":true,"href":"https:\/\/www.tgrthaber.com\/mavikadin\/wp-json\/wp\/v2\/categories?post=273678"},{"taxonomy":"post_tag","embeddable":true,"href":"https:\/\/www.tgrthaber.com\/mavikadin\/wp-json\/wp\/v2\/tags?post=273678"}],"curies":[{"name":"wp","href":"https:\/\/api.w.org\/{rel}","templated":true}]}}