{"id":273683,"date":"2025-12-10T11:56:33","date_gmt":"2025-12-10T08:56:33","guid":{"rendered":"https:\/\/www.tgrthaber.com\/mavikadin\/?p=273683"},"modified":"2025-12-10T11:56:33","modified_gmt":"2025-12-10T08:56:33","slug":"orhan-gencebayin-hayati-film-oluyor-basrol-aciklamasi-gundemde","status":"publish","type":"post","link":"https:\/\/www.tgrthaber.com\/mavikadin\/orhan-gencebayin-hayati-film-oluyor-basrol-aciklamasi-gundemde\/","title":{"rendered":"Orhan Gencebay&#8217;\u0131n hayat\u0131 film oluyor! Ba\u015frol a\u00e7\u0131klamas\u0131 g\u00fcndemde"},"content":{"rendered":"<p>Orhan Gencebay, \u00f6nceki ak\u015fam e\u015fi Sevim Emre ile kat\u0131ld\u0131\u011f\u0131 galada muhabirlerle ayak\u00fcst\u00fc sohbet etti. Y\u0131llard\u0131r efsane sanat\u00e7\u0131 Orhan Gencebay&#8217;\u0131n hayat\u0131n\u0131n film yap\u0131laca\u011f\u0131 konu\u015fuluyordu. Gencebay \u015fimdi ilk defa projeyi do\u011frulamakla kalmad\u0131, ba\u015frol i\u00e7in d\u00fc\u015f\u00fcnd\u00fc\u011f\u00fc isimle ilgili de konu\u015ftu. Usta sanat\u00e7\u0131 Gencebay&#8217;\u0131n &#8216;Gen\u00e7li\u011fimi oynayacak ismi ar\u0131yoruz&#8217; \u00e7\u0131k\u0131\u015f\u0131, sosyal medyada en \u00e7ok konu\u015fulan ba\u015fl\u0131klar aras\u0131na girdi.<\/p>\n<h3>ORHN GENCEBAY&#8217;IN HAYATI F\u0130LM OLUYOR<\/h3>\n<p>Usta sanat\u00e7\u0131 Orhan Gencebay, y\u0131llard\u0131r \u00f6zellikle hayranlar\u0131n\u0131n merakla bekledi\u011fi filmine dair sonunda ye\u015fil \u0131\u015f\u0131k yakt\u0131. &#8216;Halihaz\u0131rda \u00fczerinde \u00e7al\u0131\u015ft\u0131\u011f\u0131m\u0131z bir film projemiz var&#8217; diyen Gencebay, projenin tamamen kendi kontrol\u00fcnde oldu\u011funu da vurgulamadan etmedi.<\/p>\n<p><img loading=\"lazy\" decoding=\"async\" class=\"alignnone wp-image-273692\" src=\"https:\/\/www.tgrthaber.com\/mavikadin\/wp-content\/uploads\/6937c2bd586197a571cd2b58-300x165.webp\" alt=\"\" width=\"1208\" height=\"665\" title=\"\" srcset=\"https:\/\/www.tgrthaber.com\/mavikadin\/wp-content\/uploads\/6937c2bd586197a571cd2b58-300x165.webp 300w, https:\/\/www.tgrthaber.com\/mavikadin\/wp-content\/uploads\/6937c2bd586197a571cd2b58-768x423.webp 768w, https:\/\/www.tgrthaber.com\/mavikadin\/wp-content\/uploads\/6937c2bd586197a571cd2b58.webp 1008w\" sizes=\"(max-width: 1208px) 100vw, 1208px\" \/><\/p>\n<hr \/>\n<p>Hayat\u0131n\u0131 konu alan filmin geni\u015f kapsamda tutuldu\u011funu ifade eden Orhan Gencebay, \u00f6zellikle m\u00fczik hayat\u0131n\u0131n, gen\u00e7lik y\u0131llar\u0131n\u0131n ve hayat\u0131ndaki kilit noktalar\u0131n\u0131n detayl\u0131 \u015fekilde ele al\u0131naca\u011f\u0131n\u0131 ifade etti. Gencebay kendi filmi i\u00e7in \u015fu s\u00f6zleri s\u00f6yledi, &#8216;Kendim yapmak istiyorum ama hen\u00fcz kesinle\u015fmedi.&#8217;<\/p>\n<p><img loading=\"lazy\" decoding=\"async\" class=\"alignnone wp-image-273695\" src=\"https:\/\/www.tgrthaber.com\/mavikadin\/wp-content\/uploads\/Ekran-goruntusu-2025-12-10-114855-300x197.png\" alt=\"\" width=\"1208\" height=\"793\" title=\"\" srcset=\"https:\/\/www.tgrthaber.com\/mavikadin\/wp-content\/uploads\/Ekran-goruntusu-2025-12-10-114855-300x197.png 300w, https:\/\/www.tgrthaber.com\/mavikadin\/wp-content\/uploads\/Ekran-goruntusu-2025-12-10-114855.png 756w\" sizes=\"(max-width: 1208px) 100vw, 1208px\" \/><\/p>\n<hr \/>\n<h3>BA\u015eROL A\u00c7IKLAMASI G\u00dcNDEMDE<\/h3>\n<p>Arabeskin ya\u015fayan efsanesi Orhan Gencebay gala s\u0131ras\u0131nda kendisine sorulan &#8216;Hayat\u0131n\u0131z film olsa ba\u015frolde kim olsun istersiniz?&#8217; sorusunu da cevaplad\u0131. Gencebay; &#8216;\u015eimdiki halimi ben oynayaca\u011f\u0131m&#8217; diyerek herkesi \u015fa\u015f\u0131rtt\u0131.<\/p>\n<p><img loading=\"lazy\" decoding=\"async\" class=\"alignnone wp-image-273694\" src=\"https:\/\/www.tgrthaber.com\/mavikadin\/wp-content\/uploads\/ekran-goruntusu-2024-02-03-100622-ngir-300x199.webp\" alt=\"\" width=\"1208\" height=\"800\" title=\"\" srcset=\"https:\/\/www.tgrthaber.com\/mavikadin\/wp-content\/uploads\/ekran-goruntusu-2024-02-03-100622-ngir-300x199.webp 300w, https:\/\/www.tgrthaber.com\/mavikadin\/wp-content\/uploads\/ekran-goruntusu-2024-02-03-100622-ngir-768x509.webp 768w, https:\/\/www.tgrthaber.com\/mavikadin\/wp-content\/uploads\/ekran-goruntusu-2024-02-03-100622-ngir.webp 820w\" sizes=\"(max-width: 1208px) 100vw, 1208px\" \/><\/p>\n<hr \/>\n<p>Fakat herkesin merak etti\u011fi Gencebay&#8217;\u0131n gen\u00e7lik y\u0131llar\u0131n\u0131 oynayacak oyuncu i\u00e7in aray\u0131\u015flar\u0131n s\u00fcrd\u00fc\u011f\u00fcn\u00fc de dile getirdi. \u00dcnl\u00fc sanat\u00e7\u0131, do\u011fru ismi bulman\u0131n kendisi i\u00e7in \u00e7ok \u00f6nemli oldu\u011funu alt\u0131n\u0131 \u00e7izerek ifade etti. Orhan Gencebay son olarak cast \u00e7al\u0131\u015fmalar\u0131n\u0131n da titizlikle y\u00fcr\u00fct\u00fcld\u00fc\u011f\u00fcn\u00fc s\u00f6yledi.<\/p>\n<p><img loading=\"lazy\" decoding=\"async\" class=\"alignnone wp-image-273693\" src=\"https:\/\/www.tgrthaber.com\/mavikadin\/wp-content\/uploads\/ekran-resmi-2025-12-10-09-prdc_cover-300x188.webp\" alt=\"\" width=\"1208\" height=\"755\" title=\"\" srcset=\"https:\/\/www.tgrthaber.com\/mavikadin\/wp-content\/uploads\/ekran-resmi-2025-12-10-09-prdc_cover-300x188.webp 300w, https:\/\/www.tgrthaber.com\/mavikadin\/wp-content\/uploads\/ekran-resmi-2025-12-10-09-prdc_cover.webp 720w\" sizes=\"(max-width: 1208px) 100vw, 1208px\" \/><\/p>\n<hr \/>\n<h3>ORHAN GENCEBAY VE SEV\u0130M EMRE NE ZAMAN EVLEND\u0130?<\/h3>\n<p>Orhan Gencebay ve Sevim Emre 1978 y\u0131l\u0131nda nikah masas\u0131na oturdu. Uzun y\u0131llar boyunca mutlu bir evlilik hayat\u0131 olan \u00e7ift, g\u00fcn\u00fcm\u00fczde \u00f6rnek \u00e7ift olarak biliniyor. 4 A\u011fustos 1944 do\u011fumlu olan Orhan Gencebay \u015fu an 81 ya\u015f\u0131ndad\u0131r. Orhan Baba olarak y\u0131llard\u0131r an\u0131lan Gencebay&#8217;\u0131n e\u015fi Sevim Emre ise 2 Temmuz 1944 do\u011fumludur.<\/p>\n<p><img loading=\"lazy\" decoding=\"async\" class=\"alignnone wp-image-273697\" src=\"https:\/\/www.tgrthaber.com\/mavikadin\/wp-content\/uploads\/i-55-4-300x157.webp\" alt=\"\" width=\"1208\" height=\"632\" title=\"\" srcset=\"https:\/\/www.tgrthaber.com\/mavikadin\/wp-content\/uploads\/i-55-4-300x157.webp 300w, https:\/\/www.tgrthaber.com\/mavikadin\/wp-content\/uploads\/i-55-4.webp 480w\" sizes=\"(max-width: 1208px) 100vw, 1208px\" \/><\/p>\n<hr \/>\n<p>Eski\u015fehir do\u011fumlu olan Sevim Emre gen\u00e7lik y\u0131llar\u0131nda sinema oyunculu\u011fu ve g\u00fczellik yar\u0131\u015fmalar\u0131yla ad\u0131ndan s\u00f6z ettirmi\u015ftir.\u00a0 Orhan Gencebay&#8217;\u0131n e\u015fi Sevim Emre \u00f6zellikle 1960&#8217;l\u0131 y\u0131llara damga vuran yap\u0131mlarda rol almas\u0131yla Ye\u015fil\u00e7am&#8217;\u0131n unutulmaz y\u00fcz\u00fc olmu\u015ftur.<\/p>\n<p><img loading=\"lazy\" decoding=\"async\" class=\"alignnone wp-image-273696\" src=\"https:\/\/www.tgrthaber.com\/mavikadin\/wp-content\/uploads\/Ekran-goruntusu-2025-12-10-114926-300x218.png\" alt=\"\" width=\"1208\" height=\"876\" title=\"\" srcset=\"https:\/\/www.tgrthaber.com\/mavikadin\/wp-content\/uploads\/Ekran-goruntusu-2025-12-10-114926-300x218.png 300w, https:\/\/www.tgrthaber.com\/mavikadin\/wp-content\/uploads\/Ekran-goruntusu-2025-12-10-114926.png 743w\" sizes=\"(max-width: 1208px) 100vw, 1208px\" \/><\/p>\n<hr \/>\n<p>Orhan Gencebay ve Sevim Emre \u00e7iftinin 1981 y\u0131l\u0131nda G\u00f6khan ad\u0131nda bir \u00e7ocuklar\u0131 oldu. Gencebay r\u00f6portajlar\u0131nda e\u015fi Sevim Emre&#8217;nin kendisi i\u00e7in ilham kayna\u011f\u0131 oldu\u011funu da s\u0131k s\u0131k dile getirmi\u015ftir.<\/p>\n","protected":false},"excerpt":{"rendered":"<p>Arabesk m\u00fczi\u011fin g\u00fc\u00e7l\u00fc seslerinden Orhan Gencebay&#8217;\u0131n, y\u0131llard\u0131r konu\u015fulan hayat\u0131n\u0131n filmi oluyor. 81 ya\u015f\u0131ndaki usta sanat\u00e7\u0131, kat\u0131ld\u0131\u011f\u0131 bir film galas\u0131nda hem projeyi hem de ba\u015frolde kimi g\u00f6rmek istedi\u011fine dair dikkat \u00e7eken a\u00e7\u0131klamalarda bulundu. Gencebay\u2019\u0131n samimi s\u00f6zleri, sosyal medyada an\u0131nda zirveye ula\u015ft\u0131. \u0130\u015fte detaylar&#8230;<\/p>\n","protected":false},"author":35,"featured_media":273690,"comment_status":"closed","ping_status":"closed","sticky":false,"template":"","format":"standard","meta":{"rank_math_lock_modified_date":false,"footnotes":""},"categories":[76],"tags":[133,2218,2314,67965,7200],"class_list":["post-273683","post","type-post","status-publish","format-standard","has-post-thumbnail","hentry","category-magazin","tag-magazin","tag-magazin-haberleri","tag-orhan-gencebay","tag-orhan-gencebay-filmi","tag-sevim-emre"],"_links":{"self":[{"href":"https:\/\/www.tgrthaber.com\/mavikadin\/wp-json\/wp\/v2\/posts\/273683"}],"collection":[{"href":"https:\/\/www.tgrthaber.com\/mavikadin\/wp-json\/wp\/v2\/posts"}],"about":[{"href":"https:\/\/www.tgrthaber.com\/mavikadin\/wp-json\/wp\/v2\/types\/post"}],"author":[{"embeddable":true,"href":"https:\/\/www.tgrthaber.com\/mavikadin\/wp-json\/wp\/v2\/users\/35"}],"replies":[{"embeddable":true,"href":"https:\/\/www.tgrthaber.com\/mavikadin\/wp-json\/wp\/v2\/comments?post=273683"}],"version-history":[{"count":1,"href":"https:\/\/www.tgrthaber.com\/mavikadin\/wp-json\/wp\/v2\/posts\/273683\/revisions"}],"predecessor-version":[{"id":273698,"href":"https:\/\/www.tgrthaber.com\/mavikadin\/wp-json\/wp\/v2\/posts\/273683\/revisions\/273698"}],"wp:featuredmedia":[{"embeddable":true,"href":"https:\/\/www.tgrthaber.com\/mavikadin\/wp-json\/wp\/v2\/media\/273690"}],"wp:attachment":[{"href":"https:\/\/www.tgrthaber.com\/mavikadin\/wp-json\/wp\/v2\/media?parent=273683"}],"wp:term":[{"taxonomy":"category","embeddable":true,"href":"https:\/\/www.tgrthaber.com\/mavikadin\/wp-json\/wp\/v2\/categories?post=273683"},{"taxonomy":"post_tag","embeddable":true,"href":"https:\/\/www.tgrthaber.com\/mavikadin\/wp-json\/wp\/v2\/tags?post=273683"}],"curies":[{"name":"wp","href":"https:\/\/api.w.org\/{rel}","templated":true}]}}