{"id":273700,"date":"2025-12-10T12:46:41","date_gmt":"2025-12-10T09:46:41","guid":{"rendered":"https:\/\/www.tgrthaber.com\/mavikadin\/?p=273700"},"modified":"2025-12-10T12:46:42","modified_gmt":"2025-12-10T09:46:42","slug":"kirgin-ciceklerin-super-uclusu-bir-araya-geldi-samimi-aciklamalari-dikkat-cekti","status":"publish","type":"post","link":"https:\/\/www.tgrthaber.com\/mavikadin\/kirgin-ciceklerin-super-uclusu-bir-araya-geldi-samimi-aciklamalari-dikkat-cekti\/","title":{"rendered":"K\u0131rg\u0131n \u00c7i\u00e7ek&#8217;lerin s\u00fcper \u00fc\u00e7l\u00fcs\u00fc bir araya geldi! Samimi a\u00e7\u0131klamalar\u0131 dikkat \u00e7ekti"},"content":{"rendered":"<p>Bir d\u00f6neme damga vuran K\u0131rg\u0131n \u00c7i\u00e7ekler dizisi oyuncular\u0131 Aleyna Solaker, G\u00f6k\u00e7e Aky\u0131ld\u0131z ve Hazar Motan, Etiler&#8217;de g\u00f6r\u00fcnt\u00fclendi. Uzun zaman sonra ayn\u0131 karede g\u00f6r\u00fcnt\u00fclenen \u00fc\u00e7l\u00fc, sosyal medyada be\u011feni ya\u011fmuruna tutuldu. K\u0131rg\u0131n \u00c7i\u00e7ekler bitse bile hala bir aile gibi olduklar\u0131n\u0131 dile getiren oyuncular, bak\u0131n hangi samimi a\u00e7\u0131klamalarda bulundu. \u0130\u015fte detaylar&#8230;<\/p>\n<h3>KIRGIN \u00c7\u0130\u00c7EKLER&#8217;\u0130N S\u00dcPER \u00dc\u00c7L\u00dcS\u00dc B\u0130R ARAYA GELD\u0130<\/h3>\n<p>ATV ekranlar\u0131na damga vuran K\u0131rg\u0131n \u00c7i\u00e7ekler, geni\u015f bir izleyici kitlesi olu\u015fturmu\u015ftu. Dizide yer alan Aleyna Solaker, <a href=\"https:\/\/www.tgrthaber.com\/mavikadin\/gonul-dagi-dizisinden-gokce-akyildiz-ayriliyor-mu-gonul-daginin-leylasi-neden-yok\/\">G\u00f6k\u00e7e Aky\u0131ld\u0131z<\/a> ve Hazar Motan, dizi bitmesine ra\u011fmen kurduklar\u0131 ba\u011fla g\u00fcndeme yeniden geldi.<\/p>\n<p><img loading=\"lazy\" decoding=\"async\" class=\"alignnone wp-image-273721\" src=\"https:\/\/www.tgrthaber.com\/mavikadin\/wp-content\/uploads\/kirgin-cicekler-final-yapiyor-1518701154-300x165.jpg\" alt=\"\" width=\"1208\" height=\"664\" title=\"\" srcset=\"https:\/\/www.tgrthaber.com\/mavikadin\/wp-content\/uploads\/kirgin-cicekler-final-yapiyor-1518701154-300x165.jpg 300w, https:\/\/www.tgrthaber.com\/mavikadin\/wp-content\/uploads\/kirgin-cicekler-final-yapiyor-1518701154.jpg 640w\" sizes=\"(max-width: 1208px) 100vw, 1208px\" \/><\/p>\n<hr \/>\n<p>K\u0131rg\u0131n \u00c7i\u00e7ekler dizisinin unutulmaz \u00fc\u00e7l\u00fcs\u00fc Etiler&#8217;de yine yan yana g\u00f6r\u00fcl\u00fcnce sosyal medya adeta nostalji ya\u015fad\u0131. \u00dc\u00e7 oyuncunun da ne\u015feli ve do\u011fal halleri, hayranlardan tam not al\u0131rken, sosyal medyada be\u011feniler ve yorumlar pe\u015f pe\u015fe geldi.<\/p>\n<p><img loading=\"lazy\" decoding=\"async\" class=\"alignnone wp-image-273727\" src=\"https:\/\/www.tgrthaber.com\/mavikadin\/wp-content\/uploads\/0x0-106-300x196.jpg\" alt=\"\" width=\"1208\" height=\"790\" title=\"\" srcset=\"https:\/\/www.tgrthaber.com\/mavikadin\/wp-content\/uploads\/0x0-106-300x196.jpg 300w, https:\/\/www.tgrthaber.com\/mavikadin\/wp-content\/uploads\/0x0-106-768x503.jpg 768w, https:\/\/www.tgrthaber.com\/mavikadin\/wp-content\/uploads\/0x0-106.jpg 1024w\" sizes=\"(max-width: 1208px) 100vw, 1208px\" \/><\/p>\n<hr \/>\n<h3>SAM\u0130M\u0130 A\u00c7IKLAMALARI D\u0130KKAT \u00c7EKT\u0130<\/h3>\n<p>K\u0131rg\u0131n \u00c7i\u00e7ekler&#8217;in Meral&#8217;i Aleyna Solaker, Song\u00fcl&#8217;\u00fc G\u00f6k\u00e7e Aky\u0131ld\u0131z ve dizinin Cemre&#8217;si Hazar Montan, y\u0131llar ge\u00e7se bile hala dostluklar\u0131n\u0131n bitmedi\u011fini ve karde\u015f gibi olduklar\u0131n\u0131 s\u00f6yledi. &#8216;Biz hi\u00e7 kopmad\u0131k, aile gibi olduk, karde\u015f gibi. S\u00fcrekli konu\u015fuyoruz. Di\u011fer set arkada\u015flar\u0131m\u0131zla da g\u00f6r\u00fc\u015fmelerimiz hala s\u00fcr\u00fcyor.<\/p>\n<p><img loading=\"lazy\" decoding=\"async\" class=\"alignnone wp-image-273723\" src=\"https:\/\/www.tgrthaber.com\/mavikadin\/wp-content\/uploads\/i-57-4-300x200.webp\" alt=\"\" width=\"1208\" height=\"805\" title=\"\" srcset=\"https:\/\/www.tgrthaber.com\/mavikadin\/wp-content\/uploads\/i-57-4-300x200.webp 300w, https:\/\/www.tgrthaber.com\/mavikadin\/wp-content\/uploads\/i-57-4.webp 480w\" sizes=\"(max-width: 1208px) 100vw, 1208px\" \/><\/p>\n<hr \/>\n<p>\u015eimdi de hasret gidermek i\u00e7in bir araya geldik. Birbirimizi \u00e7ok \u00f6zlemi\u015fiz&#8217; diyen K\u0131rg\u0131n \u00c7i\u00e7ek oyuncular\u0131 aralar\u0131nda kurduklar\u0131 bir WhatsApp grubunun da oldu\u011funu dile getirdiler. Karde\u015fler ad\u0131n\u0131 koyduklar\u0131 WhatsApp grubunda s\u00fcrekli ileti\u015fim halinde olduklar\u0131n\u0131 da belirttiler. \u0130\u015fte K\u0131rg\u0131n \u00c7i\u00e7ekler oyuncular\u0131n\u0131n Show TV&#8217;ye verdi\u011fi samimi a\u00e7\u0131klamalar&#8230;<\/p>\n<div style=\"width: 640px;\" class=\"wp-video\"><!--[if lt IE 9]><script>document.createElement('video');<\/script><![endif]-->\n<video class=\"wp-video-shortcode\" id=\"video-273700-1\" width=\"640\" height=\"1138\" preload=\"metadata\" controls=\"controls\"><source type=\"video\/mp4\" src=\"https:\/\/www.tgrthaber.com\/mavikadin\/wp-content\/uploads\/Kirgin-Cicekler-dizisinde-birlikte-rol-alan-Aleyna-Solaker-Gokce-Akyildiz-ve-Hazar-Motan-onc.mp4?_=1\" \/><a href=\"https:\/\/www.tgrthaber.com\/mavikadin\/wp-content\/uploads\/Kirgin-Cicekler-dizisinde-birlikte-rol-alan-Aleyna-Solaker-Gokce-Akyildiz-ve-Hazar-Motan-onc.mp4\">https:\/\/www.tgrthaber.com\/mavikadin\/wp-content\/uploads\/Kirgin-Cicekler-dizisinde-birlikte-rol-alan-Aleyna-Solaker-Gokce-Akyildiz-ve-Hazar-Motan-onc.mp4<\/a><\/video><\/div>\n<hr \/>\n<h3>KIRGIN \u00c7\u0130\u00c7EKLER D\u0130Z\u0130S\u0130 NE ZAMAN BA\u015eLADI, NE ZAMAN B\u0130TT\u0130?<\/h3>\n<p>NTC Medya imzal\u0131 K\u0131rg\u0131n \u00c7i\u00e7ekler dizisi ATV ekranlar\u0131nda 29 Haziran 2015 y\u0131l\u0131nda yay\u0131nland\u0131. Dram ve gen\u00e7lik t\u00fcr\u00fcnde milyonlar\u0131 ekrana kilitleyen K\u0131rg\u0131n \u00c7i\u00e7ekler dizisi 3 sezon boyunca reytingleri sallad\u0131. 113 b\u00f6l\u00fcm s\u00fcren dizi 12 Mart 2018 y\u0131l\u0131nda final yapt\u0131. K\u0131rg\u0131n \u00c7i\u00e7ekler dizisinin oyuncu kadrosu da o d\u00f6nem olduk\u00e7a dikkat \u00e7ekmi\u015fti. \u015eimdi gelin K\u0131rk\u0131n \u00c7i\u00e7ekler dizisinde kimler oynam\u0131\u015f yeniden bir hat\u0131rlayal\u0131m&#8230;<\/p>\n<p><img loading=\"lazy\" decoding=\"async\" class=\"alignnone wp-image-273722\" src=\"https:\/\/www.tgrthaber.com\/mavikadin\/wp-content\/uploads\/522647-300x200.jpg\" alt=\"\" width=\"1208\" height=\"806\" title=\"\" srcset=\"https:\/\/www.tgrthaber.com\/mavikadin\/wp-content\/uploads\/522647-300x200.jpg 300w, https:\/\/www.tgrthaber.com\/mavikadin\/wp-content\/uploads\/522647-768x512.jpg 768w, https:\/\/www.tgrthaber.com\/mavikadin\/wp-content\/uploads\/522647.jpg 1000w\" sizes=\"(max-width: 1208px) 100vw, 1208px\" \/><\/p>\n<hr \/>\n<p>\u0130pek Karap\u0131nar &#8211; Feride<\/p>\n<p>\u00d6zg\u00fcr \u00c7evik &#8211; Toprak<\/p>\n<p>Biran Damla Y\u0131lmaz &#8211; Eyl\u00fcl<\/p>\n<p>G\u00f6k\u00e7e Aky\u0131ld\u0131z &#8211; Song\u00fcl<\/p>\n<p><img loading=\"lazy\" decoding=\"async\" class=\"alignnone wp-image-273725\" src=\"https:\/\/www.tgrthaber.com\/mavikadin\/wp-content\/uploads\/5c8e0f2845d2a05010dd9ab5-300x165.webp\" alt=\"\" width=\"1208\" height=\"663\" title=\"\" srcset=\"https:\/\/www.tgrthaber.com\/mavikadin\/wp-content\/uploads\/5c8e0f2845d2a05010dd9ab5-300x165.webp 300w, https:\/\/www.tgrthaber.com\/mavikadin\/wp-content\/uploads\/5c8e0f2845d2a05010dd9ab5-768x422.webp 768w, https:\/\/www.tgrthaber.com\/mavikadin\/wp-content\/uploads\/5c8e0f2845d2a05010dd9ab5.webp 869w\" sizes=\"(max-width: 1208px) 100vw, 1208px\" \/><\/p>\n<hr \/>\n<p>Hazar Motanm &#8211; Cemre<\/p>\n<p>\u00c7a\u011fan Irmak &#8211; Kader<\/p>\n<p>Aleyna Solaker &#8211; Meral<\/p>\n<p><img loading=\"lazy\" decoding=\"async\" class=\"alignnone wp-image-273724\" src=\"https:\/\/www.tgrthaber.com\/mavikadin\/wp-content\/uploads\/0x0-02-300x233.jpg\" alt=\"\" width=\"1208\" height=\"939\" title=\"\" srcset=\"https:\/\/www.tgrthaber.com\/mavikadin\/wp-content\/uploads\/0x0-02-300x233.jpg 300w, https:\/\/www.tgrthaber.com\/mavikadin\/wp-content\/uploads\/0x0-02-768x597.jpg 768w, https:\/\/www.tgrthaber.com\/mavikadin\/wp-content\/uploads\/0x0-02.jpg 1024w\" sizes=\"(max-width: 1208px) 100vw, 1208px\" \/><\/p>\n<hr \/>\n<p>K\u0131rg\u0131n \u00c7i\u00e7ekler kadrosunda ayr\u0131ca Veda Yurtsever, Deniz U\u011fur, Sacide Ta\u015faner, Zeynep Irgat, Cansu F\u0131r\u0131nc\u0131, Derya Artemel, Arif Diren, Nil Keser, Burak Tozkoparan, Hazal Benli ve Esra Dermanc\u0131o\u011flu gibi g\u00fc\u00e7l\u00fc isimler de yer al\u0131yordu.<\/p>\n","protected":false},"excerpt":{"rendered":"<p>K\u0131rg\u0131n \u00c7i\u00e7ekler dizisinin unutulmaz \u00fc\u00e7l\u00fcs\u00fc Aleyna Solaker, G\u00f6k\u00e7e Aky\u0131ld\u0131z ve Hazar Motan uzun bir aradan sonra bir araya geldi. Etiler&#8217;de birlikte g\u00f6r\u00fcnt\u00fclenen oyuncular\u0131n samimi a\u00e7\u0131klamalar\u0131 ise sosyal medyada binlerce be\u011feni ald\u0131. T\u00fcm detaylar haberimizde&#8230;<\/p>\n","protected":false},"author":35,"featured_media":273715,"comment_status":"closed","ping_status":"closed","sticky":false,"template":"","format":"standard","meta":{"rank_math_lock_modified_date":false,"footnotes":""},"categories":[76],"tags":[48566,34822,67969,26888,133],"class_list":["post-273700","post","type-post","status-publish","format-standard","has-post-thumbnail","hentry","category-magazin","tag-aleyna-solaker","tag-gokce-akyildiz","tag-hazar-motan","tag-kirgin-cicekler","tag-magazin"],"_links":{"self":[{"href":"https:\/\/www.tgrthaber.com\/mavikadin\/wp-json\/wp\/v2\/posts\/273700"}],"collection":[{"href":"https:\/\/www.tgrthaber.com\/mavikadin\/wp-json\/wp\/v2\/posts"}],"about":[{"href":"https:\/\/www.tgrthaber.com\/mavikadin\/wp-json\/wp\/v2\/types\/post"}],"author":[{"embeddable":true,"href":"https:\/\/www.tgrthaber.com\/mavikadin\/wp-json\/wp\/v2\/users\/35"}],"replies":[{"embeddable":true,"href":"https:\/\/www.tgrthaber.com\/mavikadin\/wp-json\/wp\/v2\/comments?post=273700"}],"version-history":[{"count":2,"href":"https:\/\/www.tgrthaber.com\/mavikadin\/wp-json\/wp\/v2\/posts\/273700\/revisions"}],"predecessor-version":[{"id":273735,"href":"https:\/\/www.tgrthaber.com\/mavikadin\/wp-json\/wp\/v2\/posts\/273700\/revisions\/273735"}],"wp:featuredmedia":[{"embeddable":true,"href":"https:\/\/www.tgrthaber.com\/mavikadin\/wp-json\/wp\/v2\/media\/273715"}],"wp:attachment":[{"href":"https:\/\/www.tgrthaber.com\/mavikadin\/wp-json\/wp\/v2\/media?parent=273700"}],"wp:term":[{"taxonomy":"category","embeddable":true,"href":"https:\/\/www.tgrthaber.com\/mavikadin\/wp-json\/wp\/v2\/categories?post=273700"},{"taxonomy":"post_tag","embeddable":true,"href":"https:\/\/www.tgrthaber.com\/mavikadin\/wp-json\/wp\/v2\/tags?post=273700"}],"curies":[{"name":"wp","href":"https:\/\/api.w.org\/{rel}","templated":true}]}}