{"id":273701,"date":"2025-12-10T12:20:10","date_gmt":"2025-12-10T09:20:10","guid":{"rendered":"https:\/\/www.tgrthaber.com\/mavikadin\/?p=273701"},"modified":"2025-12-10T12:20:10","modified_gmt":"2025-12-10T09:20:10","slug":"ibrahim-selim-kac-yasinda-ibrahim-selim-aslen-nereli-kiminle-sevgili","status":"publish","type":"post","link":"https:\/\/www.tgrthaber.com\/mavikadin\/ibrahim-selim-kac-yasinda-ibrahim-selim-aslen-nereli-kiminle-sevgili\/","title":{"rendered":"\u0130brahim Selim ka\u00e7 ya\u015f\u0131nda? \u0130brahim Selim aslen nereli, kiminle sevgili?"},"content":{"rendered":"<p>Ba\u015far\u0131l\u0131 oyunculu\u011fu ve sunuculu\u011fuyla dikkatleri \u00fczerine \u00e7eken \u0130brahim Selim\u2019in \u00f6zel hayat\u0131na dair detaylar ara\u015ft\u0131r\u0131l\u0131yor. Son zamanlarda \u00f6zellikle a\u015fk hayat\u0131ndaki hareketlilikle ad\u0131ndan s\u00f6z ettiren \u0130brahim Selim\u2019in ka\u00e7 ya\u015f\u0131nda oldu\u011fu da ara\u015ft\u0131r\u0131lanlar aras\u0131nda yer al\u0131yor. Peki, \u0130brahim Selim ka\u00e7 ya\u015f\u0131nda? \u0130brahim Selim aslen nereli? \u0130brahim Selim kiminle sevgili? \u0130brahim Selim hakk\u0131nda merak edilenleri sizin i\u00e7in ara\u015ft\u0131rd\u0131k. \u0130\u015fte \u0130brahim Selim\u2019e dair bilinmeyenler\u2026<\/p>\n<h3>\u0130BRAH\u0130M SEL\u0130M K\u0130MD\u0130R?<\/h3>\n<p><a href=\"https:\/\/www.tgrthaber.com\/mavikadin\/ibrahim-selim-16-yas-kucuk-sevgilisini-ilk-kez-paylasti-ayse-seyma-keten-ile-ask-dolu-fotograf\/\">\u0130brahim Selim<\/a>, oyuncu, \u015fovmen, seslendirme sanat\u00e7\u0131s\u0131 ve sunucudur. \u00d6zellikle sunucu ki\u015fili\u011fiyle dikkatleri \u00fczerine \u00e7eken Selim, \u2018\u0130brahim Selim ile Bu Gece\u2019 program\u0131yla pop\u00fclerli\u011fini art\u0131r\u0131yor. Ba\u015far\u0131l\u0131 oyuncu ve sunucu ki\u015fili\u011finin yan\u0131 s\u0131ra \u00f6zel hayat\u0131yla da dikkatleri \u00fczerine \u00e7eken Selim, a\u015fk dedikodular\u0131yla da magazin g\u00fcndeminde yer al\u0131yor.<\/p>\n<p><img loading=\"lazy\" decoding=\"async\" class=\"size-full wp-image-273703\" src=\"https:\/\/www.tgrthaber.com\/mavikadin\/wp-content\/uploads\/Ibrahim-Selim-2.jpg\" alt=\"\u0130brahim Selim ka\u00e7 ya\u015f\u0131nda? \u0130brahim Selim aslen nereli, kiminle sevgili? \" width=\"1208\" height=\"680\" title=\"\" srcset=\"https:\/\/www.tgrthaber.com\/mavikadin\/wp-content\/uploads\/Ibrahim-Selim-2.jpg 1208w, https:\/\/www.tgrthaber.com\/mavikadin\/wp-content\/uploads\/Ibrahim-Selim-2-300x169.jpg 300w, https:\/\/www.tgrthaber.com\/mavikadin\/wp-content\/uploads\/Ibrahim-Selim-2-1024x576.jpg 1024w, https:\/\/www.tgrthaber.com\/mavikadin\/wp-content\/uploads\/Ibrahim-Selim-2-768x432.jpg 768w\" sizes=\"(max-width: 1208px) 100vw, 1208px\" \/><\/p>\n<hr \/>\n<p>\u0130lkokul, ortaokul ve lise e\u011fitimini ba\u015far\u0131yla tamamlayan \u0130brahim Selim, \u00fcniversite e\u011fitimini Hacettepe \u00dcniversitesi Biyoloji B\u00f6l\u00fcm\u00fcnde e\u011fitim g\u00f6rerek ge\u00e7irdi. \u00dc\u00e7 y\u0131l sonra acettepe \u00dcniversitesi Ankara Devlet Konservatuvar\u0131 Tiyatro B\u00f6l\u00fcm\u00fcne giren Selim, kariyerine oyunculuk alan\u0131nda devam etti.<\/p>\n<p><img loading=\"lazy\" decoding=\"async\" class=\"size-full wp-image-273705\" src=\"https:\/\/www.tgrthaber.com\/mavikadin\/wp-content\/uploads\/Ibrahim-Selim-4.jpg\" alt=\"\u0130brahim Selim ka\u00e7 ya\u015f\u0131nda? \u0130brahim Selim aslen nereli, kiminle sevgili? \" width=\"1208\" height=\"680\" title=\"\" srcset=\"https:\/\/www.tgrthaber.com\/mavikadin\/wp-content\/uploads\/Ibrahim-Selim-4.jpg 1208w, https:\/\/www.tgrthaber.com\/mavikadin\/wp-content\/uploads\/Ibrahim-Selim-4-300x169.jpg 300w, https:\/\/www.tgrthaber.com\/mavikadin\/wp-content\/uploads\/Ibrahim-Selim-4-1024x576.jpg 1024w, https:\/\/www.tgrthaber.com\/mavikadin\/wp-content\/uploads\/Ibrahim-Selim-4-768x432.jpg 768w\" sizes=\"(max-width: 1208px) 100vw, 1208px\" \/><\/p>\n<hr \/>\n<p>2003-2004 y\u0131llar\u0131 aras\u0131nda Ankara Devlet Tiyatrosu&#8217;nda sahnelenen Gorgon&#8217;un Arma\u011fan\u0131 oyununda rol alan \u0130brahim Selim, konservatuvar e\u011fitiminin ard\u0131ndan sonra bir s\u00fcre ya\u015fam\u0131na Ankara\u2019da devam etti. Kariyerini TRT&#8217;de yay\u0131nlanan dizilerde k\u00fc\u00e7\u00fck roller alarak g\u00fc\u00e7lendiren Selim, sonras\u0131nda \u0130stanbul\u2019a yerle\u015ferek, tiyatro oyunculu\u011fu, seslendirme, reklam ve dizi oyunculu\u011fu yapmaya ba\u015flad\u0131.<\/p>\n<p><img loading=\"lazy\" decoding=\"async\" class=\"size-full wp-image-273707\" src=\"https:\/\/www.tgrthaber.com\/mavikadin\/wp-content\/uploads\/Ibrahim-Selim-6.jpg\" alt=\"\u0130brahim Selim ka\u00e7 ya\u015f\u0131nda? \u0130brahim Selim aslen nereli, kiminle sevgili? \" width=\"1208\" height=\"680\" title=\"\" srcset=\"https:\/\/www.tgrthaber.com\/mavikadin\/wp-content\/uploads\/Ibrahim-Selim-6.jpg 1208w, https:\/\/www.tgrthaber.com\/mavikadin\/wp-content\/uploads\/Ibrahim-Selim-6-300x169.jpg 300w, https:\/\/www.tgrthaber.com\/mavikadin\/wp-content\/uploads\/Ibrahim-Selim-6-1024x576.jpg 1024w, https:\/\/www.tgrthaber.com\/mavikadin\/wp-content\/uploads\/Ibrahim-Selim-6-768x432.jpg 768w\" sizes=\"(max-width: 1208px) 100vw, 1208px\" \/><\/p>\n<hr \/>\n<h3>\u0130BRAH\u0130M SEL\u0130M KA\u00c7 YA\u015eINDA?<\/h3>\n<p>\u0130brahim Selim, 5 Ekim 1979 tarihinde Ankara\u2019da d\u00fcnyaya geldi. 1979 tarihinde d\u00fcnyaya gelen Selim, 2025 y\u0131l\u0131 itibar\u0131yla 46 ya\u015f\u0131ndad\u0131r. Oyunculuk kariyerine 2003 y\u0131l\u0131nda ba\u015flayan Selim, g\u00fcn\u00fcm\u00fczde emin ad\u0131mlarla mesle\u011fini ger\u00e7ekle\u015ftirmeye devam ediyor.<\/p>\n<p><img loading=\"lazy\" decoding=\"async\" class=\"size-full wp-image-273708\" src=\"https:\/\/www.tgrthaber.com\/mavikadin\/wp-content\/uploads\/Ibrahim-Selim-7.jpg\" alt=\"\u0130brahim Selim ka\u00e7 ya\u015f\u0131nda? \u0130brahim Selim aslen nereli, kiminle sevgili? \" width=\"1208\" height=\"680\" title=\"\" srcset=\"https:\/\/www.tgrthaber.com\/mavikadin\/wp-content\/uploads\/Ibrahim-Selim-7.jpg 1208w, https:\/\/www.tgrthaber.com\/mavikadin\/wp-content\/uploads\/Ibrahim-Selim-7-300x169.jpg 300w, https:\/\/www.tgrthaber.com\/mavikadin\/wp-content\/uploads\/Ibrahim-Selim-7-1024x576.jpg 1024w, https:\/\/www.tgrthaber.com\/mavikadin\/wp-content\/uploads\/Ibrahim-Selim-7-768x432.jpg 768w\" sizes=\"(max-width: 1208px) 100vw, 1208px\" \/><\/p>\n<hr \/>\n<p>\u00d6zellikle sunucu ki\u015fili\u011fiyle pop\u00fclerli\u011fini art\u0131ran \u00fcnl\u00fc oyuncu, DOT Tiyatro&#8217;da ilk kez 2016 y\u0131l\u0131nda sahnelenen tek ki\u015filik Bunu Ben de Yapar\u0131m adl\u0131 oyundaki performans\u0131 ile 20. Afife Tiyatro \u00d6d\u00fclleri&#8217;nde Y\u0131l\u0131n En Ba\u015far\u0131l\u0131 Erkek Oyuncusu \u00d6d\u00fcl\u00fc&#8217;n\u00fc ald\u0131. Kariyerine bir\u00e7ok dizi ve film projesi s\u0131\u011fd\u0131ran Selim, Kusursuzlar filmindeki rol\u00fc ile 41. Alt\u0131n Portakal Film Festivali&#8217;nde En \u0130yi Erkek Oyuncu \u00d6d\u00fcl\u00fc&#8217;ne aday g\u00f6sterildi.<\/p>\n<p><img loading=\"lazy\" decoding=\"async\" class=\"size-full wp-image-273709\" src=\"https:\/\/www.tgrthaber.com\/mavikadin\/wp-content\/uploads\/Ibrahim-Selim-8.jpg\" alt=\"\u0130brahim Selim ka\u00e7 ya\u015f\u0131nda? \u0130brahim Selim aslen nereli, kiminle sevgili? \" width=\"1208\" height=\"680\" title=\"\" srcset=\"https:\/\/www.tgrthaber.com\/mavikadin\/wp-content\/uploads\/Ibrahim-Selim-8.jpg 1208w, https:\/\/www.tgrthaber.com\/mavikadin\/wp-content\/uploads\/Ibrahim-Selim-8-300x169.jpg 300w, https:\/\/www.tgrthaber.com\/mavikadin\/wp-content\/uploads\/Ibrahim-Selim-8-1024x576.jpg 1024w, https:\/\/www.tgrthaber.com\/mavikadin\/wp-content\/uploads\/Ibrahim-Selim-8-768x432.jpg 768w\" sizes=\"(max-width: 1208px) 100vw, 1208px\" \/><\/p>\n<hr \/>\n<h3>\u0130BRAH\u0130M SEL\u0130M ASLEN NEREL\u0130?<\/h3>\n<p>Ankara\u2019da hayata g\u00f6zlerini a\u00e7an \u0130brahim Selim, aslen Artvin Arhavili ve Laz k\u00f6kenlidir. Oyuncu ki\u015fili\u011finin yan\u0131 s\u0131ra YouTube programlar\u0131, podcast yay\u0131nlar\u0131 ve talk-show g\u00f6sterileri ile pop\u00fclerli\u011fini art\u0131ran Selim, stolk adl\u0131 YouTube program\u0131 ile tan\u0131n\u0131rl\u0131\u011f\u0131n\u0131 art\u0131rd\u0131. Selim, \u015fimdilerde \u2018\u0130brahim Selim ile Bu Gece\u2019 program\u0131yla pop\u00fclerli\u011fini art\u0131rmaya devam ediyor.<\/p>\n<p><img loading=\"lazy\" decoding=\"async\" class=\"size-full wp-image-273710\" src=\"https:\/\/www.tgrthaber.com\/mavikadin\/wp-content\/uploads\/Ibrahim-Selim-9.jpg\" alt=\"\u0130brahim Selim ka\u00e7 ya\u015f\u0131nda? \u0130brahim Selim aslen nereli, kiminle sevgili? \" width=\"1208\" height=\"680\" title=\"\" srcset=\"https:\/\/www.tgrthaber.com\/mavikadin\/wp-content\/uploads\/Ibrahim-Selim-9.jpg 1208w, https:\/\/www.tgrthaber.com\/mavikadin\/wp-content\/uploads\/Ibrahim-Selim-9-300x169.jpg 300w, https:\/\/www.tgrthaber.com\/mavikadin\/wp-content\/uploads\/Ibrahim-Selim-9-1024x576.jpg 1024w, https:\/\/www.tgrthaber.com\/mavikadin\/wp-content\/uploads\/Ibrahim-Selim-9-768x432.jpg 768w\" sizes=\"(max-width: 1208px) 100vw, 1208px\" \/><\/p>\n<hr \/>\n<h3>\u0130BRAH\u0130M SEL\u0130M K\u0130M\u0130NLE SEVG\u0130L\u0130?<\/h3>\n<p>Sunucu ve oyuncu \u0130brahim Selim, sosyal medya fenomeni <a href=\"https:\/\/www.tgrthaber.com\/mavikadin\/ibrahim-selimin-sevgilisi-seyma-keten-kimdir-kac-yasinda-seyma-keten-meslegi-nedir\/\">Ay\u015fe \u015eeyma Keten<\/a> ile sevgilidir. Bir s\u00fcredir birlikte olan ikili, dolu dizgin a\u015fklar\u0131yla magazin d\u00fcnyas\u0131nda b\u00fcy\u00fck ses getiriyor. Ba\u015far\u0131l\u0131 kariyerinin yan\u0131 s\u0131ra \u00f6zel hayat\u0131yla da dikkatleri \u00fczerine \u00e7eken Selim, son zamanlarda \u00f6zellikle a\u015fk hayat\u0131ndaki hareketlilikle ad\u0131ndan s\u00f6z ettiriyor. Selim, ayn\u0131 zamanda sevgilisinin kendisinden 16 ya\u015f k\u00fc\u00e7\u00fck olmas\u0131yla da g\u00fcndemde yerini al\u0131yor.<\/p>\n","protected":false},"excerpt":{"rendered":"<p>\u00dcnl\u00fc oyuncu ve sunucu \u0130brahim Selim\u2019in \u00f6zel hayat\u0131 merak ediliyor. \u0130brahim Selim\u2019in ka\u00e7 ya\u015f\u0131nda oldu\u011fu da ara\u015ft\u0131r\u0131l\u0131yor. Peki, \u0130brahim Selim ka\u00e7 ya\u015f\u0131nda? \u0130brahim Selim aslen nereli, kiminle sevgili? \u0130\u015fte detaylar\u2026<\/p>\n","protected":false},"author":26,"featured_media":273706,"comment_status":"closed","ping_status":"closed","sticky":false,"template":"","format":"standard","meta":{"rank_math_lock_modified_date":false,"footnotes":""},"categories":[491],"tags":[3374,16521,25723,67967,67966],"class_list":["post-273701","post","type-post","status-publish","format-standard","has-post-thumbnail","hentry","category-biyografi","tag-biyografi","tag-biyografi-haberleri","tag-ibrahim-selim","tag-ibrahim-selim-kac-yasinda","tag-ibrahim-selim-kimdir"],"_links":{"self":[{"href":"https:\/\/www.tgrthaber.com\/mavikadin\/wp-json\/wp\/v2\/posts\/273701"}],"collection":[{"href":"https:\/\/www.tgrthaber.com\/mavikadin\/wp-json\/wp\/v2\/posts"}],"about":[{"href":"https:\/\/www.tgrthaber.com\/mavikadin\/wp-json\/wp\/v2\/types\/post"}],"author":[{"embeddable":true,"href":"https:\/\/www.tgrthaber.com\/mavikadin\/wp-json\/wp\/v2\/users\/26"}],"replies":[{"embeddable":true,"href":"https:\/\/www.tgrthaber.com\/mavikadin\/wp-json\/wp\/v2\/comments?post=273701"}],"version-history":[{"count":2,"href":"https:\/\/www.tgrthaber.com\/mavikadin\/wp-json\/wp\/v2\/posts\/273701\/revisions"}],"predecessor-version":[{"id":273713,"href":"https:\/\/www.tgrthaber.com\/mavikadin\/wp-json\/wp\/v2\/posts\/273701\/revisions\/273713"}],"wp:featuredmedia":[{"embeddable":true,"href":"https:\/\/www.tgrthaber.com\/mavikadin\/wp-json\/wp\/v2\/media\/273706"}],"wp:attachment":[{"href":"https:\/\/www.tgrthaber.com\/mavikadin\/wp-json\/wp\/v2\/media?parent=273701"}],"wp:term":[{"taxonomy":"category","embeddable":true,"href":"https:\/\/www.tgrthaber.com\/mavikadin\/wp-json\/wp\/v2\/categories?post=273701"},{"taxonomy":"post_tag","embeddable":true,"href":"https:\/\/www.tgrthaber.com\/mavikadin\/wp-json\/wp\/v2\/tags?post=273701"}],"curies":[{"name":"wp","href":"https:\/\/api.w.org\/{rel}","templated":true}]}}