{"id":273714,"date":"2025-12-10T13:25:51","date_gmt":"2025-12-10T10:25:51","guid":{"rendered":"https:\/\/www.tgrthaber.com\/mavikadin\/?p=273714"},"modified":"2025-12-10T13:25:51","modified_gmt":"2025-12-10T10:25:51","slug":"kiskanmak-13-bolumde-cemalin-gercek-kimligi-ortaligi-karistirdi-final-sahnesinde-buyuk-surpriz","status":"publish","type":"post","link":"https:\/\/www.tgrthaber.com\/mavikadin\/kiskanmak-13-bolumde-cemalin-gercek-kimligi-ortaligi-karistirdi-final-sahnesinde-buyuk-surpriz\/","title":{"rendered":"K\u0131skanmak 13. B\u00f6l\u00fcmde Cemal\u2019in ger\u00e7ek kimli\u011fi ortal\u0131\u011f\u0131 kar\u0131\u015ft\u0131rd\u0131! Final sahnesinde b\u00fcy\u00fck s\u00fcrpriz"},"content":{"rendered":"<p>Ay Yap\u0131m imzal\u0131 <a href=\"https:\/\/www.tgrthaber.com\/mavikadin\/kiskanmak-dizisinde-inanilmaz-hata-bulent-inalin-ilk-bolumunde-ortalik-karisti\/\">K\u0131skanmak<\/a> dizisi, d\u00fcn ak\u015fam ekrana gelen 13. b\u00f6l\u00fcm\u00fcyle izleyicilere duygu y\u00fckl\u00fc ve heyecan dolu bir ak\u015fam ya\u015fatt\u0131. Pa\u015fazade ailesini derinden sarsan s\u0131rlar g\u00fcn y\u00fcz\u00fcne \u00e7\u0131karken, k\u00f6\u015fkteki tansiyon hi\u00e7 d\u00fc\u015fmedi. Dizide Cemal\u2019in kimli\u011fi ortaya \u00e7\u0131kmas\u0131 da i\u015fleri kar\u0131\u015ft\u0131rd\u0131.<\/p>\n<h3>KISKANMAK 13. B\u00d6L\u00dcMDE CEMAL\u2019\u0130N GER\u00c7EK K\u0130ML\u0130\u011e\u0130 ORTALI\u011eI KARI\u015eTIRDI<\/h3>\n<p>B\u00f6l\u00fcm\u00fcn en \u00e7arp\u0131c\u0131 sahnesi, Cemal\u2019in ger\u00e7ek kimli\u011fini a\u00e7\u0131klamas\u0131yd\u0131. Bu beklenmedik itiraf, Pa\u015fazade ailesinde b\u00fcy\u00fck bir y\u00fczle\u015fmeye yol a\u00e7t\u0131. Herkes kendi s\u0131rlar\u0131yla hesapla\u015fmak zorunda kal\u0131rken, aile i\u00e7indeki dengeler tamamen de\u011fi\u015fti.<\/p>\n<p><img loading=\"lazy\" decoding=\"async\" class=\"aligncenter size-full wp-image-273716\" src=\"https:\/\/www.tgrthaber.com\/mavikadin\/wp-content\/uploads\/Kiskanmak-1-2.webp\" alt=\"\" width=\"1080\" height=\"608\" title=\"\" srcset=\"https:\/\/www.tgrthaber.com\/mavikadin\/wp-content\/uploads\/Kiskanmak-1-2.webp 1080w, https:\/\/www.tgrthaber.com\/mavikadin\/wp-content\/uploads\/Kiskanmak-1-2-300x169.webp 300w, https:\/\/www.tgrthaber.com\/mavikadin\/wp-content\/uploads\/Kiskanmak-1-2-1024x576.webp 1024w, https:\/\/www.tgrthaber.com\/mavikadin\/wp-content\/uploads\/Kiskanmak-1-2-768x432.webp 768w\" sizes=\"(max-width: 1080px) 100vw, 1080px\" \/><\/p>\n<hr \/>\n<h3>KISKANMAK 13. B\u00d6L\u00dcMDE NELER OLDU?<\/h3>\n<h3>T\u00fcrkan ve Nalan Aras\u0131ndaki Sular Durulmuyor<\/h3>\n<p>T\u00fcrkan\u2019\u0131n k\u00f6\u015fk\u00fcn han\u0131m\u0131 edas\u0131yla davranmaya ba\u015flamas\u0131, Nalan ile aras\u0131ndaki gerginli\u011fi art\u0131rd\u0131. \u0130ki kad\u0131n\u0131n g\u00fc\u00e7 m\u00fccadelesi giderek k\u0131z\u0131\u015f\u0131rken, izleyiciler gelecek b\u00f6l\u00fcmlerde ya\u015fanacak \u00e7at\u0131\u015fmalar\u0131n ipu\u00e7lar\u0131n\u0131 \u015fimdiden almaya ba\u015flad\u0131.<\/p>\n<h3>Enver\u2019den \u015ea\u015f\u0131rtan Karar<\/h3>\n<p>Evlendikten sonra emeklilik planlar\u0131n\u0131 de\u011fi\u015ftirme karar\u0131 alan Enver, hem ailesini hem izleyiciyi \u015fa\u015f\u0131rtt\u0131. Bu ad\u0131m\u0131n ilerleyen b\u00f6l\u00fcmlerde nas\u0131l sonu\u00e7lar do\u011furaca\u011f\u0131 merak konusu.<\/p>\n<p><img loading=\"lazy\" decoding=\"async\" class=\"aligncenter size-full wp-image-270408\" src=\"https:\/\/www.tgrthaber.com\/mavikadin\/wp-content\/uploads\/Kiskanmak-12.-Bolumde-Cemal-Pasazade-geri-donuyor-Nuzhet-gerceklerle-yuzlesecek-mi.jpg\" alt=\"\" width=\"1208\" height=\"680\" title=\"\" srcset=\"https:\/\/www.tgrthaber.com\/mavikadin\/wp-content\/uploads\/Kiskanmak-12.-Bolumde-Cemal-Pasazade-geri-donuyor-Nuzhet-gerceklerle-yuzlesecek-mi.jpg 1208w, https:\/\/www.tgrthaber.com\/mavikadin\/wp-content\/uploads\/Kiskanmak-12.-Bolumde-Cemal-Pasazade-geri-donuyor-Nuzhet-gerceklerle-yuzlesecek-mi-300x169.jpg 300w, https:\/\/www.tgrthaber.com\/mavikadin\/wp-content\/uploads\/Kiskanmak-12.-Bolumde-Cemal-Pasazade-geri-donuyor-Nuzhet-gerceklerle-yuzlesecek-mi-1024x576.jpg 1024w, https:\/\/www.tgrthaber.com\/mavikadin\/wp-content\/uploads\/Kiskanmak-12.-Bolumde-Cemal-Pasazade-geri-donuyor-Nuzhet-gerceklerle-yuzlesecek-mi-768x432.jpg 768w\" sizes=\"(max-width: 1208px) 100vw, 1208px\" \/><\/p>\n<hr \/>\n<h3>Nalan Ger\u00e7ekle Y\u00fczle\u015fiyor<\/h3>\n<p>Nalan, N\u00fczhet ve Halit\u2019in karde\u015f oldu\u011funu \u00f6\u011frenerek b\u00fcy\u00fck bir y\u0131k\u0131m ya\u015fad\u0131. Bu bilgi, Nalan\u2019\u0131n hayat\u0131nda yeni bir d\u00f6nemin kap\u0131s\u0131n\u0131 aralarken, hik\u00e2yeye farkl\u0131 bir y\u00f6n verdi.<\/p>\n<h3>Melek\u2019in Vedas\u0131 ve B\u00fcy\u00fck Emanet<\/h3>\n<p>B\u00f6l\u00fcm\u00fcn en duygusal an\u0131nda Melek, \u00f6lmeden \u00f6nce k\u0131z\u0131 Yasemin\u2019i Seniha\u2019ya emanet etti. \u0130zleyicilerin g\u00f6zya\u015flar\u0131na hakim olamad\u0131\u011f\u0131 bu sahne, b\u00f6l\u00fcme damgas\u0131n\u0131 vurdu.<\/p>\n<h3>Seniha Tuza\u011fa D\u00fc\u015f\u00fcyor<\/h3>\n<p>K\u00fc\u00e7\u00fck Yasemin\u2019i ziyarete giden Seniha, beklenmedik \u015fekilde Ferhat ile kar\u015f\u0131la\u015ft\u0131. Onu yakalamaya \u00e7al\u0131\u015f\u0131rken kurulan tuza\u011fa d\u00fc\u015fmesi, b\u00f6l\u00fcm\u00fcn finalinde tansiyonu zirveye ta\u015f\u0131d\u0131.<\/p>\n<p><img loading=\"lazy\" decoding=\"async\" class=\"aligncenter size-full wp-image-267887\" src=\"https:\/\/www.tgrthaber.com\/mavikadin\/wp-content\/uploads\/kiskanmak-11-2.jpg\" alt=\"K\u0131skanmak 11. b\u00f6l\u00fcmde neler oldu? K\u0131skanmak yeni b\u00f6l\u00fcm fragman\u0131 yay\u0131nland\u0131 m\u0131?\" width=\"1208\" height=\"680\" title=\"\" srcset=\"https:\/\/www.tgrthaber.com\/mavikadin\/wp-content\/uploads\/kiskanmak-11-2.jpg 1208w, https:\/\/www.tgrthaber.com\/mavikadin\/wp-content\/uploads\/kiskanmak-11-2-300x169.jpg 300w, https:\/\/www.tgrthaber.com\/mavikadin\/wp-content\/uploads\/kiskanmak-11-2-1024x576.jpg 1024w, https:\/\/www.tgrthaber.com\/mavikadin\/wp-content\/uploads\/kiskanmak-11-2-768x432.jpg 768w\" sizes=\"(max-width: 1208px) 100vw, 1208px\" \/><\/p>\n<hr \/>\n<h3>KISKANMAK 14. B\u00d6L\u00dcM NE ZAMAN?<\/h3>\n<p>Dizinin bir sonraki b\u00f6l\u00fcm\u00fc, <a href=\"https:\/\/www.tgrthaber.com\/mavikadin\/kiskanmak-12-bolumde-cemal-pasazade-geri-donuyor-nuzhet-gerceklerle-yuzlesecek-mi\/\">K\u0131skanmak<\/a> 14. B\u00f6l\u00fcm, 16 Aral\u0131k Sal\u0131 g\u00fcn\u00fc saat 20.00\u2019de NOW ekranlar\u0131nda olacak. \u0130zleyiciler, Seniha\u2019n\u0131n ak\u0131beti ve Pa\u015fazade ailesindeki f\u0131rt\u0131nan\u0131n nas\u0131l devam edece\u011fini merakla bekliyor.<\/p>\n<p><img loading=\"lazy\" decoding=\"async\" class=\"aligncenter size-full wp-image-273760\" src=\"https:\/\/www.tgrthaber.com\/mavikadin\/wp-content\/uploads\/Kiskanmak-4-1.webp\" alt=\"\" width=\"1080\" height=\"608\" title=\"\" srcset=\"https:\/\/www.tgrthaber.com\/mavikadin\/wp-content\/uploads\/Kiskanmak-4-1.webp 1080w, https:\/\/www.tgrthaber.com\/mavikadin\/wp-content\/uploads\/Kiskanmak-4-1-300x169.webp 300w, https:\/\/www.tgrthaber.com\/mavikadin\/wp-content\/uploads\/Kiskanmak-4-1-1024x576.webp 1024w, https:\/\/www.tgrthaber.com\/mavikadin\/wp-content\/uploads\/Kiskanmak-4-1-768x432.webp 768w\" sizes=\"(max-width: 1080px) 100vw, 1080px\" \/><\/p>\n<hr \/>\n<h3>KISKANMAK OYUNCU KADROSU<\/h3>\n<p>Ba\u015fl\u0131ca Oyuncular &amp; Karakterler<\/p>\n<p>\u00d6zg\u00fc Namal \u2014 Seniha Pa\u015fazade<\/p>\n<p>Mehmet G\u00fcns\u00fcr \u2014 Halit Pa\u015fazade<\/p>\n<p>Selahattin Pa\u015fal\u0131 \u2014 N\u00fczhet Erden<\/p>\n<p>Hafsanur Sancaktutan \u2014 M\u00fckerrem \u015een<\/p>\n<p><img loading=\"lazy\" decoding=\"async\" class=\"aligncenter size-full wp-image-273764\" src=\"https:\/\/www.tgrthaber.com\/mavikadin\/wp-content\/uploads\/Kiskanmak-5-1.webp\" alt=\"\" width=\"1080\" height=\"608\" title=\"\" srcset=\"https:\/\/www.tgrthaber.com\/mavikadin\/wp-content\/uploads\/Kiskanmak-5-1.webp 1080w, https:\/\/www.tgrthaber.com\/mavikadin\/wp-content\/uploads\/Kiskanmak-5-1-300x169.webp 300w, https:\/\/www.tgrthaber.com\/mavikadin\/wp-content\/uploads\/Kiskanmak-5-1-1024x576.webp 1024w, https:\/\/www.tgrthaber.com\/mavikadin\/wp-content\/uploads\/Kiskanmak-5-1-768x432.webp 768w\" sizes=\"(max-width: 1080px) 100vw, 1080px\" \/><\/p>\n<hr \/>\n<p>Beril Pozam \u2014 Nalan \u015eevket<\/p>\n<p>Hande Do\u011fandemir \u2014 T\u00fcrkan<\/p>\n<p>Ayda Aksel \u2014 Mediha Pa\u015fazade<\/p>\n<p>\u0130pek Tuzcuo\u011flu \u2014 \u015eaziye<\/p>\n<p>\u0130\u015ftar G\u00f6kseven \u2014 Enver<\/p>\n<p>Lila G\u00fcrmen \u2014 Rukiye<\/p>\n<p>Cem Uslu \u2014 Cemil<\/p>\n<p>Dilara Aks\u00fcyek \u2014 \u015e\u00fckran<\/p>\n<p>Zeynep Y\u00fcce \u2014 Feride<\/p>\n","protected":false},"excerpt":{"rendered":"<p>K\u0131skanmak dizisi 13. B\u00f6l\u00fcmde Cemal\u2019in kimli\u011fi ortaya \u00e7\u0131k\u0131nca olanlar oldu. Ay yap\u0131m imzal\u0131 dizinin d\u00fcn ak\u015fam ekranlara gelen yeni b\u00f6l\u00fcm\u00fcnde izleyiciler duygusal anlar ya\u015fad\u0131. Gizli kalm\u0131\u015f s\u0131rlar Pa\u015fazade ailesini sarst\u0131, k\u00f6\u015fkteki gerilim ise s\u00fcrekli y\u00fckseldi.<\/p>\n","protected":false},"author":5,"featured_media":273766,"comment_status":"closed","ping_status":"closed","sticky":false,"template":"","format":"standard","meta":{"rank_math_lock_modified_date":false,"footnotes":""},"categories":[602],"tags":[24322,21824,67975,63091],"class_list":["post-273714","post","type-post","status-publish","format-standard","has-post-thumbnail","hentry","category-diziler","tag-ay-yapim","tag-kiskanmak","tag-kiskanmak-cemal","tag-kiskanmak-dizisi-oyunculari"],"_links":{"self":[{"href":"https:\/\/www.tgrthaber.com\/mavikadin\/wp-json\/wp\/v2\/posts\/273714"}],"collection":[{"href":"https:\/\/www.tgrthaber.com\/mavikadin\/wp-json\/wp\/v2\/posts"}],"about":[{"href":"https:\/\/www.tgrthaber.com\/mavikadin\/wp-json\/wp\/v2\/types\/post"}],"author":[{"embeddable":true,"href":"https:\/\/www.tgrthaber.com\/mavikadin\/wp-json\/wp\/v2\/users\/5"}],"replies":[{"embeddable":true,"href":"https:\/\/www.tgrthaber.com\/mavikadin\/wp-json\/wp\/v2\/comments?post=273714"}],"version-history":[{"count":2,"href":"https:\/\/www.tgrthaber.com\/mavikadin\/wp-json\/wp\/v2\/posts\/273714\/revisions"}],"predecessor-version":[{"id":273774,"href":"https:\/\/www.tgrthaber.com\/mavikadin\/wp-json\/wp\/v2\/posts\/273714\/revisions\/273774"}],"wp:featuredmedia":[{"embeddable":true,"href":"https:\/\/www.tgrthaber.com\/mavikadin\/wp-json\/wp\/v2\/media\/273766"}],"wp:attachment":[{"href":"https:\/\/www.tgrthaber.com\/mavikadin\/wp-json\/wp\/v2\/media?parent=273714"}],"wp:term":[{"taxonomy":"category","embeddable":true,"href":"https:\/\/www.tgrthaber.com\/mavikadin\/wp-json\/wp\/v2\/categories?post=273714"},{"taxonomy":"post_tag","embeddable":true,"href":"https:\/\/www.tgrthaber.com\/mavikadin\/wp-json\/wp\/v2\/tags?post=273714"}],"curies":[{"name":"wp","href":"https:\/\/api.w.org\/{rel}","templated":true}]}}