{"id":273719,"date":"2025-12-10T12:48:33","date_gmt":"2025-12-10T09:48:33","guid":{"rendered":"https:\/\/www.tgrthaber.com\/mavikadin\/?p=273719"},"modified":"2025-12-10T12:57:10","modified_gmt":"2025-12-10T09:57:10","slug":"kismetse-olur-aysenur-inam-oldu-mu-aysenur-inamin-son-durumu-merak-ediliyor","status":"publish","type":"post","link":"https:\/\/www.tgrthaber.com\/mavikadin\/kismetse-olur-aysenur-inam-oldu-mu-aysenur-inamin-son-durumu-merak-ediliyor\/","title":{"rendered":"K\u0131smetse Olur Ay\u015fenur \u0130nam \u00f6ld\u00fc m\u00fc? Ay\u015fenur \u0130nam\u2019\u0131n son durumu merak ediliyor"},"content":{"rendered":"<p>K\u0131smetse Olur program\u0131 ile \u00fcnlenen <a href=\"https:\/\/www.tgrthaber.com\/mavikadin\/kismetse-olur-kerem-alp-aslan-kimdir-kac-yasinda-kerem-alp-aslan-meslegi-nedir\/\">Ay\u015fenur \u0130nam<\/a>&#8216;\u0131n trafik kazas\u0131 sonucu hayat\u0131n\u0131 kaybetti\u011fi \u00f6ne s\u00fcr\u00fcld\u00fc. Bu haber duyan vatanda\u015flar olay\u0131n detaylar\u0131n\u0131 incelemeye \u00e7al\u0131\u015f\u0131rken bir yandan da &#8220;K\u0131smetse Olur Ay\u015fenur \u0130nam \u00f6ld\u00fc m\u00fc, ya\u015f\u0131yor mu&#8221; sorular\u0131n\u0131 sormaya ba\u015flad\u0131.<\/p>\n<h3>AY\u015eENUR \u0130NAM \u00d6LD\u00dc M\u00dc?<\/h3>\n<p>30 ya\u015f\u0131ndaki eski yar\u0131\u015fmac\u0131 Ay\u015fenur \u0130nam&#8217;\u0131n \u00f6ld\u00fc\u011f\u00fcne dair net bir bilgi hen\u00fcz yok. \u0130nam&#8217;\u0131n sosyal medya hesab\u0131n\u0131n \u00e7al\u0131nd\u0131\u011f\u0131 ve &#8220;\u00f6ld\u00fc&#8221; payla\u015f\u0131m\u0131 yap\u0131ld\u0131\u011f\u0131 iddia ediliyor.<\/p>\n<p><img loading=\"lazy\" decoding=\"async\" class=\"aligncenter size-full wp-image-273729\" src=\"https:\/\/www.tgrthaber.com\/mavikadin\/wp-content\/uploads\/Aysenur-Inam-2_restored.jpeg\" alt=\"\" width=\"2000\" height=\"1690\" title=\"\" srcset=\"https:\/\/www.tgrthaber.com\/mavikadin\/wp-content\/uploads\/Aysenur-Inam-2_restored.jpeg 2000w, https:\/\/www.tgrthaber.com\/mavikadin\/wp-content\/uploads\/Aysenur-Inam-2_restored-300x254.jpeg 300w, https:\/\/www.tgrthaber.com\/mavikadin\/wp-content\/uploads\/Aysenur-Inam-2_restored-1024x865.jpeg 1024w, https:\/\/www.tgrthaber.com\/mavikadin\/wp-content\/uploads\/Aysenur-Inam-2_restored-768x649.jpeg 768w, https:\/\/www.tgrthaber.com\/mavikadin\/wp-content\/uploads\/Aysenur-Inam-2_restored-1536x1298.jpeg 1536w\" sizes=\"(max-width: 2000px) 100vw, 2000px\" \/><\/p>\n<hr \/>\n<h3>AY\u015eENUR \u0130NAM K\u0130MD\u0130R?<\/h3>\n<p><a href=\"https:\/\/www.tgrthaber.com\/mavikadin\/kismetse-olur-eylul-kimdir-kismetse-olur-eylul-meslegi-nedir\/\">Ay\u015fenur \u0130nam<\/a>, 2002 do\u011fumlu bir gen\u00e7 T\u00fcrk isimdir. Uzun y\u0131llar Almanya\u2019da ya\u015fam\u0131\u015f ve e\u011fitimini orada tamamlam\u0131\u015ft\u0131r. Oyunculuk e\u011fitimi alm\u0131\u015f ve \u00f6zel korumac\u0131l\u0131k mesle\u011fi ile de ilgilenmi\u015ftir. T\u00fcrkiye\u2019ye d\u00f6nd\u00fckten sonra oyunculuk alan\u0131nda \u00e7al\u0131\u015fmalar yapm\u0131\u015f ve baz\u0131 projelerde rol alm\u0131\u015ft\u0131r.<\/p>\n<p><img loading=\"lazy\" decoding=\"async\" class=\"aligncenter size-full wp-image-273731\" src=\"https:\/\/www.tgrthaber.com\/mavikadin\/wp-content\/uploads\/Aysenur-Inam-2_restored-1.png\" alt=\"\" width=\"2000\" height=\"1124\" title=\"\" srcset=\"https:\/\/www.tgrthaber.com\/mavikadin\/wp-content\/uploads\/Aysenur-Inam-2_restored-1.png 2000w, https:\/\/www.tgrthaber.com\/mavikadin\/wp-content\/uploads\/Aysenur-Inam-2_restored-1-300x169.png 300w, https:\/\/www.tgrthaber.com\/mavikadin\/wp-content\/uploads\/Aysenur-Inam-2_restored-1-1024x575.png 1024w, https:\/\/www.tgrthaber.com\/mavikadin\/wp-content\/uploads\/Aysenur-Inam-2_restored-1-768x432.png 768w, https:\/\/www.tgrthaber.com\/mavikadin\/wp-content\/uploads\/Aysenur-Inam-2_restored-1-1536x863.png 1536w\" sizes=\"(max-width: 2000px) 100vw, 2000px\" \/><\/p>\n<hr \/>\n<p>Kamuoyunda ise \u00f6zellikle \u201cK\u0131smetse Olur: A\u015fk\u0131n G\u00fcc\u00fc\u201d adl\u0131 yar\u0131\u015fmaya kat\u0131lmas\u0131yla tan\u0131nm\u0131\u015ft\u0131r. Yar\u0131\u015fmadaki duru\u015fu ve hedefleri ile dikkat \u00e7ekmi\u015f, gen\u00e7 ve gelecek vaad eden bir isim olarak \u00f6ne \u00e7\u0131km\u0131\u015ft\u0131r.<\/p>\n<p><img loading=\"lazy\" decoding=\"async\" class=\"aligncenter size-full wp-image-273732\" src=\"https:\/\/www.tgrthaber.com\/mavikadin\/wp-content\/uploads\/Aysenur-Inam-4_restored.jpeg\" alt=\"\" width=\"2000\" height=\"1908\" title=\"\" srcset=\"https:\/\/www.tgrthaber.com\/mavikadin\/wp-content\/uploads\/Aysenur-Inam-4_restored.jpeg 2000w, https:\/\/www.tgrthaber.com\/mavikadin\/wp-content\/uploads\/Aysenur-Inam-4_restored-300x286.jpeg 300w, https:\/\/www.tgrthaber.com\/mavikadin\/wp-content\/uploads\/Aysenur-Inam-4_restored-1024x977.jpeg 1024w, https:\/\/www.tgrthaber.com\/mavikadin\/wp-content\/uploads\/Aysenur-Inam-4_restored-768x733.jpeg 768w, https:\/\/www.tgrthaber.com\/mavikadin\/wp-content\/uploads\/Aysenur-Inam-4_restored-1536x1465.jpeg 1536w\" sizes=\"(max-width: 2000px) 100vw, 2000px\" \/><\/p>\n<hr \/>\n<h3>AY\u015eENUR \u0130NAM YARI\u015eMAYA NE AMA\u00c7LA KATILDI?<\/h3>\n<p>Ay\u015fenur, K\u0131smetse Olur: A\u015fk\u0131n G\u00fcc\u00fc\u2019nde gelin adaylar\u0131ndan biriydi. Yar\u0131\u015fmadaki a\u00e7\u0131l\u0131\u015f s\u00f6zlerinde \u201cAlmanya\u2019dan buraya a\u015fk\u0131m\u0131 bulmaya geldim\u201d diyerek programda ger\u00e7ek bir ili\u015fki bulma niyetiyle oldu\u011funu dile getirmi\u015fti.<\/p>\n<p><img loading=\"lazy\" decoding=\"async\" class=\"aligncenter size-full wp-image-273720\" src=\"https:\/\/www.tgrthaber.com\/mavikadin\/wp-content\/uploads\/Aysenur-Inam-1.png\" alt=\"\" width=\"1208\" height=\"680\" title=\"\" srcset=\"https:\/\/www.tgrthaber.com\/mavikadin\/wp-content\/uploads\/Aysenur-Inam-1.png 1208w, https:\/\/www.tgrthaber.com\/mavikadin\/wp-content\/uploads\/Aysenur-Inam-1-300x169.png 300w, https:\/\/www.tgrthaber.com\/mavikadin\/wp-content\/uploads\/Aysenur-Inam-1-1024x576.png 1024w, https:\/\/www.tgrthaber.com\/mavikadin\/wp-content\/uploads\/Aysenur-Inam-1-768x432.png 768w\" sizes=\"(max-width: 1208px) 100vw, 1208px\" \/><\/p>\n<hr \/>\n<p>Yar\u0131\u015fma ba\u015flad\u0131\u011f\u0131nda sosyal medya payla\u015f\u0131mlar\u0131 g\u00f6r\u00fcn\u00fcm\u00fc ve tav\u0131rlar\u0131yla hem ilgi oda\u011f\u0131 hem de ele\u015ftirilerin hedefi olmu\u015ftu. \u00d6zellikle baz\u0131 \u201cshoplu\u201d pozlar\u0131 sosyal medyada g\u00fcndem olmu\u015ftu.<\/p>\n","protected":false},"excerpt":{"rendered":"<p>K\u0131smetse Olur program\u0131nda bir d\u00f6nem boy g\u00f6steren Ay\u015fenur \u0130nam&#8217;\u0131n \u00f6ld\u00fc\u011f\u00fc iddia edildi. \u00d6zellikle program\u0131 seyreden izleyiciler bu s\u00f6ylentinin do\u011fru olup olmad\u0131\u011f\u0131n\u0131 ara\u015ft\u0131rmaya ba\u015flad\u0131. Sosyal medya payla\u015f\u0131mlar\u0131 sonras\u0131 yo\u011fun \u015fekilde &#8220;Ay\u015fenur \u0130nam \u00f6ld\u00fc m\u00fc&#8221; sorusu gelmeye ba\u015flad\u0131.<\/p>\n","protected":false},"author":5,"featured_media":273733,"comment_status":"closed","ping_status":"closed","sticky":false,"template":"","format":"standard","meta":{"rank_math_lock_modified_date":false,"footnotes":""},"categories":[76],"tags":[41532,2814,5575],"class_list":["post-273719","post","type-post","status-publish","format-standard","has-post-thumbnail","hentry","category-magazin","tag-aysenur-inam","tag-kismetse-olur","tag-kismetse-olur-askin-gucu"],"_links":{"self":[{"href":"https:\/\/www.tgrthaber.com\/mavikadin\/wp-json\/wp\/v2\/posts\/273719"}],"collection":[{"href":"https:\/\/www.tgrthaber.com\/mavikadin\/wp-json\/wp\/v2\/posts"}],"about":[{"href":"https:\/\/www.tgrthaber.com\/mavikadin\/wp-json\/wp\/v2\/types\/post"}],"author":[{"embeddable":true,"href":"https:\/\/www.tgrthaber.com\/mavikadin\/wp-json\/wp\/v2\/users\/5"}],"replies":[{"embeddable":true,"href":"https:\/\/www.tgrthaber.com\/mavikadin\/wp-json\/wp\/v2\/comments?post=273719"}],"version-history":[{"count":5,"href":"https:\/\/www.tgrthaber.com\/mavikadin\/wp-json\/wp\/v2\/posts\/273719\/revisions"}],"predecessor-version":[{"id":273740,"href":"https:\/\/www.tgrthaber.com\/mavikadin\/wp-json\/wp\/v2\/posts\/273719\/revisions\/273740"}],"wp:featuredmedia":[{"embeddable":true,"href":"https:\/\/www.tgrthaber.com\/mavikadin\/wp-json\/wp\/v2\/media\/273733"}],"wp:attachment":[{"href":"https:\/\/www.tgrthaber.com\/mavikadin\/wp-json\/wp\/v2\/media?parent=273719"}],"wp:term":[{"taxonomy":"category","embeddable":true,"href":"https:\/\/www.tgrthaber.com\/mavikadin\/wp-json\/wp\/v2\/categories?post=273719"},{"taxonomy":"post_tag","embeddable":true,"href":"https:\/\/www.tgrthaber.com\/mavikadin\/wp-json\/wp\/v2\/tags?post=273719"}],"curies":[{"name":"wp","href":"https:\/\/api.w.org\/{rel}","templated":true}]}}