{"id":273730,"date":"2025-12-10T13:05:34","date_gmt":"2025-12-10T10:05:34","guid":{"rendered":"https:\/\/www.tgrthaber.com\/mavikadin\/?p=273730"},"modified":"2025-12-10T13:05:34","modified_gmt":"2025-12-10T10:05:34","slug":"aysenur-inam-kimdir-kac-yasinda-aysenur-inam-ne-oldu","status":"publish","type":"post","link":"https:\/\/www.tgrthaber.com\/mavikadin\/aysenur-inam-kimdir-kac-yasinda-aysenur-inam-ne-oldu\/","title":{"rendered":"Ay\u015fenur \u0130nam kimdir ka\u00e7 ya\u015f\u0131nda? Ay\u015fenur \u0130nam ne oldu?"},"content":{"rendered":"<p>K\u0131smetse Olur: A\u015fk\u0131n G\u00fcc\u00fc yar\u0131\u015fmas\u0131yla tan\u0131nan Ay\u015fenur \u0130nam, sosyal medyada yay\u0131nlanan haber sebebiyle merak edildi. Arama motorlar\u0131nda Ay\u015fenur \u0130nam hakk\u0131nda merak edilenler ara\u015ft\u0131r\u0131lmaya ba\u015fland\u0131. Peki, Ay\u015fenur \u0130nam kimdir ka\u00e7 ya\u015f\u0131nda? Ay\u015fenur \u0130nam ne oldu? sorular\u0131n\u0131 sizin i\u00e7in ara\u015ft\u0131rd\u0131k. \u0130\u015fte detaylar\u2026<\/p>\n<h3>AY\u015eENUR \u0130NAM K\u0130MD\u0130R KA\u00c7 YA\u015eINDA?<\/h3>\n<p>K\u0131smetse Olur: A\u015fk\u0131m G\u00fcc\u00fc adl\u0131 program ile dikkatleri \u00fczerine \u00e7eken Ay\u015fenur \u0130nam, sosyal medyada hakk\u0131nda \u00e7\u0131kan haberler sonras\u0131 merak edilerek ara\u015ft\u0131r\u0131lmaya ba\u015fland\u0131. Hayat\u0131 ve kariyeriyle ara\u015ft\u0131r\u0131lan Ay\u015fenur \u0130nam, kendisine ne oldu\u011fu le de ara\u015ft\u0131r\u0131l\u0131yor.<\/p>\n<p><img loading=\"lazy\" decoding=\"async\" class=\"alignnone size-full wp-image-273747\" src=\"https:\/\/www.tgrthaber.com\/mavikadin\/wp-content\/uploads\/ARZU-79-24.jpg\" alt=\"Ay\u015fenur \u0130nam kimdir ka\u00e7 ya\u015f\u0131nda? Ay\u015fenur \u0130nam ne oldu?\" width=\"1208\" height=\"680\" title=\"\" srcset=\"https:\/\/www.tgrthaber.com\/mavikadin\/wp-content\/uploads\/ARZU-79-24.jpg 1208w, https:\/\/www.tgrthaber.com\/mavikadin\/wp-content\/uploads\/ARZU-79-24-300x169.jpg 300w, https:\/\/www.tgrthaber.com\/mavikadin\/wp-content\/uploads\/ARZU-79-24-1024x576.jpg 1024w, https:\/\/www.tgrthaber.com\/mavikadin\/wp-content\/uploads\/ARZU-79-24-768x432.jpg 768w\" sizes=\"(max-width: 1208px) 100vw, 1208px\" \/><\/p>\n<hr \/>\n<p>Sosyal medyada yay\u0131nlanan as\u0131ls\u0131z\u0131 \u00f6l\u00fcm iddialar\u0131 sonras\u0131 merak edilen Ay\u015fenur \u0130nam Almanya\u2019da do\u011fmu\u015ftur. T\u00fcrkiye\u2019ye d\u00f6nd\u00fckten sonra hem \u00f6zel koruma hem de televizyon ekranlar\u0131nda g\u00f6rev yapm\u0131\u015ft\u0131r.<\/p>\n<p><img loading=\"lazy\" decoding=\"async\" class=\"alignnone size-full wp-image-273746\" src=\"https:\/\/www.tgrthaber.com\/mavikadin\/wp-content\/uploads\/ARZU-80-23.jpg\" alt=\"Ay\u015fenur \u0130nam kimdir ka\u00e7 ya\u015f\u0131nda? Ay\u015fenur \u0130nam ne oldu?\" width=\"1208\" height=\"680\" title=\"\" srcset=\"https:\/\/www.tgrthaber.com\/mavikadin\/wp-content\/uploads\/ARZU-80-23.jpg 1208w, https:\/\/www.tgrthaber.com\/mavikadin\/wp-content\/uploads\/ARZU-80-23-300x169.jpg 300w, https:\/\/www.tgrthaber.com\/mavikadin\/wp-content\/uploads\/ARZU-80-23-1024x576.jpg 1024w, https:\/\/www.tgrthaber.com\/mavikadin\/wp-content\/uploads\/ARZU-80-23-768x432.jpg 768w\" sizes=\"(max-width: 1208px) 100vw, 1208px\" \/><\/p>\n<hr \/>\n<p>Hayat\u0131n\u0131 aktif bir \u015fekilde sosyal medyas\u0131ndan payla\u015fan Ay\u015fenur \u0130nam, \u00d6zel koruma ve reality show yar\u0131\u015fmalar\u0131 ile dikkat \u00e7ekmektedir. Almanya\u2019da \u00f6zel g\u00fcvenlik alan\u0131na y\u00f6nelen Ay\u015fenur \u0130nam, T\u00fcrkiye\u2019ye gelerek oyunculuk e\u011fitimleri de alm\u0131\u015ft\u0131r.<\/p>\n<p><img loading=\"lazy\" decoding=\"async\" class=\"alignnone size-full wp-image-273744\" src=\"https:\/\/www.tgrthaber.com\/mavikadin\/wp-content\/uploads\/ARZU-82-22.jpg\" alt=\"Ay\u015fenur \u0130nam kimdir ka\u00e7 ya\u015f\u0131nda? Ay\u015fenur \u0130nam ne oldu?\" width=\"1208\" height=\"680\" title=\"\" srcset=\"https:\/\/www.tgrthaber.com\/mavikadin\/wp-content\/uploads\/ARZU-82-22.jpg 1208w, https:\/\/www.tgrthaber.com\/mavikadin\/wp-content\/uploads\/ARZU-82-22-300x169.jpg 300w, https:\/\/www.tgrthaber.com\/mavikadin\/wp-content\/uploads\/ARZU-82-22-1024x576.jpg 1024w, https:\/\/www.tgrthaber.com\/mavikadin\/wp-content\/uploads\/ARZU-82-22-768x432.jpg 768w\" sizes=\"(max-width: 1208px) 100vw, 1208px\" \/><\/p>\n<hr \/>\n<p>Ancak Ay\u015fenur \u0130nam\u2019\u0131n as\u0131l tan\u0131nmas\u0131 2023 y\u0131l\u0131nda yay\u0131nlanan K\u0131smetse Olur program\u0131yla dikkat \u00e7ekmi\u015ftir. Yar\u0131\u015fmaya Almanya\u2019dan a\u015fk\u0131n\u0131 bulmak i\u00e7in geldi\u011fini ifade eden Ay\u015fenur \u0130nam, yar\u0131\u015fmadaki tav\u0131rlar\u0131yla da dikkatleri \u00fczerine \u00e7ekmi\u015ftir.<\/p>\n<p><img loading=\"lazy\" decoding=\"async\" class=\"alignnone size-full wp-image-273748\" src=\"https:\/\/www.tgrthaber.com\/mavikadin\/wp-content\/uploads\/ARZU-78-20.jpg\" alt=\"Ay\u015fenur \u0130nam kimdir ka\u00e7 ya\u015f\u0131nda? Ay\u015fenur \u0130nam ne oldu?\" width=\"1208\" height=\"680\" title=\"\" srcset=\"https:\/\/www.tgrthaber.com\/mavikadin\/wp-content\/uploads\/ARZU-78-20.jpg 1208w, https:\/\/www.tgrthaber.com\/mavikadin\/wp-content\/uploads\/ARZU-78-20-300x169.jpg 300w, https:\/\/www.tgrthaber.com\/mavikadin\/wp-content\/uploads\/ARZU-78-20-1024x576.jpg 1024w, https:\/\/www.tgrthaber.com\/mavikadin\/wp-content\/uploads\/ARZU-78-20-768x432.jpg 768w\" sizes=\"(max-width: 1208px) 100vw, 1208px\" \/><\/p>\n<hr \/>\n<p>Ay\u015fenur \u0130nam\u2019\u0131n ya\u015f\u0131 da merak edilmeye ba\u015fland\u0131. \u015eimdilerde 30 ya\u015f\u0131nda olan Ay\u015fenur \u0130nam, sosyal medyadan \u2018\u00f6ld\u00fc\u2019 payla\u015f\u0131m\u0131yla dikkat \u00e7ekti. Kamuoyunda b\u00fcy\u00fck bir yank\u0131 olan bu durum, her yerde dikkat \u00e7ekti.<\/p>\n<h3><img loading=\"lazy\" decoding=\"async\" class=\"alignnone size-full wp-image-273745\" src=\"https:\/\/www.tgrthaber.com\/mavikadin\/wp-content\/uploads\/ARZU-81-22.jpg\" alt=\"Ay\u015fenur \u0130nam kimdir ka\u00e7 ya\u015f\u0131nda? Ay\u015fenur \u0130nam ne oldu?\" width=\"1208\" height=\"680\" title=\"\" srcset=\"https:\/\/www.tgrthaber.com\/mavikadin\/wp-content\/uploads\/ARZU-81-22.jpg 1208w, https:\/\/www.tgrthaber.com\/mavikadin\/wp-content\/uploads\/ARZU-81-22-300x169.jpg 300w, https:\/\/www.tgrthaber.com\/mavikadin\/wp-content\/uploads\/ARZU-81-22-1024x576.jpg 1024w, https:\/\/www.tgrthaber.com\/mavikadin\/wp-content\/uploads\/ARZU-81-22-768x432.jpg 768w\" sizes=\"(max-width: 1208px) 100vw, 1208px\" \/><\/h3>\n<hr \/>\n<h3><strong>AY\u015eENUR \u0130NAM NE OLDU?<\/strong><\/h3>\n<p>K\u0131smetse Olur yar\u0131\u015fma program\u0131yla geni\u015f kitlelerce tan\u0131nan <a href=\"https:\/\/www.tgrthaber.com\/mavikadin\/kismetse-olur-aysenur-inam-oldu-mu-aysenur-inamin-son-durumu-merak-ediliyor\/\">Ay\u015fenur \u0130nam,<\/a> hakk\u0131nda ortaya at\u0131lan bir iddia ile g\u00fcndem oldu. Sosyal medyas\u0131ndan \u2018\u00f6ld\u00fc\u2019 mesaj\u0131yla sevenlerinin dikkatini \u00e7ekti. Ancak iddialar\u0131n bir ger\u00e7eklik yap var m yok mu ara\u015ft\u0131r\u0131lmaya ba\u015fland\u0131.<\/p>\n<p><img loading=\"lazy\" decoding=\"async\" class=\"alignnone size-full wp-image-273742\" src=\"https:\/\/www.tgrthaber.com\/mavikadin\/wp-content\/uploads\/ARZU-84-22.jpg\" alt=\"Ay\u015fenur \u0130nam kimdir ka\u00e7 ya\u015f\u0131nda? Ay\u015fenur \u0130nam ne oldu?\" width=\"1208\" height=\"680\" title=\"\" srcset=\"https:\/\/www.tgrthaber.com\/mavikadin\/wp-content\/uploads\/ARZU-84-22.jpg 1208w, https:\/\/www.tgrthaber.com\/mavikadin\/wp-content\/uploads\/ARZU-84-22-300x169.jpg 300w, https:\/\/www.tgrthaber.com\/mavikadin\/wp-content\/uploads\/ARZU-84-22-1024x576.jpg 1024w, https:\/\/www.tgrthaber.com\/mavikadin\/wp-content\/uploads\/ARZU-84-22-768x432.jpg 768w\" sizes=\"(max-width: 1208px) 100vw, 1208px\" \/><\/p>\n<hr \/>\n<p>Ay\u015fenur \u0130nam\u2019\u0131n yak\u0131n \u00e7evresi b\u00f6yle bir durumun olmad\u0131\u011f\u0131n\u0131 ve sosyal medya payla\u015f\u0131mlar\u0131n\u0131n b\u00f6yle bir iddiay\u0131 yans\u0131tmad\u0131\u011f\u0131n\u0131 g\u00f6steriyor. Ay\u015fenur \u0130nam\u2019\u0131n sosyal medya hesab\u0131n\u0131n \u00e7al\u0131nd\u0131\u011f\u0131 da ak\u0131llara geldi.<\/p>\n","protected":false},"excerpt":{"rendered":"<p>Ay\u015fenur \u0130nam kimdir merak edilmeye ba\u015fland\u0131. \u00d6zellikle sosyal medya da hakk\u0131nda \u00e7\u0131kan haberler sonras\u0131 g\u00fcndem Ay\u015fenur \u0130nam, merak edilerek arama motorlar\u0131nda en \u00e7ok arat\u0131lan isimler aras\u0131nda yer ald\u0131. Peki, Ay\u015fenur \u0130nam kimdir ka\u00e7 ya\u015f\u0131nda? Ay\u015fenur \u0130nam ne oldu? \u0130\u015fte detaylar\u2026<\/p>\n","protected":false},"author":34,"featured_media":273743,"comment_status":"closed","ping_status":"closed","sticky":false,"template":"","format":"standard","meta":{"rank_math_lock_modified_date":false,"footnotes":""},"categories":[491],"tags":[41532,67971,67970,67972,16521],"class_list":["post-273730","post","type-post","status-publish","format-standard","has-post-thumbnail","hentry","category-biyografi","tag-aysenur-inam","tag-aysenur-inam-kac-yasinda","tag-aysenur-inam-kimdir","tag-aysenur-inama-ne-oldu","tag-biyografi-haberleri"],"_links":{"self":[{"href":"https:\/\/www.tgrthaber.com\/mavikadin\/wp-json\/wp\/v2\/posts\/273730"}],"collection":[{"href":"https:\/\/www.tgrthaber.com\/mavikadin\/wp-json\/wp\/v2\/posts"}],"about":[{"href":"https:\/\/www.tgrthaber.com\/mavikadin\/wp-json\/wp\/v2\/types\/post"}],"author":[{"embeddable":true,"href":"https:\/\/www.tgrthaber.com\/mavikadin\/wp-json\/wp\/v2\/users\/34"}],"replies":[{"embeddable":true,"href":"https:\/\/www.tgrthaber.com\/mavikadin\/wp-json\/wp\/v2\/comments?post=273730"}],"version-history":[{"count":2,"href":"https:\/\/www.tgrthaber.com\/mavikadin\/wp-json\/wp\/v2\/posts\/273730\/revisions"}],"predecessor-version":[{"id":273750,"href":"https:\/\/www.tgrthaber.com\/mavikadin\/wp-json\/wp\/v2\/posts\/273730\/revisions\/273750"}],"wp:featuredmedia":[{"embeddable":true,"href":"https:\/\/www.tgrthaber.com\/mavikadin\/wp-json\/wp\/v2\/media\/273743"}],"wp:attachment":[{"href":"https:\/\/www.tgrthaber.com\/mavikadin\/wp-json\/wp\/v2\/media?parent=273730"}],"wp:term":[{"taxonomy":"category","embeddable":true,"href":"https:\/\/www.tgrthaber.com\/mavikadin\/wp-json\/wp\/v2\/categories?post=273730"},{"taxonomy":"post_tag","embeddable":true,"href":"https:\/\/www.tgrthaber.com\/mavikadin\/wp-json\/wp\/v2\/tags?post=273730"}],"curies":[{"name":"wp","href":"https:\/\/api.w.org\/{rel}","templated":true}]}}