{"id":273741,"date":"2025-12-10T13:13:04","date_gmt":"2025-12-10T10:13:04","guid":{"rendered":"https:\/\/www.tgrthaber.com\/mavikadin\/?p=273741"},"modified":"2025-12-10T13:13:04","modified_gmt":"2025-12-10T10:13:04","slug":"kismetse-olur-aysenur-inam-oldu-mu-yasiyor-mu","status":"publish","type":"post","link":"https:\/\/www.tgrthaber.com\/mavikadin\/kismetse-olur-aysenur-inam-oldu-mu-yasiyor-mu\/","title":{"rendered":"K\u0131smetse Olur Ay\u015fenur \u0130nam \u00f6ld\u00fc m\u00fc, ya\u015f\u0131yor mu?"},"content":{"rendered":"<p>K\u0131smetse Olur program\u0131n\u0131n dikkat \u00e7eken isimleri aras\u0131nda yer alan Ay\u015fenur \u0130nam hakk\u0131nda sosyal medyada \u00e7e\u015fitli iddialar ortaya at\u0131ld\u0131. \u00dcnl\u00fc yar\u0131\u015fmac\u0131n\u0131n hayat\u0131n\u0131 kaybetti\u011fi iddia edildi. As\u0131ls\u0131z oldu\u011fu d\u00fc\u015f\u00fcn\u00fclen iddialar k\u0131sa s\u00fcrede sosyal medyada h\u0131zla yay\u0131ld\u0131. Kamuoyunda ise \u201cAy\u015fenur \u0130nam \u00f6ld\u00fc m\u00fc?\u201d sorular\u0131 aranan konular aras\u0131na girdi. Peki, K\u0131smetse Olur Ay\u015fenur \u0130nam \u00f6ld\u00fc m\u00fc, ya\u015f\u0131yor mu? Ay\u015fenur \u0130nam hakk\u0131nda merak edilenleri sizin i\u00e7in ara\u015ft\u0131rd\u0131k. \u0130\u015fte Ay\u015fenur \u0130nam hakk\u0131nda ortaya at\u0131lan iddialar\u0131n asl\u0131na dair bilinmeyenler\u2026<\/p>\n<h3>KISMETSE OLUR AY\u015eENUR \u0130NAM \u00d6LD\u00dc M\u00dc?<\/h3>\n<p><a href=\"https:\/\/www.tgrthaber.com\/mavikadin\/kismetse-olur-aybuke-cangal-dolgularini-eritti-bambaska-biri-oldu\/\">K\u0131smetse Olur<\/a>: A\u015fk\u0131n G\u00fcc\u00fc yar\u0131\u015fmas\u0131yla ad\u0131n\u0131 duyuran <a href=\"https:\/\/www.tgrthaber.com\/mavikadin\/kismetse-olur-aysenur-inam-oldu-mu-aysenur-inamin-son-durumu-merak-ediliyor\/\">Ay\u015fenur \u0130nam\u2019\u0131n<\/a> hayat\u0131n\u0131 kaybetti\u011fi iddia edildi. K\u0131smetse Olur\u2019un en \u00e7ok konu\u015fulan isimleri aras\u0131nda yer alan \u0130nam, yar\u0131\u015fman\u0131n ard\u0131ndan sosyal medya payla\u015f\u0131mlar\u0131yla dikkatleri \u00fczerine \u00e7ekmeye devam etmi\u015fti.<\/p>\n<p><img loading=\"lazy\" decoding=\"async\" class=\"size-full wp-image-273755\" src=\"https:\/\/www.tgrthaber.com\/mavikadin\/wp-content\/uploads\/Aysenur-Inam-5.jpg\" alt=\"K\u0131smetse Olur Ay\u015fenur \u0130nam \u00f6ld\u00fc m\u00fc, ya\u015f\u0131yor mu? \" width=\"1208\" height=\"680\" title=\"\" srcset=\"https:\/\/www.tgrthaber.com\/mavikadin\/wp-content\/uploads\/Aysenur-Inam-5.jpg 1208w, https:\/\/www.tgrthaber.com\/mavikadin\/wp-content\/uploads\/Aysenur-Inam-5-300x169.jpg 300w, https:\/\/www.tgrthaber.com\/mavikadin\/wp-content\/uploads\/Aysenur-Inam-5-1024x576.jpg 1024w, https:\/\/www.tgrthaber.com\/mavikadin\/wp-content\/uploads\/Aysenur-Inam-5-768x432.jpg 768w\" sizes=\"(max-width: 1208px) 100vw, 1208px\" \/><\/p>\n<hr \/>\n<p>Ay\u015fenur \u0130nam, \u015fimdilerde sosyal medyada ortaya at\u0131lan ve asl\u0131 olmayan iddialarla yeniden g\u00fcndeme geldi. \u00d6ld\u00fc\u011f\u00fc iddia edilen yar\u0131\u015fmac\u0131n\u0131n ger\u00e7ekten ya\u015fay\u0131p ya\u015famad\u0131\u011f\u0131 ise merak konusu oldu. Sosyal medyada \u0130nam\u2019\u0131n trafik kazas\u0131nda hayat\u0131n\u0131 kaybetti\u011fi y\u00f6n\u00fcnde payla\u015f\u0131mlar g\u00fcndem oldu.<\/p>\n<p><img loading=\"lazy\" decoding=\"async\" class=\"size-full wp-image-273758\" src=\"https:\/\/www.tgrthaber.com\/mavikadin\/wp-content\/uploads\/Aysenur-Inam-8.jpg\" alt=\"K\u0131smetse Olur Ay\u015fenur \u0130nam \u00f6ld\u00fc m\u00fc, ya\u015f\u0131yor mu? \" width=\"1208\" height=\"680\" title=\"\" srcset=\"https:\/\/www.tgrthaber.com\/mavikadin\/wp-content\/uploads\/Aysenur-Inam-8.jpg 1208w, https:\/\/www.tgrthaber.com\/mavikadin\/wp-content\/uploads\/Aysenur-Inam-8-300x169.jpg 300w, https:\/\/www.tgrthaber.com\/mavikadin\/wp-content\/uploads\/Aysenur-Inam-8-1024x576.jpg 1024w, https:\/\/www.tgrthaber.com\/mavikadin\/wp-content\/uploads\/Aysenur-Inam-8-768x432.jpg 768w\" sizes=\"(max-width: 1208px) 100vw, 1208px\" \/><\/p>\n<hr \/>\n<p>Ay\u015fenur \u0130nam hakk\u0131nda TikTok ve Instagram platformunda yap\u0131lan payla\u015f\u0131mlar iddialar\u0131 daha da alevlendirdi. Bir\u00e7ok sosyal medya kullan\u0131c\u0131s\u0131 ise arama motorlar\u0131nda \u201cAy\u015fenur \u0130nam \u00f6ld\u00fc m\u00fc, ya\u015f\u0131yor mu\u201d sorusunu aratmaya ba\u015flad\u0131. \u00d6zellikle sosyal medyada h\u0131zla yay\u0131lan bu iddialar k\u0131sa s\u00fcrede infiale neden oldu.<\/p>\n<p><img loading=\"lazy\" decoding=\"async\" class=\"size-full wp-image-273754\" src=\"https:\/\/www.tgrthaber.com\/mavikadin\/wp-content\/uploads\/Aysenur-Inam-4.jpg\" alt=\"K\u0131smetse Olur Ay\u015fenur \u0130nam \u00f6ld\u00fc m\u00fc, ya\u015f\u0131yor mu? \" width=\"1208\" height=\"680\" title=\"\" srcset=\"https:\/\/www.tgrthaber.com\/mavikadin\/wp-content\/uploads\/Aysenur-Inam-4.jpg 1208w, https:\/\/www.tgrthaber.com\/mavikadin\/wp-content\/uploads\/Aysenur-Inam-4-300x169.jpg 300w, https:\/\/www.tgrthaber.com\/mavikadin\/wp-content\/uploads\/Aysenur-Inam-4-1024x576.jpg 1024w, https:\/\/www.tgrthaber.com\/mavikadin\/wp-content\/uploads\/Aysenur-Inam-4-768x432.jpg 768w\" sizes=\"(max-width: 1208px) 100vw, 1208px\" \/><\/p>\n<hr \/>\n<p><a href=\"https:\/\/www.tgrthaber.com\/mavikadin\/kismetse-olur-parinaz-shiri-kimdir-parinaz-meslegi-nedir\/\">K\u0131smetse Olur<\/a> yar\u0131\u015fmas\u0131yla ad\u0131n\u0131 duyuran Ay\u015fenur \u0130nam hakk\u0131nda ortaya at\u0131lan \u201c\u00f6ld\u00fc\u201d iddialar\u0131n\u0131n ger\u00e7e\u011fi yans\u0131tmad\u0131\u011f\u0131 \u00f6\u011frenildi. Pop\u00fcler yar\u0131\u015fma program\u0131n\u0131n ar\u0131ndan g\u00fcndemde kalmay\u0131 ba\u015faran \u0130nam\u2019\u0131n \u00f6ld\u00fc\u011f\u00fcne dair resmi bir a\u00e7\u0131klama bulunmuyor.<\/p>\n<p><img loading=\"lazy\" decoding=\"async\" class=\"size-full wp-image-273759\" src=\"https:\/\/www.tgrthaber.com\/mavikadin\/wp-content\/uploads\/Aysenur-Inam-1.jpg\" alt=\"K\u0131smetse Olur Ay\u015fenur \u0130nam \u00f6ld\u00fc m\u00fc, ya\u015f\u0131yor mu? \" width=\"1208\" height=\"680\" title=\"\" srcset=\"https:\/\/www.tgrthaber.com\/mavikadin\/wp-content\/uploads\/Aysenur-Inam-1.jpg 1208w, https:\/\/www.tgrthaber.com\/mavikadin\/wp-content\/uploads\/Aysenur-Inam-1-300x169.jpg 300w, https:\/\/www.tgrthaber.com\/mavikadin\/wp-content\/uploads\/Aysenur-Inam-1-1024x576.jpg 1024w, https:\/\/www.tgrthaber.com\/mavikadin\/wp-content\/uploads\/Aysenur-Inam-1-768x432.jpg 768w\" sizes=\"(max-width: 1208px) 100vw, 1208px\" \/><\/p>\n<hr \/>\n<h3>KISMETSE OLUR AY\u015eENUR \u0130NAM YA\u015eIYOR MU?<\/h3>\n<p><a href=\"https:\/\/www.tgrthaber.com\/mavikadin\/kismetse-olur-eylul-kimdir-kismetse-olur-eylul-meslegi-nedir\/\">K\u0131smetse Olur<\/a> program\u0131n\u0131n eski yar\u0131\u015fmac\u0131s\u0131 Ay\u015fenur \u0130nam\u2019\u0131n hayatta oldu\u011fu ve kariyerine devam etti\u011fi biliniyor. Yar\u0131\u015fma program\u0131yla ad\u0131n\u0131 duyuran \u0130nam, sosyal medya payla\u015f\u0131mlar\u0131yla da dikkatleri \u00fczerine \u00e7ekmeyi ba\u015farm\u0131\u015ft\u0131. Sosyal medyada \u0130nam\u2019\u0131n \u00f6ld\u00fc\u011f\u00fcne dair \u00e7e\u015fitli iddialar ortaya at\u0131lsa da resmi bir a\u00e7\u0131klama bulunmuyor.<\/p>\n<p><img loading=\"lazy\" decoding=\"async\" class=\"alignnone size-full wp-image-273753\" src=\"https:\/\/www.tgrthaber.com\/mavikadin\/wp-content\/uploads\/Aysenur-Inam-3.jpg\" alt=\"\" width=\"1208\" height=\"680\" title=\"\" srcset=\"https:\/\/www.tgrthaber.com\/mavikadin\/wp-content\/uploads\/Aysenur-Inam-3.jpg 1208w, https:\/\/www.tgrthaber.com\/mavikadin\/wp-content\/uploads\/Aysenur-Inam-3-300x169.jpg 300w, https:\/\/www.tgrthaber.com\/mavikadin\/wp-content\/uploads\/Aysenur-Inam-3-1024x576.jpg 1024w, https:\/\/www.tgrthaber.com\/mavikadin\/wp-content\/uploads\/Aysenur-Inam-3-768x432.jpg 768w\" sizes=\"(max-width: 1208px) 100vw, 1208px\" \/><\/p>\n<p><img loading=\"lazy\" decoding=\"async\" class=\"size-full wp-image-273761\" src=\"https:\/\/www.tgrthaber.com\/mavikadin\/wp-content\/uploads\/Adsiz-tasarim-19-125.jpg\" alt=\"K\u0131smetse Olur Ay\u015fenur \u0130nam \u00f6ld\u00fc m\u00fc, ya\u015f\u0131yor mu? \" width=\"1208\" height=\"680\" title=\"\" srcset=\"https:\/\/www.tgrthaber.com\/mavikadin\/wp-content\/uploads\/Adsiz-tasarim-19-125.jpg 1208w, https:\/\/www.tgrthaber.com\/mavikadin\/wp-content\/uploads\/Adsiz-tasarim-19-125-300x169.jpg 300w, https:\/\/www.tgrthaber.com\/mavikadin\/wp-content\/uploads\/Adsiz-tasarim-19-125-1024x576.jpg 1024w, https:\/\/www.tgrthaber.com\/mavikadin\/wp-content\/uploads\/Adsiz-tasarim-19-125-768x432.jpg 768w\" sizes=\"(max-width: 1208px) 100vw, 1208px\" \/><\/p>\n<hr \/>\n<p>Sosyal medyada h\u0131zla yay\u0131lan iddialar ve Ay\u015fenur \u0130nam\u2019\u0131n \u00f6ld\u00fc\u011f\u00fcne dair ortaya at\u0131lan ekran g\u00f6r\u00fcnt\u00fclerinin ger\u00e7e\u011fi yans\u0131tmad\u0131\u011f\u0131 s\u00f6yleniyor. \u0130nam\u2019\u0131n hesab\u0131ndan yap\u0131lan \u201c\u00f6ld\u00fc\u201d payla\u015f\u0131mlar\u0131n\u0131n da ger\u00e7eklik pay\u0131 i\u00e7ermedi\u011fi ifade ediliyor.<\/p>\n<p><img loading=\"lazy\" decoding=\"async\" class=\"size-full wp-image-273753\" src=\"https:\/\/www.tgrthaber.com\/mavikadin\/wp-content\/uploads\/Aysenur-Inam-3.jpg\" alt=\"K\u0131smetse Olur Ay\u015fenur \u0130nam \u00f6ld\u00fc m\u00fc, ya\u015f\u0131yor mu? \" width=\"1208\" height=\"680\" title=\"\" srcset=\"https:\/\/www.tgrthaber.com\/mavikadin\/wp-content\/uploads\/Aysenur-Inam-3.jpg 1208w, https:\/\/www.tgrthaber.com\/mavikadin\/wp-content\/uploads\/Aysenur-Inam-3-300x169.jpg 300w, https:\/\/www.tgrthaber.com\/mavikadin\/wp-content\/uploads\/Aysenur-Inam-3-1024x576.jpg 1024w, https:\/\/www.tgrthaber.com\/mavikadin\/wp-content\/uploads\/Aysenur-Inam-3-768x432.jpg 768w\" sizes=\"(max-width: 1208px) 100vw, 1208px\" \/><\/p>\n<hr \/>\n<p>Eski yar\u0131\u015fmac\u0131n\u0131n hesab\u0131n\u0131n \u00e7al\u0131nd\u0131\u011f\u0131 \u00f6ne s\u00fcr\u00fclerek \u00f6ld\u00fc iddialar\u0131 yalanlan\u0131yor. Ayn\u0131 zamanda \u0130nam\u2019\u0131n yak\u0131n \u00e7evresinden resmi bir a\u00e7\u0131klama gelmemesi de iddialar\u0131 \u00e7\u00fcr\u00fct\u00fcyor.<\/p>\n","protected":false},"excerpt":{"rendered":"<p>K\u0131smetse Olur program\u0131yla ad\u0131n\u0131 duyuran Ay\u015fenur \u0130nam\u2019\u0131n \u015fimdilerde hayat\u0131n\u0131 kaybetti\u011fi iddia ediliyor. Peki, K\u0131smetse Olur Ay\u015fenur \u0130nam \u00f6ld\u00fc m\u00fc, ya\u015f\u0131yor mu? \u0130\u015fte detaylar\u2026<\/p>\n","protected":false},"author":26,"featured_media":273752,"comment_status":"closed","ping_status":"closed","sticky":false,"template":"","format":"standard","meta":{"rank_math_lock_modified_date":false,"footnotes":""},"categories":[76],"tags":[41532,67973,67974,133,2218],"class_list":["post-273741","post","type-post","status-publish","format-standard","has-post-thumbnail","hentry","category-magazin","tag-aysenur-inam","tag-aysenur-inam-oldu-mu","tag-kismetse-olur-aysenur-inam","tag-magazin","tag-magazin-haberleri"],"_links":{"self":[{"href":"https:\/\/www.tgrthaber.com\/mavikadin\/wp-json\/wp\/v2\/posts\/273741"}],"collection":[{"href":"https:\/\/www.tgrthaber.com\/mavikadin\/wp-json\/wp\/v2\/posts"}],"about":[{"href":"https:\/\/www.tgrthaber.com\/mavikadin\/wp-json\/wp\/v2\/types\/post"}],"author":[{"embeddable":true,"href":"https:\/\/www.tgrthaber.com\/mavikadin\/wp-json\/wp\/v2\/users\/26"}],"replies":[{"embeddable":true,"href":"https:\/\/www.tgrthaber.com\/mavikadin\/wp-json\/wp\/v2\/comments?post=273741"}],"version-history":[{"count":2,"href":"https:\/\/www.tgrthaber.com\/mavikadin\/wp-json\/wp\/v2\/posts\/273741\/revisions"}],"predecessor-version":[{"id":273763,"href":"https:\/\/www.tgrthaber.com\/mavikadin\/wp-json\/wp\/v2\/posts\/273741\/revisions\/273763"}],"wp:featuredmedia":[{"embeddable":true,"href":"https:\/\/www.tgrthaber.com\/mavikadin\/wp-json\/wp\/v2\/media\/273752"}],"wp:attachment":[{"href":"https:\/\/www.tgrthaber.com\/mavikadin\/wp-json\/wp\/v2\/media?parent=273741"}],"wp:term":[{"taxonomy":"category","embeddable":true,"href":"https:\/\/www.tgrthaber.com\/mavikadin\/wp-json\/wp\/v2\/categories?post=273741"},{"taxonomy":"post_tag","embeddable":true,"href":"https:\/\/www.tgrthaber.com\/mavikadin\/wp-json\/wp\/v2\/tags?post=273741"}],"curies":[{"name":"wp","href":"https:\/\/api.w.org\/{rel}","templated":true}]}}