{"id":273751,"date":"2025-12-10T13:45:43","date_gmt":"2025-12-10T10:45:43","guid":{"rendered":"https:\/\/www.tgrthaber.com\/mavikadin\/?p=273751"},"modified":"2025-12-10T14:34:27","modified_gmt":"2025-12-10T11:34:27","slug":"reynmenden-annesine-imali-cikis-sozleri-anne-ogul-arasindaki-kusluk-yeniden-alevlendirdi","status":"publish","type":"post","link":"https:\/\/www.tgrthaber.com\/mavikadin\/reynmenden-annesine-imali-cikis-sozleri-anne-ogul-arasindaki-kusluk-yeniden-alevlendirdi\/","title":{"rendered":"Reynmen&#8217;den annesine imal\u0131 \u00e7\u0131k\u0131\u015f! S\u00f6zleri anne o\u011ful aras\u0131ndaki k\u00fcsl\u00fck yeniden alevlendirdi"},"content":{"rendered":"<p>Aylar \u00f6ncesinde Reynmen ve annesi aras\u0131nda ya\u015fanan k\u00fcsl\u00fck, son d\u00f6nemlerde yap\u0131lan payla\u015f\u0131mlar ve gelen a\u00e7\u0131klamalarla sosyal medyan\u0131n nabz\u0131n\u0131 y\u00fckseltiyor. \u00dcnl\u00fc rap\u00e7i ve sosyal medya fenomeni <a href=\"https:\/\/www.tgrthaber.com\/mavikadin\/reynmenin-annesi-nasibe-yilmazdan-ogluna-gonderme-ters-kose-yapti-bu-kadarini-kimse-beklemiyordu\/\">Reynmen<\/a>&#8216;in son olarak yapt\u0131\u011f\u0131 a\u00e7\u0131klamalar ortal\u0131\u011f\u0131 kar\u0131\u015ft\u0131rmaya yetti. &#8216;Annem b\u00f6yle \u015feyler yapmay\u0131 seviyor&#8217; diyen Reynmen&#8217;in s\u00f6zleri, do\u011fum g\u00fcn\u00fc payla\u015f\u0131m\u0131 krizinin \u00fczerine adeta tuz biber ekti. \u00dcnl\u00fc fenomenin annesi Nasibe Y\u0131lmaz hakk\u0131ndaki a\u00e7\u0131klamalar\u0131, sosyal medyada k\u0131sa s\u00fcrede binlerce etkile\u015fim ald\u0131. \u0130\u015fte detaylar&#8230;<\/p>\n<h3>REYNMEN&#8217;DEN ANNES\u0130NE \u0130MALI \u00c7IKI\u015e!<\/h3>\n<p>\u00dcnl\u00fc rap\u00e7i Reynmen&#8217;in annesi Nasibe Y\u0131lmaz&#8217;\u0131n duygusal payla\u015f\u0131mlar\u0131 sonras\u0131nda g\u00f6zler Reynmen&#8217;e \u00e7evrilmi\u015fti. Sessizli\u011fini bozan fenomen \u015fark\u0131c\u0131 annesine k\u0131sa ama imal\u0131 bir g\u00f6nderme yapt\u0131.<\/p>\n<p><img loading=\"lazy\" decoding=\"async\" class=\"alignnone wp-image-273780\" src=\"https:\/\/www.tgrthaber.com\/mavikadin\/wp-content\/uploads\/dZnAM8X_o06RHdqd8Bb4Zw-300x171.webp\" alt=\"\" width=\"1208\" height=\"687\" title=\"\" srcset=\"https:\/\/www.tgrthaber.com\/mavikadin\/wp-content\/uploads\/dZnAM8X_o06RHdqd8Bb4Zw-300x171.webp 300w, https:\/\/www.tgrthaber.com\/mavikadin\/wp-content\/uploads\/dZnAM8X_o06RHdqd8Bb4Zw-1024x582.webp 1024w, https:\/\/www.tgrthaber.com\/mavikadin\/wp-content\/uploads\/dZnAM8X_o06RHdqd8Bb4Zw-768x437.webp 768w, https:\/\/www.tgrthaber.com\/mavikadin\/wp-content\/uploads\/dZnAM8X_o06RHdqd8Bb4Zw.webp 1080w\" sizes=\"(max-width: 1208px) 100vw, 1208px\" \/><\/p>\n<hr \/>\n<p>Aylar \u00f6ncesinde ba\u015flayan k\u00fcsl\u00fck, Reynmen&#8217;in a\u00e7\u0131klamalar\u0131yla yeniden alevlenecek gibi g\u00f6r\u00fcn\u00fcyor. Nasibe Y\u0131lmaz&#8217;\u0131n daha \u00f6nce yapt\u0131\u011f\u0131 &#8216;Zaman\u0131 ve ilahi adaleti bekliyorum&#8217; a\u00e7\u0131klamas\u0131, geni\u015f yank\u0131 uyand\u0131rm\u0131\u015fken, Reynmen&#8217;in annesine y\u00f6nelik imal\u0131 \u00e7\u0131k\u0131\u015f\u0131 sosyal medyan\u0131n merkezinde yer ald\u0131.<\/p>\n<p><img loading=\"lazy\" decoding=\"async\" class=\"alignnone wp-image-273777\" src=\"https:\/\/www.tgrthaber.com\/mavikadin\/wp-content\/uploads\/i-60-4-300x169.webp\" alt=\"\" width=\"1208\" height=\"680\" title=\"\" srcset=\"https:\/\/www.tgrthaber.com\/mavikadin\/wp-content\/uploads\/i-60-4-300x169.webp 300w, https:\/\/www.tgrthaber.com\/mavikadin\/wp-content\/uploads\/i-60-4.webp 480w\" sizes=\"(max-width: 1208px) 100vw, 1208px\" \/><\/p>\n<hr \/>\n<p>Fenomen \u015fark\u0131c\u0131 Reynmen ve Nasibe Y\u0131lmaz aras\u0131nda yakla\u015f\u0131k olarak 7 ayd\u0131r s\u00fcren bir gerginlik ve k\u0131rg\u0131nl\u0131k bulunuyor. Hadise ile ba\u015flayan olayda s\u00fcre\u00e7 giderek \u00e7ok daha karma\u015f\u0131k bir hal alm\u0131\u015ft\u0131. Nasibe Y\u0131lmaz Hadise&#8217;nin sahne performans\u0131 i\u00e7in; &#8216;Mide buland\u0131r\u0131c\u0131. Ald\u0131\u011f\u0131 paran\u0131n da bereketi olmaz&#8217; s\u00f6zleri hem o\u011fluyla hem de geliniyle aras\u0131n\u0131 a\u00e7m\u0131\u015ft\u0131.<\/p>\n<p><img loading=\"lazy\" decoding=\"async\" class=\"alignnone wp-image-273781\" src=\"https:\/\/www.tgrthaber.com\/mavikadin\/wp-content\/uploads\/emire-cansu-kurtaran-1714480129-300x174.webp\" alt=\"\" width=\"1208\" height=\"701\" title=\"\" srcset=\"https:\/\/www.tgrthaber.com\/mavikadin\/wp-content\/uploads\/emire-cansu-kurtaran-1714480129-300x174.webp 300w, https:\/\/www.tgrthaber.com\/mavikadin\/wp-content\/uploads\/emire-cansu-kurtaran-1714480129-1024x594.webp 1024w, https:\/\/www.tgrthaber.com\/mavikadin\/wp-content\/uploads\/emire-cansu-kurtaran-1714480129-768x446.webp 768w, https:\/\/www.tgrthaber.com\/mavikadin\/wp-content\/uploads\/emire-cansu-kurtaran-1714480129.webp 1280w\" sizes=\"(max-width: 1208px) 100vw, 1208px\" \/><\/p>\n<hr \/>\n<p>Sosyal medya hesab\u0131ndan yapt\u0131\u011f\u0131 duygusal ve sitem dolu s\u00f6zlerle dikkat \u00e7eken Nasibe Y\u0131lmaz, ge\u00e7en g\u00fcnlerde o\u011flu <a href=\"https:\/\/www.tgrthaber.com\/mavikadin\/reynmen-dogum-gununde-herkesi-paylasti-anne-nasibe-yilmaz-detayi-dikkatlerden-kacmadi\/\">Reynmen<\/a> sosyal medya \u00fczerinden kutlam\u0131\u015f ancak Reynmen bu g\u00f6nderiyi es ge\u00e7mi\u015fti. Reymen kendisine do\u011fum g\u00fcn\u00fc mesaj\u0131 g\u00f6nderen herkesi hikayesine ekleyip, annesini g\u00f6rmezden gelince olanlar oldu.<\/p>\n<p><img loading=\"lazy\" decoding=\"async\" class=\"alignnone wp-image-273779\" src=\"https:\/\/www.tgrthaber.com\/mavikadin\/wp-content\/uploads\/maxresdefault-12-3-300x169.jpg\" alt=\"\" width=\"1208\" height=\"680\" title=\"\" srcset=\"https:\/\/www.tgrthaber.com\/mavikadin\/wp-content\/uploads\/maxresdefault-12-3-300x169.jpg 300w, https:\/\/www.tgrthaber.com\/mavikadin\/wp-content\/uploads\/maxresdefault-12-3-1024x576.jpg 1024w, https:\/\/www.tgrthaber.com\/mavikadin\/wp-content\/uploads\/maxresdefault-12-3-768x432.jpg 768w, https:\/\/www.tgrthaber.com\/mavikadin\/wp-content\/uploads\/maxresdefault-12-3.jpg 1280w\" sizes=\"(max-width: 1208px) 100vw, 1208px\" \/><\/p>\n<hr \/>\n<h3>ANNE O\u011eUL ARASINDAK\u0130 K\u00dcSL\u00dcK YEN\u0130DEN ALEVLEND\u0130<\/h3>\n<p>Ba\u015far\u0131l\u0131 rap\u00e7i Reynmen son olarak bir davette boy g\u00f6sterdi. Yan\u0131nda e\u015fi Cansu Emire Kurtaran&#8217;da yer al\u0131yordu. Reynmen&#8217;e annesiyle ilgili sorular y\u00f6neltilince, Reynmen detay vermekten ka\u00e7\u0131nd\u0131 ve k\u0131sa bir \u00f6zet ge\u00e7ti.<\/p>\n<p><img loading=\"lazy\" decoding=\"async\" class=\"alignnone wp-image-273776\" src=\"https:\/\/www.tgrthaber.com\/mavikadin\/wp-content\/uploads\/68923cc0330760b1f2d9cf6b-300x222.webp\" alt=\"\" width=\"1208\" height=\"893\" title=\"\" srcset=\"https:\/\/www.tgrthaber.com\/mavikadin\/wp-content\/uploads\/68923cc0330760b1f2d9cf6b-300x222.webp 300w, https:\/\/www.tgrthaber.com\/mavikadin\/wp-content\/uploads\/68923cc0330760b1f2d9cf6b.webp 751w\" sizes=\"(max-width: 1208px) 100vw, 1208px\" \/><\/p>\n<hr \/>\n<p>\u00dcnl\u00fc fenomen annesinin kendisi i\u00e7in yapt\u0131\u011f\u0131 sitem dolu a\u00e7\u0131klamalara kar\u015f\u0131l\u0131k; &#8216;Konu\u015fmak istemiyorum. Annem seviyor b\u00f6yle \u015feyleri&#8217; demekle yetindi. Bununla birlikte sosyal medyan\u0131n diline d\u00fc\u015fen gelin Cansu Emire Kurtaran&#8217;\u0131n da sakin ve mutlu halleri de g\u00f6zlerden ka\u00e7mad\u0131.<\/p>\n<div style=\"width: 640px;\" class=\"wp-video\"><!--[if lt IE 9]><script>document.createElement('video');<\/script><![endif]-->\n<video class=\"wp-video-shortcode\" id=\"video-273751-1\" width=\"640\" height=\"1138\" preload=\"metadata\" controls=\"controls\"><source type=\"video\/mp4\" src=\"https:\/\/www.tgrthaber.com\/mavikadin\/wp-content\/uploads\/MMbHcNDo4uWVTcWA-online-video-cutter.com_.mp4?_=1\" \/><a href=\"https:\/\/www.tgrthaber.com\/mavikadin\/wp-content\/uploads\/MMbHcNDo4uWVTcWA-online-video-cutter.com_.mp4\">https:\/\/www.tgrthaber.com\/mavikadin\/wp-content\/uploads\/MMbHcNDo4uWVTcWA-online-video-cutter.com_.mp4<\/a><\/video><\/div>\n<hr \/>\n<p>Reynmen hayranlar\u0131 anne o\u011ful aras\u0131ndaki k\u00fcsl\u00fc\u011f\u00fcn ne zaman bitece\u011fine dair merakla beklerken, \u015fimdi g\u00f6zler yeniden Reynmen&#8217;in annesi Nasibe Y\u0131lmaz&#8217;a \u00e7evrildi.<\/p>\n","protected":false},"excerpt":{"rendered":"<p>Sosyal medyada g\u00fcnlerdir konu\u015fulan Reynmen ve annesi aras\u0131ndaki kriz, fenomen \u015fark\u0131c\u0131 Reynmen&#8217;in son \u00e7\u0131k\u0131\u015f\u0131yla yeniden alevlendi. Annesine y\u00f6nelik yapt\u0131\u011f\u0131 a\u00e7\u0131klama sosyal medyada g\u00fcndeme otururken, &#8216;Annem b\u00f6yle \u015feyler yapmay\u0131 seviyor&#8217; s\u00f6zleri tansiyonu yeniden tavan yapt\u0131. \u0130\u015fte \u00fcnl\u00fc \u015fark\u0131c\u0131 Reynmen&#8217;den annesine imal\u0131 \u00e7\u0131k\u0131\u015f&#8230;<\/p>\n","protected":false},"author":35,"featured_media":273765,"comment_status":"closed","ping_status":"closed","sticky":false,"template":"","format":"standard","meta":{"rank_math_lock_modified_date":false,"footnotes":""},"categories":[76],"tags":[67976,133,2218,67710,5796],"class_list":["post-273751","post","type-post","status-publish","format-standard","has-post-thumbnail","hentry","category-magazin","tag-cansu-emire-kurtaran","tag-magazin","tag-magazin-haberleri","tag-nasibe-yilmaz","tag-reynmen"],"_links":{"self":[{"href":"https:\/\/www.tgrthaber.com\/mavikadin\/wp-json\/wp\/v2\/posts\/273751"}],"collection":[{"href":"https:\/\/www.tgrthaber.com\/mavikadin\/wp-json\/wp\/v2\/posts"}],"about":[{"href":"https:\/\/www.tgrthaber.com\/mavikadin\/wp-json\/wp\/v2\/types\/post"}],"author":[{"embeddable":true,"href":"https:\/\/www.tgrthaber.com\/mavikadin\/wp-json\/wp\/v2\/users\/35"}],"replies":[{"embeddable":true,"href":"https:\/\/www.tgrthaber.com\/mavikadin\/wp-json\/wp\/v2\/comments?post=273751"}],"version-history":[{"count":5,"href":"https:\/\/www.tgrthaber.com\/mavikadin\/wp-json\/wp\/v2\/posts\/273751\/revisions"}],"predecessor-version":[{"id":273813,"href":"https:\/\/www.tgrthaber.com\/mavikadin\/wp-json\/wp\/v2\/posts\/273751\/revisions\/273813"}],"wp:featuredmedia":[{"embeddable":true,"href":"https:\/\/www.tgrthaber.com\/mavikadin\/wp-json\/wp\/v2\/media\/273765"}],"wp:attachment":[{"href":"https:\/\/www.tgrthaber.com\/mavikadin\/wp-json\/wp\/v2\/media?parent=273751"}],"wp:term":[{"taxonomy":"category","embeddable":true,"href":"https:\/\/www.tgrthaber.com\/mavikadin\/wp-json\/wp\/v2\/categories?post=273751"},{"taxonomy":"post_tag","embeddable":true,"href":"https:\/\/www.tgrthaber.com\/mavikadin\/wp-json\/wp\/v2\/tags?post=273751"}],"curies":[{"name":"wp","href":"https:\/\/api.w.org\/{rel}","templated":true}]}}