{"id":273801,"date":"2025-12-10T14:40:41","date_gmt":"2025-12-10T11:40:41","guid":{"rendered":"https:\/\/www.tgrthaber.com\/mavikadin\/?p=273801"},"modified":"2025-12-10T14:40:42","modified_gmt":"2025-12-10T11:40:42","slug":"mehmet-erdem-babasi-kimdir-kac-yasinda-mehmet-erdemin-babasi-oldu-mu","status":"publish","type":"post","link":"https:\/\/www.tgrthaber.com\/mavikadin\/mehmet-erdem-babasi-kimdir-kac-yasinda-mehmet-erdemin-babasi-oldu-mu\/","title":{"rendered":"Mehmet Erdem babas\u0131 kimdir ka\u00e7 ya\u015f\u0131nda? Mehmet Erdem\u2019in babas\u0131 \u00f6ld\u00fc m\u00fc?"},"content":{"rendered":"<p>\u015eark\u0131lar\u0131 ile g\u00f6n\u00fcllerde taht kuran Mehmet Erdem\u2019in babas\u0131 S\u00fccaattin Erdem, ac\u0131 haberle g\u00fcndeme geldi. S\u00fccaattin Erdem, hayat\u0131n\u0131 kaybetti. Arama motorlar\u0131nda Mehmet Erdem\u2019in babas\u0131 merak edilerek ara\u015ft\u0131r\u0131lmaya ba\u015fland\u0131. Peki, Mehmet Erdem babas\u0131 kimdir ka\u00e7 ya\u015f\u0131nda? Mehmet Erdem\u2019in babas\u0131 \u00f6ld\u00fc m\u00fc? sorular\u0131n\u0131 sizin ara\u015ft\u0131rd\u0131k. \u0130\u015fte detaylar\u2026<\/p>\n<h3>MEHMET ERDEM BABASI K\u0130MD\u0130R?<\/h3>\n<p>\u00dcnl\u00fc \u015fark\u0131c\u0131 <a href=\"https:\/\/www.tgrthaber.com\/mavikadin\/mehmet-erdem-kimdir-kac-yasinda-mehmet-erdem-kiminle-evli\/\">Mehmet Erdem<\/a>\u2019in babas\u0131 S\u00fccaattin Erdem, ac\u0131 haberle g\u00fcndeme geldi. Mehmet Erdem\u2019in babas\u0131 S\u00fccaattin Erdem, hayat\u0131n\u0131 kaybetti. Mehmet Erdem\u2019in hayranlar\u0131n\u0131n merakla ara\u015ft\u0131rmaya ba\u015flad\u0131\u011f\u0131 S\u00fccaattin Erdem, hayat\u0131yla ve kariyeriyle merak edildi.<\/p>\n<p><img loading=\"lazy\" decoding=\"async\" class=\"alignnone size-full wp-image-273817\" src=\"https:\/\/www.tgrthaber.com\/mavikadin\/wp-content\/uploads\/mehmet-erdem-2.jpg\" alt=\"Mehmet Erdem babas\u0131 kimdir ka\u00e7 ya\u015f\u0131nda? Mehmet Erdem\u2019in babas\u0131 \u00f6ld\u00fc m\u00fc? \" width=\"1208\" height=\"680\" title=\"\" srcset=\"https:\/\/www.tgrthaber.com\/mavikadin\/wp-content\/uploads\/mehmet-erdem-2.jpg 1208w, https:\/\/www.tgrthaber.com\/mavikadin\/wp-content\/uploads\/mehmet-erdem-2-300x169.jpg 300w, https:\/\/www.tgrthaber.com\/mavikadin\/wp-content\/uploads\/mehmet-erdem-2-1024x576.jpg 1024w, https:\/\/www.tgrthaber.com\/mavikadin\/wp-content\/uploads\/mehmet-erdem-2-768x432.jpg 768w\" sizes=\"(max-width: 1208px) 100vw, 1208px\" \/><\/p>\n<hr \/>\n<p>Aslen Malatyal\u0131 olan Mehmet Erdem, 1978 y\u0131l\u0131nda Manisa\u2019da d\u00fcnyaya geldi. \u0130lkokul e\u011fitimlerini tamamlad\u0131ktan sonra Bo\u011fazi\u00e7i \u00dcniversitesi Makine M\u00fchendisli\u011fi B\u00f6l\u00fcm\u00fc\u2019nden mezun olmu\u015ftur. Babas\u0131n\u0131n klarnet ve ba\u011flama \u00e7almas\u0131yla m\u00fczik kariyeriyle yava\u015f yava\u015f tan\u0131\u015fmaya ba\u015flam\u0131\u015ft\u0131r.<\/p>\n<p><img loading=\"lazy\" decoding=\"async\" class=\"alignnone size-full wp-image-273818\" src=\"https:\/\/www.tgrthaber.com\/mavikadin\/wp-content\/uploads\/mehmet-erdem-3.jpg\" alt=\"Mehmet Erdem babas\u0131 kimdir ka\u00e7 ya\u015f\u0131nda? Mehmet Erdem\u2019in babas\u0131 \u00f6ld\u00fc m\u00fc? \" width=\"1208\" height=\"680\" title=\"\" srcset=\"https:\/\/www.tgrthaber.com\/mavikadin\/wp-content\/uploads\/mehmet-erdem-3.jpg 1208w, https:\/\/www.tgrthaber.com\/mavikadin\/wp-content\/uploads\/mehmet-erdem-3-300x169.jpg 300w, https:\/\/www.tgrthaber.com\/mavikadin\/wp-content\/uploads\/mehmet-erdem-3-1024x576.jpg 1024w, https:\/\/www.tgrthaber.com\/mavikadin\/wp-content\/uploads\/mehmet-erdem-3-768x432.jpg 768w\" sizes=\"(max-width: 1208px) 100vw, 1208px\" \/><\/p>\n<hr \/>\n<p>Lise d\u00f6nemlerinde de \u00e7e\u015fitli gruplarda m\u00fczisyen ve vokalist olarak yer alm\u0131\u015ft\u0131r. 1997 y\u0131l\u0131nda \u0130stanbul\u2019da \u00e7e\u015fitli mekanlarda sahne almas\u0131yla \u2018Karde\u015f T\u00fcrk\u00fcler\u2019 grubuyla profesyonel m\u00fczik hayat\u0131n ba\u015flam\u0131\u015ft\u0131r. Daha sonra bir\u00e7ok sanat\u00e7\u0131n\u0131n m\u00fczik alb\u00fcmlerinde yer alarak st\u00fcdyo m\u00fczisyenli\u011fi de yapm\u0131\u015ft\u0131r.<\/p>\n<p><img loading=\"lazy\" decoding=\"async\" class=\"alignnone size-full wp-image-273819\" src=\"https:\/\/www.tgrthaber.com\/mavikadin\/wp-content\/uploads\/mehmet-erdem-4.jpg\" alt=\"Mehmet Erdem babas\u0131 kimdir ka\u00e7 ya\u015f\u0131nda? Mehmet Erdem\u2019in babas\u0131 \u00f6ld\u00fc m\u00fc? \" width=\"1208\" height=\"680\" title=\"\" srcset=\"https:\/\/www.tgrthaber.com\/mavikadin\/wp-content\/uploads\/mehmet-erdem-4.jpg 1208w, https:\/\/www.tgrthaber.com\/mavikadin\/wp-content\/uploads\/mehmet-erdem-4-300x169.jpg 300w, https:\/\/www.tgrthaber.com\/mavikadin\/wp-content\/uploads\/mehmet-erdem-4-1024x576.jpg 1024w, https:\/\/www.tgrthaber.com\/mavikadin\/wp-content\/uploads\/mehmet-erdem-4-768x432.jpg 768w\" sizes=\"(max-width: 1208px) 100vw, 1208px\" \/><\/p>\n<hr \/>\n<p>Film ve dizi m\u00fcziklerinin de aranan isimlerinden biri olan Mehmet Erdem, birbirinden g\u00fczel ve dikkat \u00e7eken dizi ve filmlerin m\u00fcziklerini de yapm\u0131\u015ft\u0131r. \u015eimdilerde babas\u0131n\u0131n vefat haberleriyle g\u00fcndeme geliyor. Babas\u0131 S\u00fccaattin Erdem hakk\u0131nda kamuoyunda bilgiler net bir \u015fekilde de bulunamam\u0131\u015ft\u0131r. Sadece ba\u015far\u0131l\u0131 \u015fark\u0131c\u0131 Mehmet Erdem\u2019in babas\u0131 olarak bilinmektedir.<\/p>\n<p><img loading=\"lazy\" decoding=\"async\" class=\"alignnone size-full wp-image-273820\" src=\"https:\/\/www.tgrthaber.com\/mavikadin\/wp-content\/uploads\/mehmet-erdem-5.jpg\" alt=\"Mehmet Erdem babas\u0131 kimdir ka\u00e7 ya\u015f\u0131nda? Mehmet Erdem\u2019in babas\u0131 \u00f6ld\u00fc m\u00fc? \" width=\"1208\" height=\"680\" title=\"\" srcset=\"https:\/\/www.tgrthaber.com\/mavikadin\/wp-content\/uploads\/mehmet-erdem-5.jpg 1208w, https:\/\/www.tgrthaber.com\/mavikadin\/wp-content\/uploads\/mehmet-erdem-5-300x169.jpg 300w, https:\/\/www.tgrthaber.com\/mavikadin\/wp-content\/uploads\/mehmet-erdem-5-1024x576.jpg 1024w, https:\/\/www.tgrthaber.com\/mavikadin\/wp-content\/uploads\/mehmet-erdem-5-768x432.jpg 768w\" sizes=\"(max-width: 1208px) 100vw, 1208px\" \/><\/p>\n<hr \/>\n<h3>S\u00dcCAATT\u0130N ERDEM KA\u00c7 YA\u015eINDA?<\/h3>\n<p>Mehmet Erdem\u2019in babas\u0131 S\u00fccaattin Erdem ya\u015f\u0131yla da dikkat \u00e7eken isimler aras\u0131nda yer al\u0131yor. Ancak S\u00fccaattin Erdemin hayat\u0131na ait bilgiler olduk\u00e7a k\u0131s\u0131tl\u0131d\u0131r. S\u00fccaattin Erdem\u2019\u0131n ya\u015f\u0131 hakk\u0131nda bilgiler kamuoyunda bulunamam\u0131\u015ft\u0131r.<\/p>\n<p><img loading=\"lazy\" decoding=\"async\" class=\"alignnone size-full wp-image-273821\" src=\"https:\/\/www.tgrthaber.com\/mavikadin\/wp-content\/uploads\/mehmet-erdem-6.jpg\" alt=\"Mehmet Erdem babas\u0131 kimdir ka\u00e7 ya\u015f\u0131nda? Mehmet Erdem\u2019in babas\u0131 \u00f6ld\u00fc m\u00fc? \" width=\"1208\" height=\"680\" title=\"\" srcset=\"https:\/\/www.tgrthaber.com\/mavikadin\/wp-content\/uploads\/mehmet-erdem-6.jpg 1208w, https:\/\/www.tgrthaber.com\/mavikadin\/wp-content\/uploads\/mehmet-erdem-6-300x169.jpg 300w, https:\/\/www.tgrthaber.com\/mavikadin\/wp-content\/uploads\/mehmet-erdem-6-1024x576.jpg 1024w, https:\/\/www.tgrthaber.com\/mavikadin\/wp-content\/uploads\/mehmet-erdem-6-768x432.jpg 768w\" sizes=\"(max-width: 1208px) 100vw, 1208px\" \/><\/p>\n<hr \/>\n<p>Ancak 60 ya da 70\u2019li ya\u015flar\u0131nda olabilece\u011fi d\u00fc\u015f\u00fcn\u00fcl\u00fcyor. S\u00fccattin Erdem\u2019in klarnet ve ba\u011flama sevdas\u0131 olup Mehmet Erdem\u2019e ge\u00e7mi\u015ftir. Onun sayesinde m\u00fczik kariyerinde \u00f6nemli yerlere gelmi\u015ftir.<\/p>\n<h3><img loading=\"lazy\" decoding=\"async\" class=\"alignnone size-full wp-image-273823\" src=\"https:\/\/www.tgrthaber.com\/mavikadin\/wp-content\/uploads\/mehmet-erdem.jpg\" alt=\"Mehmet Erdem babas\u0131 kimdir ka\u00e7 ya\u015f\u0131nda? Mehmet Erdem\u2019in babas\u0131 \u00f6ld\u00fc m\u00fc? \" width=\"1208\" height=\"680\" title=\"\" srcset=\"https:\/\/www.tgrthaber.com\/mavikadin\/wp-content\/uploads\/mehmet-erdem.jpg 1208w, https:\/\/www.tgrthaber.com\/mavikadin\/wp-content\/uploads\/mehmet-erdem-300x169.jpg 300w, https:\/\/www.tgrthaber.com\/mavikadin\/wp-content\/uploads\/mehmet-erdem-1024x576.jpg 1024w, https:\/\/www.tgrthaber.com\/mavikadin\/wp-content\/uploads\/mehmet-erdem-768x432.jpg 768w\" sizes=\"(max-width: 1208px) 100vw, 1208px\" \/><\/h3>\n<hr \/>\n<h3>MEHMET ERDEM\u2019\u0130N BABASI \u00d6LD\u00dc M\u00dc?<\/h3>\n<p>Hakim Bey, Ac\u0131y\u0131 Sevmek Olur mu ve Bir Elman\u0131n Yar\u0131s\u0131 \u015fark\u0131lar\u0131 ile g\u00f6n\u00fcllerde taht kuran Mehmet Erdem, babas\u0131n\u0131n vefat haberini &#8220;Babam S\u00fccaattin Erdem&#8217;i kaybettik. Cenazesi yar\u0131n \u00f6\u011fle namaz\u0131na m\u00fcteakiben Atak\u00f6y 5. K\u0131s\u0131m \u00d6mer Durak Camii&#8217;nden kald\u0131r\u0131lacakt\u0131r&#8221; ifadelerini kullanarak sosyal medyas\u0131ndan duyurdu.<\/p>\n<p><img loading=\"lazy\" decoding=\"async\" class=\"alignnone size-full wp-image-273822\" src=\"https:\/\/www.tgrthaber.com\/mavikadin\/wp-content\/uploads\/mehmet-erdem-7.jpg\" alt=\"Mehmet Erdem babas\u0131 kimdir ka\u00e7 ya\u015f\u0131nda? Mehmet Erdem\u2019in babas\u0131 \u00f6ld\u00fc m\u00fc? \" width=\"1208\" height=\"680\" title=\"\" srcset=\"https:\/\/www.tgrthaber.com\/mavikadin\/wp-content\/uploads\/mehmet-erdem-7.jpg 1208w, https:\/\/www.tgrthaber.com\/mavikadin\/wp-content\/uploads\/mehmet-erdem-7-300x169.jpg 300w, https:\/\/www.tgrthaber.com\/mavikadin\/wp-content\/uploads\/mehmet-erdem-7-1024x576.jpg 1024w, https:\/\/www.tgrthaber.com\/mavikadin\/wp-content\/uploads\/mehmet-erdem-7-768x432.jpg 768w\" sizes=\"(max-width: 1208px) 100vw, 1208px\" \/><\/p>\n<hr \/>\n<p>Sanat camias\u0131n\u0131 derin bir h\u00fczne bo\u011fan bu haber sonras\u0131 Mehmet Erdem\u2019in hayranlar\u0131 ve sevenleri ba\u015fsa\u011fl\u0131\u011f\u0131 mesajlar\u0131n\u0131 da iletmeyi ihmal etmiyorlar. \u00dcnl\u00fc \u015fark\u0131c\u0131n\u0131n 2021 y\u0131l\u0131nda nikah masas\u0131na oturdu\u011fu Vildan Atasever\u2019de Mehmet Erdem\u2019i yaln\u0131z b\u0131rakm\u0131yor.<\/p>\n","protected":false},"excerpt":{"rendered":"<p>\u00dcnl\u00fc \u015fark\u0131c\u0131 Mehmet Erdem\u2019in babas\u0131 merak edildi Mehmet Erdem\u2019in babas\u0131 S\u00fccaattin Erdem\u2019in vefat haberi sonras\u0131 arama motorlar\u0131nda ara\u015ft\u0131rmalar ba\u015fland\u0131. Peki, Mehmet Erdem babas\u0131 kimdir ka\u00e7 ya\u015f\u0131nda? Mehmet Erdem\u2019in babas\u0131 \u00f6ld\u00fc m\u00fc? \u0130\u015fte detaylar\u2026<\/p>\n","protected":false},"author":34,"featured_media":273816,"comment_status":"closed","ping_status":"closed","sticky":false,"template":"","format":"standard","meta":{"rank_math_lock_modified_date":false,"footnotes":""},"categories":[491],"tags":[16521,25460,67984,67985,67986],"class_list":["post-273801","post","type-post","status-publish","format-standard","has-post-thumbnail","hentry","category-biyografi","tag-biyografi-haberleri","tag-mehmet-erdem","tag-mehmet-erdem-babasi","tag-mehmet-erdem-babasi-sucaattin-erdem","tag-sucaattin-erdem-kimdir"],"_links":{"self":[{"href":"https:\/\/www.tgrthaber.com\/mavikadin\/wp-json\/wp\/v2\/posts\/273801"}],"collection":[{"href":"https:\/\/www.tgrthaber.com\/mavikadin\/wp-json\/wp\/v2\/posts"}],"about":[{"href":"https:\/\/www.tgrthaber.com\/mavikadin\/wp-json\/wp\/v2\/types\/post"}],"author":[{"embeddable":true,"href":"https:\/\/www.tgrthaber.com\/mavikadin\/wp-json\/wp\/v2\/users\/34"}],"replies":[{"embeddable":true,"href":"https:\/\/www.tgrthaber.com\/mavikadin\/wp-json\/wp\/v2\/comments?post=273801"}],"version-history":[{"count":2,"href":"https:\/\/www.tgrthaber.com\/mavikadin\/wp-json\/wp\/v2\/posts\/273801\/revisions"}],"predecessor-version":[{"id":273828,"href":"https:\/\/www.tgrthaber.com\/mavikadin\/wp-json\/wp\/v2\/posts\/273801\/revisions\/273828"}],"wp:featuredmedia":[{"embeddable":true,"href":"https:\/\/www.tgrthaber.com\/mavikadin\/wp-json\/wp\/v2\/media\/273816"}],"wp:attachment":[{"href":"https:\/\/www.tgrthaber.com\/mavikadin\/wp-json\/wp\/v2\/media?parent=273801"}],"wp:term":[{"taxonomy":"category","embeddable":true,"href":"https:\/\/www.tgrthaber.com\/mavikadin\/wp-json\/wp\/v2\/categories?post=273801"},{"taxonomy":"post_tag","embeddable":true,"href":"https:\/\/www.tgrthaber.com\/mavikadin\/wp-json\/wp\/v2\/tags?post=273801"}],"curies":[{"name":"wp","href":"https:\/\/api.w.org\/{rel}","templated":true}]}}