{"id":273829,"date":"2025-12-10T14:59:41","date_gmt":"2025-12-10T11:59:41","guid":{"rendered":"https:\/\/www.tgrthaber.com\/mavikadin\/?p=273829"},"modified":"2025-12-10T14:59:42","modified_gmt":"2025-12-10T11:59:42","slug":"2026-yilinda-kiz-bebeklerine-verilecek-en-guzel-isimler","status":"publish","type":"post","link":"https:\/\/www.tgrthaber.com\/mavikadin\/2026-yilinda-kiz-bebeklerine-verilecek-en-guzel-isimler\/","title":{"rendered":"2026 y\u0131l\u0131nda k\u0131z bebeklerine verilecek en g\u00fczel isimler!"},"content":{"rendered":"<p>Sizin i\u00e7in 2026 y\u0131l\u0131nda k\u0131z bebeklerine verilecek en g\u00fczel isimleri ara\u015ft\u0131rd\u0131k. Sizde anne ve baba olman\u0131n heyecan\u0131n\u0131 ya\u015farken bebe\u011finize hangi ismi koyaca\u011f\u0131n\u0131z\u0131 d\u00fc\u015f\u00fcn\u00fcyorsan\u0131z, do\u011fru yerdesiniz. 2026 y\u0131l\u0131n\u0131n en g\u00fczel k\u0131z bebek isimlerini sizin i\u00e7in ara\u015ft\u0131rd\u0131k. Sizde 2026 y\u0131l\u0131nda k\u0131z bebek sahibi olacaksan\u0131z ve isim aray\u0131\u015f\u0131 i\u00e7erisindeyseniz, bu isimlere bir \u015fans verebilirsiniz. \u0130\u015fte 2026 y\u0131l\u0131nda k\u0131z bebeklerine verilecek en g\u00fczel isimler\u2026<\/p>\n<h3>2026 YILINDA KIZ BEBEK SAH\u0130B\u0130 OLACAK EBEVEYNLER D\u0130KKAT!<\/h3>\n<p>Sizde 2026 y\u0131l\u0131nda k\u0131z bebek sahibi olacak ve \u00e7ocu\u011funuza hangi ismi koysam diye d\u00fc\u015f\u00fcn\u00fcyorsan\u0131z, haberimize mutlaka g\u00f6z atmal\u0131s\u0131n\u0131z. 2026 y\u0131l\u0131n\u0131n en g\u00fczel k\u0131z bebek isimlerini sizin i\u00e7in ara\u015ft\u0131rd\u0131k. 2026 y\u0131l\u0131nda k\u0131z bebek sahibi olacak ebeveynler dikkat! Sizin i\u00e7in haz\u0131rlad\u0131\u011f\u0131m\u0131z bu isimleri g\u00f6zden ge\u00e7irmeyi unutmay\u0131n!<\/p>\n<p><img loading=\"lazy\" decoding=\"async\" class=\"size-full wp-image-273840\" src=\"https:\/\/www.tgrthaber.com\/mavikadin\/wp-content\/uploads\/kiz-bebek-isimleri-11.jpg\" alt=\"2026 y\u0131l\u0131nda k\u0131z bebeklerine verilecek en g\u00fczel isimler!\" width=\"1208\" height=\"680\" title=\"\" srcset=\"https:\/\/www.tgrthaber.com\/mavikadin\/wp-content\/uploads\/kiz-bebek-isimleri-11.jpg 1208w, https:\/\/www.tgrthaber.com\/mavikadin\/wp-content\/uploads\/kiz-bebek-isimleri-11-300x169.jpg 300w, https:\/\/www.tgrthaber.com\/mavikadin\/wp-content\/uploads\/kiz-bebek-isimleri-11-1024x576.jpg 1024w, https:\/\/www.tgrthaber.com\/mavikadin\/wp-content\/uploads\/kiz-bebek-isimleri-11-768x432.jpg 768w\" sizes=\"(max-width: 1208px) 100vw, 1208px\" \/><\/p>\n<hr \/>\n<p>Anne ve baba duygusunu tatmak d\u00fcnyan\u0131n en g\u00fczel duygular\u0131ndan biridir. Fakat ebeveynlerin bebeklerine verecekleri isim de bir o kadar zordur. Ebeveynler, bebeklerinin cinsiyetlerini \u00f6\u011frenir \u00f6\u011frenmez isim aray\u0131\u015f\u0131na koyulur. Bu s\u00fcre\u00e7te anne ve baba adaylar\u0131 bebeklerinin en g\u00fczel isme sahip olmas\u0131n\u0131 ister.<\/p>\n<p><img loading=\"lazy\" decoding=\"async\" class=\"size-full wp-image-273839\" src=\"https:\/\/www.tgrthaber.com\/mavikadin\/wp-content\/uploads\/kiz-bebek-isimleri-10.jpg\" alt=\"2026 y\u0131l\u0131nda k\u0131z bebeklerine verilecek en g\u00fczel isimler!\" width=\"1208\" height=\"680\" title=\"\" srcset=\"https:\/\/www.tgrthaber.com\/mavikadin\/wp-content\/uploads\/kiz-bebek-isimleri-10.jpg 1208w, https:\/\/www.tgrthaber.com\/mavikadin\/wp-content\/uploads\/kiz-bebek-isimleri-10-300x169.jpg 300w, https:\/\/www.tgrthaber.com\/mavikadin\/wp-content\/uploads\/kiz-bebek-isimleri-10-1024x576.jpg 1024w, https:\/\/www.tgrthaber.com\/mavikadin\/wp-content\/uploads\/kiz-bebek-isimleri-10-768x432.jpg 768w\" sizes=\"(max-width: 1208px) 100vw, 1208px\" \/><\/p>\n<hr \/>\n<p>Bir \u00e7ocu\u011fu d\u00fcnyaya getirmek kadar \u00f6nemli olan bir \u015fey varsa oda ismine karar vermektir. Sizde 2026 y\u0131l\u0131nda bir k\u0131z bebe\u011fe sahip olacaksan\u0131z, \u00f6ncelikle g\u00fczel bir <a href=\"https:\/\/www.tgrthaber.com\/mavikadin\/bebeginizin-adini-simdiden-belirleyin-2025in-en-populer-guclu-kiz-isimleri\/\">isim<\/a> aray\u0131\u015f\u0131na girmelisiniz. Her anne ve baba bebe\u011finin g\u00fczel bir ismi olmas\u0131n\u0131 ve isminin anlam\u0131yla ya\u015famas\u0131n\u0131 ister.<\/p>\n<p><img loading=\"lazy\" decoding=\"async\" class=\"size-full wp-image-273837\" src=\"https:\/\/www.tgrthaber.com\/mavikadin\/wp-content\/uploads\/kiz-bebek-isimleri-8.jpg\" alt=\"2026 y\u0131l\u0131nda k\u0131z bebeklerine verilecek en g\u00fczel isimler!\" width=\"1208\" height=\"680\" title=\"\" srcset=\"https:\/\/www.tgrthaber.com\/mavikadin\/wp-content\/uploads\/kiz-bebek-isimleri-8.jpg 1208w, https:\/\/www.tgrthaber.com\/mavikadin\/wp-content\/uploads\/kiz-bebek-isimleri-8-300x169.jpg 300w, https:\/\/www.tgrthaber.com\/mavikadin\/wp-content\/uploads\/kiz-bebek-isimleri-8-1024x576.jpg 1024w, https:\/\/www.tgrthaber.com\/mavikadin\/wp-content\/uploads\/kiz-bebek-isimleri-8-768x432.jpg 768w\" sizes=\"(max-width: 1208px) 100vw, 1208px\" \/><\/p>\n<hr \/>\n<p>Bebe\u011finize verece\u011finiz isim ileride kendisiyle bar\u0131\u015f\u0131k olmas\u0131 ad\u0131na olduk\u00e7a \u00f6nemlidir. Bu noktada ebeveynler bebeklerine hem kula\u011fa ho\u015f gelen hem de anlam\u0131 g\u00fczel olan isimler koymaya \u00f6zen g\u00f6sterir. Sizde 2026 y\u0131l\u0131nda d\u00fcnyaya gelecek k\u0131z bebe\u011finiz i\u00e7in bir aray\u0131\u015f i\u00e7erisindeyseniz, do\u011fru yerdesiniz.<\/p>\n<p><img loading=\"lazy\" decoding=\"async\" class=\"size-full wp-image-273836\" src=\"https:\/\/www.tgrthaber.com\/mavikadin\/wp-content\/uploads\/kiz-bebek-isimleri-7.jpg\" alt=\"2026 y\u0131l\u0131nda k\u0131z bebeklerine verilecek en g\u00fczel isimler!\" width=\"1208\" height=\"680\" title=\"\" srcset=\"https:\/\/www.tgrthaber.com\/mavikadin\/wp-content\/uploads\/kiz-bebek-isimleri-7.jpg 1208w, https:\/\/www.tgrthaber.com\/mavikadin\/wp-content\/uploads\/kiz-bebek-isimleri-7-300x169.jpg 300w, https:\/\/www.tgrthaber.com\/mavikadin\/wp-content\/uploads\/kiz-bebek-isimleri-7-1024x576.jpg 1024w, https:\/\/www.tgrthaber.com\/mavikadin\/wp-content\/uploads\/kiz-bebek-isimleri-7-768x432.jpg 768w\" sizes=\"(max-width: 1208px) 100vw, 1208px\" \/><\/p>\n<hr \/>\n<p>Sizde 2026 y\u0131l\u0131nda anne ve baba olman\u0131n heyecan\u0131n\u0131 ya\u015fayan ebeveynlerdenseniz, \u00e7ok ge\u00e7meden k\u0131z bebek isimlerine g\u00f6z atmal\u0131s\u0131n\u0131z. \u015eimdilerde anne-baba olacaklar\u0131n en \u00e7ok d\u00fc\u015f\u00fcnd\u00fckleri konular aras\u0131nda bebeklerine verecekleri isimler yer al\u0131yor. Peki, siz bebe\u011finize nas\u0131l bir isim vermeyi d\u00fc\u015f\u00fcn\u00fcyorsunuz?<\/p>\n<p><img loading=\"lazy\" decoding=\"async\" class=\"size-full wp-image-273835\" src=\"https:\/\/www.tgrthaber.com\/mavikadin\/wp-content\/uploads\/kiz-bebek-isimleri-6.jpg\" alt=\"2026 y\u0131l\u0131nda k\u0131z bebeklerine verilecek en g\u00fczel isimler!\" width=\"1208\" height=\"680\" title=\"\" srcset=\"https:\/\/www.tgrthaber.com\/mavikadin\/wp-content\/uploads\/kiz-bebek-isimleri-6.jpg 1208w, https:\/\/www.tgrthaber.com\/mavikadin\/wp-content\/uploads\/kiz-bebek-isimleri-6-300x169.jpg 300w, https:\/\/www.tgrthaber.com\/mavikadin\/wp-content\/uploads\/kiz-bebek-isimleri-6-1024x576.jpg 1024w, https:\/\/www.tgrthaber.com\/mavikadin\/wp-content\/uploads\/kiz-bebek-isimleri-6-768x432.jpg 768w\" sizes=\"(max-width: 1208px) 100vw, 1208px\" \/><\/p>\n<hr \/>\n<p>Bebe\u011finizin cinsiyeti belli olduysa ve k\u0131z bebek bekliyorsan\u0131z, vakit kaybetmeden isim aray\u0131\u015f\u0131na koyulmal\u0131s\u0131n\u0131z. Her anne ve baba bebe\u011fin isminin ke\u015ffedilmemi\u015f, nadir bulunan, en g\u00fczel, \u00f6zel ve farkl\u0131 olmas\u0131n\u0131 ister. Bebe\u011finize koyaca\u011f\u0131n\u0131z ismin kula\u011fa ho\u015f gelmesi kadar anlam\u0131n\u0131n da g\u00fczel olmas\u0131 \u00f6nemlidir.<\/p>\n<p><img loading=\"lazy\" decoding=\"async\" class=\"size-full wp-image-273834\" src=\"https:\/\/www.tgrthaber.com\/mavikadin\/wp-content\/uploads\/kiz-bebek-isimleri-5.jpg\" alt=\"2026 y\u0131l\u0131nda k\u0131z bebeklerine verilecek en g\u00fczel isimler!\" width=\"1208\" height=\"680\" title=\"\" srcset=\"https:\/\/www.tgrthaber.com\/mavikadin\/wp-content\/uploads\/kiz-bebek-isimleri-5.jpg 1208w, https:\/\/www.tgrthaber.com\/mavikadin\/wp-content\/uploads\/kiz-bebek-isimleri-5-300x169.jpg 300w, https:\/\/www.tgrthaber.com\/mavikadin\/wp-content\/uploads\/kiz-bebek-isimleri-5-1024x576.jpg 1024w, https:\/\/www.tgrthaber.com\/mavikadin\/wp-content\/uploads\/kiz-bebek-isimleri-5-768x432.jpg 768w\" sizes=\"(max-width: 1208px) 100vw, 1208px\" \/><\/p>\n<hr \/>\n<p>Sizde 2026 y\u0131l\u0131nda d\u00fcnyaya gelecek olan k\u0131z bebe\u011finize ne isim koyaca\u011f\u0131n\u0131za karar veremediyseniz ve en g\u00fczel k\u0131z bebek isimlerinin neler oldu\u011funu ara\u015ft\u0131r\u0131yorsan\u0131z, sizin i\u00e7in ara\u015ft\u0131rd\u0131\u011f\u0131m\u0131z bu isimlere bir \u015fans verebilirsiniz. \u0130\u015fte 2026 y\u0131l\u0131nda <a href=\"https:\/\/www.tgrthaber.com\/mavikadin\/en-guzel-kiz-bebek-isimleri-2025\/\">k\u0131z bebeklerine<\/a> verilecek en g\u00fczel isimler\u2026<\/p>\n<p><img loading=\"lazy\" decoding=\"async\" class=\"size-full wp-image-273833\" src=\"https:\/\/www.tgrthaber.com\/mavikadin\/wp-content\/uploads\/kiz-bebek-isimleri-4.jpg\" alt=\"2026 y\u0131l\u0131nda k\u0131z bebeklerine verilecek en g\u00fczel isimler!\" width=\"1208\" height=\"680\" title=\"\" srcset=\"https:\/\/www.tgrthaber.com\/mavikadin\/wp-content\/uploads\/kiz-bebek-isimleri-4.jpg 1208w, https:\/\/www.tgrthaber.com\/mavikadin\/wp-content\/uploads\/kiz-bebek-isimleri-4-300x169.jpg 300w, https:\/\/www.tgrthaber.com\/mavikadin\/wp-content\/uploads\/kiz-bebek-isimleri-4-1024x576.jpg 1024w, https:\/\/www.tgrthaber.com\/mavikadin\/wp-content\/uploads\/kiz-bebek-isimleri-4-768x432.jpg 768w\" sizes=\"(max-width: 1208px) 100vw, 1208px\" \/><\/p>\n<hr \/>\n<h3>2026 YILINDA KIZ BEBEKLER\u0130NE VER\u0130LECEK EN G\u00dcZEL \u0130S\u0130MLER!<\/h3>\n<p>Aden: Cennet bah\u00e7esi anlam\u0131na gelir.<\/p>\n<p>Afra: Pembeye \u00e7alar beyaz renk. Ayak de\u011fmemi\u015f ak toprak anlam\u0131n\u0131 ta\u015f\u0131r.<\/p>\n<p>Akel: Do\u011fru d\u00fcr\u00fcst i\u015fler yapan kimse anlam\u0131n\u0131 ifade eder.<\/p>\n<p>Alya: \u015eeref, sema, da\u011f tepesi ve y\u00fcksek yer anlam\u0131na gelir.<\/p>\n<p>Asel: Cennetteki 4 \u0131rmaktan biri, bal \u0131rma\u011f\u0131 anlam\u0131n\u0131 ifade eder.<\/p>\n<p>Bade: A\u015fk \u015farab\u0131 anlam\u0131na gelir.<\/p>\n<p>Bera: Se\u00e7kinlik, faziletli olmak anlam\u0131n\u0131 ta\u015f\u0131r.<\/p>\n<p>Balca: Bala benzeyen anlam\u0131n\u0131 ifade eder.<\/p>\n<p>Deren: Toplayan anlam\u0131na gelir.<\/p>\n<p>Dilay: Ay gibi g\u00fczel anlam\u0131n\u0131 ta\u015f\u0131r.<\/p>\n<p>Elisa: Cennet kap\u0131s\u0131nda bekleyen melek anlam\u0131n\u0131 ifade eder.<\/p>\n<p>Esila: Letafeti ve g\u00fczelli\u011fi temsil eden bir isimdir.<\/p>\n<p>Eslem: Teslim olma, teslimiyet anlam\u0131na gelir.<\/p>\n<p>G\u00f6k\u00e7e: G\u00f6\u011fe ait, semavi, mavi, mavimsi, g\u00fczel, ho\u015f anlam\u0131n\u0131 ta\u015f\u0131r.<\/p>\n<p>G\u00fclce: G\u00fcl gibi anlam\u0131na gelir.<\/p>\n<p><img loading=\"lazy\" decoding=\"async\" class=\"size-full wp-image-273832\" src=\"https:\/\/www.tgrthaber.com\/mavikadin\/wp-content\/uploads\/kiz-bebek-isimleri-3.jpg\" alt=\"2026 y\u0131l\u0131nda k\u0131z bebeklerine verilecek en g\u00fczel isimler!\" width=\"1208\" height=\"680\" title=\"\" srcset=\"https:\/\/www.tgrthaber.com\/mavikadin\/wp-content\/uploads\/kiz-bebek-isimleri-3.jpg 1208w, https:\/\/www.tgrthaber.com\/mavikadin\/wp-content\/uploads\/kiz-bebek-isimleri-3-300x169.jpg 300w, https:\/\/www.tgrthaber.com\/mavikadin\/wp-content\/uploads\/kiz-bebek-isimleri-3-1024x576.jpg 1024w, https:\/\/www.tgrthaber.com\/mavikadin\/wp-content\/uploads\/kiz-bebek-isimleri-3-768x432.jpg 768w\" sizes=\"(max-width: 1208px) 100vw, 1208px\" \/><\/p>\n<hr \/>\n<p>Hare: Menevi\u015f, menevi\u015fli kuma\u015f, sert kaya, ta\u015f anlam\u0131n\u0131 ifade eder.<\/p>\n<p>Hiranur: Mekke\u2019de bulunan Hira Da\u011f\u0131 (Cebel-i Nur) anlam\u0131na gelir.<\/p>\n<p>Il\u0131m: Yumu\u015fakl\u0131k anlam\u0131n\u0131 ifade eder.<\/p>\n<p>It\u0131r: G\u00fczel koku veya \u0131t\u0131r \u00e7i\u00e7e\u011fi anlam\u0131na gelir.<\/p>\n<p>\u0130kra: Arap\u00e7a\u2019da oku anlam\u0131na gelir.<\/p>\n<p>Liya: Sabr\u0131n en g\u00fczeli anlam\u0131nda kullan\u0131r.<\/p>\n<p>Liva: Liva isminin bir\u00e7ok anlam\u0131 vard\u0131r. Bunlar; 1. Bayrak. 2. M\u00fclki idarede kaza-vilayet aras\u0131nda bir derece, sancak. 3. Tugay. 4. Tu\u011fgeneraldir.<\/p>\n<p>Lina: Kuran\u2019da da ge\u00e7en Lina \u2019n\u0131n anlam\u0131 hurma fidesi demektir.<\/p>\n<p>Lilya: Cennet bah\u00e7esi anlam\u0131na gelir.<\/p>\n<p>Lidya: Anadolu\u2019da eski bir uygarl\u0131k ad\u0131d\u0131r.<\/p>\n<p>Lena: Bizim i\u00e7in, bizden biri anlam\u0131na gelir.<\/p>\n<p>Lara: Su perisi anlam\u0131n\u0131 ta\u015f\u0131r.<\/p>\n<p>Melda: \u00c7ok gen\u00e7 anlam\u0131n\u0131 ifade eder.<\/p>\n<p>Masal: Ola\u011fan\u00fcst\u00fc olaylara dayanan ve halk edebiyat\u0131 i\u00e7erisinde kulaktan kula\u011fa yay\u0131lan \u00f6\u011fretici hikayeler anlam\u0131na gelir.<\/p>\n<p>Miray: Y\u0131l\u0131n ilk aylar\u0131nda do\u011fan \/ G\u00fcne\u015f gibi ay gibi parlayan anlam\u0131n\u0131 ifade eder.<\/p>\n<p>Mira: Eski Likya kentlerinden birinin ad\u0131. Bir kuyruklu y\u0131ld\u0131z ad\u0131d\u0131r. Ayr\u0131ca \u0130spanyolca\u2019da da \u201cbak\u201d anlam\u0131ndad\u0131r.<\/p>\n<p>Mina: Cam\u0131n ana maddesi. Liman, iskele. G\u00f6ky\u00fcz\u00fc anlam\u0131na gelir.<\/p>\n<p><img loading=\"lazy\" decoding=\"async\" class=\"size-full wp-image-273831\" src=\"https:\/\/www.tgrthaber.com\/mavikadin\/wp-content\/uploads\/kiz-bebek-isimleri-2.jpg\" alt=\"2026 y\u0131l\u0131nda k\u0131z bebeklerine verilecek en g\u00fczel isimler!\" width=\"1208\" height=\"680\" title=\"\" srcset=\"https:\/\/www.tgrthaber.com\/mavikadin\/wp-content\/uploads\/kiz-bebek-isimleri-2.jpg 1208w, https:\/\/www.tgrthaber.com\/mavikadin\/wp-content\/uploads\/kiz-bebek-isimleri-2-300x169.jpg 300w, https:\/\/www.tgrthaber.com\/mavikadin\/wp-content\/uploads\/kiz-bebek-isimleri-2-1024x576.jpg 1024w, https:\/\/www.tgrthaber.com\/mavikadin\/wp-content\/uploads\/kiz-bebek-isimleri-2-768x432.jpg 768w\" sizes=\"(max-width: 1208px) 100vw, 1208px\" \/><\/p>\n<hr \/>\n<p>Neva: Ahnek anlam\u0131n\u0131 ifade eder.<\/p>\n<p>Nevra: Parlal\u0131k anlam\u0131na gelir.<\/p>\n<p>Nehir: Irmak, b\u00fcy\u00fck akarsu anlam\u0131n\u0131 ta\u015f\u0131r.<\/p>\n<p>Sara: Sara isminin bir\u00e7ok anlam\u0131 vard\u0131r. Bunlar; 1. Prenses. 2. (Fars.) Hz. \u0130brahim\u2019in han\u0131m\u0131. 3. Halis, katk\u0131s\u0131z, temiz \u015feklinde kullan\u0131l\u0131r.<\/p>\n<p>Sare: Halis, katk\u0131s\u0131z, temiz anlam\u0131na gelir.<\/p>\n<p>\u00d6yk\u00fc: Hikaye anlam\u0131n\u0131 ta\u015f\u0131maktad\u0131r.<\/p>\n<p>Parla: I\u015f\u0131k sa\u00e7 anlam\u0131na gelir.<\/p>\n<p>R\u00fc\u00e7han: \u00dcst\u00fcnl\u00fck anlam\u0131n\u0131 ta\u015f\u0131r.<\/p>\n<p>Umay: \u00c7ocuklar\u0131 ve hayvanlar\u0131 korudu\u011funa inan\u0131lan tanr\u0131, devlet ku\u015fu anlam\u0131na gelir.<\/p>\n<p>Ulya: En y\u00fcce anlam\u0131n\u0131 ifade eder.<\/p>\n<p>Vera: \u015e\u00fcpheli \u015feylerden uzak duran anlam\u0131n\u0131 ta\u015f\u0131r.<\/p>\n<p>Ya\u011fmur: G\u00f6kten damlalar halinde d\u00fc\u015fen su anlam\u0131na gelir.<\/p>\n<p>Yazel: G\u00fcnahs\u0131z anlam\u0131n\u0131 ifade eder.<\/p>\n<p>Zeren: Kavray\u0131\u015fl\u0131 anlam\u0131na gelir.<\/p>\n<p>Z\u00fchre: \u00c7oban y\u0131ld\u0131z\u0131, Ven\u00fcs anlamlar\u0131n\u0131 ta\u015f\u0131r.<\/p>\n","protected":false},"excerpt":{"rendered":"<p>Sizde 2026 y\u0131l\u0131nda k\u0131z bebeklerine verilecek en g\u00fczel isimleri ar\u0131yorsan\u0131z, do\u011fru yerdesiniz. 2026 y\u0131l\u0131n\u0131n en g\u00fczel k\u0131z bebek isimlerini sizin i\u00e7in ara\u015ft\u0131rd\u0131k. \u0130\u015fte detaylar\u2026<\/p>\n","protected":false},"author":26,"featured_media":273838,"comment_status":"closed","ping_status":"closed","sticky":false,"template":"","format":"standard","meta":{"rank_math_lock_modified_date":false,"footnotes":""},"categories":[78],"tags":[67988,67987,25434,239,11951],"class_list":["post-273829","post","type-post","status-publish","format-standard","has-post-thumbnail","hentry","category-yasam","tag-2026-yilinda-kiz-bebeklerine-verilecek-isimler","tag-2026-yilinin-en-guzel-kiz-bebek-isimleri","tag-kiz-bebek-isimleri","tag-yasam","tag-yasam-haberleri"],"_links":{"self":[{"href":"https:\/\/www.tgrthaber.com\/mavikadin\/wp-json\/wp\/v2\/posts\/273829"}],"collection":[{"href":"https:\/\/www.tgrthaber.com\/mavikadin\/wp-json\/wp\/v2\/posts"}],"about":[{"href":"https:\/\/www.tgrthaber.com\/mavikadin\/wp-json\/wp\/v2\/types\/post"}],"author":[{"embeddable":true,"href":"https:\/\/www.tgrthaber.com\/mavikadin\/wp-json\/wp\/v2\/users\/26"}],"replies":[{"embeddable":true,"href":"https:\/\/www.tgrthaber.com\/mavikadin\/wp-json\/wp\/v2\/comments?post=273829"}],"version-history":[{"count":1,"href":"https:\/\/www.tgrthaber.com\/mavikadin\/wp-json\/wp\/v2\/posts\/273829\/revisions"}],"predecessor-version":[{"id":273842,"href":"https:\/\/www.tgrthaber.com\/mavikadin\/wp-json\/wp\/v2\/posts\/273829\/revisions\/273842"}],"wp:featuredmedia":[{"embeddable":true,"href":"https:\/\/www.tgrthaber.com\/mavikadin\/wp-json\/wp\/v2\/media\/273838"}],"wp:attachment":[{"href":"https:\/\/www.tgrthaber.com\/mavikadin\/wp-json\/wp\/v2\/media?parent=273829"}],"wp:term":[{"taxonomy":"category","embeddable":true,"href":"https:\/\/www.tgrthaber.com\/mavikadin\/wp-json\/wp\/v2\/categories?post=273829"},{"taxonomy":"post_tag","embeddable":true,"href":"https:\/\/www.tgrthaber.com\/mavikadin\/wp-json\/wp\/v2\/tags?post=273829"}],"curies":[{"name":"wp","href":"https:\/\/api.w.org\/{rel}","templated":true}]}}